{"id":1374,"date":"2018-12-07T14:20:22","date_gmt":"2018-12-07T13:20:22","guid":{"rendered":"https:\/\/culturesco.com\/?p=1374"},"modified":"2019-04-30T16:27:05","modified_gmt":"2019-04-30T14:27:05","slug":"histoire-de-la-radio-en-france-1920-2018","status":"publish","type":"post","link":"https:\/\/culturesco.com\/index.php\/2018\/12\/07\/histoire-de-la-radio-en-france-1920-2018\/","title":{"rendered":"Histoire de la radio en France (1920 &#8211; 2019)"},"content":{"rendered":"<h2>L&rsquo;appel du 18 juin, Mai-68, les radios pirates&#8230;<\/h2>\n<div class=\"youtube-embed\" data-video_id=\"wh-vJozxbNM\"><iframe loading=\"lazy\" title=\"petite histoire de la radio fran\u00e7aise\" width=\"696\" height=\"392\" src=\"https:\/\/www.youtube.com\/embed\/wh-vJozxbNM\" frameborder=\"0\" allow=\"accelerometer; autoplay; clipboard-write; encrypted-media; gyroscope; picture-in-picture; web-share\" referrerpolicy=\"strict-origin-when-cross-origin\" allowfullscreen><\/iframe><\/div>\n<h2>De Salut les Copains \u00e0 la bande FM&#8230;<\/h2>\n<p style=\"text-align: justify;\">Histoire de la <a href=\"https:\/\/culturesco.com\/index.php\/2018\/08\/11\/interferences-bande-dessinee-histoire-mouvementee-des-radios-libres\/\" target=\"_blank\" rel=\"noopener\">radio<\/a> : elle\u00a0est aujourd&rsquo;hui centenaire, mais ce n&rsquo;est qu&rsquo;\u00e0 mi-course qu&rsquo;elle est v\u00e9ritablement entr\u00e9e dans la vie de tous les Fran\u00e7ais : en 1940, environ un foyer fran\u00e7ais sur deux est \u00e9quip\u00e9&#8230; en 1962, la proportion d\u00e9passe 85%&#8230; et aujourd&rsquo;hui, on compte en moyenne 6 appareils par foyer. Plus de 40 millions de Fran\u00e7ais, trois heures chaque jour, se portent fid\u00e8lement \u00e0 l&rsquo;\u00e9coute d&rsquo;une ou plusieurs stations. Alors, m\u00eame si aujourd&rsquo;hui de nombreux pays ont opt\u00e9 pour l&rsquo;\u00e9mission num\u00e9rique et que l&rsquo;on \u00e9voque de plus en plus \u00ab d&rsquo;autres fa\u00e7ons d&rsquo;\u00e9couter la radio \u00bb (<a href=\"https:\/\/fr.wikipedia.org\/wiki\/Webradio\" target=\"_blank\" rel=\"noopener\">webradio<\/a>, radio par satellite, sur baladeur MP3 ou sur son t\u00e9l\u00e9phone mobile, etc.) la radio traditionnelle (poste \u00e0 transistors et radio FM) a encore, au moins en France, quelques belles ann\u00e9es \u00e0 vivre !<\/p>\n<p><a href=\"https:\/\/amzn.to\/2GV2tZh\" target=\"_blank\" rel=\"noopener\"><img data-recalc-dims=\"1\" loading=\"lazy\" decoding=\"async\" class=\"aligncenter wp-image-1380 size-full\" title=\"https:\/\/amzn.to\/2GV2tZh\" src=\"https:\/\/i0.wp.com\/culturesco.com\/wp-content\/uploads\/2018\/12\/CouvRadio-e1555103177406.png?resize=250%2C198&#038;ssl=1\" alt=\"histoire de la radio\" width=\"250\" height=\"198\" \/><\/a><\/p>\n<h3>Petite histoire de la radio fran\u00e7aise<\/h3>\n<p style=\"text-align: justify;\">Un livre de 348 pages vient de sortir, qui r\u00e9sume cent ans d&rsquo;une passionnante aventure (26\u20ac)<\/p>\n<p style=\"text-align: center;\"><iframe style=\"width: 120px; height: 240px;\" src=\"\/\/ws-eu.amazon-adsystem.com\/widgets\/q?ServiceVersion=20070822&amp;OneJS=1&amp;Operation=GetAdHtml&amp;MarketPlace=FR&amp;source=ss&amp;ref=as_ss_li_til&amp;ad_type=product_link&amp;tracking_id=auguste00-21&amp;language=fr_FR&amp;marketplace=amazon&amp;region=FR&amp;placement=2378480326&amp;asins=2378480326&amp;linkId=34a1127b6e39e3a33322ee1dc4eb288c&amp;show_border=true&amp;link_opens_in_new_window=true\" frameborder=\"0\" marginwidth=\"0\" marginheight=\"0\" scrolling=\"no\"><span data-mce-type=\"bookmark\" style=\"display: inline-block; width: 0px; overflow: hidden; line-height: 0;\" class=\"mce_SELRES_start\">\ufeff<\/span><\/iframe><\/p>\n","protected":false},"excerpt":{"rendered":"<p>L&rsquo;appel du 18 juin, Mai-68, les radios pirates&#8230; De Salut les Copains \u00e0 la bande FM&#8230; Histoire de la radio : elle\u00a0est aujourd&rsquo;hui centenaire, mais ce n&rsquo;est qu&rsquo;\u00e0 mi-course qu&rsquo;elle est v\u00e9ritablement entr\u00e9e dans la vie de tous les Fran\u00e7ais : en 1940, environ un foyer fran\u00e7ais sur deux est \u00e9quip\u00e9&#8230; en 1962, la proportion [&hellip;]<\/p>\n","protected":false},"author":2,"featured_media":1379,"comment_status":"open","ping_status":"open","sticky":false,"template":"","format":"image","meta":{"jetpack_post_was_ever_published":false,"tdm_status":"","tdm_grid_status":"","_jetpack_newsletter_access":"","_jetpack_dont_email_post_to_subs":false,"_jetpack_newsletter_tier_id":0,"_jetpack_memberships_contains_paywalled_content":false,"_jetpack_memberships_contains_paid_content":false,"footnotes":""},"categories":[27,26],"tags":[89],"class_list":{"0":"post-1374","1":"post","2":"type-post","3":"status-publish","4":"format-image","5":"has-post-thumbnail","7":"category-litterature","8":"category-radio","9":"tag-histoire-contemporaine","10":"post_format-post-format-image"},"yoast_head":"<!-- This site is optimized with the Yoast SEO plugin v27.5 - https:\/\/yoast.com\/product\/yoast-seo-wordpress\/ -->\n<title>Histoire de la radio en France (1920 - 2019) - Culturesco<\/title>\n<meta name=\"description\" content=\"CulturesCo | L&#039; histoire de la radio en France de1920 \u00e0 nos jours | L&#039;appel du 18 juin, Mai-68, les radios pirates... Salut les copains\" \/>\n<meta name=\"robots\" content=\"index, follow, max-snippet:-1, max-image-preview:large, max-video-preview:-1\" \/>\n<link rel=\"canonical\" href=\"https:\/\/culturesco.com\/index.php\/2018\/12\/07\/histoire-de-la-radio-en-france-1920-2018\/\" \/>\n<meta property=\"og:locale\" content=\"fr_FR\" \/>\n<meta property=\"og:type\" content=\"article\" \/>\n<meta property=\"og:title\" content=\"Histoire de la radio en France (1920 - 2019) - Culturesco\" \/>\n<meta property=\"og:description\" content=\"CulturesCo | L&#039; histoire de la radio en France de1920 \u00e0 nos jours | L&#039;appel du 18 juin, Mai-68, les radios pirates... Salut les copains\" \/>\n<meta property=\"og:url\" content=\"https:\/\/culturesco.com\/index.php\/2018\/12\/07\/histoire-de-la-radio-en-france-1920-2018\/\" \/>\n<meta property=\"og:site_name\" content=\"Culturesco\" \/>\n<meta property=\"article:publisher\" content=\"https:\/\/www.facebook.com\/radioculturesco\" \/>\n<meta property=\"article:published_time\" content=\"2018-12-07T13:20:22+00:00\" \/>\n<meta property=\"article:modified_time\" content=\"2019-04-30T14:27:05+00:00\" \/>\n<meta property=\"og:image\" content=\"https:\/\/i2.wp.com\/culturesco.com\/wp-content\/uploads\/2018\/12\/41LWC0B9OnL__SX345_BO1204203200_.jpg?fit=347%2C499&ssl=1\" \/>\n\t<meta property=\"og:image:width\" content=\"347\" \/>\n\t<meta property=\"og:image:height\" content=\"499\" \/>\n\t<meta property=\"og:image:type\" content=\"image\/jpeg\" \/>\n<meta name=\"author\" content=\"Daniel Lesueur\" \/>\n<meta name=\"twitter:card\" content=\"summary_large_image\" \/>\n<meta name=\"twitter:creator\" content=\"@AugusteMarshal\" \/>\n<meta name=\"twitter:site\" content=\"@AugusteMarshal\" \/>\n<meta name=\"twitter:label1\" content=\"\u00c9crit par\" \/>\n\t<meta name=\"twitter:data1\" content=\"Daniel Lesueur\" \/>\n\t<meta name=\"twitter:label2\" content=\"Dur\u00e9e de lecture estim\u00e9e\" \/>\n\t<meta name=\"twitter:data2\" content=\"1 minute\" \/>\n<script type=\"application\/ld+json\" class=\"yoast-schema-graph\">{\"@context\":\"https:\\\/\\\/schema.org\",\"@graph\":[{\"@type\":\"Article\",\"@id\":\"https:\\\/\\\/culturesco.com\\\/index.php\\\/2018\\\/12\\\/07\\\/histoire-de-la-radio-en-france-1920-2018\\\/#article\",\"isPartOf\":{\"@id\":\"https:\\\/\\\/culturesco.com\\\/index.php\\\/2018\\\/12\\\/07\\\/histoire-de-la-radio-en-france-1920-2018\\\/\"},\"author\":{\"name\":\"Daniel Lesueur\",\"@id\":\"https:\\\/\\\/culturesco.com\\\/#\\\/schema\\\/person\\\/716087cb1b01edf85084af2d12096a8f\"},\"headline\":\"Histoire de la radio en France (1920 &#8211; 2019)\",\"datePublished\":\"2018-12-07T13:20:22+00:00\",\"dateModified\":\"2019-04-30T14:27:05+00:00\",\"mainEntityOfPage\":{\"@id\":\"https:\\\/\\\/culturesco.com\\\/index.php\\\/2018\\\/12\\\/07\\\/histoire-de-la-radio-en-france-1920-2018\\\/\"},\"wordCount\":195,\"commentCount\":0,\"publisher\":{\"@id\":\"https:\\\/\\\/culturesco.com\\\/#organization\"},\"image\":{\"@id\":\"https:\\\/\\\/culturesco.com\\\/index.php\\\/2018\\\/12\\\/07\\\/histoire-de-la-radio-en-france-1920-2018\\\/#primaryimage\"},\"thumbnailUrl\":\"https:\\\/\\\/i0.wp.com\\\/culturesco.com\\\/wp-content\\\/uploads\\\/2018\\\/12\\\/41LWC0B9OnL__SX345_BO1204203200_.jpg?fit=347%2C499&ssl=1\",\"keywords\":[\"histoire contemporaine\"],\"articleSection\":[\"Litt\u00e9rature\",\"Radio\"],\"inLanguage\":\"fr-FR\",\"potentialAction\":[{\"@type\":\"CommentAction\",\"name\":\"Comment\",\"target\":[\"https:\\\/\\\/culturesco.com\\\/index.php\\\/2018\\\/12\\\/07\\\/histoire-de-la-radio-en-france-1920-2018\\\/#respond\"]}]},{\"@type\":\"WebPage\",\"@id\":\"https:\\\/\\\/culturesco.com\\\/index.php\\\/2018\\\/12\\\/07\\\/histoire-de-la-radio-en-france-1920-2018\\\/\",\"url\":\"https:\\\/\\\/culturesco.com\\\/index.php\\\/2018\\\/12\\\/07\\\/histoire-de-la-radio-en-france-1920-2018\\\/\",\"name\":\"Histoire de la radio en France (1920 - 2019) - Culturesco\",\"isPartOf\":{\"@id\":\"https:\\\/\\\/culturesco.com\\\/#website\"},\"primaryImageOfPage\":{\"@id\":\"https:\\\/\\\/culturesco.com\\\/index.php\\\/2018\\\/12\\\/07\\\/histoire-de-la-radio-en-france-1920-2018\\\/#primaryimage\"},\"image\":{\"@id\":\"https:\\\/\\\/culturesco.com\\\/index.php\\\/2018\\\/12\\\/07\\\/histoire-de-la-radio-en-france-1920-2018\\\/#primaryimage\"},\"thumbnailUrl\":\"https:\\\/\\\/i0.wp.com\\\/culturesco.com\\\/wp-content\\\/uploads\\\/2018\\\/12\\\/41LWC0B9OnL__SX345_BO1204203200_.jpg?fit=347%2C499&ssl=1\",\"datePublished\":\"2018-12-07T13:20:22+00:00\",\"dateModified\":\"2019-04-30T14:27:05+00:00\",\"description\":\"CulturesCo | L' histoire de la radio en France de1920 \u00e0 nos jours | L'appel du 18 juin, Mai-68, les radios pirates... Salut les copains\",\"breadcrumb\":{\"@id\":\"https:\\\/\\\/culturesco.com\\\/index.php\\\/2018\\\/12\\\/07\\\/histoire-de-la-radio-en-france-1920-2018\\\/#breadcrumb\"},\"inLanguage\":\"fr-FR\",\"potentialAction\":[{\"@type\":\"ReadAction\",\"target\":[\"https:\\\/\\\/culturesco.com\\\/index.php\\\/2018\\\/12\\\/07\\\/histoire-de-la-radio-en-france-1920-2018\\\/\"]}]},{\"@type\":\"ImageObject\",\"inLanguage\":\"fr-FR\",\"@id\":\"https:\\\/\\\/culturesco.com\\\/index.php\\\/2018\\\/12\\\/07\\\/histoire-de-la-radio-en-france-1920-2018\\\/#primaryimage\",\"url\":\"https:\\\/\\\/i0.wp.com\\\/culturesco.com\\\/wp-content\\\/uploads\\\/2018\\\/12\\\/41LWC0B9OnL__SX345_BO1204203200_.jpg?fit=347%2C499&ssl=1\",\"contentUrl\":\"https:\\\/\\\/i0.wp.com\\\/culturesco.com\\\/wp-content\\\/uploads\\\/2018\\\/12\\\/41LWC0B9OnL__SX345_BO1204203200_.jpg?fit=347%2C499&ssl=1\",\"width\":347,\"height\":499,\"caption\":\"petite histoire radio fran\u00e7aise\"},{\"@type\":\"BreadcrumbList\",\"@id\":\"https:\\\/\\\/culturesco.com\\\/index.php\\\/2018\\\/12\\\/07\\\/histoire-de-la-radio-en-france-1920-2018\\\/#breadcrumb\",\"itemListElement\":[{\"@type\":\"ListItem\",\"position\":1,\"name\":\"Accueil\",\"item\":\"https:\\\/\\\/culturesco.com\\\/\"},{\"@type\":\"ListItem\",\"position\":2,\"name\":\"Histoire de la radio en France (1920 &#8211; 2019)\"}]},{\"@type\":\"WebSite\",\"@id\":\"https:\\\/\\\/culturesco.com\\\/#website\",\"url\":\"https:\\\/\\\/culturesco.com\\\/\",\"name\":\"Culturesco\",\"description\":\"Culturesco | Un bon coup de pied dans ta Culture\",\"publisher\":{\"@id\":\"https:\\\/\\\/culturesco.com\\\/#organization\"},\"potentialAction\":[{\"@type\":\"SearchAction\",\"target\":{\"@type\":\"EntryPoint\",\"urlTemplate\":\"https:\\\/\\\/culturesco.com\\\/?s={search_term_string}\"},\"query-input\":{\"@type\":\"PropertyValueSpecification\",\"valueRequired\":true,\"valueName\":\"search_term_string\"}}],\"inLanguage\":\"fr-FR\"},{\"@type\":\"Organization\",\"@id\":\"https:\\\/\\\/culturesco.com\\\/#organization\",\"name\":\"CULTURESCO\",\"url\":\"https:\\\/\\\/culturesco.com\\\/\",\"logo\":{\"@type\":\"ImageObject\",\"inLanguage\":\"fr-FR\",\"@id\":\"https:\\\/\\\/culturesco.com\\\/#\\\/schema\\\/logo\\\/image\\\/\",\"url\":\"https:\\\/\\\/i0.wp.com\\\/culturesco.com\\\/wp-content\\\/uploads\\\/2022\\\/04\\\/culturesco-logo-blanc250p.png?fit=250%2C250&ssl=1\",\"contentUrl\":\"https:\\\/\\\/i0.wp.com\\\/culturesco.com\\\/wp-content\\\/uploads\\\/2022\\\/04\\\/culturesco-logo-blanc250p.png?fit=250%2C250&ssl=1\",\"width\":250,\"height\":250,\"caption\":\"CULTURESCO\"},\"image\":{\"@id\":\"https:\\\/\\\/culturesco.com\\\/#\\\/schema\\\/logo\\\/image\\\/\"},\"sameAs\":[\"https:\\\/\\\/www.facebook.com\\\/radioculturesco\",\"https:\\\/\\\/x.com\\\/AugusteMarshal\",\"https:\\\/\\\/www.instagram.com\\\/carotte_rock_culture\\\/\",\"https:\\\/\\\/www.pinterest.fr\\\/augustemarshal\\\/\",\"https:\\\/\\\/www.youtube.com\\\/channel\\\/UCiWLGffqWSXlNnfzp6YwwyQ\"]},{\"@type\":\"Person\",\"@id\":\"https:\\\/\\\/culturesco.com\\\/#\\\/schema\\\/person\\\/716087cb1b01edf85084af2d12096a8f\",\"name\":\"Daniel Lesueur\",\"image\":{\"@type\":\"ImageObject\",\"inLanguage\":\"fr-FR\",\"@id\":\"https:\\\/\\\/i0.wp.com\\\/culturesco.com\\\/wp-content\\\/uploads\\\/2018\\\/12\\\/lesueur.jpg?fit=96%2C89&ssl=1\",\"url\":\"https:\\\/\\\/i0.wp.com\\\/culturesco.com\\\/wp-content\\\/uploads\\\/2018\\\/12\\\/lesueur.jpg?fit=96%2C89&ssl=1\",\"contentUrl\":\"https:\\\/\\\/i0.wp.com\\\/culturesco.com\\\/wp-content\\\/uploads\\\/2018\\\/12\\\/lesueur.jpg?fit=96%2C89&ssl=1\",\"caption\":\"Daniel Lesueur\"},\"description\":\"\u00c9crivain - Directeur de collection chez Camion Blanc\",\"url\":\"https:\\\/\\\/culturesco.com\\\/index.php\\\/author\\\/daniel-lesueur\\\/\"}]}<\/script>\n<!-- \/ Yoast SEO plugin. -->","yoast_head_json":{"title":"Histoire de la radio en France (1920 - 2019) - Culturesco","description":"CulturesCo | L' histoire de la radio en France de1920 \u00e0 nos jours | L'appel du 18 juin, Mai-68, les radios pirates... Salut les copains","robots":{"index":"index","follow":"follow","max-snippet":"max-snippet:-1","max-image-preview":"max-image-preview:large","max-video-preview":"max-video-preview:-1"},"canonical":"https:\/\/culturesco.com\/index.php\/2018\/12\/07\/histoire-de-la-radio-en-france-1920-2018\/","og_locale":"fr_FR","og_type":"article","og_title":"Histoire de la radio en France (1920 - 2019) - Culturesco","og_description":"CulturesCo | L' histoire de la radio en France de1920 \u00e0 nos jours | L'appel du 18 juin, Mai-68, les radios pirates... Salut les copains","og_url":"https:\/\/culturesco.com\/index.php\/2018\/12\/07\/histoire-de-la-radio-en-france-1920-2018\/","og_site_name":"Culturesco","article_publisher":"https:\/\/www.facebook.com\/radioculturesco","article_published_time":"2018-12-07T13:20:22+00:00","article_modified_time":"2019-04-30T14:27:05+00:00","og_image":[{"width":347,"height":499,"url":"https:\/\/i2.wp.com\/culturesco.com\/wp-content\/uploads\/2018\/12\/41LWC0B9OnL__SX345_BO1204203200_.jpg?fit=347%2C499&ssl=1","type":"image\/jpeg"}],"author":"Daniel Lesueur","twitter_card":"summary_large_image","twitter_creator":"@AugusteMarshal","twitter_site":"@AugusteMarshal","twitter_misc":{"\u00c9crit par":"Daniel Lesueur","Dur\u00e9e de lecture estim\u00e9e":"1 minute"},"schema":{"@context":"https:\/\/schema.org","@graph":[{"@type":"Article","@id":"https:\/\/culturesco.com\/index.php\/2018\/12\/07\/histoire-de-la-radio-en-france-1920-2018\/#article","isPartOf":{"@id":"https:\/\/culturesco.com\/index.php\/2018\/12\/07\/histoire-de-la-radio-en-france-1920-2018\/"},"author":{"name":"Daniel Lesueur","@id":"https:\/\/culturesco.com\/#\/schema\/person\/716087cb1b01edf85084af2d12096a8f"},"headline":"Histoire de la radio en France (1920 &#8211; 2019)","datePublished":"2018-12-07T13:20:22+00:00","dateModified":"2019-04-30T14:27:05+00:00","mainEntityOfPage":{"@id":"https:\/\/culturesco.com\/index.php\/2018\/12\/07\/histoire-de-la-radio-en-france-1920-2018\/"},"wordCount":195,"commentCount":0,"publisher":{"@id":"https:\/\/culturesco.com\/#organization"},"image":{"@id":"https:\/\/culturesco.com\/index.php\/2018\/12\/07\/histoire-de-la-radio-en-france-1920-2018\/#primaryimage"},"thumbnailUrl":"https:\/\/i0.wp.com\/culturesco.com\/wp-content\/uploads\/2018\/12\/41LWC0B9OnL__SX345_BO1204203200_.jpg?fit=347%2C499&ssl=1","keywords":["histoire contemporaine"],"articleSection":["Litt\u00e9rature","Radio"],"inLanguage":"fr-FR","potentialAction":[{"@type":"CommentAction","name":"Comment","target":["https:\/\/culturesco.com\/index.php\/2018\/12\/07\/histoire-de-la-radio-en-france-1920-2018\/#respond"]}]},{"@type":"WebPage","@id":"https:\/\/culturesco.com\/index.php\/2018\/12\/07\/histoire-de-la-radio-en-france-1920-2018\/","url":"https:\/\/culturesco.com\/index.php\/2018\/12\/07\/histoire-de-la-radio-en-france-1920-2018\/","name":"Histoire de la radio en France (1920 - 2019) - Culturesco","isPartOf":{"@id":"https:\/\/culturesco.com\/#website"},"primaryImageOfPage":{"@id":"https:\/\/culturesco.com\/index.php\/2018\/12\/07\/histoire-de-la-radio-en-france-1920-2018\/#primaryimage"},"image":{"@id":"https:\/\/culturesco.com\/index.php\/2018\/12\/07\/histoire-de-la-radio-en-france-1920-2018\/#primaryimage"},"thumbnailUrl":"https:\/\/i0.wp.com\/culturesco.com\/wp-content\/uploads\/2018\/12\/41LWC0B9OnL__SX345_BO1204203200_.jpg?fit=347%2C499&ssl=1","datePublished":"2018-12-07T13:20:22+00:00","dateModified":"2019-04-30T14:27:05+00:00","description":"CulturesCo | L' histoire de la radio en France de1920 \u00e0 nos jours | L'appel du 18 juin, Mai-68, les radios pirates... Salut les copains","breadcrumb":{"@id":"https:\/\/culturesco.com\/index.php\/2018\/12\/07\/histoire-de-la-radio-en-france-1920-2018\/#breadcrumb"},"inLanguage":"fr-FR","potentialAction":[{"@type":"ReadAction","target":["https:\/\/culturesco.com\/index.php\/2018\/12\/07\/histoire-de-la-radio-en-france-1920-2018\/"]}]},{"@type":"ImageObject","inLanguage":"fr-FR","@id":"https:\/\/culturesco.com\/index.php\/2018\/12\/07\/histoire-de-la-radio-en-france-1920-2018\/#primaryimage","url":"https:\/\/i0.wp.com\/culturesco.com\/wp-content\/uploads\/2018\/12\/41LWC0B9OnL__SX345_BO1204203200_.jpg?fit=347%2C499&ssl=1","contentUrl":"https:\/\/i0.wp.com\/culturesco.com\/wp-content\/uploads\/2018\/12\/41LWC0B9OnL__SX345_BO1204203200_.jpg?fit=347%2C499&ssl=1","width":347,"height":499,"caption":"petite histoire radio fran\u00e7aise"},{"@type":"BreadcrumbList","@id":"https:\/\/culturesco.com\/index.php\/2018\/12\/07\/histoire-de-la-radio-en-france-1920-2018\/#breadcrumb","itemListElement":[{"@type":"ListItem","position":1,"name":"Accueil","item":"https:\/\/culturesco.com\/"},{"@type":"ListItem","position":2,"name":"Histoire de la radio en France (1920 &#8211; 2019)"}]},{"@type":"WebSite","@id":"https:\/\/culturesco.com\/#website","url":"https:\/\/culturesco.com\/","name":"Culturesco","description":"Culturesco | Un bon coup de pied dans ta Culture","publisher":{"@id":"https:\/\/culturesco.com\/#organization"},"potentialAction":[{"@type":"SearchAction","target":{"@type":"EntryPoint","urlTemplate":"https:\/\/culturesco.com\/?s={search_term_string}"},"query-input":{"@type":"PropertyValueSpecification","valueRequired":true,"valueName":"search_term_string"}}],"inLanguage":"fr-FR"},{"@type":"Organization","@id":"https:\/\/culturesco.com\/#organization","name":"CULTURESCO","url":"https:\/\/culturesco.com\/","logo":{"@type":"ImageObject","inLanguage":"fr-FR","@id":"https:\/\/culturesco.com\/#\/schema\/logo\/image\/","url":"https:\/\/i0.wp.com\/culturesco.com\/wp-content\/uploads\/2022\/04\/culturesco-logo-blanc250p.png?fit=250%2C250&ssl=1","contentUrl":"https:\/\/i0.wp.com\/culturesco.com\/wp-content\/uploads\/2022\/04\/culturesco-logo-blanc250p.png?fit=250%2C250&ssl=1","width":250,"height":250,"caption":"CULTURESCO"},"image":{"@id":"https:\/\/culturesco.com\/#\/schema\/logo\/image\/"},"sameAs":["https:\/\/www.facebook.com\/radioculturesco","https:\/\/x.com\/AugusteMarshal","https:\/\/www.instagram.com\/carotte_rock_culture\/","https:\/\/www.pinterest.fr\/augustemarshal\/","https:\/\/www.youtube.com\/channel\/UCiWLGffqWSXlNnfzp6YwwyQ"]},{"@type":"Person","@id":"https:\/\/culturesco.com\/#\/schema\/person\/716087cb1b01edf85084af2d12096a8f","name":"Daniel Lesueur","image":{"@type":"ImageObject","inLanguage":"fr-FR","@id":"https:\/\/i0.wp.com\/culturesco.com\/wp-content\/uploads\/2018\/12\/lesueur.jpg?fit=96%2C89&ssl=1","url":"https:\/\/i0.wp.com\/culturesco.com\/wp-content\/uploads\/2018\/12\/lesueur.jpg?fit=96%2C89&ssl=1","contentUrl":"https:\/\/i0.wp.com\/culturesco.com\/wp-content\/uploads\/2018\/12\/lesueur.jpg?fit=96%2C89&ssl=1","caption":"Daniel Lesueur"},"description":"\u00c9crivain - Directeur de collection chez Camion Blanc","url":"https:\/\/culturesco.com\/index.php\/author\/daniel-lesueur\/"}]}},"jetpack_featured_media_url":"https:\/\/i0.wp.com\/culturesco.com\/wp-content\/uploads\/2018\/12\/41LWC0B9OnL__SX345_BO1204203200_.jpg?fit=347%2C499&ssl=1","jetpack_likes_enabled":true,"jetpack_sharing_enabled":true,"jetpack_shortlink":"https:\/\/wp.me\/paz89I-ma","_links":{"self":[{"href":"https:\/\/culturesco.com\/index.php\/wp-json\/wp\/v2\/posts\/1374","targetHints":{"allow":["GET"]}}],"collection":[{"href":"https:\/\/culturesco.com\/index.php\/wp-json\/wp\/v2\/posts"}],"about":[{"href":"https:\/\/culturesco.com\/index.php\/wp-json\/wp\/v2\/types\/post"}],"author":[{"embeddable":true,"href":"https:\/\/culturesco.com\/index.php\/wp-json\/wp\/v2\/users\/2"}],"replies":[{"embeddable":true,"href":"https:\/\/culturesco.com\/index.php\/wp-json\/wp\/v2\/comments?post=1374"}],"version-history":[{"count":0,"href":"https:\/\/culturesco.com\/index.php\/wp-json\/wp\/v2\/posts\/1374\/revisions"}],"wp:featuredmedia":[{"embeddable":true,"href":"https:\/\/culturesco.com\/index.php\/wp-json\/wp\/v2\/media\/1379"}],"wp:attachment":[{"href":"https:\/\/culturesco.com\/index.php\/wp-json\/wp\/v2\/media?parent=1374"}],"wp:term":[{"taxonomy":"category","embeddable":true,"href":"https:\/\/culturesco.com\/index.php\/wp-json\/wp\/v2\/categories?post=1374"},{"taxonomy":"post_tag","embeddable":true,"href":"https:\/\/culturesco.com\/index.php\/wp-json\/wp\/v2\/tags?post=1374"}],"curies":[{"name":"wp","href":"https:\/\/api.w.org\/{rel}","templated":true}]}}