{"id":13489,"date":"2021-02-19T01:40:22","date_gmt":"2021-02-19T00:40:22","guid":{"rendered":"https:\/\/culturesco.com\/?p=13489"},"modified":"2021-02-19T23:54:20","modified_gmt":"2021-02-19T22:54:20","slug":"anne-sophie-guenegues-etres","status":"publish","type":"post","link":"https:\/\/culturesco.com\/index.php\/2021\/02\/19\/anne-sophie-guenegues-etres\/","title":{"rendered":"Anne-Sophie Gu\u00e9n\u00e9gu\u00e8s &#8211; Etre(s)"},"content":{"rendered":"<h2 style=\"text-align: justify\">Etre(s) ou ne pas Etre<\/h2>\n<figure id=\"attachment_13490\" aria-describedby=\"caption-attachment-13490\" style=\"width: 212px\" class=\"wp-caption aligncenter\"><a href=\"https:\/\/i0.wp.com\/culturesco.com\/wp-content\/uploads\/2021\/02\/Anne-Sophie-Guenegues.jpeg?ssl=1\"><img data-recalc-dims=\"1\" loading=\"lazy\" decoding=\"async\" class=\"size-medium wp-image-13490\" src=\"https:\/\/i0.wp.com\/culturesco.com\/wp-content\/uploads\/2021\/02\/Anne-Sophie-Guenegues.jpeg?resize=212%2C300&#038;ssl=1\" alt=\"Anne-Sophie Gu\u00e9n\u00e9gu\u00e8s - Etre(s)\" width=\"212\" height=\"300\" srcset=\"https:\/\/i0.wp.com\/culturesco.com\/wp-content\/uploads\/2021\/02\/Anne-Sophie-Guenegues.jpeg?resize=212%2C300&amp;ssl=1 212w, https:\/\/i0.wp.com\/culturesco.com\/wp-content\/uploads\/2021\/02\/Anne-Sophie-Guenegues.jpeg?resize=297%2C420&amp;ssl=1 297w, https:\/\/i0.wp.com\/culturesco.com\/wp-content\/uploads\/2021\/02\/Anne-Sophie-Guenegues.jpeg?w=424&amp;ssl=1 424w\" sizes=\"auto, (max-width: 212px) 100vw, 212px\" \/><\/a><figcaption id=\"caption-attachment-13490\" class=\"wp-caption-text\">Anne-Sophie Gu\u00e9n\u00e9gu\u00e8s &#8211; Etre(s)<\/figcaption><\/figure>\n<h3 style=\"text-align: justify\">S\u00e9duction Totale<\/h3>\n<p style=\"text-align: justify\">A force d\u2019\u00eatre correctrice dans une maison d\u2019\u00e9ditions, <strong>Anne-Sophie Gu\u00e9n\u00e9gu\u00e8s<\/strong> s\u2019est dit probablement qu\u2019il \u00e9tait temps de passer de l\u2019autre c\u00f4t\u00e9 du miroir. Alors elle prend une direction parsem\u00e9e d\u2019emb\u00fbches\u00a0: <strong>la r\u00e9daction de nouvelles<\/strong> (c\u2019est son troisi\u00e8me recueil sans oublier d\u2019autres \u00e0 destination de la jeunesse).<\/p>\n<p style=\"text-align: justify\">Qu\u2019on ne si trompe pas, \u00e9crire de plus ou moins courtes histoires ne sont pas les plus faciles \u00e0 r\u00e9diger. Il faut happer le lecteur dans un univers et ne plus l\u2019en sortir \u00e0 travers drames et com\u00e9dies qui n\u2019ont souvent rien \u00e0 voir ou alors reli\u00e9es par un fil t\u00e9nu. <strong>C\u2019est ce que r\u00e9ussit parfaitement Anne-Sophie<\/strong>.<\/p>\n<h3><em>Louise Attaque &#8211; Ton Invitation (Live, 1998)<\/em><\/h3>\n<div class=\"youtube-embed\" data-video_id=\"SGmZdmfbFAw\"><iframe loading=\"lazy\" title=\"Louise Attaque - Ton Invitation (Live - Salle de la Cit\u00e9 1998)\" width=\"696\" height=\"392\" src=\"https:\/\/www.youtube.com\/embed\/SGmZdmfbFAw\" frameborder=\"0\" allow=\"accelerometer; autoplay; clipboard-write; encrypted-media; gyroscope; picture-in-picture; web-share\" referrerpolicy=\"strict-origin-when-cross-origin\" allowfullscreen><\/iframe><\/div>\n<p style=\"text-align: justify\">La belle id\u00e9e vient du titre, <strong><em>Etre(s)<\/em><\/strong>, qui ouvrent le champ \u00e0 tous les possibles. Et sans vouloir b\u00eatement imiter le ma\u00eetre <strong>Shakespeare<\/strong>, il faut bien convenir que l\u2019ensemble de ces <strong>seize nouvelles<\/strong> repose sur cette phrase <strong>\u00ab\u00a0\u00eatre ou ne pas \u00eatre, telle est la question\u00a0\u00bb<\/strong> surtout quand <strong>un <em>s<\/em> se met entre parenth\u00e8ses<\/strong>. L\u2019auteure s\u2019en pose \u00e0 travers diff\u00e9rentes possibilit\u00e9s et dispose de ses personnages\u00a0: un vide-greniers qui ressasse le pass\u00e9 du \u00ab\u00a0h\u00e9ros\u00a0\u00bb, un suicide non programm\u00e9, un deuil suite \u00e0 une rupture, la carri\u00e8re d\u2019une boulang\u00e8re, la r\u00e9action d\u2019une m\u00e8re qui perd son fils, un papi m\u00e9chant qui devient gentil.<\/p>\n<p style=\"text-align: justify\">Les sentiments \u00e0 fleurs de peau sont d\u00e9crits pourtant avec une certaine l\u00e9g\u00e8ret\u00e9, non pas distanci\u00e9e, au contraire, comme une approche de la r\u00e9silience, terme trop \u00e0 la mode, car cela n\u2019emp\u00eache pas le combat, la volont\u00e9 de continuer et non pas l\u2019acceptation d\u2019une situation et son adaptation.<\/p>\n<h3><em>Nouvelle Vague &#8211; The Killing Moon ( Echo &amp; The Bunnymen cover)<\/em><\/h3>\n<div class=\"youtube-embed\" data-video_id=\"p9jCwA8mW_E\"><iframe loading=\"lazy\" title=\"Nouvelle Vague  - The Killing Moon (Full Track)\" width=\"696\" height=\"522\" src=\"https:\/\/www.youtube.com\/embed\/p9jCwA8mW_E\" frameborder=\"0\" allow=\"accelerometer; autoplay; clipboard-write; encrypted-media; gyroscope; picture-in-picture; web-share\" referrerpolicy=\"strict-origin-when-cross-origin\" allowfullscreen><\/iframe><\/div>\n<p>&nbsp;<\/p>\n<p style=\"text-align: justify\"><strong>L\u2019auteure poss\u00e8de un art magnifique de dire des choses fortes simplement, sans chichis, avec douceur et conviction<\/strong>. Elle n\u2019h\u00e9site pas \u00e0 employer l\u2019humour discret sur des \u00e9v\u00e9nements graves, ce qui n\u2019est jamais \u00e9vident. La s\u00e9duction est totale.<\/p>\n<p style=\"text-align: justify\"><strong>Anne-Sophie Gu\u00e9n\u00e9gu\u00e8s &#8211;\u00a0Etre(s) &#8211; (Nouvelles)<\/strong><\/p>\n<p style=\"text-align: justify\">Nombre 7 Editions \u2013 196 pages \u2013 16,90 \u20ac<\/p>\n<p style=\"text-align: justify\"><strong>Patrick B\u00e9nard<\/strong><\/p>\n<p style=\"text-align: justify\"><em>PS\u00a0: les chansons sont \u00e0 la demande de l\u2019auteure qui a \u00e9t\u00e9 contact\u00e9e.<\/em><\/p>\n<p style=\"text-align: justify\">\n","protected":false},"excerpt":{"rendered":"<p>Etre(s) ou ne pas Etre S\u00e9duction Totale A force d\u2019\u00eatre correctrice dans une maison d\u2019\u00e9ditions, Anne-Sophie Gu\u00e9n\u00e9gu\u00e8s s\u2019est dit probablement qu\u2019il \u00e9tait temps de passer de l\u2019autre c\u00f4t\u00e9 du miroir. Alors elle prend une direction parsem\u00e9e d\u2019emb\u00fbches\u00a0: la r\u00e9daction de nouvelles (c\u2019est son troisi\u00e8me recueil sans oublier d\u2019autres \u00e0 destination de la jeunesse). Qu\u2019on ne [&hellip;]<\/p>\n","protected":false},"author":4,"featured_media":13490,"comment_status":"open","ping_status":"open","sticky":false,"template":"","format":"image","meta":{"jetpack_post_was_ever_published":false,"tdm_status":"","tdm_grid_status":"","_jetpack_newsletter_access":"","_jetpack_dont_email_post_to_subs":false,"_jetpack_newsletter_tier_id":0,"_jetpack_memberships_contains_paywalled_content":false,"_jetpack_memberships_contains_paid_content":false,"footnotes":""},"categories":[27,11066],"tags":[14052,42,7817],"class_list":{"0":"post-13489","1":"post","2":"type-post","3":"status-publish","4":"format-image","5":"has-post-thumbnail","7":"category-litterature","8":"category-short-stories","9":"tag-auteure","10":"tag-litterature","11":"tag-recueil-de-nouvelles","12":"post_format-post-format-image"},"yoast_head":"<!-- This site is optimized with the Yoast SEO plugin v27.5 - https:\/\/yoast.com\/product\/yoast-seo-wordpress\/ -->\n<title>Anne-Sophie Gu\u00e9n\u00e9gu\u00e8s - Etre(s) - Culturesco<\/title>\n<meta name=\"description\" content=\"CulturesCo | Un bon coup de pied dans ta Culture | Chroniques et histoire du Rock, chanson fran\u00e7aise, litt\u00e9rature, cin\u00e9ma et bande dessin\u00e9e.\" \/>\n<meta name=\"robots\" content=\"index, follow, max-snippet:-1, max-image-preview:large, max-video-preview:-1\" \/>\n<link rel=\"canonical\" href=\"https:\/\/culturesco.com\/index.php\/2021\/02\/19\/anne-sophie-guenegues-etres\/\" \/>\n<meta property=\"og:locale\" content=\"fr_FR\" \/>\n<meta property=\"og:type\" content=\"article\" \/>\n<meta property=\"og:title\" content=\"Anne-Sophie Gu\u00e9n\u00e9gu\u00e8s - Etre(s) - Culturesco\" \/>\n<meta property=\"og:description\" content=\"CulturesCo | Un bon coup de pied dans ta Culture | Chroniques et histoire du Rock, chanson fran\u00e7aise, litt\u00e9rature, cin\u00e9ma et bande dessin\u00e9e.\" \/>\n<meta property=\"og:url\" content=\"https:\/\/culturesco.com\/index.php\/2021\/02\/19\/anne-sophie-guenegues-etres\/\" \/>\n<meta property=\"og:site_name\" content=\"Culturesco\" \/>\n<meta property=\"article:publisher\" content=\"https:\/\/www.facebook.com\/radioculturesco\" \/>\n<meta property=\"article:published_time\" content=\"2021-02-19T00:40:22+00:00\" \/>\n<meta property=\"article:modified_time\" content=\"2021-02-19T22:54:20+00:00\" \/>\n<meta property=\"og:image\" content=\"https:\/\/i0.wp.com\/culturesco.com\/wp-content\/uploads\/2021\/02\/Anne-Sophie-Guenegues.jpeg?fit=424%2C600&ssl=1\" \/>\n\t<meta property=\"og:image:width\" content=\"424\" \/>\n\t<meta property=\"og:image:height\" content=\"600\" \/>\n\t<meta property=\"og:image:type\" content=\"image\/jpeg\" \/>\n<meta name=\"author\" content=\"Patrick Benard\" \/>\n<meta name=\"twitter:card\" content=\"summary_large_image\" \/>\n<meta name=\"twitter:creator\" content=\"@AugusteMarshal\" \/>\n<meta name=\"twitter:site\" content=\"@AugusteMarshal\" \/>\n<meta name=\"twitter:label1\" content=\"\u00c9crit par\" \/>\n\t<meta name=\"twitter:data1\" content=\"Patrick Benard\" \/>\n\t<meta name=\"twitter:label2\" content=\"Dur\u00e9e de lecture estim\u00e9e\" \/>\n\t<meta name=\"twitter:data2\" content=\"2 minutes\" \/>\n<script type=\"application\/ld+json\" class=\"yoast-schema-graph\">{\"@context\":\"https:\\\/\\\/schema.org\",\"@graph\":[{\"@type\":\"Article\",\"@id\":\"https:\\\/\\\/culturesco.com\\\/index.php\\\/2021\\\/02\\\/19\\\/anne-sophie-guenegues-etres\\\/#article\",\"isPartOf\":{\"@id\":\"https:\\\/\\\/culturesco.com\\\/index.php\\\/2021\\\/02\\\/19\\\/anne-sophie-guenegues-etres\\\/\"},\"author\":{\"name\":\"Patrick Benard\",\"@id\":\"https:\\\/\\\/culturesco.com\\\/#\\\/schema\\\/person\\\/c2ddd6724863f3bbd20a8278df0891f3\"},\"headline\":\"Anne-Sophie Gu\u00e9n\u00e9gu\u00e8s &#8211; Etre(s)\",\"datePublished\":\"2021-02-19T00:40:22+00:00\",\"dateModified\":\"2021-02-19T22:54:20+00:00\",\"mainEntityOfPage\":{\"@id\":\"https:\\\/\\\/culturesco.com\\\/index.php\\\/2021\\\/02\\\/19\\\/anne-sophie-guenegues-etres\\\/\"},\"wordCount\":437,\"commentCount\":0,\"publisher\":{\"@id\":\"https:\\\/\\\/culturesco.com\\\/#organization\"},\"image\":{\"@id\":\"https:\\\/\\\/culturesco.com\\\/index.php\\\/2021\\\/02\\\/19\\\/anne-sophie-guenegues-etres\\\/#primaryimage\"},\"thumbnailUrl\":\"https:\\\/\\\/i0.wp.com\\\/culturesco.com\\\/wp-content\\\/uploads\\\/2021\\\/02\\\/Anne-Sophie-Guenegues.jpeg?fit=424%2C600&ssl=1\",\"keywords\":[\"auteure\",\"litt\u00e9rature\",\"Recueil de nouvelles\"],\"articleSection\":[\"Litt\u00e9rature\",\"Short Stories\"],\"inLanguage\":\"fr-FR\",\"potentialAction\":[{\"@type\":\"CommentAction\",\"name\":\"Comment\",\"target\":[\"https:\\\/\\\/culturesco.com\\\/index.php\\\/2021\\\/02\\\/19\\\/anne-sophie-guenegues-etres\\\/#respond\"]}]},{\"@type\":\"WebPage\",\"@id\":\"https:\\\/\\\/culturesco.com\\\/index.php\\\/2021\\\/02\\\/19\\\/anne-sophie-guenegues-etres\\\/\",\"url\":\"https:\\\/\\\/culturesco.com\\\/index.php\\\/2021\\\/02\\\/19\\\/anne-sophie-guenegues-etres\\\/\",\"name\":\"Anne-Sophie Gu\u00e9n\u00e9gu\u00e8s - Etre(s) - Culturesco\",\"isPartOf\":{\"@id\":\"https:\\\/\\\/culturesco.com\\\/#website\"},\"primaryImageOfPage\":{\"@id\":\"https:\\\/\\\/culturesco.com\\\/index.php\\\/2021\\\/02\\\/19\\\/anne-sophie-guenegues-etres\\\/#primaryimage\"},\"image\":{\"@id\":\"https:\\\/\\\/culturesco.com\\\/index.php\\\/2021\\\/02\\\/19\\\/anne-sophie-guenegues-etres\\\/#primaryimage\"},\"thumbnailUrl\":\"https:\\\/\\\/i0.wp.com\\\/culturesco.com\\\/wp-content\\\/uploads\\\/2021\\\/02\\\/Anne-Sophie-Guenegues.jpeg?fit=424%2C600&ssl=1\",\"datePublished\":\"2021-02-19T00:40:22+00:00\",\"dateModified\":\"2021-02-19T22:54:20+00:00\",\"description\":\"CulturesCo | Un bon coup de pied dans ta Culture | Chroniques et histoire du Rock, chanson fran\u00e7aise, litt\u00e9rature, cin\u00e9ma et bande dessin\u00e9e.\",\"breadcrumb\":{\"@id\":\"https:\\\/\\\/culturesco.com\\\/index.php\\\/2021\\\/02\\\/19\\\/anne-sophie-guenegues-etres\\\/#breadcrumb\"},\"inLanguage\":\"fr-FR\",\"potentialAction\":[{\"@type\":\"ReadAction\",\"target\":[\"https:\\\/\\\/culturesco.com\\\/index.php\\\/2021\\\/02\\\/19\\\/anne-sophie-guenegues-etres\\\/\"]}]},{\"@type\":\"ImageObject\",\"inLanguage\":\"fr-FR\",\"@id\":\"https:\\\/\\\/culturesco.com\\\/index.php\\\/2021\\\/02\\\/19\\\/anne-sophie-guenegues-etres\\\/#primaryimage\",\"url\":\"https:\\\/\\\/i0.wp.com\\\/culturesco.com\\\/wp-content\\\/uploads\\\/2021\\\/02\\\/Anne-Sophie-Guenegues.jpeg?fit=424%2C600&ssl=1\",\"contentUrl\":\"https:\\\/\\\/i0.wp.com\\\/culturesco.com\\\/wp-content\\\/uploads\\\/2021\\\/02\\\/Anne-Sophie-Guenegues.jpeg?fit=424%2C600&ssl=1\",\"width\":424,\"height\":600,\"caption\":\"Anne-Sophie Gu\u00e9n\u00e9gu\u00e8s - Etre(s)\"},{\"@type\":\"BreadcrumbList\",\"@id\":\"https:\\\/\\\/culturesco.com\\\/index.php\\\/2021\\\/02\\\/19\\\/anne-sophie-guenegues-etres\\\/#breadcrumb\",\"itemListElement\":[{\"@type\":\"ListItem\",\"position\":1,\"name\":\"Accueil\",\"item\":\"https:\\\/\\\/culturesco.com\\\/\"},{\"@type\":\"ListItem\",\"position\":2,\"name\":\"Anne-Sophie Gu\u00e9n\u00e9gu\u00e8s &#8211; Etre(s)\"}]},{\"@type\":\"WebSite\",\"@id\":\"https:\\\/\\\/culturesco.com\\\/#website\",\"url\":\"https:\\\/\\\/culturesco.com\\\/\",\"name\":\"Culturesco\",\"description\":\"Culturesco | Un bon coup de pied dans ta Culture\",\"publisher\":{\"@id\":\"https:\\\/\\\/culturesco.com\\\/#organization\"},\"potentialAction\":[{\"@type\":\"SearchAction\",\"target\":{\"@type\":\"EntryPoint\",\"urlTemplate\":\"https:\\\/\\\/culturesco.com\\\/?s={search_term_string}\"},\"query-input\":{\"@type\":\"PropertyValueSpecification\",\"valueRequired\":true,\"valueName\":\"search_term_string\"}}],\"inLanguage\":\"fr-FR\"},{\"@type\":\"Organization\",\"@id\":\"https:\\\/\\\/culturesco.com\\\/#organization\",\"name\":\"CULTURESCO\",\"url\":\"https:\\\/\\\/culturesco.com\\\/\",\"logo\":{\"@type\":\"ImageObject\",\"inLanguage\":\"fr-FR\",\"@id\":\"https:\\\/\\\/culturesco.com\\\/#\\\/schema\\\/logo\\\/image\\\/\",\"url\":\"https:\\\/\\\/i0.wp.com\\\/culturesco.com\\\/wp-content\\\/uploads\\\/2022\\\/04\\\/culturesco-logo-blanc250p.png?fit=250%2C250&ssl=1\",\"contentUrl\":\"https:\\\/\\\/i0.wp.com\\\/culturesco.com\\\/wp-content\\\/uploads\\\/2022\\\/04\\\/culturesco-logo-blanc250p.png?fit=250%2C250&ssl=1\",\"width\":250,\"height\":250,\"caption\":\"CULTURESCO\"},\"image\":{\"@id\":\"https:\\\/\\\/culturesco.com\\\/#\\\/schema\\\/logo\\\/image\\\/\"},\"sameAs\":[\"https:\\\/\\\/www.facebook.com\\\/radioculturesco\",\"https:\\\/\\\/x.com\\\/AugusteMarshal\",\"https:\\\/\\\/www.instagram.com\\\/carotte_rock_culture\\\/\",\"https:\\\/\\\/www.pinterest.fr\\\/augustemarshal\\\/\",\"https:\\\/\\\/www.youtube.com\\\/channel\\\/UCiWLGffqWSXlNnfzp6YwwyQ\"]},{\"@type\":\"Person\",\"@id\":\"https:\\\/\\\/culturesco.com\\\/#\\\/schema\\\/person\\\/c2ddd6724863f3bbd20a8278df0891f3\",\"name\":\"Patrick Benard\",\"image\":{\"@type\":\"ImageObject\",\"inLanguage\":\"fr-FR\",\"@id\":\"https:\\\/\\\/i0.wp.com\\\/culturesco.com\\\/wp-content\\\/uploads\\\/2019\\\/02\\\/patrick-benard-2.jpg?fit=90%2C96&ssl=1\",\"url\":\"https:\\\/\\\/i0.wp.com\\\/culturesco.com\\\/wp-content\\\/uploads\\\/2019\\\/02\\\/patrick-benard-2.jpg?fit=90%2C96&ssl=1\",\"contentUrl\":\"https:\\\/\\\/i0.wp.com\\\/culturesco.com\\\/wp-content\\\/uploads\\\/2019\\\/02\\\/patrick-benard-2.jpg?fit=90%2C96&ssl=1\",\"caption\":\"Patrick Benard\"},\"description\":\"Ecrivain, chroniqueur, animateur radio, cr\u00e9ateur de la revue \u00ab Cin\u00e9manie \u00bb, autour du cin\u00e9ma dit d\u2019art et d\u2019essai, sp\u00e9cialiste du groupe The Cure, archiviste... 2020 : \\\"Le Post Rock\\\" essai sur le post rock de Mogwa\u00ef \u00e0 Godspeed You Black Emperor - Camion Blanc 2014 : \u00ab On the rocks \u2013le rock de 2007 \u00e0 2014 \u00bb chroniques livres et cd rocks, interviews \u2013Editions Vaillant 2010 : \u00ab Dans la T\u00eate de Robert Smith \u00bb, roman fiction autour de l\u2019histoire des Cure et de Robert Smith \u2013 Edilivres 2007 : \u00ab Chroniques Fr\u00e9n\u00e9tiques, une histoire intime du rock \u00bb, roman, prix Technikart. 2001 : \u00ab Les Iles du D\u00e9sert \u00bb, polar autour du rock \u2013 Editions Nykta\",\"url\":\"https:\\\/\\\/culturesco.com\\\/index.php\\\/author\\\/patrick-benard89\\\/\"}]}<\/script>\n<!-- \/ Yoast SEO plugin. -->","yoast_head_json":{"title":"Anne-Sophie Gu\u00e9n\u00e9gu\u00e8s - Etre(s) - Culturesco","description":"CulturesCo | Un bon coup de pied dans ta Culture | Chroniques et histoire du Rock, chanson fran\u00e7aise, litt\u00e9rature, cin\u00e9ma et bande dessin\u00e9e.","robots":{"index":"index","follow":"follow","max-snippet":"max-snippet:-1","max-image-preview":"max-image-preview:large","max-video-preview":"max-video-preview:-1"},"canonical":"https:\/\/culturesco.com\/index.php\/2021\/02\/19\/anne-sophie-guenegues-etres\/","og_locale":"fr_FR","og_type":"article","og_title":"Anne-Sophie Gu\u00e9n\u00e9gu\u00e8s - Etre(s) - Culturesco","og_description":"CulturesCo | Un bon coup de pied dans ta Culture | Chroniques et histoire du Rock, chanson fran\u00e7aise, litt\u00e9rature, cin\u00e9ma et bande dessin\u00e9e.","og_url":"https:\/\/culturesco.com\/index.php\/2021\/02\/19\/anne-sophie-guenegues-etres\/","og_site_name":"Culturesco","article_publisher":"https:\/\/www.facebook.com\/radioculturesco","article_published_time":"2021-02-19T00:40:22+00:00","article_modified_time":"2021-02-19T22:54:20+00:00","og_image":[{"width":424,"height":600,"url":"https:\/\/i0.wp.com\/culturesco.com\/wp-content\/uploads\/2021\/02\/Anne-Sophie-Guenegues.jpeg?fit=424%2C600&ssl=1","type":"image\/jpeg"}],"author":"Patrick Benard","twitter_card":"summary_large_image","twitter_creator":"@AugusteMarshal","twitter_site":"@AugusteMarshal","twitter_misc":{"\u00c9crit par":"Patrick Benard","Dur\u00e9e de lecture estim\u00e9e":"2 minutes"},"schema":{"@context":"https:\/\/schema.org","@graph":[{"@type":"Article","@id":"https:\/\/culturesco.com\/index.php\/2021\/02\/19\/anne-sophie-guenegues-etres\/#article","isPartOf":{"@id":"https:\/\/culturesco.com\/index.php\/2021\/02\/19\/anne-sophie-guenegues-etres\/"},"author":{"name":"Patrick Benard","@id":"https:\/\/culturesco.com\/#\/schema\/person\/c2ddd6724863f3bbd20a8278df0891f3"},"headline":"Anne-Sophie Gu\u00e9n\u00e9gu\u00e8s &#8211; Etre(s)","datePublished":"2021-02-19T00:40:22+00:00","dateModified":"2021-02-19T22:54:20+00:00","mainEntityOfPage":{"@id":"https:\/\/culturesco.com\/index.php\/2021\/02\/19\/anne-sophie-guenegues-etres\/"},"wordCount":437,"commentCount":0,"publisher":{"@id":"https:\/\/culturesco.com\/#organization"},"image":{"@id":"https:\/\/culturesco.com\/index.php\/2021\/02\/19\/anne-sophie-guenegues-etres\/#primaryimage"},"thumbnailUrl":"https:\/\/i0.wp.com\/culturesco.com\/wp-content\/uploads\/2021\/02\/Anne-Sophie-Guenegues.jpeg?fit=424%2C600&ssl=1","keywords":["auteure","litt\u00e9rature","Recueil de nouvelles"],"articleSection":["Litt\u00e9rature","Short Stories"],"inLanguage":"fr-FR","potentialAction":[{"@type":"CommentAction","name":"Comment","target":["https:\/\/culturesco.com\/index.php\/2021\/02\/19\/anne-sophie-guenegues-etres\/#respond"]}]},{"@type":"WebPage","@id":"https:\/\/culturesco.com\/index.php\/2021\/02\/19\/anne-sophie-guenegues-etres\/","url":"https:\/\/culturesco.com\/index.php\/2021\/02\/19\/anne-sophie-guenegues-etres\/","name":"Anne-Sophie Gu\u00e9n\u00e9gu\u00e8s - Etre(s) - Culturesco","isPartOf":{"@id":"https:\/\/culturesco.com\/#website"},"primaryImageOfPage":{"@id":"https:\/\/culturesco.com\/index.php\/2021\/02\/19\/anne-sophie-guenegues-etres\/#primaryimage"},"image":{"@id":"https:\/\/culturesco.com\/index.php\/2021\/02\/19\/anne-sophie-guenegues-etres\/#primaryimage"},"thumbnailUrl":"https:\/\/i0.wp.com\/culturesco.com\/wp-content\/uploads\/2021\/02\/Anne-Sophie-Guenegues.jpeg?fit=424%2C600&ssl=1","datePublished":"2021-02-19T00:40:22+00:00","dateModified":"2021-02-19T22:54:20+00:00","description":"CulturesCo | Un bon coup de pied dans ta Culture | Chroniques et histoire du Rock, chanson fran\u00e7aise, litt\u00e9rature, cin\u00e9ma et bande dessin\u00e9e.","breadcrumb":{"@id":"https:\/\/culturesco.com\/index.php\/2021\/02\/19\/anne-sophie-guenegues-etres\/#breadcrumb"},"inLanguage":"fr-FR","potentialAction":[{"@type":"ReadAction","target":["https:\/\/culturesco.com\/index.php\/2021\/02\/19\/anne-sophie-guenegues-etres\/"]}]},{"@type":"ImageObject","inLanguage":"fr-FR","@id":"https:\/\/culturesco.com\/index.php\/2021\/02\/19\/anne-sophie-guenegues-etres\/#primaryimage","url":"https:\/\/i0.wp.com\/culturesco.com\/wp-content\/uploads\/2021\/02\/Anne-Sophie-Guenegues.jpeg?fit=424%2C600&ssl=1","contentUrl":"https:\/\/i0.wp.com\/culturesco.com\/wp-content\/uploads\/2021\/02\/Anne-Sophie-Guenegues.jpeg?fit=424%2C600&ssl=1","width":424,"height":600,"caption":"Anne-Sophie Gu\u00e9n\u00e9gu\u00e8s - Etre(s)"},{"@type":"BreadcrumbList","@id":"https:\/\/culturesco.com\/index.php\/2021\/02\/19\/anne-sophie-guenegues-etres\/#breadcrumb","itemListElement":[{"@type":"ListItem","position":1,"name":"Accueil","item":"https:\/\/culturesco.com\/"},{"@type":"ListItem","position":2,"name":"Anne-Sophie Gu\u00e9n\u00e9gu\u00e8s &#8211; Etre(s)"}]},{"@type":"WebSite","@id":"https:\/\/culturesco.com\/#website","url":"https:\/\/culturesco.com\/","name":"Culturesco","description":"Culturesco | Un bon coup de pied dans ta Culture","publisher":{"@id":"https:\/\/culturesco.com\/#organization"},"potentialAction":[{"@type":"SearchAction","target":{"@type":"EntryPoint","urlTemplate":"https:\/\/culturesco.com\/?s={search_term_string}"},"query-input":{"@type":"PropertyValueSpecification","valueRequired":true,"valueName":"search_term_string"}}],"inLanguage":"fr-FR"},{"@type":"Organization","@id":"https:\/\/culturesco.com\/#organization","name":"CULTURESCO","url":"https:\/\/culturesco.com\/","logo":{"@type":"ImageObject","inLanguage":"fr-FR","@id":"https:\/\/culturesco.com\/#\/schema\/logo\/image\/","url":"https:\/\/i0.wp.com\/culturesco.com\/wp-content\/uploads\/2022\/04\/culturesco-logo-blanc250p.png?fit=250%2C250&ssl=1","contentUrl":"https:\/\/i0.wp.com\/culturesco.com\/wp-content\/uploads\/2022\/04\/culturesco-logo-blanc250p.png?fit=250%2C250&ssl=1","width":250,"height":250,"caption":"CULTURESCO"},"image":{"@id":"https:\/\/culturesco.com\/#\/schema\/logo\/image\/"},"sameAs":["https:\/\/www.facebook.com\/radioculturesco","https:\/\/x.com\/AugusteMarshal","https:\/\/www.instagram.com\/carotte_rock_culture\/","https:\/\/www.pinterest.fr\/augustemarshal\/","https:\/\/www.youtube.com\/channel\/UCiWLGffqWSXlNnfzp6YwwyQ"]},{"@type":"Person","@id":"https:\/\/culturesco.com\/#\/schema\/person\/c2ddd6724863f3bbd20a8278df0891f3","name":"Patrick Benard","image":{"@type":"ImageObject","inLanguage":"fr-FR","@id":"https:\/\/i0.wp.com\/culturesco.com\/wp-content\/uploads\/2019\/02\/patrick-benard-2.jpg?fit=90%2C96&ssl=1","url":"https:\/\/i0.wp.com\/culturesco.com\/wp-content\/uploads\/2019\/02\/patrick-benard-2.jpg?fit=90%2C96&ssl=1","contentUrl":"https:\/\/i0.wp.com\/culturesco.com\/wp-content\/uploads\/2019\/02\/patrick-benard-2.jpg?fit=90%2C96&ssl=1","caption":"Patrick Benard"},"description":"Ecrivain, chroniqueur, animateur radio, cr\u00e9ateur de la revue \u00ab Cin\u00e9manie \u00bb, autour du cin\u00e9ma dit d\u2019art et d\u2019essai, sp\u00e9cialiste du groupe The Cure, archiviste... 2020 : \"Le Post Rock\" essai sur le post rock de Mogwa\u00ef \u00e0 Godspeed You Black Emperor - Camion Blanc 2014 : \u00ab On the rocks \u2013le rock de 2007 \u00e0 2014 \u00bb chroniques livres et cd rocks, interviews \u2013Editions Vaillant 2010 : \u00ab Dans la T\u00eate de Robert Smith \u00bb, roman fiction autour de l\u2019histoire des Cure et de Robert Smith \u2013 Edilivres 2007 : \u00ab Chroniques Fr\u00e9n\u00e9tiques, une histoire intime du rock \u00bb, roman, prix Technikart. 2001 : \u00ab Les Iles du D\u00e9sert \u00bb, polar autour du rock \u2013 Editions Nykta","url":"https:\/\/culturesco.com\/index.php\/author\/patrick-benard89\/"}]}},"jetpack_featured_media_url":"https:\/\/i0.wp.com\/culturesco.com\/wp-content\/uploads\/2021\/02\/Anne-Sophie-Guenegues.jpeg?fit=424%2C600&ssl=1","jetpack_likes_enabled":true,"jetpack_sharing_enabled":true,"jetpack_shortlink":"https:\/\/wp.me\/paz89I-3vz","_links":{"self":[{"href":"https:\/\/culturesco.com\/index.php\/wp-json\/wp\/v2\/posts\/13489","targetHints":{"allow":["GET"]}}],"collection":[{"href":"https:\/\/culturesco.com\/index.php\/wp-json\/wp\/v2\/posts"}],"about":[{"href":"https:\/\/culturesco.com\/index.php\/wp-json\/wp\/v2\/types\/post"}],"author":[{"embeddable":true,"href":"https:\/\/culturesco.com\/index.php\/wp-json\/wp\/v2\/users\/4"}],"replies":[{"embeddable":true,"href":"https:\/\/culturesco.com\/index.php\/wp-json\/wp\/v2\/comments?post=13489"}],"version-history":[{"count":0,"href":"https:\/\/culturesco.com\/index.php\/wp-json\/wp\/v2\/posts\/13489\/revisions"}],"wp:featuredmedia":[{"embeddable":true,"href":"https:\/\/culturesco.com\/index.php\/wp-json\/wp\/v2\/media\/13490"}],"wp:attachment":[{"href":"https:\/\/culturesco.com\/index.php\/wp-json\/wp\/v2\/media?parent=13489"}],"wp:term":[{"taxonomy":"category","embeddable":true,"href":"https:\/\/culturesco.com\/index.php\/wp-json\/wp\/v2\/categories?post=13489"},{"taxonomy":"post_tag","embeddable":true,"href":"https:\/\/culturesco.com\/index.php\/wp-json\/wp\/v2\/tags?post=13489"}],"curies":[{"name":"wp","href":"https:\/\/api.w.org\/{rel}","templated":true}]}}