{"id":13399,"date":"2021-02-05T02:35:49","date_gmt":"2021-02-05T01:35:49","guid":{"rendered":"https:\/\/culturesco.com\/?p=13399"},"modified":"2021-02-05T02:35:49","modified_gmt":"2021-02-05T01:35:49","slug":"tue-loup-la-peau-des-arbres","status":"publish","type":"post","link":"https:\/\/culturesco.com\/index.php\/2021\/02\/05\/tue-loup-la-peau-des-arbres\/","title":{"rendered":"Tue-Loup &#8211; La Peau Des Arbres"},"content":{"rendered":"<h2 style=\"text-align: justify\">Un folk rock suintant<\/h2>\n<figure id=\"attachment_13401\" aria-describedby=\"caption-attachment-13401\" style=\"width: 300px\" class=\"wp-caption aligncenter\"><a href=\"https:\/\/i0.wp.com\/culturesco.com\/wp-content\/uploads\/2021\/02\/Tue-Loup.jpeg?ssl=1\"><img data-recalc-dims=\"1\" loading=\"lazy\" decoding=\"async\" class=\"size-medium wp-image-13401\" src=\"https:\/\/i0.wp.com\/culturesco.com\/wp-content\/uploads\/2021\/02\/Tue-Loup.jpeg?resize=300%2C273&#038;ssl=1\" alt=\"Tue-Loup - la peau des arbres\" width=\"300\" height=\"273\" srcset=\"https:\/\/i0.wp.com\/culturesco.com\/wp-content\/uploads\/2021\/02\/Tue-Loup.jpeg?resize=300%2C273&amp;ssl=1 300w, https:\/\/i0.wp.com\/culturesco.com\/wp-content\/uploads\/2021\/02\/Tue-Loup.jpeg?w=406&amp;ssl=1 406w\" sizes=\"auto, (max-width: 300px) 100vw, 300px\" \/><\/a><figcaption id=\"caption-attachment-13401\" class=\"wp-caption-text\">Tue-Loup &#8211; la peau des arbres<\/figcaption><\/figure>\n<h3 style=\"text-align: justify\">Des envol\u00e9es sublimes<\/h3>\n<p style=\"text-align: justify\">Mine de rien, sans faire de bruit, cela fait un quart de si\u00e8cle que s\u00e9vit <strong>Tue-Loup<\/strong>, \u00e0 coup de m\u00e9lodies intimes autour d\u2019un folk min\u00e9ral et adorable.<\/p>\n<p style=\"text-align: justify\">Avec ce nouvel album, dont la sortie correspond \u00e0 mon anniversaire, merci \u00e0 eux, le groupe offre un versant plus grave qu\u2019il ne l\u2019avait fait jusqu\u2019\u00e0 pr\u00e9sent. Il ose m\u00eame s\u2019aventurer du c\u00f4t\u00e9 du rock avec\u00a0<strong>\u00ab\u00a0Supramonte\u00a0\u00bb\u00a0<\/strong>par exemple. Mais soyons franc, <strong><em>La Peau des Arbres<\/em><\/strong>, superbe titre d\u2019ailleurs, s\u2019oriente sinc\u00e8rement vers un folk rock plus sombre que ce que le quatuor propose habituellement et c\u2019est une sacr\u00e9e nouvelle. <strong>Julien Gracq<\/strong> et <strong>Jim Harrison<\/strong> ne sont pas loin, c\u00f4t\u00e9 \u00e9criture, pour situer l\u2019ambition justifi\u00e9e.<\/p>\n<p style=\"text-align: justify\">Voici donc peut-\u00eatre le meilleur album du groupe qui alterne le chant fran\u00e7ais et anglais, et c\u2019est bien vu. L\u2019affaire s\u2019entame avec <strong>\u00ab\u00a0Sueur\u00a0\u00bb<\/strong> avec une basse entrainante qui se substitue aux guitares habituelles qui offrent juste une rythmique de fond. S\u00e9duction d\u2019office.<\/p>\n<p style=\"text-align: justify\">Le reste ne propose que des titres emballants et de haute tenue. <strong>\u00ab\u00a0Jeannine\u2019s song\u00a0\u00bb<\/strong> qu\u2019on retrouve plus tard sous la forme d\u2019un <strong>\u00ab\u00a0Jeannine Continued\u00a0\u00bb<\/strong>, s\u2019envole tr\u00e8s haut entre ch\u0153urs, guitares et batterie emball\u00e9es.<\/p>\n<h3><em>Tue-Loup &#8211; Mayol (clip officiel)<\/em><\/h3>\n<div class=\"youtube-embed\" data-video_id=\"g5KSPQFGXAo\"><iframe loading=\"lazy\" title=\"Tue Loup - Mayol\" width=\"696\" height=\"392\" src=\"https:\/\/www.youtube.com\/embed\/g5KSPQFGXAo\" frameborder=\"0\" allow=\"accelerometer; autoplay; clipboard-write; encrypted-media; gyroscope; picture-in-picture; web-share\" referrerpolicy=\"strict-origin-when-cross-origin\" allowfullscreen><\/iframe><\/div>\n<p>Mieux : le c\u00f4t\u00e9 hit est l\u00e0 avec <strong>\u00ab\u00a0Mayol\u00a0\u00bb<\/strong><\/p>\n<p style=\"text-align: justify\">Au final c\u2019est une vraie r\u00e9ussite qu\u2019affiche <strong>Tue-Loup<\/strong>, f\u00eatant tr\u00e8s dignement ce passage fatidique souvent pour certains groupes. L\u00e0, <strong>il tient enfin un outil qui peut les emmener tr\u00e8s loin<\/strong>, proche d\u2019une reconnaissance logique au niveau national. Un album \u00e0 la fois d\u00e9tendu mais inqui\u00e9tant, relax mais sournois. Une belle et bonne surprise. <strong>Merci pour ce cadeau<\/strong>.<\/p>\n<p style=\"text-align: justify\"><strong>Tue-Loup &#8211; La Peau Des Arbres<\/strong><\/p>\n<p style=\"text-align: justify\">La L\u00e9zarde \u2013 L\u2019Autre Distribution<\/p>\n<p style=\"text-align: justify\"><strong>Patrick B\u00e9nard<\/strong><\/p>\n","protected":false},"excerpt":{"rendered":"<p>Un folk rock suintant Des envol\u00e9es sublimes Mine de rien, sans faire de bruit, cela fait un quart de si\u00e8cle que s\u00e9vit Tue-Loup, \u00e0 coup de m\u00e9lodies intimes autour d\u2019un folk min\u00e9ral et adorable. Avec ce nouvel album, dont la sortie correspond \u00e0 mon anniversaire, merci \u00e0 eux, le groupe offre un versant plus grave [&hellip;]<\/p>\n","protected":false},"author":4,"featured_media":13401,"comment_status":"open","ping_status":"open","sticky":false,"template":"","format":"image","meta":{"jetpack_post_was_ever_published":false,"tdm_status":"","tdm_grid_status":"","_jetpack_newsletter_access":"","_jetpack_dont_email_post_to_subs":false,"_jetpack_newsletter_tier_id":0,"_jetpack_memberships_contains_paywalled_content":false,"_jetpack_memberships_contains_paid_content":false,"footnotes":""},"categories":[30,17,36],"tags":[37,40,52,12296,51],"class_list":{"0":"post-13399","1":"post","2":"type-post","3":"status-publish","4":"format-image","5":"has-post-thumbnail","7":"category-albums-rock","8":"category-carotte-rock-cultures","9":"category-groupes-rock-daujourdhui","10":"tag-album-rock","11":"tag-chanson-francaise","12":"tag-groupe-rock-actuel","13":"tag-pop-rock","14":"tag-rock-francais","15":"post_format-post-format-image"},"yoast_head":"<!-- This site is optimized with the Yoast SEO plugin v27.5 - https:\/\/yoast.com\/product\/yoast-seo-wordpress\/ -->\n<title>Tue-Loup - La Peau Des Arbres - Culturesco<\/title>\n<meta name=\"description\" content=\"CulturesCo | Un bon coup de pied dans ta Culture | Chroniques et histoire du Rock, chanson fran\u00e7aise, litt\u00e9rature, cin\u00e9ma et bande dessin\u00e9e.\" \/>\n<meta name=\"robots\" content=\"index, follow, max-snippet:-1, max-image-preview:large, max-video-preview:-1\" \/>\n<link rel=\"canonical\" href=\"https:\/\/culturesco.com\/index.php\/2021\/02\/05\/tue-loup-la-peau-des-arbres\/\" \/>\n<meta property=\"og:locale\" content=\"fr_FR\" \/>\n<meta property=\"og:type\" content=\"article\" \/>\n<meta property=\"og:title\" content=\"Tue-Loup - La Peau Des Arbres - Culturesco\" \/>\n<meta property=\"og:description\" content=\"CulturesCo | Un bon coup de pied dans ta Culture | Chroniques et histoire du Rock, chanson fran\u00e7aise, litt\u00e9rature, cin\u00e9ma et bande dessin\u00e9e.\" \/>\n<meta property=\"og:url\" content=\"https:\/\/culturesco.com\/index.php\/2021\/02\/05\/tue-loup-la-peau-des-arbres\/\" \/>\n<meta property=\"og:site_name\" content=\"Culturesco\" \/>\n<meta property=\"article:publisher\" content=\"https:\/\/www.facebook.com\/radioculturesco\" \/>\n<meta property=\"article:published_time\" content=\"2021-02-05T01:35:49+00:00\" \/>\n<meta property=\"og:image\" content=\"https:\/\/i0.wp.com\/culturesco.com\/wp-content\/uploads\/2021\/02\/Tue-Loup.jpeg?fit=406%2C369&ssl=1\" \/>\n\t<meta property=\"og:image:width\" content=\"406\" \/>\n\t<meta property=\"og:image:height\" content=\"369\" \/>\n\t<meta property=\"og:image:type\" content=\"image\/jpeg\" \/>\n<meta name=\"author\" content=\"Patrick Benard\" \/>\n<meta name=\"twitter:card\" content=\"summary_large_image\" \/>\n<meta name=\"twitter:creator\" content=\"@AugusteMarshal\" \/>\n<meta name=\"twitter:site\" content=\"@AugusteMarshal\" \/>\n<meta name=\"twitter:label1\" content=\"\u00c9crit par\" \/>\n\t<meta name=\"twitter:data1\" content=\"Patrick Benard\" \/>\n\t<meta name=\"twitter:label2\" content=\"Dur\u00e9e de lecture estim\u00e9e\" \/>\n\t<meta name=\"twitter:data2\" content=\"2 minutes\" \/>\n<script type=\"application\/ld+json\" class=\"yoast-schema-graph\">{\"@context\":\"https:\\\/\\\/schema.org\",\"@graph\":[{\"@type\":\"Article\",\"@id\":\"https:\\\/\\\/culturesco.com\\\/index.php\\\/2021\\\/02\\\/05\\\/tue-loup-la-peau-des-arbres\\\/#article\",\"isPartOf\":{\"@id\":\"https:\\\/\\\/culturesco.com\\\/index.php\\\/2021\\\/02\\\/05\\\/tue-loup-la-peau-des-arbres\\\/\"},\"author\":{\"name\":\"Patrick Benard\",\"@id\":\"https:\\\/\\\/culturesco.com\\\/#\\\/schema\\\/person\\\/c2ddd6724863f3bbd20a8278df0891f3\"},\"headline\":\"Tue-Loup &#8211; La Peau Des Arbres\",\"datePublished\":\"2021-02-05T01:35:49+00:00\",\"mainEntityOfPage\":{\"@id\":\"https:\\\/\\\/culturesco.com\\\/index.php\\\/2021\\\/02\\\/05\\\/tue-loup-la-peau-des-arbres\\\/\"},\"wordCount\":345,\"commentCount\":0,\"publisher\":{\"@id\":\"https:\\\/\\\/culturesco.com\\\/#organization\"},\"image\":{\"@id\":\"https:\\\/\\\/culturesco.com\\\/index.php\\\/2021\\\/02\\\/05\\\/tue-loup-la-peau-des-arbres\\\/#primaryimage\"},\"thumbnailUrl\":\"https:\\\/\\\/i0.wp.com\\\/culturesco.com\\\/wp-content\\\/uploads\\\/2021\\\/02\\\/Tue-Loup.jpeg?fit=406%2C369&ssl=1\",\"keywords\":[\"album rock\",\"chanson fran\u00e7aise\",\"groupe rock actuel\",\"pop rock\",\"Rock fran\u00e7ais\"],\"articleSection\":[\"Albums rock\",\"Carotte Rock Cultures\",\"Groupes rock d'aujourd'hui\"],\"inLanguage\":\"fr-FR\",\"potentialAction\":[{\"@type\":\"CommentAction\",\"name\":\"Comment\",\"target\":[\"https:\\\/\\\/culturesco.com\\\/index.php\\\/2021\\\/02\\\/05\\\/tue-loup-la-peau-des-arbres\\\/#respond\"]}]},{\"@type\":\"WebPage\",\"@id\":\"https:\\\/\\\/culturesco.com\\\/index.php\\\/2021\\\/02\\\/05\\\/tue-loup-la-peau-des-arbres\\\/\",\"url\":\"https:\\\/\\\/culturesco.com\\\/index.php\\\/2021\\\/02\\\/05\\\/tue-loup-la-peau-des-arbres\\\/\",\"name\":\"Tue-Loup - La Peau Des Arbres - Culturesco\",\"isPartOf\":{\"@id\":\"https:\\\/\\\/culturesco.com\\\/#website\"},\"primaryImageOfPage\":{\"@id\":\"https:\\\/\\\/culturesco.com\\\/index.php\\\/2021\\\/02\\\/05\\\/tue-loup-la-peau-des-arbres\\\/#primaryimage\"},\"image\":{\"@id\":\"https:\\\/\\\/culturesco.com\\\/index.php\\\/2021\\\/02\\\/05\\\/tue-loup-la-peau-des-arbres\\\/#primaryimage\"},\"thumbnailUrl\":\"https:\\\/\\\/i0.wp.com\\\/culturesco.com\\\/wp-content\\\/uploads\\\/2021\\\/02\\\/Tue-Loup.jpeg?fit=406%2C369&ssl=1\",\"datePublished\":\"2021-02-05T01:35:49+00:00\",\"description\":\"CulturesCo | Un bon coup de pied dans ta Culture | Chroniques et histoire du Rock, chanson fran\u00e7aise, litt\u00e9rature, cin\u00e9ma et bande dessin\u00e9e.\",\"breadcrumb\":{\"@id\":\"https:\\\/\\\/culturesco.com\\\/index.php\\\/2021\\\/02\\\/05\\\/tue-loup-la-peau-des-arbres\\\/#breadcrumb\"},\"inLanguage\":\"fr-FR\",\"potentialAction\":[{\"@type\":\"ReadAction\",\"target\":[\"https:\\\/\\\/culturesco.com\\\/index.php\\\/2021\\\/02\\\/05\\\/tue-loup-la-peau-des-arbres\\\/\"]}]},{\"@type\":\"ImageObject\",\"inLanguage\":\"fr-FR\",\"@id\":\"https:\\\/\\\/culturesco.com\\\/index.php\\\/2021\\\/02\\\/05\\\/tue-loup-la-peau-des-arbres\\\/#primaryimage\",\"url\":\"https:\\\/\\\/i0.wp.com\\\/culturesco.com\\\/wp-content\\\/uploads\\\/2021\\\/02\\\/Tue-Loup.jpeg?fit=406%2C369&ssl=1\",\"contentUrl\":\"https:\\\/\\\/i0.wp.com\\\/culturesco.com\\\/wp-content\\\/uploads\\\/2021\\\/02\\\/Tue-Loup.jpeg?fit=406%2C369&ssl=1\",\"width\":406,\"height\":369,\"caption\":\"Tue-Loup - la peau des arbres\"},{\"@type\":\"BreadcrumbList\",\"@id\":\"https:\\\/\\\/culturesco.com\\\/index.php\\\/2021\\\/02\\\/05\\\/tue-loup-la-peau-des-arbres\\\/#breadcrumb\",\"itemListElement\":[{\"@type\":\"ListItem\",\"position\":1,\"name\":\"Accueil\",\"item\":\"https:\\\/\\\/culturesco.com\\\/\"},{\"@type\":\"ListItem\",\"position\":2,\"name\":\"Tue-Loup &#8211; La Peau Des Arbres\"}]},{\"@type\":\"WebSite\",\"@id\":\"https:\\\/\\\/culturesco.com\\\/#website\",\"url\":\"https:\\\/\\\/culturesco.com\\\/\",\"name\":\"Culturesco\",\"description\":\"Culturesco | Un bon coup de pied dans ta Culture\",\"publisher\":{\"@id\":\"https:\\\/\\\/culturesco.com\\\/#organization\"},\"potentialAction\":[{\"@type\":\"SearchAction\",\"target\":{\"@type\":\"EntryPoint\",\"urlTemplate\":\"https:\\\/\\\/culturesco.com\\\/?s={search_term_string}\"},\"query-input\":{\"@type\":\"PropertyValueSpecification\",\"valueRequired\":true,\"valueName\":\"search_term_string\"}}],\"inLanguage\":\"fr-FR\"},{\"@type\":\"Organization\",\"@id\":\"https:\\\/\\\/culturesco.com\\\/#organization\",\"name\":\"CULTURESCO\",\"url\":\"https:\\\/\\\/culturesco.com\\\/\",\"logo\":{\"@type\":\"ImageObject\",\"inLanguage\":\"fr-FR\",\"@id\":\"https:\\\/\\\/culturesco.com\\\/#\\\/schema\\\/logo\\\/image\\\/\",\"url\":\"https:\\\/\\\/i0.wp.com\\\/culturesco.com\\\/wp-content\\\/uploads\\\/2022\\\/04\\\/culturesco-logo-blanc250p.png?fit=250%2C250&ssl=1\",\"contentUrl\":\"https:\\\/\\\/i0.wp.com\\\/culturesco.com\\\/wp-content\\\/uploads\\\/2022\\\/04\\\/culturesco-logo-blanc250p.png?fit=250%2C250&ssl=1\",\"width\":250,\"height\":250,\"caption\":\"CULTURESCO\"},\"image\":{\"@id\":\"https:\\\/\\\/culturesco.com\\\/#\\\/schema\\\/logo\\\/image\\\/\"},\"sameAs\":[\"https:\\\/\\\/www.facebook.com\\\/radioculturesco\",\"https:\\\/\\\/x.com\\\/AugusteMarshal\",\"https:\\\/\\\/www.instagram.com\\\/carotte_rock_culture\\\/\",\"https:\\\/\\\/www.pinterest.fr\\\/augustemarshal\\\/\",\"https:\\\/\\\/www.youtube.com\\\/channel\\\/UCiWLGffqWSXlNnfzp6YwwyQ\"]},{\"@type\":\"Person\",\"@id\":\"https:\\\/\\\/culturesco.com\\\/#\\\/schema\\\/person\\\/c2ddd6724863f3bbd20a8278df0891f3\",\"name\":\"Patrick Benard\",\"image\":{\"@type\":\"ImageObject\",\"inLanguage\":\"fr-FR\",\"@id\":\"https:\\\/\\\/i0.wp.com\\\/culturesco.com\\\/wp-content\\\/uploads\\\/2019\\\/02\\\/patrick-benard-2.jpg?fit=90%2C96&ssl=1\",\"url\":\"https:\\\/\\\/i0.wp.com\\\/culturesco.com\\\/wp-content\\\/uploads\\\/2019\\\/02\\\/patrick-benard-2.jpg?fit=90%2C96&ssl=1\",\"contentUrl\":\"https:\\\/\\\/i0.wp.com\\\/culturesco.com\\\/wp-content\\\/uploads\\\/2019\\\/02\\\/patrick-benard-2.jpg?fit=90%2C96&ssl=1\",\"caption\":\"Patrick Benard\"},\"description\":\"Ecrivain, chroniqueur, animateur radio, cr\u00e9ateur de la revue \u00ab Cin\u00e9manie \u00bb, autour du cin\u00e9ma dit d\u2019art et d\u2019essai, sp\u00e9cialiste du groupe The Cure, archiviste... 2020 : \\\"Le Post Rock\\\" essai sur le post rock de Mogwa\u00ef \u00e0 Godspeed You Black Emperor - Camion Blanc 2014 : \u00ab On the rocks \u2013le rock de 2007 \u00e0 2014 \u00bb chroniques livres et cd rocks, interviews \u2013Editions Vaillant 2010 : \u00ab Dans la T\u00eate de Robert Smith \u00bb, roman fiction autour de l\u2019histoire des Cure et de Robert Smith \u2013 Edilivres 2007 : \u00ab Chroniques Fr\u00e9n\u00e9tiques, une histoire intime du rock \u00bb, roman, prix Technikart. 2001 : \u00ab Les Iles du D\u00e9sert \u00bb, polar autour du rock \u2013 Editions Nykta\",\"url\":\"https:\\\/\\\/culturesco.com\\\/index.php\\\/author\\\/patrick-benard89\\\/\"}]}<\/script>\n<!-- \/ Yoast SEO plugin. -->","yoast_head_json":{"title":"Tue-Loup - La Peau Des Arbres - Culturesco","description":"CulturesCo | Un bon coup de pied dans ta Culture | Chroniques et histoire du Rock, chanson fran\u00e7aise, litt\u00e9rature, cin\u00e9ma et bande dessin\u00e9e.","robots":{"index":"index","follow":"follow","max-snippet":"max-snippet:-1","max-image-preview":"max-image-preview:large","max-video-preview":"max-video-preview:-1"},"canonical":"https:\/\/culturesco.com\/index.php\/2021\/02\/05\/tue-loup-la-peau-des-arbres\/","og_locale":"fr_FR","og_type":"article","og_title":"Tue-Loup - La Peau Des Arbres - Culturesco","og_description":"CulturesCo | Un bon coup de pied dans ta Culture | Chroniques et histoire du Rock, chanson fran\u00e7aise, litt\u00e9rature, cin\u00e9ma et bande dessin\u00e9e.","og_url":"https:\/\/culturesco.com\/index.php\/2021\/02\/05\/tue-loup-la-peau-des-arbres\/","og_site_name":"Culturesco","article_publisher":"https:\/\/www.facebook.com\/radioculturesco","article_published_time":"2021-02-05T01:35:49+00:00","og_image":[{"width":406,"height":369,"url":"https:\/\/i0.wp.com\/culturesco.com\/wp-content\/uploads\/2021\/02\/Tue-Loup.jpeg?fit=406%2C369&ssl=1","type":"image\/jpeg"}],"author":"Patrick Benard","twitter_card":"summary_large_image","twitter_creator":"@AugusteMarshal","twitter_site":"@AugusteMarshal","twitter_misc":{"\u00c9crit par":"Patrick Benard","Dur\u00e9e de lecture estim\u00e9e":"2 minutes"},"schema":{"@context":"https:\/\/schema.org","@graph":[{"@type":"Article","@id":"https:\/\/culturesco.com\/index.php\/2021\/02\/05\/tue-loup-la-peau-des-arbres\/#article","isPartOf":{"@id":"https:\/\/culturesco.com\/index.php\/2021\/02\/05\/tue-loup-la-peau-des-arbres\/"},"author":{"name":"Patrick Benard","@id":"https:\/\/culturesco.com\/#\/schema\/person\/c2ddd6724863f3bbd20a8278df0891f3"},"headline":"Tue-Loup &#8211; La Peau Des Arbres","datePublished":"2021-02-05T01:35:49+00:00","mainEntityOfPage":{"@id":"https:\/\/culturesco.com\/index.php\/2021\/02\/05\/tue-loup-la-peau-des-arbres\/"},"wordCount":345,"commentCount":0,"publisher":{"@id":"https:\/\/culturesco.com\/#organization"},"image":{"@id":"https:\/\/culturesco.com\/index.php\/2021\/02\/05\/tue-loup-la-peau-des-arbres\/#primaryimage"},"thumbnailUrl":"https:\/\/i0.wp.com\/culturesco.com\/wp-content\/uploads\/2021\/02\/Tue-Loup.jpeg?fit=406%2C369&ssl=1","keywords":["album rock","chanson fran\u00e7aise","groupe rock actuel","pop rock","Rock fran\u00e7ais"],"articleSection":["Albums rock","Carotte Rock Cultures","Groupes rock d'aujourd'hui"],"inLanguage":"fr-FR","potentialAction":[{"@type":"CommentAction","name":"Comment","target":["https:\/\/culturesco.com\/index.php\/2021\/02\/05\/tue-loup-la-peau-des-arbres\/#respond"]}]},{"@type":"WebPage","@id":"https:\/\/culturesco.com\/index.php\/2021\/02\/05\/tue-loup-la-peau-des-arbres\/","url":"https:\/\/culturesco.com\/index.php\/2021\/02\/05\/tue-loup-la-peau-des-arbres\/","name":"Tue-Loup - La Peau Des Arbres - Culturesco","isPartOf":{"@id":"https:\/\/culturesco.com\/#website"},"primaryImageOfPage":{"@id":"https:\/\/culturesco.com\/index.php\/2021\/02\/05\/tue-loup-la-peau-des-arbres\/#primaryimage"},"image":{"@id":"https:\/\/culturesco.com\/index.php\/2021\/02\/05\/tue-loup-la-peau-des-arbres\/#primaryimage"},"thumbnailUrl":"https:\/\/i0.wp.com\/culturesco.com\/wp-content\/uploads\/2021\/02\/Tue-Loup.jpeg?fit=406%2C369&ssl=1","datePublished":"2021-02-05T01:35:49+00:00","description":"CulturesCo | Un bon coup de pied dans ta Culture | Chroniques et histoire du Rock, chanson fran\u00e7aise, litt\u00e9rature, cin\u00e9ma et bande dessin\u00e9e.","breadcrumb":{"@id":"https:\/\/culturesco.com\/index.php\/2021\/02\/05\/tue-loup-la-peau-des-arbres\/#breadcrumb"},"inLanguage":"fr-FR","potentialAction":[{"@type":"ReadAction","target":["https:\/\/culturesco.com\/index.php\/2021\/02\/05\/tue-loup-la-peau-des-arbres\/"]}]},{"@type":"ImageObject","inLanguage":"fr-FR","@id":"https:\/\/culturesco.com\/index.php\/2021\/02\/05\/tue-loup-la-peau-des-arbres\/#primaryimage","url":"https:\/\/i0.wp.com\/culturesco.com\/wp-content\/uploads\/2021\/02\/Tue-Loup.jpeg?fit=406%2C369&ssl=1","contentUrl":"https:\/\/i0.wp.com\/culturesco.com\/wp-content\/uploads\/2021\/02\/Tue-Loup.jpeg?fit=406%2C369&ssl=1","width":406,"height":369,"caption":"Tue-Loup - la peau des arbres"},{"@type":"BreadcrumbList","@id":"https:\/\/culturesco.com\/index.php\/2021\/02\/05\/tue-loup-la-peau-des-arbres\/#breadcrumb","itemListElement":[{"@type":"ListItem","position":1,"name":"Accueil","item":"https:\/\/culturesco.com\/"},{"@type":"ListItem","position":2,"name":"Tue-Loup &#8211; La Peau Des Arbres"}]},{"@type":"WebSite","@id":"https:\/\/culturesco.com\/#website","url":"https:\/\/culturesco.com\/","name":"Culturesco","description":"Culturesco | Un bon coup de pied dans ta Culture","publisher":{"@id":"https:\/\/culturesco.com\/#organization"},"potentialAction":[{"@type":"SearchAction","target":{"@type":"EntryPoint","urlTemplate":"https:\/\/culturesco.com\/?s={search_term_string}"},"query-input":{"@type":"PropertyValueSpecification","valueRequired":true,"valueName":"search_term_string"}}],"inLanguage":"fr-FR"},{"@type":"Organization","@id":"https:\/\/culturesco.com\/#organization","name":"CULTURESCO","url":"https:\/\/culturesco.com\/","logo":{"@type":"ImageObject","inLanguage":"fr-FR","@id":"https:\/\/culturesco.com\/#\/schema\/logo\/image\/","url":"https:\/\/i0.wp.com\/culturesco.com\/wp-content\/uploads\/2022\/04\/culturesco-logo-blanc250p.png?fit=250%2C250&ssl=1","contentUrl":"https:\/\/i0.wp.com\/culturesco.com\/wp-content\/uploads\/2022\/04\/culturesco-logo-blanc250p.png?fit=250%2C250&ssl=1","width":250,"height":250,"caption":"CULTURESCO"},"image":{"@id":"https:\/\/culturesco.com\/#\/schema\/logo\/image\/"},"sameAs":["https:\/\/www.facebook.com\/radioculturesco","https:\/\/x.com\/AugusteMarshal","https:\/\/www.instagram.com\/carotte_rock_culture\/","https:\/\/www.pinterest.fr\/augustemarshal\/","https:\/\/www.youtube.com\/channel\/UCiWLGffqWSXlNnfzp6YwwyQ"]},{"@type":"Person","@id":"https:\/\/culturesco.com\/#\/schema\/person\/c2ddd6724863f3bbd20a8278df0891f3","name":"Patrick Benard","image":{"@type":"ImageObject","inLanguage":"fr-FR","@id":"https:\/\/i0.wp.com\/culturesco.com\/wp-content\/uploads\/2019\/02\/patrick-benard-2.jpg?fit=90%2C96&ssl=1","url":"https:\/\/i0.wp.com\/culturesco.com\/wp-content\/uploads\/2019\/02\/patrick-benard-2.jpg?fit=90%2C96&ssl=1","contentUrl":"https:\/\/i0.wp.com\/culturesco.com\/wp-content\/uploads\/2019\/02\/patrick-benard-2.jpg?fit=90%2C96&ssl=1","caption":"Patrick Benard"},"description":"Ecrivain, chroniqueur, animateur radio, cr\u00e9ateur de la revue \u00ab Cin\u00e9manie \u00bb, autour du cin\u00e9ma dit d\u2019art et d\u2019essai, sp\u00e9cialiste du groupe The Cure, archiviste... 2020 : \"Le Post Rock\" essai sur le post rock de Mogwa\u00ef \u00e0 Godspeed You Black Emperor - Camion Blanc 2014 : \u00ab On the rocks \u2013le rock de 2007 \u00e0 2014 \u00bb chroniques livres et cd rocks, interviews \u2013Editions Vaillant 2010 : \u00ab Dans la T\u00eate de Robert Smith \u00bb, roman fiction autour de l\u2019histoire des Cure et de Robert Smith \u2013 Edilivres 2007 : \u00ab Chroniques Fr\u00e9n\u00e9tiques, une histoire intime du rock \u00bb, roman, prix Technikart. 2001 : \u00ab Les Iles du D\u00e9sert \u00bb, polar autour du rock \u2013 Editions Nykta","url":"https:\/\/culturesco.com\/index.php\/author\/patrick-benard89\/"}]}},"jetpack_featured_media_url":"https:\/\/i0.wp.com\/culturesco.com\/wp-content\/uploads\/2021\/02\/Tue-Loup.jpeg?fit=406%2C369&ssl=1","jetpack_likes_enabled":true,"jetpack_sharing_enabled":true,"jetpack_shortlink":"https:\/\/wp.me\/paz89I-3u7","_links":{"self":[{"href":"https:\/\/culturesco.com\/index.php\/wp-json\/wp\/v2\/posts\/13399","targetHints":{"allow":["GET"]}}],"collection":[{"href":"https:\/\/culturesco.com\/index.php\/wp-json\/wp\/v2\/posts"}],"about":[{"href":"https:\/\/culturesco.com\/index.php\/wp-json\/wp\/v2\/types\/post"}],"author":[{"embeddable":true,"href":"https:\/\/culturesco.com\/index.php\/wp-json\/wp\/v2\/users\/4"}],"replies":[{"embeddable":true,"href":"https:\/\/culturesco.com\/index.php\/wp-json\/wp\/v2\/comments?post=13399"}],"version-history":[{"count":0,"href":"https:\/\/culturesco.com\/index.php\/wp-json\/wp\/v2\/posts\/13399\/revisions"}],"wp:featuredmedia":[{"embeddable":true,"href":"https:\/\/culturesco.com\/index.php\/wp-json\/wp\/v2\/media\/13401"}],"wp:attachment":[{"href":"https:\/\/culturesco.com\/index.php\/wp-json\/wp\/v2\/media?parent=13399"}],"wp:term":[{"taxonomy":"category","embeddable":true,"href":"https:\/\/culturesco.com\/index.php\/wp-json\/wp\/v2\/categories?post=13399"},{"taxonomy":"post_tag","embeddable":true,"href":"https:\/\/culturesco.com\/index.php\/wp-json\/wp\/v2\/tags?post=13399"}],"curies":[{"name":"wp","href":"https:\/\/api.w.org\/{rel}","templated":true}]}}