{"id":13297,"date":"2021-01-25T22:03:38","date_gmt":"2021-01-25T21:03:38","guid":{"rendered":"https:\/\/culturesco.com\/?p=13297"},"modified":"2021-01-25T22:03:38","modified_gmt":"2021-01-25T21:03:38","slug":"michel-delpech-quand-jetais-chanteur-le-loir-et-cher-wight-is-wight","status":"publish","type":"post","link":"https:\/\/culturesco.com\/index.php\/2021\/01\/25\/michel-delpech-quand-jetais-chanteur-le-loir-et-cher-wight-is-wight\/","title":{"rendered":"Michel DELPECH &#8211; Quand J&rsquo;\u00e9tais Chanteur"},"content":{"rendered":"<h2>Michel DELPECH &#8211; Quand J&rsquo;\u00e9tais Chanteur<\/h2>\n<p><a href=\"https:\/\/i0.wp.com\/culturesco.com\/wp-content\/uploads\/2021\/01\/Michel-Delpech-Inner.jpg?ssl=1\"><img data-recalc-dims=\"1\" loading=\"lazy\" decoding=\"async\" class=\"aligncenter  wp-image-13302\" src=\"https:\/\/i0.wp.com\/culturesco.com\/wp-content\/uploads\/2021\/01\/Michel-Delpech-Inner.jpg?resize=501%2C282&#038;ssl=1\" alt=\"Michel Delpech\" width=\"501\" height=\"282\" srcset=\"https:\/\/i0.wp.com\/culturesco.com\/wp-content\/uploads\/2021\/01\/Michel-Delpech-Inner.jpg?resize=300%2C169&amp;ssl=1 300w, https:\/\/i0.wp.com\/culturesco.com\/wp-content\/uploads\/2021\/01\/Michel-Delpech-Inner.jpg?w=480&amp;ssl=1 480w\" sizes=\"auto, (max-width: 501px) 100vw, 501px\" \/><\/a><\/p>\n<p style=\"text-align: justify;\">Dans les <strong>70\u2019s<\/strong>, <strong>Michel Delpech<\/strong> <strong>aligne les tubes chez le disquaire<\/strong> comme le boulanger <a href=\"https:\/\/www.youtube.com\/watch?v=A_8g3df4zcI\" target=\"_blank\" rel=\"noopener\">les petits pains au chocolat<\/a> dans sa vitrine. En 2020, il t\u00e9moigne sur cette formidable r\u00e9ussite depuis le Paradis : \u00ab <strong><em>Quand j\u2019\u00e9tais chanteur \u2026<\/em><\/strong> \u00bb.<\/p>\n<p style=\"text-align: justify;\">Pour toutes celles et ceux qui sont <strong>n\u00e9s au d\u00e9but des<\/strong> <strong>60\u2019s<\/strong>, malgr\u00e9 des paroles de chansons traitant de sujets adultes, <strong>Michel Delpech est synonyme d\u2019enfance heureuse<\/strong>. En effet, socialement parlant, <strong>la vie \u00e9tait<\/strong> beaucoup <strong>moins stressante<\/strong> et \u00ab speed\u00e9e \u00bb \u00e0 cette p\u00e9riode, au moins jusqu\u2019au premier choc p\u00e9trolier de 1973. Par effet d\u2019association entendre ses chansons rappelle une \u00e9poque lou\u00e9e par Sacha Distel : \u00ab <strong><em><a href=\"https:\/\/www.youtube.com\/watch?v=4pbgaCHQV00\" target=\"_blank\" rel=\"noopener\">\u00d4 la belle vie<\/a> \u2026 sans soucis, sans probl\u00e8me \u2026<\/em><\/strong> \u00bb.<\/p>\n<h3>Michel DELPECH &#8211; Que Marianne \u00e9tait jolie<\/h3>\n<div class=\"youtube-embed\" data-video_id=\"BP-pTgqOTv8\"><iframe loading=\"lazy\" title=\"Que Marianne \u00e9tait jolie - Michel Delpech\" width=\"696\" height=\"522\" src=\"https:\/\/www.youtube.com\/embed\/BP-pTgqOTv8\" frameborder=\"0\" allow=\"accelerometer; autoplay; clipboard-write; encrypted-media; gyroscope; picture-in-picture; web-share\" referrerpolicy=\"strict-origin-when-cross-origin\" allowfullscreen><\/iframe><\/div>\n<p style=\"text-align: justify;\">Un mercredi de <strong>1974<\/strong>, deux ans apr\u00e8s que ce jour ait succ\u00e9d\u00e9 au jeudi comme jour de repos scolaire. Un soleil de printemps ti\u00e9dis l\u2019air ou flotte des fragrances de jacinthes et de Lilas alors en pleine floraison. Le ciel bleu p\u00e2le charrie des nuages blancs \u00e9pars pendant qu\u2019\u00e0 la radio, sur Europe 1 : \u00ab <strong><em>Par-dessus l\u2019\u00e9tang, soudain j\u2019ai vu passer les oies sauva-a-ges \u2026<\/em><\/strong> \u00bb. Tout va bien. Sur le vieux tapis en laine pseudo persane install\u00e9 dans la cours, les petits soldats se m\u00ealent aux poup\u00e9es Tressy, l\u2019a\u00efeul des Barbie. Loin des ann\u00e9es o\u00f9 la mixit\u00e9 boudait le milieu scolaire, filles et gar\u00e7ons profitent ensembles du l\u2019apr\u00e8s-midi. Au go\u00fbter, ils se r\u00e9galeront de BN tremp\u00e9s dans des verres de lait chaud. <strong>Et Michel ? \u2026<\/strong><\/p>\n<h3>Je l&rsquo;attendais<\/h3>\n<div class=\"youtube-embed\" data-video_id=\"B75tP-63lCA\"><iframe loading=\"lazy\" title=\"Michel Delpech   Je l&#039;attendais            1974\" width=\"696\" height=\"392\" src=\"https:\/\/www.youtube.com\/embed\/B75tP-63lCA\" frameborder=\"0\" allow=\"accelerometer; autoplay; clipboard-write; encrypted-media; gyroscope; picture-in-picture; web-share\" referrerpolicy=\"strict-origin-when-cross-origin\" allowfullscreen><\/iframe><\/div>\n<p><strong>D\u00e9sespoir \u2026<\/strong><\/p>\n<h3>Une s\u00e9paration<\/h3>\n<p><a href=\"https:\/\/i0.wp.com\/culturesco.com\/wp-content\/uploads\/2021\/01\/Delpech-45-tours.jpg?ssl=1\"><img data-recalc-dims=\"1\" loading=\"lazy\" decoding=\"async\" class=\"aligncenter  wp-image-13304\" src=\"https:\/\/i0.wp.com\/culturesco.com\/wp-content\/uploads\/2021\/01\/Delpech-45-tours.jpg?resize=392%2C396&#038;ssl=1\" alt=\"Michel Delpech\" width=\"392\" height=\"396\" srcset=\"https:\/\/i0.wp.com\/culturesco.com\/wp-content\/uploads\/2021\/01\/Delpech-45-tours.jpg?resize=297%2C300&amp;ssl=1 297w, https:\/\/i0.wp.com\/culturesco.com\/wp-content\/uploads\/2021\/01\/Delpech-45-tours.jpg?resize=620%2C627&amp;ssl=1 620w, https:\/\/i0.wp.com\/culturesco.com\/wp-content\/uploads\/2021\/01\/Delpech-45-tours.jpg?resize=416%2C420&amp;ssl=1 416w, https:\/\/i0.wp.com\/culturesco.com\/wp-content\/uploads\/2021\/01\/Delpech-45-tours.jpg?resize=600%2C606&amp;ssl=1 600w, https:\/\/i0.wp.com\/culturesco.com\/wp-content\/uploads\/2021\/01\/Delpech-45-tours.jpg?resize=100%2C100&amp;ssl=1 100w, https:\/\/i0.wp.com\/culturesco.com\/wp-content\/uploads\/2021\/01\/Delpech-45-tours.jpg?resize=50%2C50&amp;ssl=1 50w, https:\/\/i0.wp.com\/culturesco.com\/wp-content\/uploads\/2021\/01\/Delpech-45-tours.jpg?w=594&amp;ssl=1 594w\" sizes=\"auto, (max-width: 392px) 100vw, 392px\" \/><\/a><\/p>\n<p style=\"text-align: justify;\"><strong>Michel Delpech<\/strong> parvient \u00e0 <strong>faire rimer le quotidien<\/strong> sur des musiques contemporaines. Lorsque sa vie part \u00e0 vau-l\u2019eau, il se coupe les cheveux, adopte la moustache et <strong>va se ressourcer dans le Loir et Cher<\/strong>. Apr\u00e8s avoir<a href=\"https:\/\/www.youtube.com\/watch?v=5SYWl-LnevY\" target=\"_blank\" rel=\"noopener\"> divorc\u00e9<\/a>, il prend de la hauteur, une prise de recul salvatrice pour ne pas sombrer. Et si toutes ses musiques accrochent l\u2019oreille via les grandes ondes du transistor, c\u2019est que <strong>sa voix sonne telle celle d\u2019un ami de la famille<\/strong>, un \u00ab habitu\u00e9 \u00bb avec lequel on a grandi. Il faut dire que m\u00eame <strong>aux prises avec un syndrome d\u00e9pressif carabin\u00e9<\/strong>, l\u2019artiste parvient \u00e0 <strong>faire sourire son chant<\/strong>, ravivant nos humeurs les plus sombres.<\/p>\n<h3>Michel DELPECH &#8211; Vu d&rsquo;Avion, Un Soir<\/h3>\n<div class=\"youtube-embed\" data-video_id=\"q8oMvQeSmWY\"><iframe loading=\"lazy\" title=\"&quot;Vu d&#039;avion, un soir&quot;, Michel Delpech\" width=\"696\" height=\"392\" src=\"https:\/\/www.youtube.com\/embed\/q8oMvQeSmWY\" frameborder=\"0\" allow=\"accelerometer; autoplay; clipboard-write; encrypted-media; gyroscope; picture-in-picture; web-share\" referrerpolicy=\"strict-origin-when-cross-origin\" allowfullscreen><\/iframe><\/div>\n<p style=\"text-align: justify;\">\u00ab <em>Apr\u00e8s un flirt avec toi sur l<a href=\"https:\/\/www.youtube.com\/watch?v=aLvp3kmSKlw\" target=\"_blank\" rel=\"noopener\">\u2019\u00eele de Wight<\/a>, o\u00f9 tu m\u2019as fait planer, <a href=\"https:\/\/www.youtube.com\/watch?v=MZqWj1riYvM\" target=\"_blank\" rel=\"noopener\">le chasseur<\/a> de l\u2019h\u00f4tel de <a href=\"https:\/\/www.youtube.com\/watch?v=eHdY417coSg\" target=\"_blank\" rel=\"noopener\">Bombay<\/a> \u2026<\/em> \u00bb m\u2019a dit que tu \u00e9tais partie. <strong>C\u2019est l\u2019histoire d\u2019un type qui ne s\u2019est jamais remis d\u2019une s\u00e9paration<\/strong> et qui ne doit sa survie qu\u2019\u00e0 la chanson. Quatre puis cinq ans s\u2019\u00e9coulent entre deux albums mais il reste <strong>toujours pr\u00e9sent dans la pens\u00e9e collective<\/strong> des amateurs de vari\u00e9t\u00e9 et \u2026 des autres. M\u00eame les convertis au rock, les adeptes des silex fracass\u00e9s au sortir des amplis gardent de l\u2019affection pour <strong>un chanteur qu\u2019on ne peut intentionnellement d\u00e9nigrer.<\/strong> Qu\u2019est-ce qui, au sein d\u2019une m\u00e9lodie, l\u2019ancre syst\u00e9matiquement au noyau accumbens, au cortex pr\u00e9frontal, aux synapses dopaminergiques, si\u00e8ges du plaisir ? Ne pas chercher, <strong>juste \u00e9couter \u2026<\/strong><\/p>\n<h3>Tu me Fais Planer<\/h3>\n<div class=\"youtube-embed\" data-video_id=\"ATjxaMYIBZc\"><iframe loading=\"lazy\" title=\"Tu me fais planer - Michel Delpech\" width=\"696\" height=\"522\" src=\"https:\/\/www.youtube.com\/embed\/ATjxaMYIBZc\" frameborder=\"0\" allow=\"accelerometer; autoplay; clipboard-write; encrypted-media; gyroscope; picture-in-picture; web-share\" referrerpolicy=\"strict-origin-when-cross-origin\" allowfullscreen><\/iframe><\/div>\n<h3>Il \u00e9tait chanteur<\/h3>\n<p><a href=\"https:\/\/i0.wp.com\/culturesco.com\/wp-content\/uploads\/2021\/01\/Michel-Delpech-45-tours-2.jpg?ssl=1\"><img data-recalc-dims=\"1\" loading=\"lazy\" decoding=\"async\" class=\"aligncenter  wp-image-13305\" src=\"https:\/\/i0.wp.com\/culturesco.com\/wp-content\/uploads\/2021\/01\/Michel-Delpech-45-tours-2.jpg?resize=420%2C420&#038;ssl=1\" alt=\"Michel Delpech\" width=\"420\" height=\"420\" srcset=\"https:\/\/i0.wp.com\/culturesco.com\/wp-content\/uploads\/2021\/01\/Michel-Delpech-45-tours-2.jpg?resize=300%2C300&amp;ssl=1 300w, https:\/\/i0.wp.com\/culturesco.com\/wp-content\/uploads\/2021\/01\/Michel-Delpech-45-tours-2.jpg?resize=629%2C627&amp;ssl=1 629w, https:\/\/i0.wp.com\/culturesco.com\/wp-content\/uploads\/2021\/01\/Michel-Delpech-45-tours-2.jpg?resize=150%2C150&amp;ssl=1 150w, https:\/\/i0.wp.com\/culturesco.com\/wp-content\/uploads\/2021\/01\/Michel-Delpech-45-tours-2.jpg?resize=421%2C420&amp;ssl=1 421w, https:\/\/i0.wp.com\/culturesco.com\/wp-content\/uploads\/2021\/01\/Michel-Delpech-45-tours-2.jpg?w=600&amp;ssl=1 600w, https:\/\/i0.wp.com\/culturesco.com\/wp-content\/uploads\/2021\/01\/Michel-Delpech-45-tours-2.jpg?resize=100%2C100&amp;ssl=1 100w, https:\/\/i0.wp.com\/culturesco.com\/wp-content\/uploads\/2021\/01\/Michel-Delpech-45-tours-2.jpg?resize=50%2C50&amp;ssl=1 50w\" sizes=\"auto, (max-width: 420px) 100vw, 420px\" \/><\/a><\/p>\n<p style=\"text-align: justify;\">Hormis le pr\u00e9nom, quel rapport existe-t-il entre <a href=\"https:\/\/www.youtube.com\/watch?v=rd6ufpAOt1E\" target=\"_blank\" rel=\"noopener\">Michel Fugain<\/a>, <a href=\"https:\/\/www.youtube.com\/watch?v=9z5fF6xyick\" target=\"_blank\" rel=\"noopener\">Michel Polnareff<\/a>, <a href=\"https:\/\/www.youtube.com\/watch?v=1NuDoNj6EaA\" target=\"_blank\" rel=\"noopener\">Michel Jonasz<\/a> et <strong>Michel Delpech<\/strong> ? Une certaine approche de la musique ? <strong>Le choix des mots, des notes et l\u2019alchimie qui les unis<\/strong> ? L\u2019\u00e9trange sensation du \u00ab d\u00e9j\u00e0-vu \u00bb, en l\u2019occurrence, du \u00ab d\u00e9j\u00e0-entendu \u00bb ?<\/p>\n<h3>Michel DELPECH &#8211; Le Loir et Cher<\/h3>\n<div class=\"youtube-embed\" data-video_id=\"c9qfHe7Fy0c\"><iframe loading=\"lazy\" title=\"Michel Delpech - Le Loir-et-Cher (Audio Officiel)\" width=\"696\" height=\"392\" src=\"https:\/\/www.youtube.com\/embed\/c9qfHe7Fy0c\" frameborder=\"0\" allow=\"accelerometer; autoplay; clipboard-write; encrypted-media; gyroscope; picture-in-picture; web-share\" referrerpolicy=\"strict-origin-when-cross-origin\" allowfullscreen><\/iframe><\/div>\n<p style=\"text-align: justify;\">Lorsqu\u2019une chanson a le pouvoir de s\u00e9duire l\u2019auditeur d\u00e8s son premier passage radio, c\u2019est qu\u2019elle poss\u00e8de un \u00ab truc \u00bb qui shunte la raison. Tr\u00e8s souvent, ces titres-l\u00e0 sont sans lendemain. Par chance, notre carr\u00e9 \u00ab michelis\u00e9 \u00bb n\u2019a jamais connu ce bonheur mais bien plut\u00f4t celui d\u2019<strong>en avoir bav\u00e9 avant d\u2019avoir exist\u00e9<\/strong>. En cela, <strong>Michel Delpech est un ouvrier de la chanson fran\u00e7aise.<\/strong><\/p>\n<h3>Pour un Flirt<\/h3>\n<p>https:\/\/www.youtube.com\/watch?v=Rc90o31VKyk<\/p>\n<p style=\"text-align: justify;\">Alors, m\u00eame s\u2019il n\u2019apprendra jamais \u00e0 la mort de <a href=\"https:\/\/www.youtube.com\/watch?v=B-2MenrnR2U\" target=\"_blank\" rel=\"noopener\">Mick Jagger<\/a>, s\u2019il ne f\u00eatera jamais les adieux de <a href=\"https:\/\/www.youtube.com\/watch?v=NTz0F2Xy3FE\" target=\"_blank\" rel=\"noopener\">Sylvie Vartan<\/a>, s\u2019il n\u2019atteindra jamais les soixante-treize ans, <strong>il nous fait toujours entendre des choses qu\u2019on aime et il distrait nos vies.<\/strong><\/p>\n<h3>Michel DELPECH &#8211; Quand j&rsquo;\u00e9tais Chanteur<\/h3>\n<div class=\"youtube-embed\" data-video_id=\"CF73poFHDzg\"><iframe loading=\"lazy\" title=\"quand j&#039;\u00e9tais chanteur ,Michel Delpech\" width=\"696\" height=\"392\" src=\"https:\/\/www.youtube.com\/embed\/CF73poFHDzg\" frameborder=\"0\" allow=\"accelerometer; autoplay; clipboard-write; encrypted-media; gyroscope; picture-in-picture; web-share\" referrerpolicy=\"strict-origin-when-cross-origin\" allowfullscreen><\/iframe><\/div>\n<p style=\"text-align: justify;\">Michel Delpech : des CD \u2026 mais <strong>des disques \u00ab incontournablement \u00bb vivants<\/strong>.<\/p>\n<p>Thierry Dauge<\/p>\n","protected":false},"excerpt":{"rendered":"<p>Michel DELPECH &#8211; Quand J&rsquo;\u00e9tais Chanteur Dans les 70\u2019s, Michel Delpech aligne les tubes chez le disquaire comme le boulanger les petits pains au chocolat dans sa vitrine. En 2020, il t\u00e9moigne sur cette formidable r\u00e9ussite depuis le Paradis : \u00ab Quand j\u2019\u00e9tais chanteur \u2026 \u00bb. Pour toutes celles et ceux qui sont n\u00e9s au [&hellip;]<\/p>\n","protected":false},"author":3,"featured_media":13306,"comment_status":"open","ping_status":"open","sticky":false,"template":"","format":"image","meta":{"jetpack_post_was_ever_published":false,"tdm_status":"","tdm_grid_status":"","_jetpack_newsletter_access":"","_jetpack_dont_email_post_to_subs":false,"_jetpack_newsletter_tier_id":0,"_jetpack_memberships_contains_paywalled_content":false,"_jetpack_memberships_contains_paid_content":false,"footnotes":""},"categories":[17],"tags":[40,12104],"class_list":{"0":"post-13297","1":"post","2":"type-post","3":"status-publish","4":"format-image","5":"has-post-thumbnail","7":"category-carotte-rock-cultures","8":"tag-chanson-francaise","9":"tag-hommage","10":"post_format-post-format-image"},"yoast_head":"<!-- This site is optimized with the Yoast SEO plugin v27.5 - https:\/\/yoast.com\/product\/yoast-seo-wordpress\/ -->\n<title>Michel DELPECH - Quand J&#039;\u00e9tais Chanteur - Culturesco En Fran\u00e7ais<\/title>\n<meta name=\"description\" content=\"CulturesCo | Michel Delpech, le plus aim\u00e9 des chanteurs fran\u00e7ais : Wight is Wight, le Loir et Cher, Quand j&#039;\u00e9tais Chanteur, Pour un Flirt\" \/>\n<meta name=\"robots\" content=\"index, follow, max-snippet:-1, max-image-preview:large, max-video-preview:-1\" \/>\n<link rel=\"canonical\" href=\"https:\/\/culturesco.com\/index.php\/2021\/01\/25\/michel-delpech-quand-jetais-chanteur-le-loir-et-cher-wight-is-wight\/\" \/>\n<meta property=\"og:locale\" content=\"fr_FR\" \/>\n<meta property=\"og:type\" content=\"article\" \/>\n<meta property=\"og:title\" content=\"Michel DELPECH - Quand J&#039;\u00e9tais Chanteur - Culturesco En Fran\u00e7ais\" \/>\n<meta property=\"og:description\" content=\"CulturesCo | Michel Delpech, le plus aim\u00e9 des chanteurs fran\u00e7ais : Wight is Wight, le Loir et Cher, Quand j&#039;\u00e9tais Chanteur, Pour un Flirt\" \/>\n<meta property=\"og:url\" content=\"https:\/\/culturesco.com\/index.php\/2021\/01\/25\/michel-delpech-quand-jetais-chanteur-le-loir-et-cher-wight-is-wight\/\" \/>\n<meta property=\"og:site_name\" content=\"Culturesco\" \/>\n<meta property=\"article:publisher\" content=\"https:\/\/www.facebook.com\/radioculturesco\" \/>\n<meta property=\"article:published_time\" content=\"2021-01-25T21:03:38+00:00\" \/>\n<meta property=\"og:image\" content=\"https:\/\/i1.wp.com\/culturesco.com\/wp-content\/uploads\/2021\/01\/Michel-Delpech-Front.jpg?fit=600%2C350&ssl=1\" \/>\n\t<meta property=\"og:image:width\" content=\"600\" \/>\n\t<meta property=\"og:image:height\" content=\"350\" \/>\n\t<meta property=\"og:image:type\" content=\"image\/jpeg\" \/>\n<meta name=\"author\" content=\"Thierry Dauge\" \/>\n<meta name=\"twitter:card\" content=\"summary_large_image\" \/>\n<meta name=\"twitter:creator\" content=\"@AugusteMarshal\" \/>\n<meta name=\"twitter:site\" content=\"@AugusteMarshal\" \/>\n<meta name=\"twitter:label1\" content=\"\u00c9crit par\" \/>\n\t<meta name=\"twitter:data1\" content=\"Thierry Dauge\" \/>\n\t<meta name=\"twitter:label2\" content=\"Dur\u00e9e de lecture estim\u00e9e\" \/>\n\t<meta name=\"twitter:data2\" content=\"4 minutes\" \/>\n<script type=\"application\/ld+json\" class=\"yoast-schema-graph\">{\"@context\":\"https:\\\/\\\/schema.org\",\"@graph\":[{\"@type\":\"Article\",\"@id\":\"https:\\\/\\\/culturesco.com\\\/index.php\\\/2021\\\/01\\\/25\\\/michel-delpech-quand-jetais-chanteur-le-loir-et-cher-wight-is-wight\\\/#article\",\"isPartOf\":{\"@id\":\"https:\\\/\\\/culturesco.com\\\/index.php\\\/2021\\\/01\\\/25\\\/michel-delpech-quand-jetais-chanteur-le-loir-et-cher-wight-is-wight\\\/\"},\"author\":{\"name\":\"Thierry Dauge\",\"@id\":\"https:\\\/\\\/culturesco.com\\\/#\\\/schema\\\/person\\\/19f04cf232d246197f6e7d62abe6cb0e\"},\"headline\":\"Michel DELPECH &#8211; Quand J&rsquo;\u00e9tais Chanteur\",\"datePublished\":\"2021-01-25T21:03:38+00:00\",\"mainEntityOfPage\":{\"@id\":\"https:\\\/\\\/culturesco.com\\\/index.php\\\/2021\\\/01\\\/25\\\/michel-delpech-quand-jetais-chanteur-le-loir-et-cher-wight-is-wight\\\/\"},\"wordCount\":815,\"commentCount\":0,\"publisher\":{\"@id\":\"https:\\\/\\\/culturesco.com\\\/#organization\"},\"image\":{\"@id\":\"https:\\\/\\\/culturesco.com\\\/index.php\\\/2021\\\/01\\\/25\\\/michel-delpech-quand-jetais-chanteur-le-loir-et-cher-wight-is-wight\\\/#primaryimage\"},\"thumbnailUrl\":\"https:\\\/\\\/i0.wp.com\\\/culturesco.com\\\/wp-content\\\/uploads\\\/2021\\\/01\\\/Michel-Delpech-Front.jpg?fit=600%2C350&ssl=1\",\"keywords\":[\"chanson fran\u00e7aise\",\"Hommage\"],\"articleSection\":[\"Carotte Rock Cultures\"],\"inLanguage\":\"fr-FR\",\"potentialAction\":[{\"@type\":\"CommentAction\",\"name\":\"Comment\",\"target\":[\"https:\\\/\\\/culturesco.com\\\/index.php\\\/2021\\\/01\\\/25\\\/michel-delpech-quand-jetais-chanteur-le-loir-et-cher-wight-is-wight\\\/#respond\"]}]},{\"@type\":\"WebPage\",\"@id\":\"https:\\\/\\\/culturesco.com\\\/index.php\\\/2021\\\/01\\\/25\\\/michel-delpech-quand-jetais-chanteur-le-loir-et-cher-wight-is-wight\\\/\",\"url\":\"https:\\\/\\\/culturesco.com\\\/index.php\\\/2021\\\/01\\\/25\\\/michel-delpech-quand-jetais-chanteur-le-loir-et-cher-wight-is-wight\\\/\",\"name\":\"Michel DELPECH - Quand J'\u00e9tais Chanteur - Culturesco En Fran\u00e7ais\",\"isPartOf\":{\"@id\":\"https:\\\/\\\/culturesco.com\\\/#website\"},\"primaryImageOfPage\":{\"@id\":\"https:\\\/\\\/culturesco.com\\\/index.php\\\/2021\\\/01\\\/25\\\/michel-delpech-quand-jetais-chanteur-le-loir-et-cher-wight-is-wight\\\/#primaryimage\"},\"image\":{\"@id\":\"https:\\\/\\\/culturesco.com\\\/index.php\\\/2021\\\/01\\\/25\\\/michel-delpech-quand-jetais-chanteur-le-loir-et-cher-wight-is-wight\\\/#primaryimage\"},\"thumbnailUrl\":\"https:\\\/\\\/i0.wp.com\\\/culturesco.com\\\/wp-content\\\/uploads\\\/2021\\\/01\\\/Michel-Delpech-Front.jpg?fit=600%2C350&ssl=1\",\"datePublished\":\"2021-01-25T21:03:38+00:00\",\"description\":\"CulturesCo | Michel Delpech, le plus aim\u00e9 des chanteurs fran\u00e7ais : Wight is Wight, le Loir et Cher, Quand j'\u00e9tais Chanteur, Pour un Flirt\",\"breadcrumb\":{\"@id\":\"https:\\\/\\\/culturesco.com\\\/index.php\\\/2021\\\/01\\\/25\\\/michel-delpech-quand-jetais-chanteur-le-loir-et-cher-wight-is-wight\\\/#breadcrumb\"},\"inLanguage\":\"fr-FR\",\"potentialAction\":[{\"@type\":\"ReadAction\",\"target\":[\"https:\\\/\\\/culturesco.com\\\/index.php\\\/2021\\\/01\\\/25\\\/michel-delpech-quand-jetais-chanteur-le-loir-et-cher-wight-is-wight\\\/\"]}]},{\"@type\":\"ImageObject\",\"inLanguage\":\"fr-FR\",\"@id\":\"https:\\\/\\\/culturesco.com\\\/index.php\\\/2021\\\/01\\\/25\\\/michel-delpech-quand-jetais-chanteur-le-loir-et-cher-wight-is-wight\\\/#primaryimage\",\"url\":\"https:\\\/\\\/i0.wp.com\\\/culturesco.com\\\/wp-content\\\/uploads\\\/2021\\\/01\\\/Michel-Delpech-Front.jpg?fit=600%2C350&ssl=1\",\"contentUrl\":\"https:\\\/\\\/i0.wp.com\\\/culturesco.com\\\/wp-content\\\/uploads\\\/2021\\\/01\\\/Michel-Delpech-Front.jpg?fit=600%2C350&ssl=1\",\"width\":600,\"height\":350},{\"@type\":\"BreadcrumbList\",\"@id\":\"https:\\\/\\\/culturesco.com\\\/index.php\\\/2021\\\/01\\\/25\\\/michel-delpech-quand-jetais-chanteur-le-loir-et-cher-wight-is-wight\\\/#breadcrumb\",\"itemListElement\":[{\"@type\":\"ListItem\",\"position\":1,\"name\":\"Accueil\",\"item\":\"https:\\\/\\\/culturesco.com\\\/\"},{\"@type\":\"ListItem\",\"position\":2,\"name\":\"Michel DELPECH &#8211; Quand J&rsquo;\u00e9tais Chanteur\"}]},{\"@type\":\"WebSite\",\"@id\":\"https:\\\/\\\/culturesco.com\\\/#website\",\"url\":\"https:\\\/\\\/culturesco.com\\\/\",\"name\":\"Culturesco\",\"description\":\"Culturesco | Un bon coup de pied dans ta Culture\",\"publisher\":{\"@id\":\"https:\\\/\\\/culturesco.com\\\/#organization\"},\"potentialAction\":[{\"@type\":\"SearchAction\",\"target\":{\"@type\":\"EntryPoint\",\"urlTemplate\":\"https:\\\/\\\/culturesco.com\\\/?s={search_term_string}\"},\"query-input\":{\"@type\":\"PropertyValueSpecification\",\"valueRequired\":true,\"valueName\":\"search_term_string\"}}],\"inLanguage\":\"fr-FR\"},{\"@type\":\"Organization\",\"@id\":\"https:\\\/\\\/culturesco.com\\\/#organization\",\"name\":\"CULTURESCO\",\"url\":\"https:\\\/\\\/culturesco.com\\\/\",\"logo\":{\"@type\":\"ImageObject\",\"inLanguage\":\"fr-FR\",\"@id\":\"https:\\\/\\\/culturesco.com\\\/#\\\/schema\\\/logo\\\/image\\\/\",\"url\":\"https:\\\/\\\/i0.wp.com\\\/culturesco.com\\\/wp-content\\\/uploads\\\/2022\\\/04\\\/culturesco-logo-blanc250p.png?fit=250%2C250&ssl=1\",\"contentUrl\":\"https:\\\/\\\/i0.wp.com\\\/culturesco.com\\\/wp-content\\\/uploads\\\/2022\\\/04\\\/culturesco-logo-blanc250p.png?fit=250%2C250&ssl=1\",\"width\":250,\"height\":250,\"caption\":\"CULTURESCO\"},\"image\":{\"@id\":\"https:\\\/\\\/culturesco.com\\\/#\\\/schema\\\/logo\\\/image\\\/\"},\"sameAs\":[\"https:\\\/\\\/www.facebook.com\\\/radioculturesco\",\"https:\\\/\\\/x.com\\\/AugusteMarshal\",\"https:\\\/\\\/www.instagram.com\\\/carotte_rock_culture\\\/\",\"https:\\\/\\\/www.pinterest.fr\\\/augustemarshal\\\/\",\"https:\\\/\\\/www.youtube.com\\\/channel\\\/UCiWLGffqWSXlNnfzp6YwwyQ\"]},{\"@type\":\"Person\",\"@id\":\"https:\\\/\\\/culturesco.com\\\/#\\\/schema\\\/person\\\/19f04cf232d246197f6e7d62abe6cb0e\",\"name\":\"Thierry Dauge\",\"image\":{\"@type\":\"ImageObject\",\"inLanguage\":\"fr-FR\",\"@id\":\"https:\\\/\\\/i0.wp.com\\\/culturesco.com\\\/wp-content\\\/uploads\\\/2018\\\/12\\\/Black-Beauty-and-me.jpg?fit=96%2C96&ssl=1\",\"url\":\"https:\\\/\\\/i0.wp.com\\\/culturesco.com\\\/wp-content\\\/uploads\\\/2018\\\/12\\\/Black-Beauty-and-me.jpg?fit=96%2C96&ssl=1\",\"contentUrl\":\"https:\\\/\\\/i0.wp.com\\\/culturesco.com\\\/wp-content\\\/uploads\\\/2018\\\/12\\\/Black-Beauty-and-me.jpg?fit=96%2C96&ssl=1\",\"caption\":\"Thierry Dauge\"},\"description\":\"Amoureux des 70\u2019s et du hard rock en particulier, Thierry Dauge est chroniqueur sur Culturesco par amour de l\u2019\u00e9criture musicale. Co-auteur du livre\\\"Pop rock - Les instruments de l'ombre\\\" aux \u00e9ditions du Camion Blanc, collaborateur de Vivi pour \\\"Mes Ann\u00e9es Trust\\\", auteur de \\\"Sparks\\\" aux \u00e9ditions du Layeur, parce que le rock est loin d'\u00eatre mort ...\",\"url\":\"https:\\\/\\\/culturesco.com\\\/index.php\\\/author\\\/thierry-dauge888\\\/\"}]}<\/script>\n<!-- \/ Yoast SEO plugin. -->","yoast_head_json":{"title":"Michel DELPECH - Quand J'\u00e9tais Chanteur - Culturesco En Fran\u00e7ais","description":"CulturesCo | Michel Delpech, le plus aim\u00e9 des chanteurs fran\u00e7ais : Wight is Wight, le Loir et Cher, Quand j'\u00e9tais Chanteur, Pour un Flirt","robots":{"index":"index","follow":"follow","max-snippet":"max-snippet:-1","max-image-preview":"max-image-preview:large","max-video-preview":"max-video-preview:-1"},"canonical":"https:\/\/culturesco.com\/index.php\/2021\/01\/25\/michel-delpech-quand-jetais-chanteur-le-loir-et-cher-wight-is-wight\/","og_locale":"fr_FR","og_type":"article","og_title":"Michel DELPECH - Quand J'\u00e9tais Chanteur - Culturesco En Fran\u00e7ais","og_description":"CulturesCo | Michel Delpech, le plus aim\u00e9 des chanteurs fran\u00e7ais : Wight is Wight, le Loir et Cher, Quand j'\u00e9tais Chanteur, Pour un Flirt","og_url":"https:\/\/culturesco.com\/index.php\/2021\/01\/25\/michel-delpech-quand-jetais-chanteur-le-loir-et-cher-wight-is-wight\/","og_site_name":"Culturesco","article_publisher":"https:\/\/www.facebook.com\/radioculturesco","article_published_time":"2021-01-25T21:03:38+00:00","og_image":[{"width":600,"height":350,"url":"https:\/\/i1.wp.com\/culturesco.com\/wp-content\/uploads\/2021\/01\/Michel-Delpech-Front.jpg?fit=600%2C350&ssl=1","type":"image\/jpeg"}],"author":"Thierry Dauge","twitter_card":"summary_large_image","twitter_creator":"@AugusteMarshal","twitter_site":"@AugusteMarshal","twitter_misc":{"\u00c9crit par":"Thierry Dauge","Dur\u00e9e de lecture estim\u00e9e":"4 minutes"},"schema":{"@context":"https:\/\/schema.org","@graph":[{"@type":"Article","@id":"https:\/\/culturesco.com\/index.php\/2021\/01\/25\/michel-delpech-quand-jetais-chanteur-le-loir-et-cher-wight-is-wight\/#article","isPartOf":{"@id":"https:\/\/culturesco.com\/index.php\/2021\/01\/25\/michel-delpech-quand-jetais-chanteur-le-loir-et-cher-wight-is-wight\/"},"author":{"name":"Thierry Dauge","@id":"https:\/\/culturesco.com\/#\/schema\/person\/19f04cf232d246197f6e7d62abe6cb0e"},"headline":"Michel DELPECH &#8211; Quand J&rsquo;\u00e9tais Chanteur","datePublished":"2021-01-25T21:03:38+00:00","mainEntityOfPage":{"@id":"https:\/\/culturesco.com\/index.php\/2021\/01\/25\/michel-delpech-quand-jetais-chanteur-le-loir-et-cher-wight-is-wight\/"},"wordCount":815,"commentCount":0,"publisher":{"@id":"https:\/\/culturesco.com\/#organization"},"image":{"@id":"https:\/\/culturesco.com\/index.php\/2021\/01\/25\/michel-delpech-quand-jetais-chanteur-le-loir-et-cher-wight-is-wight\/#primaryimage"},"thumbnailUrl":"https:\/\/i0.wp.com\/culturesco.com\/wp-content\/uploads\/2021\/01\/Michel-Delpech-Front.jpg?fit=600%2C350&ssl=1","keywords":["chanson fran\u00e7aise","Hommage"],"articleSection":["Carotte Rock Cultures"],"inLanguage":"fr-FR","potentialAction":[{"@type":"CommentAction","name":"Comment","target":["https:\/\/culturesco.com\/index.php\/2021\/01\/25\/michel-delpech-quand-jetais-chanteur-le-loir-et-cher-wight-is-wight\/#respond"]}]},{"@type":"WebPage","@id":"https:\/\/culturesco.com\/index.php\/2021\/01\/25\/michel-delpech-quand-jetais-chanteur-le-loir-et-cher-wight-is-wight\/","url":"https:\/\/culturesco.com\/index.php\/2021\/01\/25\/michel-delpech-quand-jetais-chanteur-le-loir-et-cher-wight-is-wight\/","name":"Michel DELPECH - Quand J'\u00e9tais Chanteur - Culturesco En Fran\u00e7ais","isPartOf":{"@id":"https:\/\/culturesco.com\/#website"},"primaryImageOfPage":{"@id":"https:\/\/culturesco.com\/index.php\/2021\/01\/25\/michel-delpech-quand-jetais-chanteur-le-loir-et-cher-wight-is-wight\/#primaryimage"},"image":{"@id":"https:\/\/culturesco.com\/index.php\/2021\/01\/25\/michel-delpech-quand-jetais-chanteur-le-loir-et-cher-wight-is-wight\/#primaryimage"},"thumbnailUrl":"https:\/\/i0.wp.com\/culturesco.com\/wp-content\/uploads\/2021\/01\/Michel-Delpech-Front.jpg?fit=600%2C350&ssl=1","datePublished":"2021-01-25T21:03:38+00:00","description":"CulturesCo | Michel Delpech, le plus aim\u00e9 des chanteurs fran\u00e7ais : Wight is Wight, le Loir et Cher, Quand j'\u00e9tais Chanteur, Pour un Flirt","breadcrumb":{"@id":"https:\/\/culturesco.com\/index.php\/2021\/01\/25\/michel-delpech-quand-jetais-chanteur-le-loir-et-cher-wight-is-wight\/#breadcrumb"},"inLanguage":"fr-FR","potentialAction":[{"@type":"ReadAction","target":["https:\/\/culturesco.com\/index.php\/2021\/01\/25\/michel-delpech-quand-jetais-chanteur-le-loir-et-cher-wight-is-wight\/"]}]},{"@type":"ImageObject","inLanguage":"fr-FR","@id":"https:\/\/culturesco.com\/index.php\/2021\/01\/25\/michel-delpech-quand-jetais-chanteur-le-loir-et-cher-wight-is-wight\/#primaryimage","url":"https:\/\/i0.wp.com\/culturesco.com\/wp-content\/uploads\/2021\/01\/Michel-Delpech-Front.jpg?fit=600%2C350&ssl=1","contentUrl":"https:\/\/i0.wp.com\/culturesco.com\/wp-content\/uploads\/2021\/01\/Michel-Delpech-Front.jpg?fit=600%2C350&ssl=1","width":600,"height":350},{"@type":"BreadcrumbList","@id":"https:\/\/culturesco.com\/index.php\/2021\/01\/25\/michel-delpech-quand-jetais-chanteur-le-loir-et-cher-wight-is-wight\/#breadcrumb","itemListElement":[{"@type":"ListItem","position":1,"name":"Accueil","item":"https:\/\/culturesco.com\/"},{"@type":"ListItem","position":2,"name":"Michel DELPECH &#8211; Quand J&rsquo;\u00e9tais Chanteur"}]},{"@type":"WebSite","@id":"https:\/\/culturesco.com\/#website","url":"https:\/\/culturesco.com\/","name":"Culturesco","description":"Culturesco | Un bon coup de pied dans ta Culture","publisher":{"@id":"https:\/\/culturesco.com\/#organization"},"potentialAction":[{"@type":"SearchAction","target":{"@type":"EntryPoint","urlTemplate":"https:\/\/culturesco.com\/?s={search_term_string}"},"query-input":{"@type":"PropertyValueSpecification","valueRequired":true,"valueName":"search_term_string"}}],"inLanguage":"fr-FR"},{"@type":"Organization","@id":"https:\/\/culturesco.com\/#organization","name":"CULTURESCO","url":"https:\/\/culturesco.com\/","logo":{"@type":"ImageObject","inLanguage":"fr-FR","@id":"https:\/\/culturesco.com\/#\/schema\/logo\/image\/","url":"https:\/\/i0.wp.com\/culturesco.com\/wp-content\/uploads\/2022\/04\/culturesco-logo-blanc250p.png?fit=250%2C250&ssl=1","contentUrl":"https:\/\/i0.wp.com\/culturesco.com\/wp-content\/uploads\/2022\/04\/culturesco-logo-blanc250p.png?fit=250%2C250&ssl=1","width":250,"height":250,"caption":"CULTURESCO"},"image":{"@id":"https:\/\/culturesco.com\/#\/schema\/logo\/image\/"},"sameAs":["https:\/\/www.facebook.com\/radioculturesco","https:\/\/x.com\/AugusteMarshal","https:\/\/www.instagram.com\/carotte_rock_culture\/","https:\/\/www.pinterest.fr\/augustemarshal\/","https:\/\/www.youtube.com\/channel\/UCiWLGffqWSXlNnfzp6YwwyQ"]},{"@type":"Person","@id":"https:\/\/culturesco.com\/#\/schema\/person\/19f04cf232d246197f6e7d62abe6cb0e","name":"Thierry Dauge","image":{"@type":"ImageObject","inLanguage":"fr-FR","@id":"https:\/\/i0.wp.com\/culturesco.com\/wp-content\/uploads\/2018\/12\/Black-Beauty-and-me.jpg?fit=96%2C96&ssl=1","url":"https:\/\/i0.wp.com\/culturesco.com\/wp-content\/uploads\/2018\/12\/Black-Beauty-and-me.jpg?fit=96%2C96&ssl=1","contentUrl":"https:\/\/i0.wp.com\/culturesco.com\/wp-content\/uploads\/2018\/12\/Black-Beauty-and-me.jpg?fit=96%2C96&ssl=1","caption":"Thierry Dauge"},"description":"Amoureux des 70\u2019s et du hard rock en particulier, Thierry Dauge est chroniqueur sur Culturesco par amour de l\u2019\u00e9criture musicale. Co-auteur du livre\"Pop rock - Les instruments de l'ombre\" aux \u00e9ditions du Camion Blanc, collaborateur de Vivi pour \"Mes Ann\u00e9es Trust\", auteur de \"Sparks\" aux \u00e9ditions du Layeur, parce que le rock est loin d'\u00eatre mort ...","url":"https:\/\/culturesco.com\/index.php\/author\/thierry-dauge888\/"}]}},"jetpack_featured_media_url":"https:\/\/i0.wp.com\/culturesco.com\/wp-content\/uploads\/2021\/01\/Michel-Delpech-Front.jpg?fit=600%2C350&ssl=1","jetpack_likes_enabled":true,"jetpack_sharing_enabled":true,"jetpack_shortlink":"https:\/\/wp.me\/paz89I-3st","_links":{"self":[{"href":"https:\/\/culturesco.com\/index.php\/wp-json\/wp\/v2\/posts\/13297","targetHints":{"allow":["GET"]}}],"collection":[{"href":"https:\/\/culturesco.com\/index.php\/wp-json\/wp\/v2\/posts"}],"about":[{"href":"https:\/\/culturesco.com\/index.php\/wp-json\/wp\/v2\/types\/post"}],"author":[{"embeddable":true,"href":"https:\/\/culturesco.com\/index.php\/wp-json\/wp\/v2\/users\/3"}],"replies":[{"embeddable":true,"href":"https:\/\/culturesco.com\/index.php\/wp-json\/wp\/v2\/comments?post=13297"}],"version-history":[{"count":0,"href":"https:\/\/culturesco.com\/index.php\/wp-json\/wp\/v2\/posts\/13297\/revisions"}],"wp:featuredmedia":[{"embeddable":true,"href":"https:\/\/culturesco.com\/index.php\/wp-json\/wp\/v2\/media\/13306"}],"wp:attachment":[{"href":"https:\/\/culturesco.com\/index.php\/wp-json\/wp\/v2\/media?parent=13297"}],"wp:term":[{"taxonomy":"category","embeddable":true,"href":"https:\/\/culturesco.com\/index.php\/wp-json\/wp\/v2\/categories?post=13297"},{"taxonomy":"post_tag","embeddable":true,"href":"https:\/\/culturesco.com\/index.php\/wp-json\/wp\/v2\/tags?post=13297"}],"curies":[{"name":"wp","href":"https:\/\/api.w.org\/{rel}","templated":true}]}}