{"id":13280,"date":"2021-01-24T02:39:22","date_gmt":"2021-01-24T01:39:22","guid":{"rendered":"https:\/\/culturesco.com\/?p=13280"},"modified":"2021-01-24T23:27:42","modified_gmt":"2021-01-24T22:27:42","slug":"michel-cloup-duo-et-pascal-bouaziz-a-la-ligne-chansons-dusine","status":"publish","type":"post","link":"https:\/\/culturesco.com\/index.php\/2021\/01\/24\/michel-cloup-duo-et-pascal-bouaziz-a-la-ligne-chansons-dusine\/","title":{"rendered":"Michel Cloup Duo et Pascal Bouaziz &#8211; A La Ligne &#8211; Chansons d\u2019Usine"},"content":{"rendered":"<h2 style=\"text-align: justify;\">Du Roman Au Rock<\/h2>\n<figure id=\"attachment_13281\" aria-describedby=\"caption-attachment-13281\" style=\"width: 300px\" class=\"wp-caption aligncenter\"><a href=\"https:\/\/i0.wp.com\/culturesco.com\/wp-content\/uploads\/2021\/01\/Michel-Cloup....jpeg?ssl=1\"><img data-recalc-dims=\"1\" loading=\"lazy\" decoding=\"async\" class=\"size-medium wp-image-13281\" src=\"https:\/\/i0.wp.com\/culturesco.com\/wp-content\/uploads\/2021\/01\/Michel-Cloup....jpeg?resize=300%2C262&#038;ssl=1\" alt=\"Michel Cloup Duo &amp; Pascal Bouaziz - A La Ligne - Chansons d'Usine\" width=\"300\" height=\"262\" srcset=\"https:\/\/i0.wp.com\/culturesco.com\/wp-content\/uploads\/2021\/01\/Michel-Cloup....jpeg?resize=300%2C262&amp;ssl=1 300w, https:\/\/i0.wp.com\/culturesco.com\/wp-content\/uploads\/2021\/01\/Michel-Cloup....jpeg?w=407&amp;ssl=1 407w\" sizes=\"auto, (max-width: 300px) 100vw, 300px\" \/><\/a><figcaption id=\"caption-attachment-13281\" class=\"wp-caption-text\">Michel Cloup Duo &amp; Pascal Bouaziz &#8211; A La Ligne &#8211; Chansons d&rsquo;Usine<\/figcaption><\/figure>\n<h3 style=\"text-align: justify;\">Une adaptation r\u00e9ussie en tout point<\/h3>\n<p style=\"text-align: justify;\"><strong>\u00ab\u00a0C\u2019est fantastique tout ce qu\u2019on peut supporter\u00a0\u00bb<\/strong>. C\u2019est ainsi que d\u00e9bute \u00e0 l\u2019infini l&rsquo;\u00e9tonnant et bouleversant album qui ne verse pas dans la dentelle.<\/p>\n<p style=\"text-align: justify;\">Il faut expliquer. D\u2019abord il y a un premier roman sorti en janvier 2019, \u00e9crit par <strong>Joseph Ponthus<\/strong>, intitul\u00e9 <strong><em>A La Ligne \u2013 Feuillets d\u2019Usine<\/em><\/strong>, qui d\u00e9crit les conditions de vie de ceux qui n\u2019ont qu\u2019une vie r\u00e9p\u00e9titive, d\u00e9pourvue d\u2019humanit\u00e9 et sans but. Ainsi les hommes et femmes qui travaillent comme p\u00eacheurs ou dans des abattoirs. L\u2019\u00e9criture est serr\u00e9e, sans respiration, sans ponctuation. Bard\u00e9 de prix depuis, cet ouvrage m\u00e9ritait une autre orientation, pourquoi pas musicale.<\/p>\n<h3><em>Michel Cloup Duo &amp; Pascal Bouaziz &#8211; Travailleurs d&rsquo;Usine<\/em><\/h3>\n<div class=\"youtube-embed\" data-video_id=\"_5IZ4lXe4_g\"><iframe loading=\"lazy\" title=\"MICHEL CLOUP DUO &amp; PASCAL BOUAZIZ - Travailleurs de l&#039;usine\" width=\"696\" height=\"392\" src=\"https:\/\/www.youtube.com\/embed\/_5IZ4lXe4_g\" frameborder=\"0\" allow=\"accelerometer; autoplay; clipboard-write; encrypted-media; gyroscope; picture-in-picture; web-share\" referrerpolicy=\"strict-origin-when-cross-origin\" allowfullscreen><\/iframe><\/div>\n<p style=\"text-align: justify;\">Ca tombe pile poil au moment o\u00f9 <strong>Michel Cloup Duo (avec Julien Rufi\u00e9, donc, \u00e0 la batterie)<\/strong> a carte blanche pour adapt\u00e9 en musique un roman de son choix. Ni une, ni deux la rencontre est une \u00e9vidence. Le cr\u00e9ateur du groupe mythique <a href=\"https:\/\/culturesco.com\/index.php\/2020\/11\/24\/diabologum-la-jeunesse-est-un-art\/\" target=\"_blank\" rel=\"noopener\"><strong>Diabologum<\/strong><\/a> n\u2019allait pas laisser passer cette occasion. Mieux, il convoque son meilleur pote qui distille le m\u00eame style de musique et de conviction. <a href=\"https:\/\/www.franceculture.fr\/personne-pascal-bouaziz\" target=\"_blank\" rel=\"noopener\">Pascal Bouaziz<\/a>, fondateur de <strong>Mendelson<\/strong> et plus r\u00e9cemment de <strong>Bruit Noir<\/strong>, fonce sans se poser de questions. Le trio donne alors une \u00e9vidence \u00e0 cette r\u00e9union.<\/p>\n<h3><em>Michel Cloup Duo &amp; Pascal Bouaziz : \u00ab\u00a0A la Ligne\u00a0\u00bb (extraits)<\/em><\/h3>\n<div class=\"youtube-embed\" data-video_id=\"mzc_kHJjarM\"><iframe loading=\"lazy\" title=\"Michel Cloup Duo &amp; Pascal Bouaziz : &quot;\u00c0 la ligne (feuillets d&#039;usine)&quot; Extraits.\" width=\"696\" height=\"392\" src=\"https:\/\/www.youtube.com\/embed\/mzc_kHJjarM\" frameborder=\"0\" allow=\"accelerometer; autoplay; clipboard-write; encrypted-media; gyroscope; picture-in-picture; web-share\" referrerpolicy=\"strict-origin-when-cross-origin\" allowfullscreen><\/iframe><\/div>\n<p>&nbsp;<\/p>\n<p style=\"text-align: justify;\">Devenu<strong><em> A La Ligne \u2013 Chansons d\u2019Usine<\/em><\/strong>, le pli est pris sur le roman. Attention, pas question de distinguer le pire et le meilleur, au contraire, les deux se c\u00f4toient et vont tr\u00e8s bien ensemble. Ils se compl\u00e8tent, en fait. Un exemple\u00a0: les r\u00e9p\u00e9titions de phrases du trio ressemblent au travail \u00e0 la cha\u00eene. Ce n\u2019est pas pour rien que l\u2019ensemble se termine par <strong>\u00ab\u00a0A La Cha\u00eene, A La Ligne\u00a0\u00bb<\/strong>, comme pour bien marteler certaines vies quotidiennes \u00e9pouvantables coinc\u00e9es entre le sang et les odeurs naus\u00e9abondes. <strong>\u00ab\u00a0Il Y A\u00a0\u00bb<\/strong>, qui termine le disque, offre un finish rock endiabl\u00e9 qui met \u00e0 jour ce qu\u2019on attendait\u00a0: deux guitares et une batterie endiabl\u00e9es pour mieux ass\u00e9ner les coups re\u00e7us pendant l\u2019\u00e9coute. Et sans \u00eatre masochiste, c\u2019est sacr\u00e9ment bon et divin \u00e0 recevoir. A la fin on reste scotch\u00e9 et sid\u00e9r\u00e9 par autant d\u2019authenticit\u00e9 \u00e0 bout de nerfs.<\/p>\n<p style=\"text-align: justify;\"><strong>Michel Cloup \u2013 Pascal Bouaziz \u2013 Julien Rufi\u00e9<\/strong><\/p>\n<p style=\"text-align: justify;\"><strong>A La Ligne &#8211; Chansons d\u2019Usine<\/strong><\/p>\n<p style=\"text-align: justify;\">Ici, d\u2019Ailleurs<\/p>\n<p style=\"text-align: justify;\"><strong>Patrick B\u00e9nard<\/strong><\/p>\n","protected":false},"excerpt":{"rendered":"<p>Du Roman Au Rock Une adaptation r\u00e9ussie en tout point \u00ab\u00a0C\u2019est fantastique tout ce qu\u2019on peut supporter\u00a0\u00bb. C\u2019est ainsi que d\u00e9bute \u00e0 l\u2019infini l&rsquo;\u00e9tonnant et bouleversant album qui ne verse pas dans la dentelle. Il faut expliquer. D\u2019abord il y a un premier roman sorti en janvier 2019, \u00e9crit par Joseph Ponthus, intitul\u00e9 A La [&hellip;]<\/p>\n","protected":false},"author":4,"featured_media":13281,"comment_status":"open","ping_status":"open","sticky":false,"template":"","format":"image","meta":{"jetpack_post_was_ever_published":false,"tdm_status":"","tdm_grid_status":"","_jetpack_newsletter_access":"","_jetpack_dont_email_post_to_subs":false,"_jetpack_newsletter_tier_id":0,"_jetpack_memberships_contains_paywalled_content":false,"_jetpack_memberships_contains_paid_content":false,"footnotes":""},"categories":[30,17,1007,36,27,26],"tags":[37,40,52,42],"class_list":{"0":"post-13280","1":"post","2":"type-post","3":"status-publish","4":"format-image","5":"has-post-thumbnail","7":"category-albums-rock","8":"category-carotte-rock-cultures","9":"category-culture-societe","10":"category-groupes-rock-daujourdhui","11":"category-litterature","12":"category-radio","13":"tag-album-rock","14":"tag-chanson-francaise","15":"tag-groupe-rock-actuel","16":"tag-litterature","17":"post_format-post-format-image"},"yoast_head":"<!-- This site is optimized with the Yoast SEO plugin v27.5 - https:\/\/yoast.com\/product\/yoast-seo-wordpress\/ -->\n<title>Michel Cloup Duo et Pascal Bouaziz - A La Ligne - Chansons d\u2019Usine -<\/title>\n<meta name=\"description\" content=\"CulturesCo | L&#039;adaptation en musique du livre de Joseph Ponthus par Michel Cloup, Pascal Bouaziz et Julien Rufi\u00e9 (Michel Cloup Duo)\" \/>\n<meta name=\"robots\" content=\"index, follow, max-snippet:-1, max-image-preview:large, max-video-preview:-1\" \/>\n<link rel=\"canonical\" href=\"https:\/\/culturesco.com\/index.php\/2021\/01\/24\/michel-cloup-duo-et-pascal-bouaziz-a-la-ligne-chansons-dusine\/\" \/>\n<meta property=\"og:locale\" content=\"fr_FR\" \/>\n<meta property=\"og:type\" content=\"article\" \/>\n<meta property=\"og:title\" content=\"Michel Cloup Duo et Pascal Bouaziz - A La Ligne - Chansons d\u2019Usine -\" \/>\n<meta property=\"og:description\" content=\"CulturesCo | L&#039;adaptation en musique du livre de Joseph Ponthus par Michel Cloup, Pascal Bouaziz et Julien Rufi\u00e9 (Michel Cloup Duo)\" \/>\n<meta property=\"og:url\" content=\"https:\/\/culturesco.com\/index.php\/2021\/01\/24\/michel-cloup-duo-et-pascal-bouaziz-a-la-ligne-chansons-dusine\/\" \/>\n<meta property=\"og:site_name\" content=\"Culturesco\" \/>\n<meta property=\"article:publisher\" content=\"https:\/\/www.facebook.com\/radioculturesco\" \/>\n<meta property=\"article:published_time\" content=\"2021-01-24T01:39:22+00:00\" \/>\n<meta property=\"article:modified_time\" content=\"2021-01-24T22:27:42+00:00\" \/>\n<meta property=\"og:image\" content=\"https:\/\/i2.wp.com\/culturesco.com\/wp-content\/uploads\/2021\/01\/Michel-Cloup....jpeg?fit=407%2C355&ssl=1\" \/>\n\t<meta property=\"og:image:width\" content=\"407\" \/>\n\t<meta property=\"og:image:height\" content=\"355\" \/>\n\t<meta property=\"og:image:type\" content=\"image\/jpeg\" \/>\n<meta name=\"author\" content=\"Patrick Benard\" \/>\n<meta name=\"twitter:card\" content=\"summary_large_image\" \/>\n<meta name=\"twitter:creator\" content=\"@AugusteMarshal\" \/>\n<meta name=\"twitter:site\" content=\"@AugusteMarshal\" \/>\n<meta name=\"twitter:label1\" content=\"\u00c9crit par\" \/>\n\t<meta name=\"twitter:data1\" content=\"Patrick Benard\" \/>\n\t<meta name=\"twitter:label2\" content=\"Dur\u00e9e de lecture estim\u00e9e\" \/>\n\t<meta name=\"twitter:data2\" content=\"2 minutes\" \/>\n<script type=\"application\/ld+json\" class=\"yoast-schema-graph\">{\"@context\":\"https:\\\/\\\/schema.org\",\"@graph\":[{\"@type\":\"Article\",\"@id\":\"https:\\\/\\\/culturesco.com\\\/index.php\\\/2021\\\/01\\\/24\\\/michel-cloup-duo-et-pascal-bouaziz-a-la-ligne-chansons-dusine\\\/#article\",\"isPartOf\":{\"@id\":\"https:\\\/\\\/culturesco.com\\\/index.php\\\/2021\\\/01\\\/24\\\/michel-cloup-duo-et-pascal-bouaziz-a-la-ligne-chansons-dusine\\\/\"},\"author\":{\"name\":\"Patrick Benard\",\"@id\":\"https:\\\/\\\/culturesco.com\\\/#\\\/schema\\\/person\\\/c2ddd6724863f3bbd20a8278df0891f3\"},\"headline\":\"Michel Cloup Duo et Pascal Bouaziz &#8211; A La Ligne &#8211; Chansons d\u2019Usine\",\"datePublished\":\"2021-01-24T01:39:22+00:00\",\"dateModified\":\"2021-01-24T22:27:42+00:00\",\"mainEntityOfPage\":{\"@id\":\"https:\\\/\\\/culturesco.com\\\/index.php\\\/2021\\\/01\\\/24\\\/michel-cloup-duo-et-pascal-bouaziz-a-la-ligne-chansons-dusine\\\/\"},\"wordCount\":475,\"commentCount\":0,\"publisher\":{\"@id\":\"https:\\\/\\\/culturesco.com\\\/#organization\"},\"image\":{\"@id\":\"https:\\\/\\\/culturesco.com\\\/index.php\\\/2021\\\/01\\\/24\\\/michel-cloup-duo-et-pascal-bouaziz-a-la-ligne-chansons-dusine\\\/#primaryimage\"},\"thumbnailUrl\":\"https:\\\/\\\/i0.wp.com\\\/culturesco.com\\\/wp-content\\\/uploads\\\/2021\\\/01\\\/Michel-Cloup....jpeg?fit=407%2C355&ssl=1\",\"keywords\":[\"album rock\",\"chanson fran\u00e7aise\",\"groupe rock actuel\",\"litt\u00e9rature\"],\"articleSection\":[\"Albums rock\",\"Carotte Rock Cultures\",\"Culture Soci\u00e9t\u00e9\",\"Groupes rock d'aujourd'hui\",\"Litt\u00e9rature\",\"Radio\"],\"inLanguage\":\"fr-FR\",\"potentialAction\":[{\"@type\":\"CommentAction\",\"name\":\"Comment\",\"target\":[\"https:\\\/\\\/culturesco.com\\\/index.php\\\/2021\\\/01\\\/24\\\/michel-cloup-duo-et-pascal-bouaziz-a-la-ligne-chansons-dusine\\\/#respond\"]}]},{\"@type\":\"WebPage\",\"@id\":\"https:\\\/\\\/culturesco.com\\\/index.php\\\/2021\\\/01\\\/24\\\/michel-cloup-duo-et-pascal-bouaziz-a-la-ligne-chansons-dusine\\\/\",\"url\":\"https:\\\/\\\/culturesco.com\\\/index.php\\\/2021\\\/01\\\/24\\\/michel-cloup-duo-et-pascal-bouaziz-a-la-ligne-chansons-dusine\\\/\",\"name\":\"Michel Cloup Duo et Pascal Bouaziz - A La Ligne - Chansons d\u2019Usine -\",\"isPartOf\":{\"@id\":\"https:\\\/\\\/culturesco.com\\\/#website\"},\"primaryImageOfPage\":{\"@id\":\"https:\\\/\\\/culturesco.com\\\/index.php\\\/2021\\\/01\\\/24\\\/michel-cloup-duo-et-pascal-bouaziz-a-la-ligne-chansons-dusine\\\/#primaryimage\"},\"image\":{\"@id\":\"https:\\\/\\\/culturesco.com\\\/index.php\\\/2021\\\/01\\\/24\\\/michel-cloup-duo-et-pascal-bouaziz-a-la-ligne-chansons-dusine\\\/#primaryimage\"},\"thumbnailUrl\":\"https:\\\/\\\/i0.wp.com\\\/culturesco.com\\\/wp-content\\\/uploads\\\/2021\\\/01\\\/Michel-Cloup....jpeg?fit=407%2C355&ssl=1\",\"datePublished\":\"2021-01-24T01:39:22+00:00\",\"dateModified\":\"2021-01-24T22:27:42+00:00\",\"description\":\"CulturesCo | L'adaptation en musique du livre de Joseph Ponthus par Michel Cloup, Pascal Bouaziz et Julien Rufi\u00e9 (Michel Cloup Duo)\",\"breadcrumb\":{\"@id\":\"https:\\\/\\\/culturesco.com\\\/index.php\\\/2021\\\/01\\\/24\\\/michel-cloup-duo-et-pascal-bouaziz-a-la-ligne-chansons-dusine\\\/#breadcrumb\"},\"inLanguage\":\"fr-FR\",\"potentialAction\":[{\"@type\":\"ReadAction\",\"target\":[\"https:\\\/\\\/culturesco.com\\\/index.php\\\/2021\\\/01\\\/24\\\/michel-cloup-duo-et-pascal-bouaziz-a-la-ligne-chansons-dusine\\\/\"]}]},{\"@type\":\"ImageObject\",\"inLanguage\":\"fr-FR\",\"@id\":\"https:\\\/\\\/culturesco.com\\\/index.php\\\/2021\\\/01\\\/24\\\/michel-cloup-duo-et-pascal-bouaziz-a-la-ligne-chansons-dusine\\\/#primaryimage\",\"url\":\"https:\\\/\\\/i0.wp.com\\\/culturesco.com\\\/wp-content\\\/uploads\\\/2021\\\/01\\\/Michel-Cloup....jpeg?fit=407%2C355&ssl=1\",\"contentUrl\":\"https:\\\/\\\/i0.wp.com\\\/culturesco.com\\\/wp-content\\\/uploads\\\/2021\\\/01\\\/Michel-Cloup....jpeg?fit=407%2C355&ssl=1\",\"width\":407,\"height\":355,\"caption\":\"Michel Cloup Duo &amp; Pascal Bouaziz - A La Ligne - Chansons d'Usine\"},{\"@type\":\"BreadcrumbList\",\"@id\":\"https:\\\/\\\/culturesco.com\\\/index.php\\\/2021\\\/01\\\/24\\\/michel-cloup-duo-et-pascal-bouaziz-a-la-ligne-chansons-dusine\\\/#breadcrumb\",\"itemListElement\":[{\"@type\":\"ListItem\",\"position\":1,\"name\":\"Accueil\",\"item\":\"https:\\\/\\\/culturesco.com\\\/\"},{\"@type\":\"ListItem\",\"position\":2,\"name\":\"Michel Cloup Duo et Pascal Bouaziz &#8211; A La Ligne &#8211; Chansons d\u2019Usine\"}]},{\"@type\":\"WebSite\",\"@id\":\"https:\\\/\\\/culturesco.com\\\/#website\",\"url\":\"https:\\\/\\\/culturesco.com\\\/\",\"name\":\"Culturesco\",\"description\":\"Culturesco | Un bon coup de pied dans ta Culture\",\"publisher\":{\"@id\":\"https:\\\/\\\/culturesco.com\\\/#organization\"},\"potentialAction\":[{\"@type\":\"SearchAction\",\"target\":{\"@type\":\"EntryPoint\",\"urlTemplate\":\"https:\\\/\\\/culturesco.com\\\/?s={search_term_string}\"},\"query-input\":{\"@type\":\"PropertyValueSpecification\",\"valueRequired\":true,\"valueName\":\"search_term_string\"}}],\"inLanguage\":\"fr-FR\"},{\"@type\":\"Organization\",\"@id\":\"https:\\\/\\\/culturesco.com\\\/#organization\",\"name\":\"CULTURESCO\",\"url\":\"https:\\\/\\\/culturesco.com\\\/\",\"logo\":{\"@type\":\"ImageObject\",\"inLanguage\":\"fr-FR\",\"@id\":\"https:\\\/\\\/culturesco.com\\\/#\\\/schema\\\/logo\\\/image\\\/\",\"url\":\"https:\\\/\\\/i0.wp.com\\\/culturesco.com\\\/wp-content\\\/uploads\\\/2022\\\/04\\\/culturesco-logo-blanc250p.png?fit=250%2C250&ssl=1\",\"contentUrl\":\"https:\\\/\\\/i0.wp.com\\\/culturesco.com\\\/wp-content\\\/uploads\\\/2022\\\/04\\\/culturesco-logo-blanc250p.png?fit=250%2C250&ssl=1\",\"width\":250,\"height\":250,\"caption\":\"CULTURESCO\"},\"image\":{\"@id\":\"https:\\\/\\\/culturesco.com\\\/#\\\/schema\\\/logo\\\/image\\\/\"},\"sameAs\":[\"https:\\\/\\\/www.facebook.com\\\/radioculturesco\",\"https:\\\/\\\/x.com\\\/AugusteMarshal\",\"https:\\\/\\\/www.instagram.com\\\/carotte_rock_culture\\\/\",\"https:\\\/\\\/www.pinterest.fr\\\/augustemarshal\\\/\",\"https:\\\/\\\/www.youtube.com\\\/channel\\\/UCiWLGffqWSXlNnfzp6YwwyQ\"]},{\"@type\":\"Person\",\"@id\":\"https:\\\/\\\/culturesco.com\\\/#\\\/schema\\\/person\\\/c2ddd6724863f3bbd20a8278df0891f3\",\"name\":\"Patrick Benard\",\"image\":{\"@type\":\"ImageObject\",\"inLanguage\":\"fr-FR\",\"@id\":\"https:\\\/\\\/i0.wp.com\\\/culturesco.com\\\/wp-content\\\/uploads\\\/2019\\\/02\\\/patrick-benard-2.jpg?fit=90%2C96&ssl=1\",\"url\":\"https:\\\/\\\/i0.wp.com\\\/culturesco.com\\\/wp-content\\\/uploads\\\/2019\\\/02\\\/patrick-benard-2.jpg?fit=90%2C96&ssl=1\",\"contentUrl\":\"https:\\\/\\\/i0.wp.com\\\/culturesco.com\\\/wp-content\\\/uploads\\\/2019\\\/02\\\/patrick-benard-2.jpg?fit=90%2C96&ssl=1\",\"caption\":\"Patrick Benard\"},\"description\":\"Ecrivain, chroniqueur, animateur radio, cr\u00e9ateur de la revue \u00ab Cin\u00e9manie \u00bb, autour du cin\u00e9ma dit d\u2019art et d\u2019essai, sp\u00e9cialiste du groupe The Cure, archiviste... 2020 : \\\"Le Post Rock\\\" essai sur le post rock de Mogwa\u00ef \u00e0 Godspeed You Black Emperor - Camion Blanc 2014 : \u00ab On the rocks \u2013le rock de 2007 \u00e0 2014 \u00bb chroniques livres et cd rocks, interviews \u2013Editions Vaillant 2010 : \u00ab Dans la T\u00eate de Robert Smith \u00bb, roman fiction autour de l\u2019histoire des Cure et de Robert Smith \u2013 Edilivres 2007 : \u00ab Chroniques Fr\u00e9n\u00e9tiques, une histoire intime du rock \u00bb, roman, prix Technikart. 2001 : \u00ab Les Iles du D\u00e9sert \u00bb, polar autour du rock \u2013 Editions Nykta\",\"url\":\"https:\\\/\\\/culturesco.com\\\/index.php\\\/author\\\/patrick-benard89\\\/\"}]}<\/script>\n<!-- \/ Yoast SEO plugin. -->","yoast_head_json":{"title":"Michel Cloup Duo et Pascal Bouaziz - A La Ligne - Chansons d\u2019Usine -","description":"CulturesCo | L'adaptation en musique du livre de Joseph Ponthus par Michel Cloup, Pascal Bouaziz et Julien Rufi\u00e9 (Michel Cloup Duo)","robots":{"index":"index","follow":"follow","max-snippet":"max-snippet:-1","max-image-preview":"max-image-preview:large","max-video-preview":"max-video-preview:-1"},"canonical":"https:\/\/culturesco.com\/index.php\/2021\/01\/24\/michel-cloup-duo-et-pascal-bouaziz-a-la-ligne-chansons-dusine\/","og_locale":"fr_FR","og_type":"article","og_title":"Michel Cloup Duo et Pascal Bouaziz - A La Ligne - Chansons d\u2019Usine -","og_description":"CulturesCo | L'adaptation en musique du livre de Joseph Ponthus par Michel Cloup, Pascal Bouaziz et Julien Rufi\u00e9 (Michel Cloup Duo)","og_url":"https:\/\/culturesco.com\/index.php\/2021\/01\/24\/michel-cloup-duo-et-pascal-bouaziz-a-la-ligne-chansons-dusine\/","og_site_name":"Culturesco","article_publisher":"https:\/\/www.facebook.com\/radioculturesco","article_published_time":"2021-01-24T01:39:22+00:00","article_modified_time":"2021-01-24T22:27:42+00:00","og_image":[{"width":407,"height":355,"url":"https:\/\/i2.wp.com\/culturesco.com\/wp-content\/uploads\/2021\/01\/Michel-Cloup....jpeg?fit=407%2C355&ssl=1","type":"image\/jpeg"}],"author":"Patrick Benard","twitter_card":"summary_large_image","twitter_creator":"@AugusteMarshal","twitter_site":"@AugusteMarshal","twitter_misc":{"\u00c9crit par":"Patrick Benard","Dur\u00e9e de lecture estim\u00e9e":"2 minutes"},"schema":{"@context":"https:\/\/schema.org","@graph":[{"@type":"Article","@id":"https:\/\/culturesco.com\/index.php\/2021\/01\/24\/michel-cloup-duo-et-pascal-bouaziz-a-la-ligne-chansons-dusine\/#article","isPartOf":{"@id":"https:\/\/culturesco.com\/index.php\/2021\/01\/24\/michel-cloup-duo-et-pascal-bouaziz-a-la-ligne-chansons-dusine\/"},"author":{"name":"Patrick Benard","@id":"https:\/\/culturesco.com\/#\/schema\/person\/c2ddd6724863f3bbd20a8278df0891f3"},"headline":"Michel Cloup Duo et Pascal Bouaziz &#8211; A La Ligne &#8211; Chansons d\u2019Usine","datePublished":"2021-01-24T01:39:22+00:00","dateModified":"2021-01-24T22:27:42+00:00","mainEntityOfPage":{"@id":"https:\/\/culturesco.com\/index.php\/2021\/01\/24\/michel-cloup-duo-et-pascal-bouaziz-a-la-ligne-chansons-dusine\/"},"wordCount":475,"commentCount":0,"publisher":{"@id":"https:\/\/culturesco.com\/#organization"},"image":{"@id":"https:\/\/culturesco.com\/index.php\/2021\/01\/24\/michel-cloup-duo-et-pascal-bouaziz-a-la-ligne-chansons-dusine\/#primaryimage"},"thumbnailUrl":"https:\/\/i0.wp.com\/culturesco.com\/wp-content\/uploads\/2021\/01\/Michel-Cloup....jpeg?fit=407%2C355&ssl=1","keywords":["album rock","chanson fran\u00e7aise","groupe rock actuel","litt\u00e9rature"],"articleSection":["Albums rock","Carotte Rock Cultures","Culture Soci\u00e9t\u00e9","Groupes rock d'aujourd'hui","Litt\u00e9rature","Radio"],"inLanguage":"fr-FR","potentialAction":[{"@type":"CommentAction","name":"Comment","target":["https:\/\/culturesco.com\/index.php\/2021\/01\/24\/michel-cloup-duo-et-pascal-bouaziz-a-la-ligne-chansons-dusine\/#respond"]}]},{"@type":"WebPage","@id":"https:\/\/culturesco.com\/index.php\/2021\/01\/24\/michel-cloup-duo-et-pascal-bouaziz-a-la-ligne-chansons-dusine\/","url":"https:\/\/culturesco.com\/index.php\/2021\/01\/24\/michel-cloup-duo-et-pascal-bouaziz-a-la-ligne-chansons-dusine\/","name":"Michel Cloup Duo et Pascal Bouaziz - A La Ligne - Chansons d\u2019Usine -","isPartOf":{"@id":"https:\/\/culturesco.com\/#website"},"primaryImageOfPage":{"@id":"https:\/\/culturesco.com\/index.php\/2021\/01\/24\/michel-cloup-duo-et-pascal-bouaziz-a-la-ligne-chansons-dusine\/#primaryimage"},"image":{"@id":"https:\/\/culturesco.com\/index.php\/2021\/01\/24\/michel-cloup-duo-et-pascal-bouaziz-a-la-ligne-chansons-dusine\/#primaryimage"},"thumbnailUrl":"https:\/\/i0.wp.com\/culturesco.com\/wp-content\/uploads\/2021\/01\/Michel-Cloup....jpeg?fit=407%2C355&ssl=1","datePublished":"2021-01-24T01:39:22+00:00","dateModified":"2021-01-24T22:27:42+00:00","description":"CulturesCo | L'adaptation en musique du livre de Joseph Ponthus par Michel Cloup, Pascal Bouaziz et Julien Rufi\u00e9 (Michel Cloup Duo)","breadcrumb":{"@id":"https:\/\/culturesco.com\/index.php\/2021\/01\/24\/michel-cloup-duo-et-pascal-bouaziz-a-la-ligne-chansons-dusine\/#breadcrumb"},"inLanguage":"fr-FR","potentialAction":[{"@type":"ReadAction","target":["https:\/\/culturesco.com\/index.php\/2021\/01\/24\/michel-cloup-duo-et-pascal-bouaziz-a-la-ligne-chansons-dusine\/"]}]},{"@type":"ImageObject","inLanguage":"fr-FR","@id":"https:\/\/culturesco.com\/index.php\/2021\/01\/24\/michel-cloup-duo-et-pascal-bouaziz-a-la-ligne-chansons-dusine\/#primaryimage","url":"https:\/\/i0.wp.com\/culturesco.com\/wp-content\/uploads\/2021\/01\/Michel-Cloup....jpeg?fit=407%2C355&ssl=1","contentUrl":"https:\/\/i0.wp.com\/culturesco.com\/wp-content\/uploads\/2021\/01\/Michel-Cloup....jpeg?fit=407%2C355&ssl=1","width":407,"height":355,"caption":"Michel Cloup Duo &amp; Pascal Bouaziz - A La Ligne - Chansons d'Usine"},{"@type":"BreadcrumbList","@id":"https:\/\/culturesco.com\/index.php\/2021\/01\/24\/michel-cloup-duo-et-pascal-bouaziz-a-la-ligne-chansons-dusine\/#breadcrumb","itemListElement":[{"@type":"ListItem","position":1,"name":"Accueil","item":"https:\/\/culturesco.com\/"},{"@type":"ListItem","position":2,"name":"Michel Cloup Duo et Pascal Bouaziz &#8211; A La Ligne &#8211; Chansons d\u2019Usine"}]},{"@type":"WebSite","@id":"https:\/\/culturesco.com\/#website","url":"https:\/\/culturesco.com\/","name":"Culturesco","description":"Culturesco | Un bon coup de pied dans ta Culture","publisher":{"@id":"https:\/\/culturesco.com\/#organization"},"potentialAction":[{"@type":"SearchAction","target":{"@type":"EntryPoint","urlTemplate":"https:\/\/culturesco.com\/?s={search_term_string}"},"query-input":{"@type":"PropertyValueSpecification","valueRequired":true,"valueName":"search_term_string"}}],"inLanguage":"fr-FR"},{"@type":"Organization","@id":"https:\/\/culturesco.com\/#organization","name":"CULTURESCO","url":"https:\/\/culturesco.com\/","logo":{"@type":"ImageObject","inLanguage":"fr-FR","@id":"https:\/\/culturesco.com\/#\/schema\/logo\/image\/","url":"https:\/\/i0.wp.com\/culturesco.com\/wp-content\/uploads\/2022\/04\/culturesco-logo-blanc250p.png?fit=250%2C250&ssl=1","contentUrl":"https:\/\/i0.wp.com\/culturesco.com\/wp-content\/uploads\/2022\/04\/culturesco-logo-blanc250p.png?fit=250%2C250&ssl=1","width":250,"height":250,"caption":"CULTURESCO"},"image":{"@id":"https:\/\/culturesco.com\/#\/schema\/logo\/image\/"},"sameAs":["https:\/\/www.facebook.com\/radioculturesco","https:\/\/x.com\/AugusteMarshal","https:\/\/www.instagram.com\/carotte_rock_culture\/","https:\/\/www.pinterest.fr\/augustemarshal\/","https:\/\/www.youtube.com\/channel\/UCiWLGffqWSXlNnfzp6YwwyQ"]},{"@type":"Person","@id":"https:\/\/culturesco.com\/#\/schema\/person\/c2ddd6724863f3bbd20a8278df0891f3","name":"Patrick Benard","image":{"@type":"ImageObject","inLanguage":"fr-FR","@id":"https:\/\/i0.wp.com\/culturesco.com\/wp-content\/uploads\/2019\/02\/patrick-benard-2.jpg?fit=90%2C96&ssl=1","url":"https:\/\/i0.wp.com\/culturesco.com\/wp-content\/uploads\/2019\/02\/patrick-benard-2.jpg?fit=90%2C96&ssl=1","contentUrl":"https:\/\/i0.wp.com\/culturesco.com\/wp-content\/uploads\/2019\/02\/patrick-benard-2.jpg?fit=90%2C96&ssl=1","caption":"Patrick Benard"},"description":"Ecrivain, chroniqueur, animateur radio, cr\u00e9ateur de la revue \u00ab Cin\u00e9manie \u00bb, autour du cin\u00e9ma dit d\u2019art et d\u2019essai, sp\u00e9cialiste du groupe The Cure, archiviste... 2020 : \"Le Post Rock\" essai sur le post rock de Mogwa\u00ef \u00e0 Godspeed You Black Emperor - Camion Blanc 2014 : \u00ab On the rocks \u2013le rock de 2007 \u00e0 2014 \u00bb chroniques livres et cd rocks, interviews \u2013Editions Vaillant 2010 : \u00ab Dans la T\u00eate de Robert Smith \u00bb, roman fiction autour de l\u2019histoire des Cure et de Robert Smith \u2013 Edilivres 2007 : \u00ab Chroniques Fr\u00e9n\u00e9tiques, une histoire intime du rock \u00bb, roman, prix Technikart. 2001 : \u00ab Les Iles du D\u00e9sert \u00bb, polar autour du rock \u2013 Editions Nykta","url":"https:\/\/culturesco.com\/index.php\/author\/patrick-benard89\/"}]}},"jetpack_featured_media_url":"https:\/\/i0.wp.com\/culturesco.com\/wp-content\/uploads\/2021\/01\/Michel-Cloup....jpeg?fit=407%2C355&ssl=1","jetpack_likes_enabled":true,"jetpack_sharing_enabled":true,"jetpack_shortlink":"https:\/\/wp.me\/paz89I-3sc","_links":{"self":[{"href":"https:\/\/culturesco.com\/index.php\/wp-json\/wp\/v2\/posts\/13280","targetHints":{"allow":["GET"]}}],"collection":[{"href":"https:\/\/culturesco.com\/index.php\/wp-json\/wp\/v2\/posts"}],"about":[{"href":"https:\/\/culturesco.com\/index.php\/wp-json\/wp\/v2\/types\/post"}],"author":[{"embeddable":true,"href":"https:\/\/culturesco.com\/index.php\/wp-json\/wp\/v2\/users\/4"}],"replies":[{"embeddable":true,"href":"https:\/\/culturesco.com\/index.php\/wp-json\/wp\/v2\/comments?post=13280"}],"version-history":[{"count":0,"href":"https:\/\/culturesco.com\/index.php\/wp-json\/wp\/v2\/posts\/13280\/revisions"}],"wp:featuredmedia":[{"embeddable":true,"href":"https:\/\/culturesco.com\/index.php\/wp-json\/wp\/v2\/media\/13281"}],"wp:attachment":[{"href":"https:\/\/culturesco.com\/index.php\/wp-json\/wp\/v2\/media?parent=13280"}],"wp:term":[{"taxonomy":"category","embeddable":true,"href":"https:\/\/culturesco.com\/index.php\/wp-json\/wp\/v2\/categories?post=13280"},{"taxonomy":"post_tag","embeddable":true,"href":"https:\/\/culturesco.com\/index.php\/wp-json\/wp\/v2\/tags?post=13280"}],"curies":[{"name":"wp","href":"https:\/\/api.w.org\/{rel}","templated":true}]}}