{"id":13218,"date":"2021-01-19T02:25:49","date_gmt":"2021-01-19T01:25:49","guid":{"rendered":"https:\/\/culturesco.com\/?p=13218"},"modified":"2021-01-19T16:13:19","modified_gmt":"2021-01-19T15:13:19","slug":"patrick-bard-piero-heliczer-l-arme-du-reve-histoire-d-un-poete-undeground-co-fondateur-du-velvet-undeground","status":"publish","type":"post","link":"https:\/\/culturesco.com\/index.php\/2021\/01\/19\/patrick-bard-piero-heliczer-l-arme-du-reve-histoire-d-un-poete-undeground-co-fondateur-du-velvet-undeground\/","title":{"rendered":"Patrick Bard &#8211; Piero Heliczer, l\u2019Arme Du R\u00eave"},"content":{"rendered":"<h2 style=\"text-align: justify;\">L\u2019Arme Du R\u00eave<\/h2>\n<figure id=\"attachment_13219\" aria-describedby=\"caption-attachment-13219\" style=\"width: 200px\" class=\"wp-caption aligncenter\"><a href=\"https:\/\/i0.wp.com\/culturesco.com\/wp-content\/uploads\/2021\/01\/Patrick-Bard.jpeg?ssl=1\"><img data-recalc-dims=\"1\" loading=\"lazy\" decoding=\"async\" class=\"size-medium wp-image-13219\" src=\"https:\/\/i0.wp.com\/culturesco.com\/wp-content\/uploads\/2021\/01\/Patrick-Bard.jpeg?resize=200%2C300&#038;ssl=1\" alt=\"Patrick Bard - Piero Heliczer\" width=\"200\" height=\"300\" srcset=\"https:\/\/i0.wp.com\/culturesco.com\/wp-content\/uploads\/2021\/01\/Patrick-Bard.jpeg?resize=200%2C300&amp;ssl=1 200w, https:\/\/i0.wp.com\/culturesco.com\/wp-content\/uploads\/2021\/01\/Patrick-Bard.jpeg?resize=419%2C627&amp;ssl=1 419w, https:\/\/i0.wp.com\/culturesco.com\/wp-content\/uploads\/2021\/01\/Patrick-Bard.jpeg?resize=768%2C1150&amp;ssl=1 768w, https:\/\/i0.wp.com\/culturesco.com\/wp-content\/uploads\/2021\/01\/Patrick-Bard.jpeg?resize=1026%2C1536&amp;ssl=1 1026w, https:\/\/i0.wp.com\/culturesco.com\/wp-content\/uploads\/2021\/01\/Patrick-Bard.jpeg?resize=1368%2C2048&amp;ssl=1 1368w, https:\/\/i0.wp.com\/culturesco.com\/wp-content\/uploads\/2021\/01\/Patrick-Bard.jpeg?resize=696%2C1042&amp;ssl=1 696w, https:\/\/i0.wp.com\/culturesco.com\/wp-content\/uploads\/2021\/01\/Patrick-Bard.jpeg?resize=1068%2C1599&amp;ssl=1 1068w, https:\/\/i0.wp.com\/culturesco.com\/wp-content\/uploads\/2021\/01\/Patrick-Bard.jpeg?resize=280%2C420&amp;ssl=1 280w, https:\/\/i0.wp.com\/culturesco.com\/wp-content\/uploads\/2021\/01\/Patrick-Bard.jpeg?resize=600%2C898&amp;ssl=1 600w, https:\/\/i0.wp.com\/culturesco.com\/wp-content\/uploads\/2021\/01\/Patrick-Bard.jpeg?w=401&amp;ssl=1 401w\" sizes=\"auto, (max-width: 200px) 100vw, 200px\" \/><\/a><figcaption id=\"caption-attachment-13219\" class=\"wp-caption-text\"><a href=\"https:\/\/amzn.to\/35QMwzm\" target=\"_blank\" rel=\"noopener\">Patrick Bard &#8211; Piero Heliczer<\/a><\/figcaption><\/figure>\n<h3 style=\"text-align: justify;\">\u00ab\u00a0L\u2019Underground, C\u2019est Moi\u00a0\u00bb<\/h3>\n<p style=\"text-align: justify;\">C\u2019est avec un retard non assum\u00e9 (sorti \u00e0 la rentr\u00e9e 2020) qu\u2019il convient de parler de ce livre formidable mais sans doute pass\u00e9 \u00e0 c\u00f4t\u00e9 de pas mal de lecteurs qui appr\u00e9cieront la teneur de l\u2019ouvrage. Rattrapage maison.<\/p>\n<p style=\"text-align: justify;\">L\u2019auteur, <a href=\"https:\/\/amzn.to\/3szxwzP\" target=\"_blank\" rel=\"noopener\">Patrick Bard<\/a>, \u00e0 l\u2019\u0153uvre pl\u00e9thorique, aime les monographies, la photographie, les voyages et l\u2019originalit\u00e9.<\/p>\n<p style=\"text-align: justify;\">Alors ici, il d\u00e9cide de s\u2019attaquer \u00e0 un personnage oubli\u00e9 et pourtant \u00f4 combien important durant une bonne dizaine d\u2019ann\u00e9es. Accrochez-vous, pour ceux qui ne le conna\u00eetraient pas, quand <strong>Piero Heliczer<\/strong> affirme que <strong>l\u2019underground c\u2019est lui<\/strong>, vous pouvez le croire. C\u2019est la r\u00e9alit\u00e9 au sens premier du terme. <strong>A savoir faire v\u0153u de pauvret\u00e9 pour mieux profiter, enrichir sa culture avant de la montrer, sans forfanterie<\/strong>. Et c\u2019est bien cela qui va causer sa lente mont\u00e9e vers la gloire avant une rapide descente aux oubliettes de la litt\u00e9rature, de la musique et du cin\u00e9ma. Oui, carr\u00e9ment tout cela \u00e0 la fois.<\/p>\n<h3><em>Pull My Daisy (1959) de Robert Frank et Alfred Leslie (K\u00e9rouac, Ginsberg, Corso) &#8211; dsl pour la traduction en italien<\/em><\/h3>\n<div class=\"youtube-embed\" data-video_id=\"_12rctV5Z84\"><iframe loading=\"lazy\" title=\"Pull My Daisy - 1959 (Sub Ita) [Jack Kerouac, Allen Ginsberg, Gregory Corso]\" width=\"696\" height=\"522\" src=\"https:\/\/www.youtube.com\/embed\/_12rctV5Z84\" frameborder=\"0\" allow=\"accelerometer; autoplay; clipboard-write; encrypted-media; gyroscope; picture-in-picture; web-share\" referrerpolicy=\"strict-origin-when-cross-origin\" allowfullscreen><\/iframe><\/div>\n<p style=\"text-align: justify;\">Sans tout d\u00e9voiler car tout est dans ce livre pr\u00e9cis et limpide, <strong>Piero Heliczer<\/strong> \u00e9chappa de peu, enfant, aux camps de concentration pendant la guerre. Apr\u00e8s avoir \u00e9t\u00e9 <strong>une vedette de cin\u00e9ma d\u00e8s l\u2019\u00e2ge de 4 ans \u00e0 Cinecitt\u00e0<\/strong>, il entreprit des \u00e9tudes qui le conduisirent \u00e0 <strong>Paris<\/strong> au milieu des ann\u00e9es cinquante. L\u00e0, il rencontre tous les \u00e9crivains et po\u00e8tes de la <strong>Beat G\u00e9n\u00e9ration : <a href=\"https:\/\/culturesco.com\/index.php\/2020\/10\/20\/jack-kerouac-le-jazz-poet-a-l-ame-vagabonde\/\" target=\"_blank\" rel=\"noopener\">K\u00e9rouac<\/a>, Ginsberg, Corso, Burroughs<\/strong>. Tous se sont donn\u00e9s rendez-vous pendant ces ann\u00e9es-l\u00e0. Alors il fait comme eux, il \u00e9crit des po\u00e8mes, tordus, visionnaires, commence \u00e0 toucher aux drogues. C&rsquo;est \u00e0 cette \u00e9poque qu&rsquo;il monte une imprimerie afin de publier ses \u00e9crits et ceux des autres.<\/p>\n<h3><em>Premi\u00e8re apparition du Velvet en 1965, film\u00e9 par Piero Heliczer<\/em><\/h3>\n<div class=\"youtube-embed\" data-video_id=\"1KNWQ2KZWy4\"><iframe loading=\"lazy\" title=\"The Velvet Underground 1965 - first TV appearance\" width=\"696\" height=\"522\" src=\"https:\/\/www.youtube.com\/embed\/1KNWQ2KZWy4\" frameborder=\"0\" allow=\"accelerometer; autoplay; clipboard-write; encrypted-media; gyroscope; picture-in-picture; web-share\" referrerpolicy=\"strict-origin-when-cross-origin\" allowfullscreen><\/iframe><\/div>\n<p>&nbsp;<\/p>\n<p style=\"text-align: justify;\">Puis il part \u00e0 <strong>New York<\/strong> au d\u00e9but des ann\u00e9es soixante. Parce que \u00ab\u00a0c\u2019est l\u00e0 que \u00e7a se passe\u00a0\u00bb comme on dit. Effectivement, <strong>l\u2019underground est bien l\u00e0<\/strong> via le cin\u00e9ma exp\u00e9rimental avec <strong>Jonas M\u00e9kas<\/strong>, puis le rock d\u00e9routant, sombre. Accompagn\u00e9 de son pote <strong>Angus MacLise<\/strong>, il devient ami avec les futurs membres du <a href=\"https:\/\/culturesco.com\/index.php\/2020\/06\/11\/john-cale-paris-1919-velvet-underground-lou-reed\/\" target=\"_blank\" rel=\"noopener\">Velvet Underground<\/a>, d\u2019autant que ce dernier restera comme le tr\u00e8s \u00e9ph\u00e9m\u00e8re batteur du groupe avant l\u2019arriv\u00e9e de <a href=\"https:\/\/fr.wikipedia.org\/wiki\/Maureen_Tucker\" target=\"_blank\" rel=\"noopener\"><strong>Maureen Tucker<\/strong><\/a>. In\u00e9vitablement il fait la connaissance du gourou du milieu\u00a0: <a href=\"https:\/\/culturesco.com\/index.php\/2019\/02\/22\/songs-for-drella-lou-reed-et-john-cale-album-hommage-a-andy-warhol\/\" target=\"_blank\" rel=\"noopener\"><strong>Andy Warhol<\/strong><\/a>. Mais il c\u00f4toie aussi <strong>Nico<\/strong> et <strong>Edie Sedwick<\/strong>, l\u2019\u00e9g\u00e9rie de Warhol qui mourra en 1971 d\u2019overdose pour avoir quitt\u00e9 la <strong>Factory,<\/strong> lien incontournable qui relie la vie du \u00ab\u00a0h\u00e9ros\u00a0\u00bb.<\/p>\n<p style=\"text-align: center;\"><iframe style=\"width: 120px; height: 240px;\" src=\"\/\/ws-eu.amazon-adsystem.com\/widgets\/q?ServiceVersion=20070822&amp;OneJS=1&amp;Operation=GetAdHtml&amp;MarketPlace=FR&amp;source=ss&amp;ref=as_ss_li_til&amp;ad_type=product_link&amp;tracking_id=auguste00-21&amp;language=fr_FR&amp;marketplace=amazon&amp;region=FR&amp;placement=2021087751&amp;asins=2021087751&amp;linkId=0c839ff470e5c06e648e2c15fa6d571b&amp;show_border=true&amp;link_opens_in_new_window=true\" frameborder=\"0\" marginwidth=\"0\" marginheight=\"0\" scrolling=\"no\"><\/iframe><\/p>\n<h3><em>Velvet Underground &#8211; Venus In furs<\/em><\/h3>\n<div class=\"youtube-embed\" data-video_id=\"AwzaifhSw2c\"><iframe loading=\"lazy\" title=\"velvet underground - venus in furs\" width=\"696\" height=\"522\" src=\"https:\/\/www.youtube.com\/embed\/AwzaifhSw2c\" frameborder=\"0\" allow=\"accelerometer; autoplay; clipboard-write; encrypted-media; gyroscope; picture-in-picture; web-share\" referrerpolicy=\"strict-origin-when-cross-origin\" allowfullscreen><\/iframe><\/div>\n<p>&nbsp;<\/p>\n<p style=\"text-align: justify;\">Apr\u00e8s de multiples concerts et de projections cin\u00e9matographiques dites \u00ab\u00a0\u00e0 scandale\u00a0\u00bb pour l\u2019\u00e9poque (1965), la descente commence pour s\u2019achever en <strong>France<\/strong>, pr\u00e8s d\u2019Alen\u00e7on, dans l\u2019Orne, \u00e0 <strong>Pr\u00e9aux-du-Perche<\/strong> pour \u00eatre pr\u00e9cis. <strong>Il d\u00e9c\u00e8de en 1993<\/strong>, seul, isol\u00e9, pauvre, oubli\u00e9. Sa tombe est toujours au village.<\/p>\n<p style=\"text-align: justify;\">On peut consid\u00e9rer \u00e0 la fin de ce livre que <strong>l\u2019underground, c\u2019\u00e9tait vraiment lui.<\/strong><\/p>\n<p style=\"text-align: justify;\"><strong>Patrick Bard &#8211; Piero Heliczer, l\u2019Arme Du R\u00eave<\/strong><\/p>\n<p style=\"text-align: justify;\"><a href=\"https:\/\/amzn.to\/35QMwzm\" target=\"_blank\" rel=\"noopener\">Le Seuil \u2013 420 pages \u2013 21\u20ac<\/a><\/p>\n<p style=\"text-align: justify;\"><strong>Patrick B\u00e9nard<\/strong><\/p>\n","protected":false},"excerpt":{"rendered":"<p>L\u2019Arme Du R\u00eave \u00ab\u00a0L\u2019Underground, C\u2019est Moi\u00a0\u00bb C\u2019est avec un retard non assum\u00e9 (sorti \u00e0 la rentr\u00e9e 2020) qu\u2019il convient de parler de ce livre formidable mais sans doute pass\u00e9 \u00e0 c\u00f4t\u00e9 de pas mal de lecteurs qui appr\u00e9cieront la teneur de l\u2019ouvrage. Rattrapage maison. L\u2019auteur, Patrick Bard, \u00e0 l\u2019\u0153uvre pl\u00e9thorique, aime les monographies, la photographie, [&hellip;]<\/p>\n","protected":false},"author":4,"featured_media":13224,"comment_status":"open","ping_status":"open","sticky":false,"template":"","format":"image","meta":{"jetpack_post_was_ever_published":false,"tdm_status":"","tdm_grid_status":"","_jetpack_newsletter_access":"","_jetpack_dont_email_post_to_subs":false,"_jetpack_newsletter_tier_id":0,"_jetpack_memberships_contains_paywalled_content":false,"_jetpack_memberships_contains_paid_content":false,"footnotes":""},"categories":[34,17,24,22,33,27,66],"tags":[67,54,58,42,14038],"class_list":{"0":"post-13218","1":"post","2":"type-post","3":"status-publish","4":"format-image","5":"has-post-thumbnail","7":"category-anecdotes-rock","8":"category-carotte-rock-cultures","9":"category-cinema","10":"category-citations","11":"category-histoire-du-rock","12":"category-litterature","13":"category-livre-rock","14":"tag-anecdotes-rock","15":"tag-cinema","16":"tag-histoire-du-rock","17":"tag-litterature","18":"tag-underground","19":"post_format-post-format-image"},"yoast_head":"<!-- This site is optimized with the Yoast SEO plugin v27.5 - https:\/\/yoast.com\/product\/yoast-seo-wordpress\/ -->\n<title>Patrick Bard - Piero Heliczer, l\u2019Arme Du R\u00eave - Culturesco<\/title>\n<meta name=\"description\" content=\"CulturesCo | Patrick Bard raconte dans ce livre l&#039;histoire de Piero Heliczer, po\u00e8te italo-am\u00e9ricain co-fondateur du Velvet Undeground\" \/>\n<meta name=\"robots\" content=\"index, follow, max-snippet:-1, max-image-preview:large, max-video-preview:-1\" \/>\n<link rel=\"canonical\" href=\"https:\/\/culturesco.com\/index.php\/2021\/01\/19\/patrick-bard-piero-heliczer-l-arme-du-reve-histoire-d-un-poete-undeground-co-fondateur-du-velvet-undeground\/\" \/>\n<meta property=\"og:locale\" content=\"fr_FR\" \/>\n<meta property=\"og:type\" content=\"article\" \/>\n<meta property=\"og:title\" content=\"Patrick Bard - Piero Heliczer, l\u2019Arme Du R\u00eave - Culturesco\" \/>\n<meta property=\"og:description\" content=\"CulturesCo | Patrick Bard raconte dans ce livre l&#039;histoire de Piero Heliczer, po\u00e8te italo-am\u00e9ricain co-fondateur du Velvet Undeground\" \/>\n<meta property=\"og:url\" content=\"https:\/\/culturesco.com\/index.php\/2021\/01\/19\/patrick-bard-piero-heliczer-l-arme-du-reve-histoire-d-un-poete-undeground-co-fondateur-du-velvet-undeground\/\" \/>\n<meta property=\"og:site_name\" content=\"Culturesco\" \/>\n<meta property=\"article:publisher\" content=\"https:\/\/www.facebook.com\/radioculturesco\" \/>\n<meta property=\"article:published_time\" content=\"2021-01-19T01:25:49+00:00\" \/>\n<meta property=\"article:modified_time\" content=\"2021-01-19T15:13:19+00:00\" \/>\n<meta property=\"og:image\" content=\"https:\/\/i2.wp.com\/culturesco.com\/wp-content\/uploads\/2021\/01\/Patrick-Bard-Piero-Heliczer-l-Arme-Du-Reve.jpg?fit=600%2C314&ssl=1\" \/>\n\t<meta property=\"og:image:width\" content=\"600\" \/>\n\t<meta property=\"og:image:height\" content=\"314\" \/>\n\t<meta property=\"og:image:type\" content=\"image\/jpeg\" \/>\n<meta name=\"author\" content=\"Patrick Benard\" \/>\n<meta name=\"twitter:card\" content=\"summary_large_image\" \/>\n<meta name=\"twitter:creator\" content=\"@AugusteMarshal\" \/>\n<meta name=\"twitter:site\" content=\"@AugusteMarshal\" \/>\n<meta name=\"twitter:label1\" content=\"\u00c9crit par\" \/>\n\t<meta name=\"twitter:data1\" content=\"Patrick Benard\" \/>\n\t<meta name=\"twitter:label2\" content=\"Dur\u00e9e de lecture estim\u00e9e\" \/>\n\t<meta name=\"twitter:data2\" content=\"3 minutes\" \/>\n<script type=\"application\/ld+json\" class=\"yoast-schema-graph\">{\"@context\":\"https:\\\/\\\/schema.org\",\"@graph\":[{\"@type\":\"Article\",\"@id\":\"https:\\\/\\\/culturesco.com\\\/index.php\\\/2021\\\/01\\\/19\\\/patrick-bard-piero-heliczer-l-arme-du-reve-histoire-d-un-poete-undeground-co-fondateur-du-velvet-undeground\\\/#article\",\"isPartOf\":{\"@id\":\"https:\\\/\\\/culturesco.com\\\/index.php\\\/2021\\\/01\\\/19\\\/patrick-bard-piero-heliczer-l-arme-du-reve-histoire-d-un-poete-undeground-co-fondateur-du-velvet-undeground\\\/\"},\"author\":{\"name\":\"Patrick Benard\",\"@id\":\"https:\\\/\\\/culturesco.com\\\/#\\\/schema\\\/person\\\/c2ddd6724863f3bbd20a8278df0891f3\"},\"headline\":\"Patrick Bard &#8211; Piero Heliczer, l\u2019Arme Du R\u00eave\",\"datePublished\":\"2021-01-19T01:25:49+00:00\",\"dateModified\":\"2021-01-19T15:13:19+00:00\",\"mainEntityOfPage\":{\"@id\":\"https:\\\/\\\/culturesco.com\\\/index.php\\\/2021\\\/01\\\/19\\\/patrick-bard-piero-heliczer-l-arme-du-reve-histoire-d-un-poete-undeground-co-fondateur-du-velvet-undeground\\\/\"},\"wordCount\":601,\"commentCount\":0,\"publisher\":{\"@id\":\"https:\\\/\\\/culturesco.com\\\/#organization\"},\"image\":{\"@id\":\"https:\\\/\\\/culturesco.com\\\/index.php\\\/2021\\\/01\\\/19\\\/patrick-bard-piero-heliczer-l-arme-du-reve-histoire-d-un-poete-undeground-co-fondateur-du-velvet-undeground\\\/#primaryimage\"},\"thumbnailUrl\":\"https:\\\/\\\/i0.wp.com\\\/culturesco.com\\\/wp-content\\\/uploads\\\/2021\\\/01\\\/Patrick-Bard-Piero-Heliczer-l-Arme-Du-Reve.jpg?fit=600%2C314&ssl=1\",\"keywords\":[\"Anecdotes Rock\",\"cin\u00e9ma\",\"histoire du rock\",\"litt\u00e9rature\",\"underground\"],\"articleSection\":[\"Anecdotes rock\",\"Carotte Rock Cultures\",\"Cin\u00e9ma\",\"Citations\",\"Histoire du rock\",\"Litt\u00e9rature\",\"Livre Rock\"],\"inLanguage\":\"fr-FR\",\"potentialAction\":[{\"@type\":\"CommentAction\",\"name\":\"Comment\",\"target\":[\"https:\\\/\\\/culturesco.com\\\/index.php\\\/2021\\\/01\\\/19\\\/patrick-bard-piero-heliczer-l-arme-du-reve-histoire-d-un-poete-undeground-co-fondateur-du-velvet-undeground\\\/#respond\"]}]},{\"@type\":\"WebPage\",\"@id\":\"https:\\\/\\\/culturesco.com\\\/index.php\\\/2021\\\/01\\\/19\\\/patrick-bard-piero-heliczer-l-arme-du-reve-histoire-d-un-poete-undeground-co-fondateur-du-velvet-undeground\\\/\",\"url\":\"https:\\\/\\\/culturesco.com\\\/index.php\\\/2021\\\/01\\\/19\\\/patrick-bard-piero-heliczer-l-arme-du-reve-histoire-d-un-poete-undeground-co-fondateur-du-velvet-undeground\\\/\",\"name\":\"Patrick Bard - Piero Heliczer, l\u2019Arme Du R\u00eave - Culturesco\",\"isPartOf\":{\"@id\":\"https:\\\/\\\/culturesco.com\\\/#website\"},\"primaryImageOfPage\":{\"@id\":\"https:\\\/\\\/culturesco.com\\\/index.php\\\/2021\\\/01\\\/19\\\/patrick-bard-piero-heliczer-l-arme-du-reve-histoire-d-un-poete-undeground-co-fondateur-du-velvet-undeground\\\/#primaryimage\"},\"image\":{\"@id\":\"https:\\\/\\\/culturesco.com\\\/index.php\\\/2021\\\/01\\\/19\\\/patrick-bard-piero-heliczer-l-arme-du-reve-histoire-d-un-poete-undeground-co-fondateur-du-velvet-undeground\\\/#primaryimage\"},\"thumbnailUrl\":\"https:\\\/\\\/i0.wp.com\\\/culturesco.com\\\/wp-content\\\/uploads\\\/2021\\\/01\\\/Patrick-Bard-Piero-Heliczer-l-Arme-Du-Reve.jpg?fit=600%2C314&ssl=1\",\"datePublished\":\"2021-01-19T01:25:49+00:00\",\"dateModified\":\"2021-01-19T15:13:19+00:00\",\"description\":\"CulturesCo | Patrick Bard raconte dans ce livre l'histoire de Piero Heliczer, po\u00e8te italo-am\u00e9ricain co-fondateur du Velvet Undeground\",\"breadcrumb\":{\"@id\":\"https:\\\/\\\/culturesco.com\\\/index.php\\\/2021\\\/01\\\/19\\\/patrick-bard-piero-heliczer-l-arme-du-reve-histoire-d-un-poete-undeground-co-fondateur-du-velvet-undeground\\\/#breadcrumb\"},\"inLanguage\":\"fr-FR\",\"potentialAction\":[{\"@type\":\"ReadAction\",\"target\":[\"https:\\\/\\\/culturesco.com\\\/index.php\\\/2021\\\/01\\\/19\\\/patrick-bard-piero-heliczer-l-arme-du-reve-histoire-d-un-poete-undeground-co-fondateur-du-velvet-undeground\\\/\"]}]},{\"@type\":\"ImageObject\",\"inLanguage\":\"fr-FR\",\"@id\":\"https:\\\/\\\/culturesco.com\\\/index.php\\\/2021\\\/01\\\/19\\\/patrick-bard-piero-heliczer-l-arme-du-reve-histoire-d-un-poete-undeground-co-fondateur-du-velvet-undeground\\\/#primaryimage\",\"url\":\"https:\\\/\\\/i0.wp.com\\\/culturesco.com\\\/wp-content\\\/uploads\\\/2021\\\/01\\\/Patrick-Bard-Piero-Heliczer-l-Arme-Du-Reve.jpg?fit=600%2C314&ssl=1\",\"contentUrl\":\"https:\\\/\\\/i0.wp.com\\\/culturesco.com\\\/wp-content\\\/uploads\\\/2021\\\/01\\\/Patrick-Bard-Piero-Heliczer-l-Arme-Du-Reve.jpg?fit=600%2C314&ssl=1\",\"width\":600,\"height\":314,\"caption\":\"Patrick Bard - Piero Heliczer, l\u2019Arme Du R\u00eave\"},{\"@type\":\"BreadcrumbList\",\"@id\":\"https:\\\/\\\/culturesco.com\\\/index.php\\\/2021\\\/01\\\/19\\\/patrick-bard-piero-heliczer-l-arme-du-reve-histoire-d-un-poete-undeground-co-fondateur-du-velvet-undeground\\\/#breadcrumb\",\"itemListElement\":[{\"@type\":\"ListItem\",\"position\":1,\"name\":\"Accueil\",\"item\":\"https:\\\/\\\/culturesco.com\\\/\"},{\"@type\":\"ListItem\",\"position\":2,\"name\":\"Patrick Bard &#8211; Piero Heliczer, l\u2019Arme Du R\u00eave\"}]},{\"@type\":\"WebSite\",\"@id\":\"https:\\\/\\\/culturesco.com\\\/#website\",\"url\":\"https:\\\/\\\/culturesco.com\\\/\",\"name\":\"Culturesco\",\"description\":\"Culturesco | Un bon coup de pied dans ta Culture\",\"publisher\":{\"@id\":\"https:\\\/\\\/culturesco.com\\\/#organization\"},\"potentialAction\":[{\"@type\":\"SearchAction\",\"target\":{\"@type\":\"EntryPoint\",\"urlTemplate\":\"https:\\\/\\\/culturesco.com\\\/?s={search_term_string}\"},\"query-input\":{\"@type\":\"PropertyValueSpecification\",\"valueRequired\":true,\"valueName\":\"search_term_string\"}}],\"inLanguage\":\"fr-FR\"},{\"@type\":\"Organization\",\"@id\":\"https:\\\/\\\/culturesco.com\\\/#organization\",\"name\":\"CULTURESCO\",\"url\":\"https:\\\/\\\/culturesco.com\\\/\",\"logo\":{\"@type\":\"ImageObject\",\"inLanguage\":\"fr-FR\",\"@id\":\"https:\\\/\\\/culturesco.com\\\/#\\\/schema\\\/logo\\\/image\\\/\",\"url\":\"https:\\\/\\\/i0.wp.com\\\/culturesco.com\\\/wp-content\\\/uploads\\\/2022\\\/04\\\/culturesco-logo-blanc250p.png?fit=250%2C250&ssl=1\",\"contentUrl\":\"https:\\\/\\\/i0.wp.com\\\/culturesco.com\\\/wp-content\\\/uploads\\\/2022\\\/04\\\/culturesco-logo-blanc250p.png?fit=250%2C250&ssl=1\",\"width\":250,\"height\":250,\"caption\":\"CULTURESCO\"},\"image\":{\"@id\":\"https:\\\/\\\/culturesco.com\\\/#\\\/schema\\\/logo\\\/image\\\/\"},\"sameAs\":[\"https:\\\/\\\/www.facebook.com\\\/radioculturesco\",\"https:\\\/\\\/x.com\\\/AugusteMarshal\",\"https:\\\/\\\/www.instagram.com\\\/carotte_rock_culture\\\/\",\"https:\\\/\\\/www.pinterest.fr\\\/augustemarshal\\\/\",\"https:\\\/\\\/www.youtube.com\\\/channel\\\/UCiWLGffqWSXlNnfzp6YwwyQ\"]},{\"@type\":\"Person\",\"@id\":\"https:\\\/\\\/culturesco.com\\\/#\\\/schema\\\/person\\\/c2ddd6724863f3bbd20a8278df0891f3\",\"name\":\"Patrick Benard\",\"image\":{\"@type\":\"ImageObject\",\"inLanguage\":\"fr-FR\",\"@id\":\"https:\\\/\\\/i0.wp.com\\\/culturesco.com\\\/wp-content\\\/uploads\\\/2019\\\/02\\\/patrick-benard-2.jpg?fit=90%2C96&ssl=1\",\"url\":\"https:\\\/\\\/i0.wp.com\\\/culturesco.com\\\/wp-content\\\/uploads\\\/2019\\\/02\\\/patrick-benard-2.jpg?fit=90%2C96&ssl=1\",\"contentUrl\":\"https:\\\/\\\/i0.wp.com\\\/culturesco.com\\\/wp-content\\\/uploads\\\/2019\\\/02\\\/patrick-benard-2.jpg?fit=90%2C96&ssl=1\",\"caption\":\"Patrick Benard\"},\"description\":\"Ecrivain, chroniqueur, animateur radio, cr\u00e9ateur de la revue \u00ab Cin\u00e9manie \u00bb, autour du cin\u00e9ma dit d\u2019art et d\u2019essai, sp\u00e9cialiste du groupe The Cure, archiviste... 2020 : \\\"Le Post Rock\\\" essai sur le post rock de Mogwa\u00ef \u00e0 Godspeed You Black Emperor - Camion Blanc 2014 : \u00ab On the rocks \u2013le rock de 2007 \u00e0 2014 \u00bb chroniques livres et cd rocks, interviews \u2013Editions Vaillant 2010 : \u00ab Dans la T\u00eate de Robert Smith \u00bb, roman fiction autour de l\u2019histoire des Cure et de Robert Smith \u2013 Edilivres 2007 : \u00ab Chroniques Fr\u00e9n\u00e9tiques, une histoire intime du rock \u00bb, roman, prix Technikart. 2001 : \u00ab Les Iles du D\u00e9sert \u00bb, polar autour du rock \u2013 Editions Nykta\",\"url\":\"https:\\\/\\\/culturesco.com\\\/index.php\\\/author\\\/patrick-benard89\\\/\"}]}<\/script>\n<!-- \/ Yoast SEO plugin. -->","yoast_head_json":{"title":"Patrick Bard - Piero Heliczer, l\u2019Arme Du R\u00eave - Culturesco","description":"CulturesCo | Patrick Bard raconte dans ce livre l'histoire de Piero Heliczer, po\u00e8te italo-am\u00e9ricain co-fondateur du Velvet Undeground","robots":{"index":"index","follow":"follow","max-snippet":"max-snippet:-1","max-image-preview":"max-image-preview:large","max-video-preview":"max-video-preview:-1"},"canonical":"https:\/\/culturesco.com\/index.php\/2021\/01\/19\/patrick-bard-piero-heliczer-l-arme-du-reve-histoire-d-un-poete-undeground-co-fondateur-du-velvet-undeground\/","og_locale":"fr_FR","og_type":"article","og_title":"Patrick Bard - Piero Heliczer, l\u2019Arme Du R\u00eave - Culturesco","og_description":"CulturesCo | Patrick Bard raconte dans ce livre l'histoire de Piero Heliczer, po\u00e8te italo-am\u00e9ricain co-fondateur du Velvet Undeground","og_url":"https:\/\/culturesco.com\/index.php\/2021\/01\/19\/patrick-bard-piero-heliczer-l-arme-du-reve-histoire-d-un-poete-undeground-co-fondateur-du-velvet-undeground\/","og_site_name":"Culturesco","article_publisher":"https:\/\/www.facebook.com\/radioculturesco","article_published_time":"2021-01-19T01:25:49+00:00","article_modified_time":"2021-01-19T15:13:19+00:00","og_image":[{"width":600,"height":314,"url":"https:\/\/i2.wp.com\/culturesco.com\/wp-content\/uploads\/2021\/01\/Patrick-Bard-Piero-Heliczer-l-Arme-Du-Reve.jpg?fit=600%2C314&ssl=1","type":"image\/jpeg"}],"author":"Patrick Benard","twitter_card":"summary_large_image","twitter_creator":"@AugusteMarshal","twitter_site":"@AugusteMarshal","twitter_misc":{"\u00c9crit par":"Patrick Benard","Dur\u00e9e de lecture estim\u00e9e":"3 minutes"},"schema":{"@context":"https:\/\/schema.org","@graph":[{"@type":"Article","@id":"https:\/\/culturesco.com\/index.php\/2021\/01\/19\/patrick-bard-piero-heliczer-l-arme-du-reve-histoire-d-un-poete-undeground-co-fondateur-du-velvet-undeground\/#article","isPartOf":{"@id":"https:\/\/culturesco.com\/index.php\/2021\/01\/19\/patrick-bard-piero-heliczer-l-arme-du-reve-histoire-d-un-poete-undeground-co-fondateur-du-velvet-undeground\/"},"author":{"name":"Patrick Benard","@id":"https:\/\/culturesco.com\/#\/schema\/person\/c2ddd6724863f3bbd20a8278df0891f3"},"headline":"Patrick Bard &#8211; Piero Heliczer, l\u2019Arme Du R\u00eave","datePublished":"2021-01-19T01:25:49+00:00","dateModified":"2021-01-19T15:13:19+00:00","mainEntityOfPage":{"@id":"https:\/\/culturesco.com\/index.php\/2021\/01\/19\/patrick-bard-piero-heliczer-l-arme-du-reve-histoire-d-un-poete-undeground-co-fondateur-du-velvet-undeground\/"},"wordCount":601,"commentCount":0,"publisher":{"@id":"https:\/\/culturesco.com\/#organization"},"image":{"@id":"https:\/\/culturesco.com\/index.php\/2021\/01\/19\/patrick-bard-piero-heliczer-l-arme-du-reve-histoire-d-un-poete-undeground-co-fondateur-du-velvet-undeground\/#primaryimage"},"thumbnailUrl":"https:\/\/i0.wp.com\/culturesco.com\/wp-content\/uploads\/2021\/01\/Patrick-Bard-Piero-Heliczer-l-Arme-Du-Reve.jpg?fit=600%2C314&ssl=1","keywords":["Anecdotes Rock","cin\u00e9ma","histoire du rock","litt\u00e9rature","underground"],"articleSection":["Anecdotes rock","Carotte Rock Cultures","Cin\u00e9ma","Citations","Histoire du rock","Litt\u00e9rature","Livre Rock"],"inLanguage":"fr-FR","potentialAction":[{"@type":"CommentAction","name":"Comment","target":["https:\/\/culturesco.com\/index.php\/2021\/01\/19\/patrick-bard-piero-heliczer-l-arme-du-reve-histoire-d-un-poete-undeground-co-fondateur-du-velvet-undeground\/#respond"]}]},{"@type":"WebPage","@id":"https:\/\/culturesco.com\/index.php\/2021\/01\/19\/patrick-bard-piero-heliczer-l-arme-du-reve-histoire-d-un-poete-undeground-co-fondateur-du-velvet-undeground\/","url":"https:\/\/culturesco.com\/index.php\/2021\/01\/19\/patrick-bard-piero-heliczer-l-arme-du-reve-histoire-d-un-poete-undeground-co-fondateur-du-velvet-undeground\/","name":"Patrick Bard - Piero Heliczer, l\u2019Arme Du R\u00eave - Culturesco","isPartOf":{"@id":"https:\/\/culturesco.com\/#website"},"primaryImageOfPage":{"@id":"https:\/\/culturesco.com\/index.php\/2021\/01\/19\/patrick-bard-piero-heliczer-l-arme-du-reve-histoire-d-un-poete-undeground-co-fondateur-du-velvet-undeground\/#primaryimage"},"image":{"@id":"https:\/\/culturesco.com\/index.php\/2021\/01\/19\/patrick-bard-piero-heliczer-l-arme-du-reve-histoire-d-un-poete-undeground-co-fondateur-du-velvet-undeground\/#primaryimage"},"thumbnailUrl":"https:\/\/i0.wp.com\/culturesco.com\/wp-content\/uploads\/2021\/01\/Patrick-Bard-Piero-Heliczer-l-Arme-Du-Reve.jpg?fit=600%2C314&ssl=1","datePublished":"2021-01-19T01:25:49+00:00","dateModified":"2021-01-19T15:13:19+00:00","description":"CulturesCo | Patrick Bard raconte dans ce livre l'histoire de Piero Heliczer, po\u00e8te italo-am\u00e9ricain co-fondateur du Velvet Undeground","breadcrumb":{"@id":"https:\/\/culturesco.com\/index.php\/2021\/01\/19\/patrick-bard-piero-heliczer-l-arme-du-reve-histoire-d-un-poete-undeground-co-fondateur-du-velvet-undeground\/#breadcrumb"},"inLanguage":"fr-FR","potentialAction":[{"@type":"ReadAction","target":["https:\/\/culturesco.com\/index.php\/2021\/01\/19\/patrick-bard-piero-heliczer-l-arme-du-reve-histoire-d-un-poete-undeground-co-fondateur-du-velvet-undeground\/"]}]},{"@type":"ImageObject","inLanguage":"fr-FR","@id":"https:\/\/culturesco.com\/index.php\/2021\/01\/19\/patrick-bard-piero-heliczer-l-arme-du-reve-histoire-d-un-poete-undeground-co-fondateur-du-velvet-undeground\/#primaryimage","url":"https:\/\/i0.wp.com\/culturesco.com\/wp-content\/uploads\/2021\/01\/Patrick-Bard-Piero-Heliczer-l-Arme-Du-Reve.jpg?fit=600%2C314&ssl=1","contentUrl":"https:\/\/i0.wp.com\/culturesco.com\/wp-content\/uploads\/2021\/01\/Patrick-Bard-Piero-Heliczer-l-Arme-Du-Reve.jpg?fit=600%2C314&ssl=1","width":600,"height":314,"caption":"Patrick Bard - Piero Heliczer, l\u2019Arme Du R\u00eave"},{"@type":"BreadcrumbList","@id":"https:\/\/culturesco.com\/index.php\/2021\/01\/19\/patrick-bard-piero-heliczer-l-arme-du-reve-histoire-d-un-poete-undeground-co-fondateur-du-velvet-undeground\/#breadcrumb","itemListElement":[{"@type":"ListItem","position":1,"name":"Accueil","item":"https:\/\/culturesco.com\/"},{"@type":"ListItem","position":2,"name":"Patrick Bard &#8211; Piero Heliczer, l\u2019Arme Du R\u00eave"}]},{"@type":"WebSite","@id":"https:\/\/culturesco.com\/#website","url":"https:\/\/culturesco.com\/","name":"Culturesco","description":"Culturesco | Un bon coup de pied dans ta Culture","publisher":{"@id":"https:\/\/culturesco.com\/#organization"},"potentialAction":[{"@type":"SearchAction","target":{"@type":"EntryPoint","urlTemplate":"https:\/\/culturesco.com\/?s={search_term_string}"},"query-input":{"@type":"PropertyValueSpecification","valueRequired":true,"valueName":"search_term_string"}}],"inLanguage":"fr-FR"},{"@type":"Organization","@id":"https:\/\/culturesco.com\/#organization","name":"CULTURESCO","url":"https:\/\/culturesco.com\/","logo":{"@type":"ImageObject","inLanguage":"fr-FR","@id":"https:\/\/culturesco.com\/#\/schema\/logo\/image\/","url":"https:\/\/i0.wp.com\/culturesco.com\/wp-content\/uploads\/2022\/04\/culturesco-logo-blanc250p.png?fit=250%2C250&ssl=1","contentUrl":"https:\/\/i0.wp.com\/culturesco.com\/wp-content\/uploads\/2022\/04\/culturesco-logo-blanc250p.png?fit=250%2C250&ssl=1","width":250,"height":250,"caption":"CULTURESCO"},"image":{"@id":"https:\/\/culturesco.com\/#\/schema\/logo\/image\/"},"sameAs":["https:\/\/www.facebook.com\/radioculturesco","https:\/\/x.com\/AugusteMarshal","https:\/\/www.instagram.com\/carotte_rock_culture\/","https:\/\/www.pinterest.fr\/augustemarshal\/","https:\/\/www.youtube.com\/channel\/UCiWLGffqWSXlNnfzp6YwwyQ"]},{"@type":"Person","@id":"https:\/\/culturesco.com\/#\/schema\/person\/c2ddd6724863f3bbd20a8278df0891f3","name":"Patrick Benard","image":{"@type":"ImageObject","inLanguage":"fr-FR","@id":"https:\/\/i0.wp.com\/culturesco.com\/wp-content\/uploads\/2019\/02\/patrick-benard-2.jpg?fit=90%2C96&ssl=1","url":"https:\/\/i0.wp.com\/culturesco.com\/wp-content\/uploads\/2019\/02\/patrick-benard-2.jpg?fit=90%2C96&ssl=1","contentUrl":"https:\/\/i0.wp.com\/culturesco.com\/wp-content\/uploads\/2019\/02\/patrick-benard-2.jpg?fit=90%2C96&ssl=1","caption":"Patrick Benard"},"description":"Ecrivain, chroniqueur, animateur radio, cr\u00e9ateur de la revue \u00ab Cin\u00e9manie \u00bb, autour du cin\u00e9ma dit d\u2019art et d\u2019essai, sp\u00e9cialiste du groupe The Cure, archiviste... 2020 : \"Le Post Rock\" essai sur le post rock de Mogwa\u00ef \u00e0 Godspeed You Black Emperor - Camion Blanc 2014 : \u00ab On the rocks \u2013le rock de 2007 \u00e0 2014 \u00bb chroniques livres et cd rocks, interviews \u2013Editions Vaillant 2010 : \u00ab Dans la T\u00eate de Robert Smith \u00bb, roman fiction autour de l\u2019histoire des Cure et de Robert Smith \u2013 Edilivres 2007 : \u00ab Chroniques Fr\u00e9n\u00e9tiques, une histoire intime du rock \u00bb, roman, prix Technikart. 2001 : \u00ab Les Iles du D\u00e9sert \u00bb, polar autour du rock \u2013 Editions Nykta","url":"https:\/\/culturesco.com\/index.php\/author\/patrick-benard89\/"}]}},"jetpack_featured_media_url":"https:\/\/i0.wp.com\/culturesco.com\/wp-content\/uploads\/2021\/01\/Patrick-Bard-Piero-Heliczer-l-Arme-Du-Reve.jpg?fit=600%2C314&ssl=1","jetpack_likes_enabled":true,"jetpack_sharing_enabled":true,"jetpack_shortlink":"https:\/\/wp.me\/paz89I-3rc","_links":{"self":[{"href":"https:\/\/culturesco.com\/index.php\/wp-json\/wp\/v2\/posts\/13218","targetHints":{"allow":["GET"]}}],"collection":[{"href":"https:\/\/culturesco.com\/index.php\/wp-json\/wp\/v2\/posts"}],"about":[{"href":"https:\/\/culturesco.com\/index.php\/wp-json\/wp\/v2\/types\/post"}],"author":[{"embeddable":true,"href":"https:\/\/culturesco.com\/index.php\/wp-json\/wp\/v2\/users\/4"}],"replies":[{"embeddable":true,"href":"https:\/\/culturesco.com\/index.php\/wp-json\/wp\/v2\/comments?post=13218"}],"version-history":[{"count":0,"href":"https:\/\/culturesco.com\/index.php\/wp-json\/wp\/v2\/posts\/13218\/revisions"}],"wp:featuredmedia":[{"embeddable":true,"href":"https:\/\/culturesco.com\/index.php\/wp-json\/wp\/v2\/media\/13224"}],"wp:attachment":[{"href":"https:\/\/culturesco.com\/index.php\/wp-json\/wp\/v2\/media?parent=13218"}],"wp:term":[{"taxonomy":"category","embeddable":true,"href":"https:\/\/culturesco.com\/index.php\/wp-json\/wp\/v2\/categories?post=13218"},{"taxonomy":"post_tag","embeddable":true,"href":"https:\/\/culturesco.com\/index.php\/wp-json\/wp\/v2\/tags?post=13218"}],"curies":[{"name":"wp","href":"https:\/\/api.w.org\/{rel}","templated":true}]}}