{"id":13166,"date":"2021-01-16T01:38:28","date_gmt":"2021-01-16T00:38:28","guid":{"rendered":"https:\/\/culturesco.com\/?p=13166"},"modified":"2021-01-16T19:19:14","modified_gmt":"2021-01-16T18:19:14","slug":"clarys-de-la-blues-pj-harvey","status":"publish","type":"post","link":"https:\/\/culturesco.com\/index.php\/2021\/01\/16\/clarys-de-la-blues-pj-harvey\/","title":{"rendered":"Clarys &#8211; De L\u00e0"},"content":{"rendered":"<h2 style=\"text-align: justify;\"><strong><em>De L\u00e0 <\/em><\/strong>vient le talent<\/h2>\n<figure id=\"attachment_13167\" aria-describedby=\"caption-attachment-13167\" style=\"width: 300px\" class=\"wp-caption aligncenter\"><a href=\"https:\/\/i0.wp.com\/culturesco.com\/wp-content\/uploads\/2021\/01\/Clarys.jpeg?ssl=1\"><img data-recalc-dims=\"1\" loading=\"lazy\" decoding=\"async\" class=\"size-medium wp-image-13167\" src=\"https:\/\/i0.wp.com\/culturesco.com\/wp-content\/uploads\/2021\/01\/Clarys.jpeg?resize=300%2C266&#038;ssl=1\" alt=\"Clarys - De L\u00e0\" width=\"300\" height=\"266\" srcset=\"https:\/\/i0.wp.com\/culturesco.com\/wp-content\/uploads\/2021\/01\/Clarys.jpeg?resize=300%2C266&amp;ssl=1 300w, https:\/\/i0.wp.com\/culturesco.com\/wp-content\/uploads\/2021\/01\/Clarys.jpeg?w=409&amp;ssl=1 409w\" sizes=\"auto, (max-width: 300px) 100vw, 300px\" \/><\/a><figcaption id=\"caption-attachment-13167\" class=\"wp-caption-text\">Clarys &#8211; De L\u00e0<\/figcaption><\/figure>\n<h3 style=\"text-align: justify;\">Au-del\u00e0 vient le succ\u00e8s<\/h3>\n<p style=\"text-align: justify;\"><strong>Clarys<\/strong> sort son premier v\u00e9ritable album apr\u00e8s un <strong>EP 4 titres<\/strong> et <strong>un titre sur une compilation d\u00e9di\u00e9e \u00e0 Buzy<\/strong>. La collusion d\u2019ailleurs n\u2019est pas un hasard, forc\u00e9ment, et on la voit bien figurer dans cette chanteuse qui savait magner la cravache et le massage.<\/p>\n<h3><em>Clarys &#8211; La Temp\u00eate<\/em><\/h3>\n<div class=\"youtube-embed\" data-video_id=\"CziBsqDVAhk\"><iframe loading=\"lazy\" title=\"CLARYS - La temp\u00eate (Clip officiel)\" width=\"696\" height=\"392\" src=\"https:\/\/www.youtube.com\/embed\/CziBsqDVAhk\" frameborder=\"0\" allow=\"accelerometer; autoplay; clipboard-write; encrypted-media; gyroscope; picture-in-picture; web-share\" referrerpolicy=\"strict-origin-when-cross-origin\" allowfullscreen><\/iframe><\/div>\n<p style=\"text-align: justify;\">La voici qui s\u2019inscrit donc dans un secteur tr\u00e8s int\u00e9ressant o\u00f9 oscillent de la douceur <strong>\u00ab\u00a0De L\u00e0\u00a0\u00bb<\/strong>, titre \u00e9ponyme qui ouvre l\u2019opus \u00e0 <strong>\u00ab\u00a0La Temp\u00eate\u00a0\u00bb<\/strong> qui suit imm\u00e9diatement o\u00f9 la guitare se fait nerveuse \u00e0 la fa\u00e7on d\u2019une <strong>P.J. Harvey<\/strong> des d\u00e9buts. On tient l\u00e0 l\u2019ensemble des huit titres qui se succ\u00e8dent (donc dix en tout, hein, si vous suivez\u00a0?). On retient <strong><em>De L\u00e0<\/em> \u00ab\u00a0Le D\u00e9sert\u00a0\u00bb<\/strong>, f\u00e9roce et carnassier, suivi de <strong>\u00ab\u00a0Les Lueurs\u00a0\u00bb<\/strong>, un blues \u00e0 se damner.<\/p>\n<p style=\"text-align: justify;\">Last but not least, comme on dit du c\u00f4t\u00e9 de la nouvelle fronti\u00e8re Outre-Manche, appara\u00eet la voix rauque de <strong>Peter Milton Walsh<\/strong> (<strong>The Apartments<\/strong>, rien que \u00e7\u00e0\u00a0!) sur <strong>\u00ab\u00a0Un Moment Sans R\u00e9pondre\u00a0\u00bb<\/strong> o\u00f9 celui-ci chante en Fran\u00e7ais, s\u2019il vous plait, suivi d\u2019un bel instrumental, <strong>\u00ab\u00a0Memento Mori\u00a0\u00bb<\/strong>, comme un au revoir mais surtout pas un adieu. Bref, on attend la suite, si la pand\u00e9mie ne la mange pas.<\/p>\n<h3><em>Clarys &#8211; Le D\u00e9sert<\/em><\/h3>\n<div class=\"youtube-embed\" data-video_id=\"VGlkR2hDXic\"><iframe loading=\"lazy\" title=\"Le d\u00e9sert\" width=\"696\" height=\"522\" src=\"https:\/\/www.youtube.com\/embed\/VGlkR2hDXic\" frameborder=\"0\" allow=\"accelerometer; autoplay; clipboard-write; encrypted-media; gyroscope; picture-in-picture; web-share\" referrerpolicy=\"strict-origin-when-cross-origin\" allowfullscreen><\/iframe><\/div>\n<p style=\"text-align: justify;\"><strong>Clarys &#8211; De L\u00e0<\/strong><\/p>\n<p style=\"text-align: justify;\">Microcultures<\/p>\n<p style=\"text-align: justify;\"><strong>Patrick B\u00e9nard<\/strong><\/p>\n","protected":false},"excerpt":{"rendered":"<p>De L\u00e0 vient le talent Au-del\u00e0 vient le succ\u00e8s Clarys sort son premier v\u00e9ritable album apr\u00e8s un EP 4 titres et un titre sur une compilation d\u00e9di\u00e9e \u00e0 Buzy. La collusion d\u2019ailleurs n\u2019est pas un hasard, forc\u00e9ment, et on la voit bien figurer dans cette chanteuse qui savait magner la cravache et le massage. Clarys [&hellip;]<\/p>\n","protected":false},"author":4,"featured_media":13178,"comment_status":"open","ping_status":"open","sticky":false,"template":"","format":"image","meta":{"jetpack_post_was_ever_published":false,"tdm_status":"","tdm_grid_status":"","_jetpack_newsletter_access":"","_jetpack_dont_email_post_to_subs":false,"_jetpack_newsletter_tier_id":0,"_jetpack_memberships_contains_paywalled_content":false,"_jetpack_memberships_contains_paid_content":false,"footnotes":""},"categories":[30],"tags":[37,40,12020,51,14037],"class_list":{"0":"post-13166","1":"post","2":"type-post","3":"status-publish","4":"format-image","5":"has-post-thumbnail","7":"category-albums-rock","8":"tag-album-rock","9":"tag-chanson-francaise","10":"tag-chanteuse","11":"tag-rock-francais","12":"tag-voix-et-guitare","13":"post_format-post-format-image"},"yoast_head":"<!-- This site is optimized with the Yoast SEO plugin v27.5 - https:\/\/yoast.com\/product\/yoast-seo-wordpress\/ -->\n<title>Clarys - De L\u00e0 - Culturesco Doux, blues et carnassier<\/title>\n<meta name=\"description\" content=\"CulturesCo | Clarys offre son premier Long M\u00e9trage, un Lp tout de sensibilit\u00e9, teint\u00e9 de blues \u00e0 l&#039;os et carnassier - Lign\u00e9e PJ Harvey\" \/>\n<meta name=\"robots\" content=\"index, follow, max-snippet:-1, max-image-preview:large, max-video-preview:-1\" \/>\n<link rel=\"canonical\" href=\"https:\/\/culturesco.com\/index.php\/2021\/01\/16\/clarys-de-la-blues-pj-harvey\/\" \/>\n<meta property=\"og:locale\" content=\"fr_FR\" \/>\n<meta property=\"og:type\" content=\"article\" \/>\n<meta property=\"og:title\" content=\"Clarys - De L\u00e0 - Culturesco Doux, blues et carnassier\" \/>\n<meta property=\"og:description\" content=\"CulturesCo | Clarys offre son premier Long M\u00e9trage, un Lp tout de sensibilit\u00e9, teint\u00e9 de blues \u00e0 l&#039;os et carnassier - Lign\u00e9e PJ Harvey\" \/>\n<meta property=\"og:url\" content=\"https:\/\/culturesco.com\/index.php\/2021\/01\/16\/clarys-de-la-blues-pj-harvey\/\" \/>\n<meta property=\"og:site_name\" content=\"Culturesco\" \/>\n<meta property=\"article:publisher\" content=\"https:\/\/www.facebook.com\/radioculturesco\" \/>\n<meta property=\"article:published_time\" content=\"2021-01-16T00:38:28+00:00\" \/>\n<meta property=\"article:modified_time\" content=\"2021-01-16T18:19:14+00:00\" \/>\n<meta property=\"og:image\" content=\"https:\/\/i1.wp.com\/culturesco.com\/wp-content\/uploads\/2021\/01\/Clarys-De-La.jpg?fit=600%2C370&ssl=1\" \/>\n\t<meta property=\"og:image:width\" content=\"600\" \/>\n\t<meta property=\"og:image:height\" content=\"370\" \/>\n\t<meta property=\"og:image:type\" content=\"image\/jpeg\" \/>\n<meta name=\"author\" content=\"Patrick Benard\" \/>\n<meta name=\"twitter:card\" content=\"summary_large_image\" \/>\n<meta name=\"twitter:creator\" content=\"@AugusteMarshal\" \/>\n<meta name=\"twitter:site\" content=\"@AugusteMarshal\" \/>\n<meta name=\"twitter:label1\" content=\"\u00c9crit par\" \/>\n\t<meta name=\"twitter:data1\" content=\"Patrick Benard\" \/>\n\t<meta name=\"twitter:label2\" content=\"Dur\u00e9e de lecture estim\u00e9e\" \/>\n\t<meta name=\"twitter:data2\" content=\"1 minute\" \/>\n<script type=\"application\/ld+json\" class=\"yoast-schema-graph\">{\"@context\":\"https:\\\/\\\/schema.org\",\"@graph\":[{\"@type\":\"Article\",\"@id\":\"https:\\\/\\\/culturesco.com\\\/index.php\\\/2021\\\/01\\\/16\\\/clarys-de-la-blues-pj-harvey\\\/#article\",\"isPartOf\":{\"@id\":\"https:\\\/\\\/culturesco.com\\\/index.php\\\/2021\\\/01\\\/16\\\/clarys-de-la-blues-pj-harvey\\\/\"},\"author\":{\"name\":\"Patrick Benard\",\"@id\":\"https:\\\/\\\/culturesco.com\\\/#\\\/schema\\\/person\\\/c2ddd6724863f3bbd20a8278df0891f3\"},\"headline\":\"Clarys &#8211; De L\u00e0\",\"datePublished\":\"2021-01-16T00:38:28+00:00\",\"dateModified\":\"2021-01-16T18:19:14+00:00\",\"mainEntityOfPage\":{\"@id\":\"https:\\\/\\\/culturesco.com\\\/index.php\\\/2021\\\/01\\\/16\\\/clarys-de-la-blues-pj-harvey\\\/\"},\"wordCount\":271,\"commentCount\":0,\"publisher\":{\"@id\":\"https:\\\/\\\/culturesco.com\\\/#organization\"},\"image\":{\"@id\":\"https:\\\/\\\/culturesco.com\\\/index.php\\\/2021\\\/01\\\/16\\\/clarys-de-la-blues-pj-harvey\\\/#primaryimage\"},\"thumbnailUrl\":\"https:\\\/\\\/i0.wp.com\\\/culturesco.com\\\/wp-content\\\/uploads\\\/2021\\\/01\\\/Clarys-De-La.jpg?fit=600%2C370&ssl=1\",\"keywords\":[\"album rock\",\"chanson fran\u00e7aise\",\"chanteuse\",\"Rock fran\u00e7ais\",\"voix et guitare\"],\"articleSection\":[\"Albums rock\"],\"inLanguage\":\"fr-FR\",\"potentialAction\":[{\"@type\":\"CommentAction\",\"name\":\"Comment\",\"target\":[\"https:\\\/\\\/culturesco.com\\\/index.php\\\/2021\\\/01\\\/16\\\/clarys-de-la-blues-pj-harvey\\\/#respond\"]}]},{\"@type\":\"WebPage\",\"@id\":\"https:\\\/\\\/culturesco.com\\\/index.php\\\/2021\\\/01\\\/16\\\/clarys-de-la-blues-pj-harvey\\\/\",\"url\":\"https:\\\/\\\/culturesco.com\\\/index.php\\\/2021\\\/01\\\/16\\\/clarys-de-la-blues-pj-harvey\\\/\",\"name\":\"Clarys - De L\u00e0 - Culturesco Doux, blues et carnassier\",\"isPartOf\":{\"@id\":\"https:\\\/\\\/culturesco.com\\\/#website\"},\"primaryImageOfPage\":{\"@id\":\"https:\\\/\\\/culturesco.com\\\/index.php\\\/2021\\\/01\\\/16\\\/clarys-de-la-blues-pj-harvey\\\/#primaryimage\"},\"image\":{\"@id\":\"https:\\\/\\\/culturesco.com\\\/index.php\\\/2021\\\/01\\\/16\\\/clarys-de-la-blues-pj-harvey\\\/#primaryimage\"},\"thumbnailUrl\":\"https:\\\/\\\/i0.wp.com\\\/culturesco.com\\\/wp-content\\\/uploads\\\/2021\\\/01\\\/Clarys-De-La.jpg?fit=600%2C370&ssl=1\",\"datePublished\":\"2021-01-16T00:38:28+00:00\",\"dateModified\":\"2021-01-16T18:19:14+00:00\",\"description\":\"CulturesCo | Clarys offre son premier Long M\u00e9trage, un Lp tout de sensibilit\u00e9, teint\u00e9 de blues \u00e0 l'os et carnassier - Lign\u00e9e PJ Harvey\",\"breadcrumb\":{\"@id\":\"https:\\\/\\\/culturesco.com\\\/index.php\\\/2021\\\/01\\\/16\\\/clarys-de-la-blues-pj-harvey\\\/#breadcrumb\"},\"inLanguage\":\"fr-FR\",\"potentialAction\":[{\"@type\":\"ReadAction\",\"target\":[\"https:\\\/\\\/culturesco.com\\\/index.php\\\/2021\\\/01\\\/16\\\/clarys-de-la-blues-pj-harvey\\\/\"]}]},{\"@type\":\"ImageObject\",\"inLanguage\":\"fr-FR\",\"@id\":\"https:\\\/\\\/culturesco.com\\\/index.php\\\/2021\\\/01\\\/16\\\/clarys-de-la-blues-pj-harvey\\\/#primaryimage\",\"url\":\"https:\\\/\\\/i0.wp.com\\\/culturesco.com\\\/wp-content\\\/uploads\\\/2021\\\/01\\\/Clarys-De-La.jpg?fit=600%2C370&ssl=1\",\"contentUrl\":\"https:\\\/\\\/i0.wp.com\\\/culturesco.com\\\/wp-content\\\/uploads\\\/2021\\\/01\\\/Clarys-De-La.jpg?fit=600%2C370&ssl=1\",\"width\":600,\"height\":370,\"caption\":\"Clarys\"},{\"@type\":\"BreadcrumbList\",\"@id\":\"https:\\\/\\\/culturesco.com\\\/index.php\\\/2021\\\/01\\\/16\\\/clarys-de-la-blues-pj-harvey\\\/#breadcrumb\",\"itemListElement\":[{\"@type\":\"ListItem\",\"position\":1,\"name\":\"Accueil\",\"item\":\"https:\\\/\\\/culturesco.com\\\/\"},{\"@type\":\"ListItem\",\"position\":2,\"name\":\"Clarys &#8211; De L\u00e0\"}]},{\"@type\":\"WebSite\",\"@id\":\"https:\\\/\\\/culturesco.com\\\/#website\",\"url\":\"https:\\\/\\\/culturesco.com\\\/\",\"name\":\"Culturesco\",\"description\":\"Culturesco | Un bon coup de pied dans ta Culture\",\"publisher\":{\"@id\":\"https:\\\/\\\/culturesco.com\\\/#organization\"},\"potentialAction\":[{\"@type\":\"SearchAction\",\"target\":{\"@type\":\"EntryPoint\",\"urlTemplate\":\"https:\\\/\\\/culturesco.com\\\/?s={search_term_string}\"},\"query-input\":{\"@type\":\"PropertyValueSpecification\",\"valueRequired\":true,\"valueName\":\"search_term_string\"}}],\"inLanguage\":\"fr-FR\"},{\"@type\":\"Organization\",\"@id\":\"https:\\\/\\\/culturesco.com\\\/#organization\",\"name\":\"CULTURESCO\",\"url\":\"https:\\\/\\\/culturesco.com\\\/\",\"logo\":{\"@type\":\"ImageObject\",\"inLanguage\":\"fr-FR\",\"@id\":\"https:\\\/\\\/culturesco.com\\\/#\\\/schema\\\/logo\\\/image\\\/\",\"url\":\"https:\\\/\\\/i0.wp.com\\\/culturesco.com\\\/wp-content\\\/uploads\\\/2022\\\/04\\\/culturesco-logo-blanc250p.png?fit=250%2C250&ssl=1\",\"contentUrl\":\"https:\\\/\\\/i0.wp.com\\\/culturesco.com\\\/wp-content\\\/uploads\\\/2022\\\/04\\\/culturesco-logo-blanc250p.png?fit=250%2C250&ssl=1\",\"width\":250,\"height\":250,\"caption\":\"CULTURESCO\"},\"image\":{\"@id\":\"https:\\\/\\\/culturesco.com\\\/#\\\/schema\\\/logo\\\/image\\\/\"},\"sameAs\":[\"https:\\\/\\\/www.facebook.com\\\/radioculturesco\",\"https:\\\/\\\/x.com\\\/AugusteMarshal\",\"https:\\\/\\\/www.instagram.com\\\/carotte_rock_culture\\\/\",\"https:\\\/\\\/www.pinterest.fr\\\/augustemarshal\\\/\",\"https:\\\/\\\/www.youtube.com\\\/channel\\\/UCiWLGffqWSXlNnfzp6YwwyQ\"]},{\"@type\":\"Person\",\"@id\":\"https:\\\/\\\/culturesco.com\\\/#\\\/schema\\\/person\\\/c2ddd6724863f3bbd20a8278df0891f3\",\"name\":\"Patrick Benard\",\"image\":{\"@type\":\"ImageObject\",\"inLanguage\":\"fr-FR\",\"@id\":\"https:\\\/\\\/i0.wp.com\\\/culturesco.com\\\/wp-content\\\/uploads\\\/2019\\\/02\\\/patrick-benard-2.jpg?fit=90%2C96&ssl=1\",\"url\":\"https:\\\/\\\/i0.wp.com\\\/culturesco.com\\\/wp-content\\\/uploads\\\/2019\\\/02\\\/patrick-benard-2.jpg?fit=90%2C96&ssl=1\",\"contentUrl\":\"https:\\\/\\\/i0.wp.com\\\/culturesco.com\\\/wp-content\\\/uploads\\\/2019\\\/02\\\/patrick-benard-2.jpg?fit=90%2C96&ssl=1\",\"caption\":\"Patrick Benard\"},\"description\":\"Ecrivain, chroniqueur, animateur radio, cr\u00e9ateur de la revue \u00ab Cin\u00e9manie \u00bb, autour du cin\u00e9ma dit d\u2019art et d\u2019essai, sp\u00e9cialiste du groupe The Cure, archiviste... 2020 : \\\"Le Post Rock\\\" essai sur le post rock de Mogwa\u00ef \u00e0 Godspeed You Black Emperor - Camion Blanc 2014 : \u00ab On the rocks \u2013le rock de 2007 \u00e0 2014 \u00bb chroniques livres et cd rocks, interviews \u2013Editions Vaillant 2010 : \u00ab Dans la T\u00eate de Robert Smith \u00bb, roman fiction autour de l\u2019histoire des Cure et de Robert Smith \u2013 Edilivres 2007 : \u00ab Chroniques Fr\u00e9n\u00e9tiques, une histoire intime du rock \u00bb, roman, prix Technikart. 2001 : \u00ab Les Iles du D\u00e9sert \u00bb, polar autour du rock \u2013 Editions Nykta\",\"url\":\"https:\\\/\\\/culturesco.com\\\/index.php\\\/author\\\/patrick-benard89\\\/\"}]}<\/script>\n<!-- \/ Yoast SEO plugin. -->","yoast_head_json":{"title":"Clarys - De L\u00e0 - Culturesco Doux, blues et carnassier","description":"CulturesCo | Clarys offre son premier Long M\u00e9trage, un Lp tout de sensibilit\u00e9, teint\u00e9 de blues \u00e0 l'os et carnassier - Lign\u00e9e PJ Harvey","robots":{"index":"index","follow":"follow","max-snippet":"max-snippet:-1","max-image-preview":"max-image-preview:large","max-video-preview":"max-video-preview:-1"},"canonical":"https:\/\/culturesco.com\/index.php\/2021\/01\/16\/clarys-de-la-blues-pj-harvey\/","og_locale":"fr_FR","og_type":"article","og_title":"Clarys - De L\u00e0 - Culturesco Doux, blues et carnassier","og_description":"CulturesCo | Clarys offre son premier Long M\u00e9trage, un Lp tout de sensibilit\u00e9, teint\u00e9 de blues \u00e0 l'os et carnassier - Lign\u00e9e PJ Harvey","og_url":"https:\/\/culturesco.com\/index.php\/2021\/01\/16\/clarys-de-la-blues-pj-harvey\/","og_site_name":"Culturesco","article_publisher":"https:\/\/www.facebook.com\/radioculturesco","article_published_time":"2021-01-16T00:38:28+00:00","article_modified_time":"2021-01-16T18:19:14+00:00","og_image":[{"width":600,"height":370,"url":"https:\/\/i1.wp.com\/culturesco.com\/wp-content\/uploads\/2021\/01\/Clarys-De-La.jpg?fit=600%2C370&ssl=1","type":"image\/jpeg"}],"author":"Patrick Benard","twitter_card":"summary_large_image","twitter_creator":"@AugusteMarshal","twitter_site":"@AugusteMarshal","twitter_misc":{"\u00c9crit par":"Patrick Benard","Dur\u00e9e de lecture estim\u00e9e":"1 minute"},"schema":{"@context":"https:\/\/schema.org","@graph":[{"@type":"Article","@id":"https:\/\/culturesco.com\/index.php\/2021\/01\/16\/clarys-de-la-blues-pj-harvey\/#article","isPartOf":{"@id":"https:\/\/culturesco.com\/index.php\/2021\/01\/16\/clarys-de-la-blues-pj-harvey\/"},"author":{"name":"Patrick Benard","@id":"https:\/\/culturesco.com\/#\/schema\/person\/c2ddd6724863f3bbd20a8278df0891f3"},"headline":"Clarys &#8211; De L\u00e0","datePublished":"2021-01-16T00:38:28+00:00","dateModified":"2021-01-16T18:19:14+00:00","mainEntityOfPage":{"@id":"https:\/\/culturesco.com\/index.php\/2021\/01\/16\/clarys-de-la-blues-pj-harvey\/"},"wordCount":271,"commentCount":0,"publisher":{"@id":"https:\/\/culturesco.com\/#organization"},"image":{"@id":"https:\/\/culturesco.com\/index.php\/2021\/01\/16\/clarys-de-la-blues-pj-harvey\/#primaryimage"},"thumbnailUrl":"https:\/\/i0.wp.com\/culturesco.com\/wp-content\/uploads\/2021\/01\/Clarys-De-La.jpg?fit=600%2C370&ssl=1","keywords":["album rock","chanson fran\u00e7aise","chanteuse","Rock fran\u00e7ais","voix et guitare"],"articleSection":["Albums rock"],"inLanguage":"fr-FR","potentialAction":[{"@type":"CommentAction","name":"Comment","target":["https:\/\/culturesco.com\/index.php\/2021\/01\/16\/clarys-de-la-blues-pj-harvey\/#respond"]}]},{"@type":"WebPage","@id":"https:\/\/culturesco.com\/index.php\/2021\/01\/16\/clarys-de-la-blues-pj-harvey\/","url":"https:\/\/culturesco.com\/index.php\/2021\/01\/16\/clarys-de-la-blues-pj-harvey\/","name":"Clarys - De L\u00e0 - Culturesco Doux, blues et carnassier","isPartOf":{"@id":"https:\/\/culturesco.com\/#website"},"primaryImageOfPage":{"@id":"https:\/\/culturesco.com\/index.php\/2021\/01\/16\/clarys-de-la-blues-pj-harvey\/#primaryimage"},"image":{"@id":"https:\/\/culturesco.com\/index.php\/2021\/01\/16\/clarys-de-la-blues-pj-harvey\/#primaryimage"},"thumbnailUrl":"https:\/\/i0.wp.com\/culturesco.com\/wp-content\/uploads\/2021\/01\/Clarys-De-La.jpg?fit=600%2C370&ssl=1","datePublished":"2021-01-16T00:38:28+00:00","dateModified":"2021-01-16T18:19:14+00:00","description":"CulturesCo | Clarys offre son premier Long M\u00e9trage, un Lp tout de sensibilit\u00e9, teint\u00e9 de blues \u00e0 l'os et carnassier - Lign\u00e9e PJ Harvey","breadcrumb":{"@id":"https:\/\/culturesco.com\/index.php\/2021\/01\/16\/clarys-de-la-blues-pj-harvey\/#breadcrumb"},"inLanguage":"fr-FR","potentialAction":[{"@type":"ReadAction","target":["https:\/\/culturesco.com\/index.php\/2021\/01\/16\/clarys-de-la-blues-pj-harvey\/"]}]},{"@type":"ImageObject","inLanguage":"fr-FR","@id":"https:\/\/culturesco.com\/index.php\/2021\/01\/16\/clarys-de-la-blues-pj-harvey\/#primaryimage","url":"https:\/\/i0.wp.com\/culturesco.com\/wp-content\/uploads\/2021\/01\/Clarys-De-La.jpg?fit=600%2C370&ssl=1","contentUrl":"https:\/\/i0.wp.com\/culturesco.com\/wp-content\/uploads\/2021\/01\/Clarys-De-La.jpg?fit=600%2C370&ssl=1","width":600,"height":370,"caption":"Clarys"},{"@type":"BreadcrumbList","@id":"https:\/\/culturesco.com\/index.php\/2021\/01\/16\/clarys-de-la-blues-pj-harvey\/#breadcrumb","itemListElement":[{"@type":"ListItem","position":1,"name":"Accueil","item":"https:\/\/culturesco.com\/"},{"@type":"ListItem","position":2,"name":"Clarys &#8211; De L\u00e0"}]},{"@type":"WebSite","@id":"https:\/\/culturesco.com\/#website","url":"https:\/\/culturesco.com\/","name":"Culturesco","description":"Culturesco | Un bon coup de pied dans ta Culture","publisher":{"@id":"https:\/\/culturesco.com\/#organization"},"potentialAction":[{"@type":"SearchAction","target":{"@type":"EntryPoint","urlTemplate":"https:\/\/culturesco.com\/?s={search_term_string}"},"query-input":{"@type":"PropertyValueSpecification","valueRequired":true,"valueName":"search_term_string"}}],"inLanguage":"fr-FR"},{"@type":"Organization","@id":"https:\/\/culturesco.com\/#organization","name":"CULTURESCO","url":"https:\/\/culturesco.com\/","logo":{"@type":"ImageObject","inLanguage":"fr-FR","@id":"https:\/\/culturesco.com\/#\/schema\/logo\/image\/","url":"https:\/\/i0.wp.com\/culturesco.com\/wp-content\/uploads\/2022\/04\/culturesco-logo-blanc250p.png?fit=250%2C250&ssl=1","contentUrl":"https:\/\/i0.wp.com\/culturesco.com\/wp-content\/uploads\/2022\/04\/culturesco-logo-blanc250p.png?fit=250%2C250&ssl=1","width":250,"height":250,"caption":"CULTURESCO"},"image":{"@id":"https:\/\/culturesco.com\/#\/schema\/logo\/image\/"},"sameAs":["https:\/\/www.facebook.com\/radioculturesco","https:\/\/x.com\/AugusteMarshal","https:\/\/www.instagram.com\/carotte_rock_culture\/","https:\/\/www.pinterest.fr\/augustemarshal\/","https:\/\/www.youtube.com\/channel\/UCiWLGffqWSXlNnfzp6YwwyQ"]},{"@type":"Person","@id":"https:\/\/culturesco.com\/#\/schema\/person\/c2ddd6724863f3bbd20a8278df0891f3","name":"Patrick Benard","image":{"@type":"ImageObject","inLanguage":"fr-FR","@id":"https:\/\/i0.wp.com\/culturesco.com\/wp-content\/uploads\/2019\/02\/patrick-benard-2.jpg?fit=90%2C96&ssl=1","url":"https:\/\/i0.wp.com\/culturesco.com\/wp-content\/uploads\/2019\/02\/patrick-benard-2.jpg?fit=90%2C96&ssl=1","contentUrl":"https:\/\/i0.wp.com\/culturesco.com\/wp-content\/uploads\/2019\/02\/patrick-benard-2.jpg?fit=90%2C96&ssl=1","caption":"Patrick Benard"},"description":"Ecrivain, chroniqueur, animateur radio, cr\u00e9ateur de la revue \u00ab Cin\u00e9manie \u00bb, autour du cin\u00e9ma dit d\u2019art et d\u2019essai, sp\u00e9cialiste du groupe The Cure, archiviste... 2020 : \"Le Post Rock\" essai sur le post rock de Mogwa\u00ef \u00e0 Godspeed You Black Emperor - Camion Blanc 2014 : \u00ab On the rocks \u2013le rock de 2007 \u00e0 2014 \u00bb chroniques livres et cd rocks, interviews \u2013Editions Vaillant 2010 : \u00ab Dans la T\u00eate de Robert Smith \u00bb, roman fiction autour de l\u2019histoire des Cure et de Robert Smith \u2013 Edilivres 2007 : \u00ab Chroniques Fr\u00e9n\u00e9tiques, une histoire intime du rock \u00bb, roman, prix Technikart. 2001 : \u00ab Les Iles du D\u00e9sert \u00bb, polar autour du rock \u2013 Editions Nykta","url":"https:\/\/culturesco.com\/index.php\/author\/patrick-benard89\/"}]}},"jetpack_featured_media_url":"https:\/\/i0.wp.com\/culturesco.com\/wp-content\/uploads\/2021\/01\/Clarys-De-La.jpg?fit=600%2C370&ssl=1","jetpack_likes_enabled":true,"jetpack_sharing_enabled":true,"jetpack_shortlink":"https:\/\/wp.me\/paz89I-3qm","_links":{"self":[{"href":"https:\/\/culturesco.com\/index.php\/wp-json\/wp\/v2\/posts\/13166","targetHints":{"allow":["GET"]}}],"collection":[{"href":"https:\/\/culturesco.com\/index.php\/wp-json\/wp\/v2\/posts"}],"about":[{"href":"https:\/\/culturesco.com\/index.php\/wp-json\/wp\/v2\/types\/post"}],"author":[{"embeddable":true,"href":"https:\/\/culturesco.com\/index.php\/wp-json\/wp\/v2\/users\/4"}],"replies":[{"embeddable":true,"href":"https:\/\/culturesco.com\/index.php\/wp-json\/wp\/v2\/comments?post=13166"}],"version-history":[{"count":0,"href":"https:\/\/culturesco.com\/index.php\/wp-json\/wp\/v2\/posts\/13166\/revisions"}],"wp:featuredmedia":[{"embeddable":true,"href":"https:\/\/culturesco.com\/index.php\/wp-json\/wp\/v2\/media\/13178"}],"wp:attachment":[{"href":"https:\/\/culturesco.com\/index.php\/wp-json\/wp\/v2\/media?parent=13166"}],"wp:term":[{"taxonomy":"category","embeddable":true,"href":"https:\/\/culturesco.com\/index.php\/wp-json\/wp\/v2\/categories?post=13166"},{"taxonomy":"post_tag","embeddable":true,"href":"https:\/\/culturesco.com\/index.php\/wp-json\/wp\/v2\/tags?post=13166"}],"curies":[{"name":"wp","href":"https:\/\/api.w.org\/{rel}","templated":true}]}}