{"id":12647,"date":"2020-11-20T02:11:57","date_gmt":"2020-11-20T01:11:57","guid":{"rendered":"https:\/\/culturesco.com\/?p=12647"},"modified":"2020-11-25T10:17:55","modified_gmt":"2020-11-25T09:17:55","slug":"the-beatles-de-stan-cuesta","status":"publish","type":"post","link":"https:\/\/culturesco.com\/index.php\/2020\/11\/20\/the-beatles-de-stan-cuesta\/","title":{"rendered":"The Beatles, Stan Cuesta rend hommage aux Fab Four"},"content":{"rendered":"<h2 style=\"text-align: justify;\">The Beatles, un livre hommage aux Fab Four<\/h2>\n<figure id=\"attachment_12648\" aria-describedby=\"caption-attachment-12648\" style=\"width: 270px\" class=\"wp-caption aligncenter\"><a href=\"https:\/\/amzn.to\/2UZnsAn\" target=\"_blank\" rel=\"noopener noreferrer\"><img data-recalc-dims=\"1\" loading=\"lazy\" decoding=\"async\" class=\"wp-image-12648 size-full\" src=\"https:\/\/i0.wp.com\/culturesco.com\/wp-content\/uploads\/2020\/11\/Stan-Cuesta-e1606295221739.jpeg?resize=270%2C300&#038;ssl=1\" alt=\"The Beatles - Stan Cuesta\" width=\"270\" height=\"300\" \/><\/a><figcaption id=\"caption-attachment-12648\" class=\"wp-caption-text\">The Beatles &#8211; Stan Cuesta<\/figcaption><\/figure>\n<h3 style=\"text-align: justify;\">Les Quatre Diss\u00e9qu\u00e9s en Beaut\u00e9<\/h3>\n<p style=\"text-align: justify;\"><strong>Stan Cuesta<\/strong> fait partie des journalistes de Rock &amp; Folk les plus connus mais il est aussi un biographe redoutable sur certains artistes (<strong>Dylan<\/strong>, <a href=\"https:\/\/culturesco.com\/index.php\/2019\/05\/09\/u2-histoire-des-veritables-debuts-du-groupe-avant-la-sortie-de-l-album-boy\/\" target=\"_blank\" rel=\"noopener noreferrer\">U2<\/a>, <a href=\"https:\/\/culturesco.com\/index.php\/2020\/04\/09\/nirvana-et-guns-n-roses-pop-and-rock-around-1991\/\" target=\"_blank\" rel=\"noopener noreferrer\">Nirvana<\/a> entre autres). Il vient ici se souvenir o\u00f9 tout a commenc\u00e9 pour lui et d&rsquo;o\u00f9 lui est venu cette envie de devenir ce qu\u2019il est. Et tout passe par les <strong>Beatles<\/strong>, forc\u00e9ment.<\/p>\n<p style=\"text-align: justify;\">Alors, voici qu&rsquo;il nous offre un beau cadeau de no\u00ebl avec cet ouvrage qui propose de <strong>(re)visiter <\/strong><a href=\"https:\/\/culturesco.com\/index.php\/2020\/03\/15\/jerome-attal-jaurais-voulu-etre-un-beatles\/\" target=\"_blank\" rel=\"noopener noreferrer\">le catalogue des albums des Fab Four <\/a><strong>mais aussi celui de l\u2019apr\u00e8s s\u00e9paration<\/strong>. Le tout est accompagn\u00e9 de photos connues ou non, mais irr\u00e9prochables. On sent que l\u2019auteur a sorti les tripes. Et il les d\u00e9balle principalement concernant l\u2019after Beatles.<\/p>\n<h3><em>The Beatles &#8211; A Day In The Life<\/em><\/h3>\n<div class=\"youtube-embed\" data-video_id=\"53Dh-I0_m5Y\"><iframe loading=\"lazy\" title=\"The Beatles -  A Day in the Life\" width=\"696\" height=\"392\" src=\"https:\/\/www.youtube.com\/embed\/53Dh-I0_m5Y\" frameborder=\"0\" allow=\"accelerometer; autoplay; clipboard-write; encrypted-media; gyroscope; picture-in-picture; web-share\" referrerpolicy=\"strict-origin-when-cross-origin\" allowfullscreen><\/iframe><\/div>\n<p style=\"text-align: justify;\">Comme il est trop fan des quatre de <strong>Liverpool<\/strong>, il se garde bien de critiquer quoique ce soit de leurs ouvrages. En revanche il se l\u00e2che sur la suite de leurs aventures. <strong>Paul Mac Cartney<\/strong> en prend un peu pour son grade mais raisonnablement. Apr\u00e8s tout, il est le dernier \u00e0 sortir encore des albums valables, contrairement \u00e0 <a href=\"https:\/\/fr.wikipedia.org\/wiki\/Ringo_Starr\" target=\"_blank\" rel=\"noopener noreferrer\">Ringo Starr<\/a>, mais ce n\u2019est pas une nouveaut\u00e9.<\/p>\n<p style=\"text-align: justify;\">Ceux qui d\u00e9rouillent vont du c\u00f4t\u00e9 de <a href=\"https:\/\/culturesco.com\/index.php\/2020\/10\/09\/imagine-quand-john-lennon-revait-dun-autre-monde-jealous-guy-crippled-inside-how-do-you-sleep\/\" target=\"_blank\" rel=\"noopener noreferrer\">John Lennon <\/a>et <strong>George Harrison<\/strong>. Surtout ce dernier. Bon, attention, ce n\u2019est pas non plus la d\u00e9b\u00e2cle, il s\u2019agit juste d\u2019une remise en place adapt\u00e9e au contexte. Et l\u00e0, \u00e7a devient int\u00e9ressant car l\u2019auteur, avec justesse, ne m\u00e2che pas ses mots.<\/p>\n<h3><em>Wings &#8211; Jet (Live, 1976)<\/em><\/h3>\n<div class=\"youtube-embed\" data-video_id=\"HFjTN11CnNY\"><iframe loading=\"lazy\" title=\"Paul Mccartney &amp; Wings &quot;Jet&quot; 1976\" width=\"696\" height=\"522\" src=\"https:\/\/www.youtube.com\/embed\/HFjTN11CnNY\" frameborder=\"0\" allow=\"accelerometer; autoplay; clipboard-write; encrypted-media; gyroscope; picture-in-picture; web-share\" referrerpolicy=\"strict-origin-when-cross-origin\" allowfullscreen><\/iframe><\/div>\n<p style=\"text-align: justify;\">Inutile d\u2019en dire davantage sinon de vous conseiller d\u2019acheter ou d\u2019offrir ce splendide ouvrage.<\/p>\n<p style=\"text-align: justify;\"><strong>Stan Cuesta &#8211;\u00a0The Beatles<\/strong><\/p>\n<p style=\"text-align: justify;\"><a href=\"https:\/\/amzn.to\/361ijxW\" target=\"_blank\" rel=\"noopener noreferrer\">Editions Du Layeur \u2013 240 pages \u2013 34 \u20ac<\/a><\/p>\n<p style=\"text-align: justify;\"><strong>Patrick B\u00e9nard<\/strong><\/p>\n<p style=\"text-align: center;\">\n<iframe style=\"width: 120px; height: 240px;\" src=\"\/\/ws-eu.amazon-adsystem.com\/widgets\/q?ServiceVersion=20070822&amp;OneJS=1&amp;Operation=GetAdHtml&amp;MarketPlace=FR&amp;source=ss&amp;ref=as_ss_li_til&amp;ad_type=product_link&amp;tracking_id=auguste00-21&amp;language=fr_FR&amp;marketplace=amazon&amp;region=FR&amp;placement=2915126755&amp;asins=2915126755&amp;linkId=5d18bf0b48ec0f509bbe2414f1105a37&amp;show_border=true&amp;link_opens_in_new_window=true\" frameborder=\"0\" marginwidth=\"0\" marginheight=\"0\" scrolling=\"no\"><\/iframe><\/p>\n","protected":false},"excerpt":{"rendered":"<p>The Beatles, un livre hommage aux Fab Four Les Quatre Diss\u00e9qu\u00e9s en Beaut\u00e9 Stan Cuesta fait partie des journalistes de Rock &amp; Folk les plus connus mais il est aussi un biographe redoutable sur certains artistes (Dylan, U2, Nirvana entre autres). Il vient ici se souvenir o\u00f9 tout a commenc\u00e9 pour lui et d&rsquo;o\u00f9 lui [&hellip;]<\/p>\n","protected":false},"author":4,"featured_media":12696,"comment_status":"open","ping_status":"open","sticky":false,"template":"","format":"image","meta":{"jetpack_post_was_ever_published":false,"tdm_status":"","tdm_grid_status":"","_jetpack_newsletter_access":"","_jetpack_dont_email_post_to_subs":false,"_jetpack_newsletter_tier_id":0,"_jetpack_memberships_contains_paywalled_content":false,"_jetpack_memberships_contains_paid_content":false,"footnotes":""},"categories":[34,17,22,33,27,66,11066],"tags":[57,12189,67,38,58,42,20,48,4171],"class_list":{"0":"post-12647","1":"post","2":"type-post","3":"status-publish","4":"format-image","5":"has-post-thumbnail","7":"category-anecdotes-rock","8":"category-carotte-rock-cultures","9":"category-citations","10":"category-histoire-du-rock","11":"category-litterature","12":"category-livre-rock","13":"category-short-stories","14":"tag-abbey-road","15":"tag-albums-essentiels","16":"tag-anecdotes-rock","17":"tag-classic-rock","18":"tag-histoire-du-rock","19":"tag-litterature","20":"tag-livre-rock","21":"tag-personnalite-rock","22":"tag-pop-culture","23":"post_format-post-format-image"},"yoast_head":"<!-- This site is optimized with the Yoast SEO plugin v27.5 - https:\/\/yoast.com\/product\/yoast-seo-wordpress\/ -->\n<title>The Beatles, Stan Cuesta rend hommage aux Fab Four - Culturesco<\/title>\n<meta name=\"description\" content=\"CulturesCo | Stan Cuesta : The Beatles. Journaliste \u00e0 Rock&amp;Folk, il revisite dans ce livre avec brio, le catalogue des albums des Fab Four\" \/>\n<meta name=\"robots\" content=\"index, follow, max-snippet:-1, max-image-preview:large, max-video-preview:-1\" \/>\n<link rel=\"canonical\" href=\"https:\/\/culturesco.com\/index.php\/2020\/11\/20\/the-beatles-de-stan-cuesta\/\" \/>\n<meta property=\"og:locale\" content=\"fr_FR\" \/>\n<meta property=\"og:type\" content=\"article\" \/>\n<meta property=\"og:title\" content=\"The Beatles, Stan Cuesta rend hommage aux Fab Four - Culturesco\" \/>\n<meta property=\"og:description\" content=\"CulturesCo | Stan Cuesta : The Beatles. Journaliste \u00e0 Rock&amp;Folk, il revisite dans ce livre avec brio, le catalogue des albums des Fab Four\" \/>\n<meta property=\"og:url\" content=\"https:\/\/culturesco.com\/index.php\/2020\/11\/20\/the-beatles-de-stan-cuesta\/\" \/>\n<meta property=\"og:site_name\" content=\"Culturesco\" \/>\n<meta property=\"article:publisher\" content=\"https:\/\/www.facebook.com\/radioculturesco\" \/>\n<meta property=\"article:published_time\" content=\"2020-11-20T01:11:57+00:00\" \/>\n<meta property=\"article:modified_time\" content=\"2020-11-25T09:17:55+00:00\" \/>\n<meta property=\"og:image\" content=\"https:\/\/i0.wp.com\/culturesco.com\/wp-content\/uploads\/2020\/11\/the-beatles-livre-de-stan-cuesta.jpg?fit=600%2C314&ssl=1\" \/>\n\t<meta property=\"og:image:width\" content=\"600\" \/>\n\t<meta property=\"og:image:height\" content=\"314\" \/>\n\t<meta property=\"og:image:type\" content=\"image\/jpeg\" \/>\n<meta name=\"author\" content=\"Patrick Benard\" \/>\n<meta name=\"twitter:card\" content=\"summary_large_image\" \/>\n<meta name=\"twitter:creator\" content=\"@AugusteMarshal\" \/>\n<meta name=\"twitter:site\" content=\"@AugusteMarshal\" \/>\n<meta name=\"twitter:label1\" content=\"\u00c9crit par\" \/>\n\t<meta name=\"twitter:data1\" content=\"Patrick Benard\" \/>\n\t<meta name=\"twitter:label2\" content=\"Dur\u00e9e de lecture estim\u00e9e\" \/>\n\t<meta name=\"twitter:data2\" content=\"2 minutes\" \/>\n<script type=\"application\/ld+json\" class=\"yoast-schema-graph\">{\"@context\":\"https:\\\/\\\/schema.org\",\"@graph\":[{\"@type\":\"Article\",\"@id\":\"https:\\\/\\\/culturesco.com\\\/index.php\\\/2020\\\/11\\\/20\\\/the-beatles-de-stan-cuesta\\\/#article\",\"isPartOf\":{\"@id\":\"https:\\\/\\\/culturesco.com\\\/index.php\\\/2020\\\/11\\\/20\\\/the-beatles-de-stan-cuesta\\\/\"},\"author\":{\"name\":\"Patrick Benard\",\"@id\":\"https:\\\/\\\/culturesco.com\\\/#\\\/schema\\\/person\\\/c2ddd6724863f3bbd20a8278df0891f3\"},\"headline\":\"The Beatles, Stan Cuesta rend hommage aux Fab Four\",\"datePublished\":\"2020-11-20T01:11:57+00:00\",\"dateModified\":\"2020-11-25T09:17:55+00:00\",\"mainEntityOfPage\":{\"@id\":\"https:\\\/\\\/culturesco.com\\\/index.php\\\/2020\\\/11\\\/20\\\/the-beatles-de-stan-cuesta\\\/\"},\"wordCount\":348,\"commentCount\":0,\"publisher\":{\"@id\":\"https:\\\/\\\/culturesco.com\\\/#organization\"},\"image\":{\"@id\":\"https:\\\/\\\/culturesco.com\\\/index.php\\\/2020\\\/11\\\/20\\\/the-beatles-de-stan-cuesta\\\/#primaryimage\"},\"thumbnailUrl\":\"https:\\\/\\\/i0.wp.com\\\/culturesco.com\\\/wp-content\\\/uploads\\\/2020\\\/11\\\/the-beatles-livre-de-stan-cuesta.jpg?fit=600%2C314&ssl=1\",\"keywords\":[\"abbey road\",\"Albums essentiels\",\"Anecdotes Rock\",\"classic rock\",\"histoire du rock\",\"litt\u00e9rature\",\"Livre Rock\",\"Personnalit\u00e9 Rock\",\"Pop culture\"],\"articleSection\":[\"Anecdotes rock\",\"Carotte Rock Cultures\",\"Citations\",\"Histoire du rock\",\"Litt\u00e9rature\",\"Livre Rock\",\"Short Stories\"],\"inLanguage\":\"fr-FR\",\"potentialAction\":[{\"@type\":\"CommentAction\",\"name\":\"Comment\",\"target\":[\"https:\\\/\\\/culturesco.com\\\/index.php\\\/2020\\\/11\\\/20\\\/the-beatles-de-stan-cuesta\\\/#respond\"]}]},{\"@type\":\"WebPage\",\"@id\":\"https:\\\/\\\/culturesco.com\\\/index.php\\\/2020\\\/11\\\/20\\\/the-beatles-de-stan-cuesta\\\/\",\"url\":\"https:\\\/\\\/culturesco.com\\\/index.php\\\/2020\\\/11\\\/20\\\/the-beatles-de-stan-cuesta\\\/\",\"name\":\"The Beatles, Stan Cuesta rend hommage aux Fab Four - Culturesco\",\"isPartOf\":{\"@id\":\"https:\\\/\\\/culturesco.com\\\/#website\"},\"primaryImageOfPage\":{\"@id\":\"https:\\\/\\\/culturesco.com\\\/index.php\\\/2020\\\/11\\\/20\\\/the-beatles-de-stan-cuesta\\\/#primaryimage\"},\"image\":{\"@id\":\"https:\\\/\\\/culturesco.com\\\/index.php\\\/2020\\\/11\\\/20\\\/the-beatles-de-stan-cuesta\\\/#primaryimage\"},\"thumbnailUrl\":\"https:\\\/\\\/i0.wp.com\\\/culturesco.com\\\/wp-content\\\/uploads\\\/2020\\\/11\\\/the-beatles-livre-de-stan-cuesta.jpg?fit=600%2C314&ssl=1\",\"datePublished\":\"2020-11-20T01:11:57+00:00\",\"dateModified\":\"2020-11-25T09:17:55+00:00\",\"description\":\"CulturesCo | Stan Cuesta : The Beatles. Journaliste \u00e0 Rock&Folk, il revisite dans ce livre avec brio, le catalogue des albums des Fab Four\",\"breadcrumb\":{\"@id\":\"https:\\\/\\\/culturesco.com\\\/index.php\\\/2020\\\/11\\\/20\\\/the-beatles-de-stan-cuesta\\\/#breadcrumb\"},\"inLanguage\":\"fr-FR\",\"potentialAction\":[{\"@type\":\"ReadAction\",\"target\":[\"https:\\\/\\\/culturesco.com\\\/index.php\\\/2020\\\/11\\\/20\\\/the-beatles-de-stan-cuesta\\\/\"]}]},{\"@type\":\"ImageObject\",\"inLanguage\":\"fr-FR\",\"@id\":\"https:\\\/\\\/culturesco.com\\\/index.php\\\/2020\\\/11\\\/20\\\/the-beatles-de-stan-cuesta\\\/#primaryimage\",\"url\":\"https:\\\/\\\/i0.wp.com\\\/culturesco.com\\\/wp-content\\\/uploads\\\/2020\\\/11\\\/the-beatles-livre-de-stan-cuesta.jpg?fit=600%2C314&ssl=1\",\"contentUrl\":\"https:\\\/\\\/i0.wp.com\\\/culturesco.com\\\/wp-content\\\/uploads\\\/2020\\\/11\\\/the-beatles-livre-de-stan-cuesta.jpg?fit=600%2C314&ssl=1\",\"width\":600,\"height\":314,\"caption\":\"The Beatles, un livre de Stan Cuesta\"},{\"@type\":\"BreadcrumbList\",\"@id\":\"https:\\\/\\\/culturesco.com\\\/index.php\\\/2020\\\/11\\\/20\\\/the-beatles-de-stan-cuesta\\\/#breadcrumb\",\"itemListElement\":[{\"@type\":\"ListItem\",\"position\":1,\"name\":\"Accueil\",\"item\":\"https:\\\/\\\/culturesco.com\\\/\"},{\"@type\":\"ListItem\",\"position\":2,\"name\":\"The Beatles, Stan Cuesta rend hommage aux Fab Four\"}]},{\"@type\":\"WebSite\",\"@id\":\"https:\\\/\\\/culturesco.com\\\/#website\",\"url\":\"https:\\\/\\\/culturesco.com\\\/\",\"name\":\"Culturesco\",\"description\":\"Culturesco | Un bon coup de pied dans ta Culture\",\"publisher\":{\"@id\":\"https:\\\/\\\/culturesco.com\\\/#organization\"},\"potentialAction\":[{\"@type\":\"SearchAction\",\"target\":{\"@type\":\"EntryPoint\",\"urlTemplate\":\"https:\\\/\\\/culturesco.com\\\/?s={search_term_string}\"},\"query-input\":{\"@type\":\"PropertyValueSpecification\",\"valueRequired\":true,\"valueName\":\"search_term_string\"}}],\"inLanguage\":\"fr-FR\"},{\"@type\":\"Organization\",\"@id\":\"https:\\\/\\\/culturesco.com\\\/#organization\",\"name\":\"CULTURESCO\",\"url\":\"https:\\\/\\\/culturesco.com\\\/\",\"logo\":{\"@type\":\"ImageObject\",\"inLanguage\":\"fr-FR\",\"@id\":\"https:\\\/\\\/culturesco.com\\\/#\\\/schema\\\/logo\\\/image\\\/\",\"url\":\"https:\\\/\\\/i0.wp.com\\\/culturesco.com\\\/wp-content\\\/uploads\\\/2022\\\/04\\\/culturesco-logo-blanc250p.png?fit=250%2C250&ssl=1\",\"contentUrl\":\"https:\\\/\\\/i0.wp.com\\\/culturesco.com\\\/wp-content\\\/uploads\\\/2022\\\/04\\\/culturesco-logo-blanc250p.png?fit=250%2C250&ssl=1\",\"width\":250,\"height\":250,\"caption\":\"CULTURESCO\"},\"image\":{\"@id\":\"https:\\\/\\\/culturesco.com\\\/#\\\/schema\\\/logo\\\/image\\\/\"},\"sameAs\":[\"https:\\\/\\\/www.facebook.com\\\/radioculturesco\",\"https:\\\/\\\/x.com\\\/AugusteMarshal\",\"https:\\\/\\\/www.instagram.com\\\/carotte_rock_culture\\\/\",\"https:\\\/\\\/www.pinterest.fr\\\/augustemarshal\\\/\",\"https:\\\/\\\/www.youtube.com\\\/channel\\\/UCiWLGffqWSXlNnfzp6YwwyQ\"]},{\"@type\":\"Person\",\"@id\":\"https:\\\/\\\/culturesco.com\\\/#\\\/schema\\\/person\\\/c2ddd6724863f3bbd20a8278df0891f3\",\"name\":\"Patrick Benard\",\"image\":{\"@type\":\"ImageObject\",\"inLanguage\":\"fr-FR\",\"@id\":\"https:\\\/\\\/i0.wp.com\\\/culturesco.com\\\/wp-content\\\/uploads\\\/2019\\\/02\\\/patrick-benard-2.jpg?fit=90%2C96&ssl=1\",\"url\":\"https:\\\/\\\/i0.wp.com\\\/culturesco.com\\\/wp-content\\\/uploads\\\/2019\\\/02\\\/patrick-benard-2.jpg?fit=90%2C96&ssl=1\",\"contentUrl\":\"https:\\\/\\\/i0.wp.com\\\/culturesco.com\\\/wp-content\\\/uploads\\\/2019\\\/02\\\/patrick-benard-2.jpg?fit=90%2C96&ssl=1\",\"caption\":\"Patrick Benard\"},\"description\":\"Ecrivain, chroniqueur, animateur radio, cr\u00e9ateur de la revue \u00ab Cin\u00e9manie \u00bb, autour du cin\u00e9ma dit d\u2019art et d\u2019essai, sp\u00e9cialiste du groupe The Cure, archiviste... 2020 : \\\"Le Post Rock\\\" essai sur le post rock de Mogwa\u00ef \u00e0 Godspeed You Black Emperor - Camion Blanc 2014 : \u00ab On the rocks \u2013le rock de 2007 \u00e0 2014 \u00bb chroniques livres et cd rocks, interviews \u2013Editions Vaillant 2010 : \u00ab Dans la T\u00eate de Robert Smith \u00bb, roman fiction autour de l\u2019histoire des Cure et de Robert Smith \u2013 Edilivres 2007 : \u00ab Chroniques Fr\u00e9n\u00e9tiques, une histoire intime du rock \u00bb, roman, prix Technikart. 2001 : \u00ab Les Iles du D\u00e9sert \u00bb, polar autour du rock \u2013 Editions Nykta\",\"url\":\"https:\\\/\\\/culturesco.com\\\/index.php\\\/author\\\/patrick-benard89\\\/\"}]}<\/script>\n<!-- \/ Yoast SEO plugin. -->","yoast_head_json":{"title":"The Beatles, Stan Cuesta rend hommage aux Fab Four - Culturesco","description":"CulturesCo | Stan Cuesta : The Beatles. Journaliste \u00e0 Rock&Folk, il revisite dans ce livre avec brio, le catalogue des albums des Fab Four","robots":{"index":"index","follow":"follow","max-snippet":"max-snippet:-1","max-image-preview":"max-image-preview:large","max-video-preview":"max-video-preview:-1"},"canonical":"https:\/\/culturesco.com\/index.php\/2020\/11\/20\/the-beatles-de-stan-cuesta\/","og_locale":"fr_FR","og_type":"article","og_title":"The Beatles, Stan Cuesta rend hommage aux Fab Four - Culturesco","og_description":"CulturesCo | Stan Cuesta : The Beatles. Journaliste \u00e0 Rock&Folk, il revisite dans ce livre avec brio, le catalogue des albums des Fab Four","og_url":"https:\/\/culturesco.com\/index.php\/2020\/11\/20\/the-beatles-de-stan-cuesta\/","og_site_name":"Culturesco","article_publisher":"https:\/\/www.facebook.com\/radioculturesco","article_published_time":"2020-11-20T01:11:57+00:00","article_modified_time":"2020-11-25T09:17:55+00:00","og_image":[{"width":600,"height":314,"url":"https:\/\/i0.wp.com\/culturesco.com\/wp-content\/uploads\/2020\/11\/the-beatles-livre-de-stan-cuesta.jpg?fit=600%2C314&ssl=1","type":"image\/jpeg"}],"author":"Patrick Benard","twitter_card":"summary_large_image","twitter_creator":"@AugusteMarshal","twitter_site":"@AugusteMarshal","twitter_misc":{"\u00c9crit par":"Patrick Benard","Dur\u00e9e de lecture estim\u00e9e":"2 minutes"},"schema":{"@context":"https:\/\/schema.org","@graph":[{"@type":"Article","@id":"https:\/\/culturesco.com\/index.php\/2020\/11\/20\/the-beatles-de-stan-cuesta\/#article","isPartOf":{"@id":"https:\/\/culturesco.com\/index.php\/2020\/11\/20\/the-beatles-de-stan-cuesta\/"},"author":{"name":"Patrick Benard","@id":"https:\/\/culturesco.com\/#\/schema\/person\/c2ddd6724863f3bbd20a8278df0891f3"},"headline":"The Beatles, Stan Cuesta rend hommage aux Fab Four","datePublished":"2020-11-20T01:11:57+00:00","dateModified":"2020-11-25T09:17:55+00:00","mainEntityOfPage":{"@id":"https:\/\/culturesco.com\/index.php\/2020\/11\/20\/the-beatles-de-stan-cuesta\/"},"wordCount":348,"commentCount":0,"publisher":{"@id":"https:\/\/culturesco.com\/#organization"},"image":{"@id":"https:\/\/culturesco.com\/index.php\/2020\/11\/20\/the-beatles-de-stan-cuesta\/#primaryimage"},"thumbnailUrl":"https:\/\/i0.wp.com\/culturesco.com\/wp-content\/uploads\/2020\/11\/the-beatles-livre-de-stan-cuesta.jpg?fit=600%2C314&ssl=1","keywords":["abbey road","Albums essentiels","Anecdotes Rock","classic rock","histoire du rock","litt\u00e9rature","Livre Rock","Personnalit\u00e9 Rock","Pop culture"],"articleSection":["Anecdotes rock","Carotte Rock Cultures","Citations","Histoire du rock","Litt\u00e9rature","Livre Rock","Short Stories"],"inLanguage":"fr-FR","potentialAction":[{"@type":"CommentAction","name":"Comment","target":["https:\/\/culturesco.com\/index.php\/2020\/11\/20\/the-beatles-de-stan-cuesta\/#respond"]}]},{"@type":"WebPage","@id":"https:\/\/culturesco.com\/index.php\/2020\/11\/20\/the-beatles-de-stan-cuesta\/","url":"https:\/\/culturesco.com\/index.php\/2020\/11\/20\/the-beatles-de-stan-cuesta\/","name":"The Beatles, Stan Cuesta rend hommage aux Fab Four - Culturesco","isPartOf":{"@id":"https:\/\/culturesco.com\/#website"},"primaryImageOfPage":{"@id":"https:\/\/culturesco.com\/index.php\/2020\/11\/20\/the-beatles-de-stan-cuesta\/#primaryimage"},"image":{"@id":"https:\/\/culturesco.com\/index.php\/2020\/11\/20\/the-beatles-de-stan-cuesta\/#primaryimage"},"thumbnailUrl":"https:\/\/i0.wp.com\/culturesco.com\/wp-content\/uploads\/2020\/11\/the-beatles-livre-de-stan-cuesta.jpg?fit=600%2C314&ssl=1","datePublished":"2020-11-20T01:11:57+00:00","dateModified":"2020-11-25T09:17:55+00:00","description":"CulturesCo | Stan Cuesta : The Beatles. Journaliste \u00e0 Rock&Folk, il revisite dans ce livre avec brio, le catalogue des albums des Fab Four","breadcrumb":{"@id":"https:\/\/culturesco.com\/index.php\/2020\/11\/20\/the-beatles-de-stan-cuesta\/#breadcrumb"},"inLanguage":"fr-FR","potentialAction":[{"@type":"ReadAction","target":["https:\/\/culturesco.com\/index.php\/2020\/11\/20\/the-beatles-de-stan-cuesta\/"]}]},{"@type":"ImageObject","inLanguage":"fr-FR","@id":"https:\/\/culturesco.com\/index.php\/2020\/11\/20\/the-beatles-de-stan-cuesta\/#primaryimage","url":"https:\/\/i0.wp.com\/culturesco.com\/wp-content\/uploads\/2020\/11\/the-beatles-livre-de-stan-cuesta.jpg?fit=600%2C314&ssl=1","contentUrl":"https:\/\/i0.wp.com\/culturesco.com\/wp-content\/uploads\/2020\/11\/the-beatles-livre-de-stan-cuesta.jpg?fit=600%2C314&ssl=1","width":600,"height":314,"caption":"The Beatles, un livre de Stan Cuesta"},{"@type":"BreadcrumbList","@id":"https:\/\/culturesco.com\/index.php\/2020\/11\/20\/the-beatles-de-stan-cuesta\/#breadcrumb","itemListElement":[{"@type":"ListItem","position":1,"name":"Accueil","item":"https:\/\/culturesco.com\/"},{"@type":"ListItem","position":2,"name":"The Beatles, Stan Cuesta rend hommage aux Fab Four"}]},{"@type":"WebSite","@id":"https:\/\/culturesco.com\/#website","url":"https:\/\/culturesco.com\/","name":"Culturesco","description":"Culturesco | Un bon coup de pied dans ta Culture","publisher":{"@id":"https:\/\/culturesco.com\/#organization"},"potentialAction":[{"@type":"SearchAction","target":{"@type":"EntryPoint","urlTemplate":"https:\/\/culturesco.com\/?s={search_term_string}"},"query-input":{"@type":"PropertyValueSpecification","valueRequired":true,"valueName":"search_term_string"}}],"inLanguage":"fr-FR"},{"@type":"Organization","@id":"https:\/\/culturesco.com\/#organization","name":"CULTURESCO","url":"https:\/\/culturesco.com\/","logo":{"@type":"ImageObject","inLanguage":"fr-FR","@id":"https:\/\/culturesco.com\/#\/schema\/logo\/image\/","url":"https:\/\/i0.wp.com\/culturesco.com\/wp-content\/uploads\/2022\/04\/culturesco-logo-blanc250p.png?fit=250%2C250&ssl=1","contentUrl":"https:\/\/i0.wp.com\/culturesco.com\/wp-content\/uploads\/2022\/04\/culturesco-logo-blanc250p.png?fit=250%2C250&ssl=1","width":250,"height":250,"caption":"CULTURESCO"},"image":{"@id":"https:\/\/culturesco.com\/#\/schema\/logo\/image\/"},"sameAs":["https:\/\/www.facebook.com\/radioculturesco","https:\/\/x.com\/AugusteMarshal","https:\/\/www.instagram.com\/carotte_rock_culture\/","https:\/\/www.pinterest.fr\/augustemarshal\/","https:\/\/www.youtube.com\/channel\/UCiWLGffqWSXlNnfzp6YwwyQ"]},{"@type":"Person","@id":"https:\/\/culturesco.com\/#\/schema\/person\/c2ddd6724863f3bbd20a8278df0891f3","name":"Patrick Benard","image":{"@type":"ImageObject","inLanguage":"fr-FR","@id":"https:\/\/i0.wp.com\/culturesco.com\/wp-content\/uploads\/2019\/02\/patrick-benard-2.jpg?fit=90%2C96&ssl=1","url":"https:\/\/i0.wp.com\/culturesco.com\/wp-content\/uploads\/2019\/02\/patrick-benard-2.jpg?fit=90%2C96&ssl=1","contentUrl":"https:\/\/i0.wp.com\/culturesco.com\/wp-content\/uploads\/2019\/02\/patrick-benard-2.jpg?fit=90%2C96&ssl=1","caption":"Patrick Benard"},"description":"Ecrivain, chroniqueur, animateur radio, cr\u00e9ateur de la revue \u00ab Cin\u00e9manie \u00bb, autour du cin\u00e9ma dit d\u2019art et d\u2019essai, sp\u00e9cialiste du groupe The Cure, archiviste... 2020 : \"Le Post Rock\" essai sur le post rock de Mogwa\u00ef \u00e0 Godspeed You Black Emperor - Camion Blanc 2014 : \u00ab On the rocks \u2013le rock de 2007 \u00e0 2014 \u00bb chroniques livres et cd rocks, interviews \u2013Editions Vaillant 2010 : \u00ab Dans la T\u00eate de Robert Smith \u00bb, roman fiction autour de l\u2019histoire des Cure et de Robert Smith \u2013 Edilivres 2007 : \u00ab Chroniques Fr\u00e9n\u00e9tiques, une histoire intime du rock \u00bb, roman, prix Technikart. 2001 : \u00ab Les Iles du D\u00e9sert \u00bb, polar autour du rock \u2013 Editions Nykta","url":"https:\/\/culturesco.com\/index.php\/author\/patrick-benard89\/"}]}},"jetpack_featured_media_url":"https:\/\/i0.wp.com\/culturesco.com\/wp-content\/uploads\/2020\/11\/the-beatles-livre-de-stan-cuesta.jpg?fit=600%2C314&ssl=1","jetpack_likes_enabled":true,"jetpack_sharing_enabled":true,"jetpack_shortlink":"https:\/\/wp.me\/paz89I-3hZ","_links":{"self":[{"href":"https:\/\/culturesco.com\/index.php\/wp-json\/wp\/v2\/posts\/12647","targetHints":{"allow":["GET"]}}],"collection":[{"href":"https:\/\/culturesco.com\/index.php\/wp-json\/wp\/v2\/posts"}],"about":[{"href":"https:\/\/culturesco.com\/index.php\/wp-json\/wp\/v2\/types\/post"}],"author":[{"embeddable":true,"href":"https:\/\/culturesco.com\/index.php\/wp-json\/wp\/v2\/users\/4"}],"replies":[{"embeddable":true,"href":"https:\/\/culturesco.com\/index.php\/wp-json\/wp\/v2\/comments?post=12647"}],"version-history":[{"count":0,"href":"https:\/\/culturesco.com\/index.php\/wp-json\/wp\/v2\/posts\/12647\/revisions"}],"wp:featuredmedia":[{"embeddable":true,"href":"https:\/\/culturesco.com\/index.php\/wp-json\/wp\/v2\/media\/12696"}],"wp:attachment":[{"href":"https:\/\/culturesco.com\/index.php\/wp-json\/wp\/v2\/media?parent=12647"}],"wp:term":[{"taxonomy":"category","embeddable":true,"href":"https:\/\/culturesco.com\/index.php\/wp-json\/wp\/v2\/categories?post=12647"},{"taxonomy":"post_tag","embeddable":true,"href":"https:\/\/culturesco.com\/index.php\/wp-json\/wp\/v2\/tags?post=12647"}],"curies":[{"name":"wp","href":"https:\/\/api.w.org\/{rel}","templated":true}]}}