{"id":12587,"date":"2020-11-13T02:05:36","date_gmt":"2020-11-13T01:05:36","guid":{"rendered":"https:\/\/culturesco.com\/?p=12587"},"modified":"2021-01-16T23:29:44","modified_gmt":"2021-01-16T22:29:44","slug":"fredda-bisolaire","status":"publish","type":"post","link":"https:\/\/culturesco.com\/index.php\/2020\/11\/13\/fredda-bisolaire\/","title":{"rendered":"Fredda \u2013 Bisolaire"},"content":{"rendered":"<h2 style=\"text-align: justify;\">Si tu mets pile je m\u2019efface<\/h2>\n<figure id=\"attachment_12588\" aria-describedby=\"caption-attachment-12588\" style=\"width: 300px\" class=\"wp-caption aligncenter\"><a href=\"https:\/\/i0.wp.com\/culturesco.com\/wp-content\/uploads\/2020\/11\/Fredda.jpeg?ssl=1\"><img data-recalc-dims=\"1\" loading=\"lazy\" decoding=\"async\" class=\"size-medium wp-image-12588\" src=\"https:\/\/i0.wp.com\/culturesco.com\/wp-content\/uploads\/2020\/11\/Fredda.jpeg?resize=300%2C286&#038;ssl=1\" alt=\"Fredda - Bisolaire\" width=\"300\" height=\"286\" srcset=\"https:\/\/i0.wp.com\/culturesco.com\/wp-content\/uploads\/2020\/11\/Fredda.jpeg?resize=300%2C286&amp;ssl=1 300w, https:\/\/i0.wp.com\/culturesco.com\/wp-content\/uploads\/2020\/11\/Fredda.jpeg?resize=657%2C627&amp;ssl=1 657w, https:\/\/i0.wp.com\/culturesco.com\/wp-content\/uploads\/2020\/11\/Fredda.jpeg?resize=768%2C733&amp;ssl=1 768w, https:\/\/i0.wp.com\/culturesco.com\/wp-content\/uploads\/2020\/11\/Fredda.jpeg?resize=696%2C665&amp;ssl=1 696w, https:\/\/i0.wp.com\/culturesco.com\/wp-content\/uploads\/2020\/11\/Fredda.jpeg?resize=1068%2C1020&amp;ssl=1 1068w, https:\/\/i0.wp.com\/culturesco.com\/wp-content\/uploads\/2020\/11\/Fredda.jpeg?resize=440%2C420&amp;ssl=1 440w, https:\/\/i0.wp.com\/culturesco.com\/wp-content\/uploads\/2020\/11\/Fredda.jpeg?w=600&amp;ssl=1 600w\" sizes=\"auto, (max-width: 300px) 100vw, 300px\" \/><\/a><figcaption id=\"caption-attachment-12588\" class=\"wp-caption-text\">Fredda &#8211; Bisolaire<\/figcaption><\/figure>\n<h3 style=\"text-align: justify;\">A double face<\/h3>\n<p style=\"text-align: justify;\">Un joli mot pour illustrer le nouvel album de <strong>Fredda<\/strong>, sixi\u00e8me du nom. <strong><em>Bisolaire<\/em><\/strong> s\u2019affiche donc du c\u00f4t\u00e9 \u00e9clair\u00e9 avec une version plus sombre. Bon, ce n\u2019est pas <strong><em>Dark Side of the Moon<\/em><\/strong> non plus, mais il peut se r\u00e9sumer au travers des deux premiers titres et des deux derniers. Ce qui ne veut pas dire, non plus, que le reste est \u00e0 laisser. Au contraire.<\/p>\n<p style=\"text-align: justify;\">Ces quatre titres illustrent simplement l\u2019image qu\u2019on peut se faire \u00e0 la premi\u00e8re \u00e9coute et qui se confirme par la suite.<\/p>\n<p style=\"text-align: justify;\"><strong>\u00ab\u00a0Bisolaire\u00a0\u00bb<\/strong>, qui d\u00e9bute l\u2019opus annonce la couleur\u00a0: l\u2019acceptation que l\u2019auteur convient d\u2019\u00eatre \u00e0 la fois lumineuse et cr\u00e9pusculaire, le tout de fa\u00e7on l\u00e9g\u00e8re. <strong>\u00ab\u00a0J\u2019efface\u00a0\u00bb<\/strong> est remarquable d\u2019efficacit\u00e9 avec des paroles qui s\u2019envolent tandis que la musique reste bien ancr\u00e9e sur terre, \u00e0 coups de guitares assidues et de samples bienvenus. Tout cela organis\u00e9 par <strong>Nicolas Repac<\/strong> pour l\u2019ensemble de l\u2019ouvrage. Un bon hit en perspective.<\/p>\n<p>A mi-parcours, on d\u00e9couvre <strong>\u00ab\u00a0Jours Heureux\u00a0\u00bb<\/strong>, en version salsa d\u00e9gag\u00e9e de toute contrainte.<\/p>\n<h3><em>Fredda &#8211; Jours Heureux<\/em><\/h3>\n<div class=\"youtube-embed\" data-video_id=\"pKbrwCARcgw\"><iframe loading=\"lazy\" title=\"Fredda - Jours heureux (Clip Officiel)\" width=\"696\" height=\"392\" src=\"https:\/\/www.youtube.com\/embed\/pKbrwCARcgw\" frameborder=\"0\" allow=\"accelerometer; autoplay; clipboard-write; encrypted-media; gyroscope; picture-in-picture; web-share\" referrerpolicy=\"strict-origin-when-cross-origin\" allowfullscreen><\/iframe><\/div>\n<p style=\"text-align: justify;\"><strong>\u00ab\u00a0A Mi-Chemin\u00a0\u00bb<\/strong>, il s\u2019invite \u00e0 la chorale, harmonica \u00e0 l\u2019appui, pour une r\u00eaverie orient\u00e9e par une fin d\u2019apr\u00e8s-midi de novembre (ce qui tombe bien). <strong>\u00ab\u00a0Appartiens \u00e0 une \u00cele\u00a0\u00bb<\/strong> termine en mode pop rock et en vrai duo avec une guitare plus nerveuse le c\u00f4t\u00e9 pile et face. Et comme disait l\u2019autre\u00a0: si tu mets pile je m\u2019efface. Tout oscille dans cette phrase finalement. Fredda propose sans doute son ouvrage le plus intime et le plus objectif de son \u0153uvre. En r\u00e9sum\u00e9 le plus abouti.<\/p>\n<p style=\"text-align: justify;\"><strong>Fredda &#8211; Bisolaire<\/strong><\/p>\n<p style=\"text-align: justify;\">Microcultures\/L\u2019autre Distribution\/ Cristal Publishing<\/p>\n<p style=\"text-align: justify;\"><em>Sortie le 13 novembre<\/em><\/p>\n<p style=\"text-align: justify;\"><strong>Patrick B\u00e9nard<\/strong><\/p>\n","protected":false},"excerpt":{"rendered":"<p>Si tu mets pile je m\u2019efface A double face Un joli mot pour illustrer le nouvel album de Fredda, sixi\u00e8me du nom. Bisolaire s\u2019affiche donc du c\u00f4t\u00e9 \u00e9clair\u00e9 avec une version plus sombre. Bon, ce n\u2019est pas Dark Side of the Moon non plus, mais il peut se r\u00e9sumer au travers des deux premiers titres [&hellip;]<\/p>\n","protected":false},"author":4,"featured_media":12588,"comment_status":"open","ping_status":"open","sticky":false,"template":"","format":"image","meta":{"jetpack_post_was_ever_published":false,"tdm_status":"","tdm_grid_status":"","_jetpack_newsletter_access":"","_jetpack_dont_email_post_to_subs":false,"_jetpack_newsletter_tier_id":0,"_jetpack_memberships_contains_paywalled_content":false,"_jetpack_memberships_contains_paid_content":false,"footnotes":""},"categories":[17],"tags":[40,14012,12296],"class_list":{"0":"post-12587","1":"post","2":"type-post","3":"status-publish","4":"format-image","5":"has-post-thumbnail","7":"category-carotte-rock-cultures","8":"tag-chanson-francaise","9":"tag-jeux-de-mots","10":"tag-pop-rock","11":"post_format-post-format-image"},"yoast_head":"<!-- This site is optimized with the Yoast SEO plugin v27.5 - https:\/\/yoast.com\/product\/yoast-seo-wordpress\/ -->\n<title>Fredda \u2013 Bisolaire - Culturesco lumineuse et cr\u00e9pusculaire<\/title>\n<meta name=\"description\" content=\"CulturesCo | Avec Bisolaire, Fredda assume une double personnalit\u00e9, une face lumineuse, une autre cr\u00e9pusculaire - Pop et Rock\" \/>\n<meta name=\"robots\" content=\"index, follow, max-snippet:-1, max-image-preview:large, max-video-preview:-1\" \/>\n<link rel=\"canonical\" href=\"https:\/\/culturesco.com\/index.php\/2020\/11\/13\/fredda-bisolaire\/\" \/>\n<meta property=\"og:locale\" content=\"fr_FR\" \/>\n<meta property=\"og:type\" content=\"article\" \/>\n<meta property=\"og:title\" content=\"Fredda \u2013 Bisolaire - Culturesco lumineuse et cr\u00e9pusculaire\" \/>\n<meta property=\"og:description\" content=\"CulturesCo | Avec Bisolaire, Fredda assume une double personnalit\u00e9, une face lumineuse, une autre cr\u00e9pusculaire - Pop et Rock\" \/>\n<meta property=\"og:url\" content=\"https:\/\/culturesco.com\/index.php\/2020\/11\/13\/fredda-bisolaire\/\" \/>\n<meta property=\"og:site_name\" content=\"Culturesco\" \/>\n<meta property=\"article:publisher\" content=\"https:\/\/www.facebook.com\/radioculturesco\" \/>\n<meta property=\"article:published_time\" content=\"2020-11-13T01:05:36+00:00\" \/>\n<meta property=\"article:modified_time\" content=\"2021-01-16T22:29:44+00:00\" \/>\n<meta property=\"og:image\" content=\"https:\/\/i2.wp.com\/culturesco.com\/wp-content\/uploads\/2020\/11\/Fredda.jpeg?fit=600%2C573&ssl=1\" \/>\n\t<meta property=\"og:image:width\" content=\"600\" \/>\n\t<meta property=\"og:image:height\" content=\"573\" \/>\n\t<meta property=\"og:image:type\" content=\"image\/jpeg\" \/>\n<meta name=\"author\" content=\"Patrick Benard\" \/>\n<meta name=\"twitter:card\" content=\"summary_large_image\" \/>\n<meta name=\"twitter:creator\" content=\"@AugusteMarshal\" \/>\n<meta name=\"twitter:site\" content=\"@AugusteMarshal\" \/>\n<meta name=\"twitter:label1\" content=\"\u00c9crit par\" \/>\n\t<meta name=\"twitter:data1\" content=\"Patrick Benard\" \/>\n\t<meta name=\"twitter:label2\" content=\"Dur\u00e9e de lecture estim\u00e9e\" \/>\n\t<meta name=\"twitter:data2\" content=\"2 minutes\" \/>\n<script type=\"application\/ld+json\" class=\"yoast-schema-graph\">{\"@context\":\"https:\\\/\\\/schema.org\",\"@graph\":[{\"@type\":\"Article\",\"@id\":\"https:\\\/\\\/culturesco.com\\\/index.php\\\/2020\\\/11\\\/13\\\/fredda-bisolaire\\\/#article\",\"isPartOf\":{\"@id\":\"https:\\\/\\\/culturesco.com\\\/index.php\\\/2020\\\/11\\\/13\\\/fredda-bisolaire\\\/\"},\"author\":{\"name\":\"Patrick Benard\",\"@id\":\"https:\\\/\\\/culturesco.com\\\/#\\\/schema\\\/person\\\/c2ddd6724863f3bbd20a8278df0891f3\"},\"headline\":\"Fredda \u2013 Bisolaire\",\"datePublished\":\"2020-11-13T01:05:36+00:00\",\"dateModified\":\"2021-01-16T22:29:44+00:00\",\"mainEntityOfPage\":{\"@id\":\"https:\\\/\\\/culturesco.com\\\/index.php\\\/2020\\\/11\\\/13\\\/fredda-bisolaire\\\/\"},\"wordCount\":326,\"commentCount\":0,\"publisher\":{\"@id\":\"https:\\\/\\\/culturesco.com\\\/#organization\"},\"image\":{\"@id\":\"https:\\\/\\\/culturesco.com\\\/index.php\\\/2020\\\/11\\\/13\\\/fredda-bisolaire\\\/#primaryimage\"},\"thumbnailUrl\":\"https:\\\/\\\/i0.wp.com\\\/culturesco.com\\\/wp-content\\\/uploads\\\/2020\\\/11\\\/Fredda.jpeg?fit=600%2C573&ssl=1\",\"keywords\":[\"chanson fran\u00e7aise\",\"jeux de mots\",\"pop rock\"],\"articleSection\":[\"Carotte Rock Cultures\"],\"inLanguage\":\"fr-FR\",\"potentialAction\":[{\"@type\":\"CommentAction\",\"name\":\"Comment\",\"target\":[\"https:\\\/\\\/culturesco.com\\\/index.php\\\/2020\\\/11\\\/13\\\/fredda-bisolaire\\\/#respond\"]}]},{\"@type\":\"WebPage\",\"@id\":\"https:\\\/\\\/culturesco.com\\\/index.php\\\/2020\\\/11\\\/13\\\/fredda-bisolaire\\\/\",\"url\":\"https:\\\/\\\/culturesco.com\\\/index.php\\\/2020\\\/11\\\/13\\\/fredda-bisolaire\\\/\",\"name\":\"Fredda \u2013 Bisolaire - Culturesco lumineuse et cr\u00e9pusculaire\",\"isPartOf\":{\"@id\":\"https:\\\/\\\/culturesco.com\\\/#website\"},\"primaryImageOfPage\":{\"@id\":\"https:\\\/\\\/culturesco.com\\\/index.php\\\/2020\\\/11\\\/13\\\/fredda-bisolaire\\\/#primaryimage\"},\"image\":{\"@id\":\"https:\\\/\\\/culturesco.com\\\/index.php\\\/2020\\\/11\\\/13\\\/fredda-bisolaire\\\/#primaryimage\"},\"thumbnailUrl\":\"https:\\\/\\\/i0.wp.com\\\/culturesco.com\\\/wp-content\\\/uploads\\\/2020\\\/11\\\/Fredda.jpeg?fit=600%2C573&ssl=1\",\"datePublished\":\"2020-11-13T01:05:36+00:00\",\"dateModified\":\"2021-01-16T22:29:44+00:00\",\"description\":\"CulturesCo | Avec Bisolaire, Fredda assume une double personnalit\u00e9, une face lumineuse, une autre cr\u00e9pusculaire - Pop et Rock\",\"breadcrumb\":{\"@id\":\"https:\\\/\\\/culturesco.com\\\/index.php\\\/2020\\\/11\\\/13\\\/fredda-bisolaire\\\/#breadcrumb\"},\"inLanguage\":\"fr-FR\",\"potentialAction\":[{\"@type\":\"ReadAction\",\"target\":[\"https:\\\/\\\/culturesco.com\\\/index.php\\\/2020\\\/11\\\/13\\\/fredda-bisolaire\\\/\"]}]},{\"@type\":\"ImageObject\",\"inLanguage\":\"fr-FR\",\"@id\":\"https:\\\/\\\/culturesco.com\\\/index.php\\\/2020\\\/11\\\/13\\\/fredda-bisolaire\\\/#primaryimage\",\"url\":\"https:\\\/\\\/i0.wp.com\\\/culturesco.com\\\/wp-content\\\/uploads\\\/2020\\\/11\\\/Fredda.jpeg?fit=600%2C573&ssl=1\",\"contentUrl\":\"https:\\\/\\\/i0.wp.com\\\/culturesco.com\\\/wp-content\\\/uploads\\\/2020\\\/11\\\/Fredda.jpeg?fit=600%2C573&ssl=1\",\"width\":600,\"height\":573,\"caption\":\"Fredda - Bisolaire\"},{\"@type\":\"BreadcrumbList\",\"@id\":\"https:\\\/\\\/culturesco.com\\\/index.php\\\/2020\\\/11\\\/13\\\/fredda-bisolaire\\\/#breadcrumb\",\"itemListElement\":[{\"@type\":\"ListItem\",\"position\":1,\"name\":\"Accueil\",\"item\":\"https:\\\/\\\/culturesco.com\\\/\"},{\"@type\":\"ListItem\",\"position\":2,\"name\":\"Fredda \u2013 Bisolaire\"}]},{\"@type\":\"WebSite\",\"@id\":\"https:\\\/\\\/culturesco.com\\\/#website\",\"url\":\"https:\\\/\\\/culturesco.com\\\/\",\"name\":\"Culturesco\",\"description\":\"Culturesco | Un bon coup de pied dans ta Culture\",\"publisher\":{\"@id\":\"https:\\\/\\\/culturesco.com\\\/#organization\"},\"potentialAction\":[{\"@type\":\"SearchAction\",\"target\":{\"@type\":\"EntryPoint\",\"urlTemplate\":\"https:\\\/\\\/culturesco.com\\\/?s={search_term_string}\"},\"query-input\":{\"@type\":\"PropertyValueSpecification\",\"valueRequired\":true,\"valueName\":\"search_term_string\"}}],\"inLanguage\":\"fr-FR\"},{\"@type\":\"Organization\",\"@id\":\"https:\\\/\\\/culturesco.com\\\/#organization\",\"name\":\"CULTURESCO\",\"url\":\"https:\\\/\\\/culturesco.com\\\/\",\"logo\":{\"@type\":\"ImageObject\",\"inLanguage\":\"fr-FR\",\"@id\":\"https:\\\/\\\/culturesco.com\\\/#\\\/schema\\\/logo\\\/image\\\/\",\"url\":\"https:\\\/\\\/i0.wp.com\\\/culturesco.com\\\/wp-content\\\/uploads\\\/2022\\\/04\\\/culturesco-logo-blanc250p.png?fit=250%2C250&ssl=1\",\"contentUrl\":\"https:\\\/\\\/i0.wp.com\\\/culturesco.com\\\/wp-content\\\/uploads\\\/2022\\\/04\\\/culturesco-logo-blanc250p.png?fit=250%2C250&ssl=1\",\"width\":250,\"height\":250,\"caption\":\"CULTURESCO\"},\"image\":{\"@id\":\"https:\\\/\\\/culturesco.com\\\/#\\\/schema\\\/logo\\\/image\\\/\"},\"sameAs\":[\"https:\\\/\\\/www.facebook.com\\\/radioculturesco\",\"https:\\\/\\\/x.com\\\/AugusteMarshal\",\"https:\\\/\\\/www.instagram.com\\\/carotte_rock_culture\\\/\",\"https:\\\/\\\/www.pinterest.fr\\\/augustemarshal\\\/\",\"https:\\\/\\\/www.youtube.com\\\/channel\\\/UCiWLGffqWSXlNnfzp6YwwyQ\"]},{\"@type\":\"Person\",\"@id\":\"https:\\\/\\\/culturesco.com\\\/#\\\/schema\\\/person\\\/c2ddd6724863f3bbd20a8278df0891f3\",\"name\":\"Patrick Benard\",\"image\":{\"@type\":\"ImageObject\",\"inLanguage\":\"fr-FR\",\"@id\":\"https:\\\/\\\/i0.wp.com\\\/culturesco.com\\\/wp-content\\\/uploads\\\/2019\\\/02\\\/patrick-benard-2.jpg?fit=90%2C96&ssl=1\",\"url\":\"https:\\\/\\\/i0.wp.com\\\/culturesco.com\\\/wp-content\\\/uploads\\\/2019\\\/02\\\/patrick-benard-2.jpg?fit=90%2C96&ssl=1\",\"contentUrl\":\"https:\\\/\\\/i0.wp.com\\\/culturesco.com\\\/wp-content\\\/uploads\\\/2019\\\/02\\\/patrick-benard-2.jpg?fit=90%2C96&ssl=1\",\"caption\":\"Patrick Benard\"},\"description\":\"Ecrivain, chroniqueur, animateur radio, cr\u00e9ateur de la revue \u00ab Cin\u00e9manie \u00bb, autour du cin\u00e9ma dit d\u2019art et d\u2019essai, sp\u00e9cialiste du groupe The Cure, archiviste... 2020 : \\\"Le Post Rock\\\" essai sur le post rock de Mogwa\u00ef \u00e0 Godspeed You Black Emperor - Camion Blanc 2014 : \u00ab On the rocks \u2013le rock de 2007 \u00e0 2014 \u00bb chroniques livres et cd rocks, interviews \u2013Editions Vaillant 2010 : \u00ab Dans la T\u00eate de Robert Smith \u00bb, roman fiction autour de l\u2019histoire des Cure et de Robert Smith \u2013 Edilivres 2007 : \u00ab Chroniques Fr\u00e9n\u00e9tiques, une histoire intime du rock \u00bb, roman, prix Technikart. 2001 : \u00ab Les Iles du D\u00e9sert \u00bb, polar autour du rock \u2013 Editions Nykta\",\"url\":\"https:\\\/\\\/culturesco.com\\\/index.php\\\/author\\\/patrick-benard89\\\/\"}]}<\/script>\n<!-- \/ Yoast SEO plugin. -->","yoast_head_json":{"title":"Fredda \u2013 Bisolaire - Culturesco lumineuse et cr\u00e9pusculaire","description":"CulturesCo | Avec Bisolaire, Fredda assume une double personnalit\u00e9, une face lumineuse, une autre cr\u00e9pusculaire - Pop et Rock","robots":{"index":"index","follow":"follow","max-snippet":"max-snippet:-1","max-image-preview":"max-image-preview:large","max-video-preview":"max-video-preview:-1"},"canonical":"https:\/\/culturesco.com\/index.php\/2020\/11\/13\/fredda-bisolaire\/","og_locale":"fr_FR","og_type":"article","og_title":"Fredda \u2013 Bisolaire - Culturesco lumineuse et cr\u00e9pusculaire","og_description":"CulturesCo | Avec Bisolaire, Fredda assume une double personnalit\u00e9, une face lumineuse, une autre cr\u00e9pusculaire - Pop et Rock","og_url":"https:\/\/culturesco.com\/index.php\/2020\/11\/13\/fredda-bisolaire\/","og_site_name":"Culturesco","article_publisher":"https:\/\/www.facebook.com\/radioculturesco","article_published_time":"2020-11-13T01:05:36+00:00","article_modified_time":"2021-01-16T22:29:44+00:00","og_image":[{"width":600,"height":573,"url":"https:\/\/i2.wp.com\/culturesco.com\/wp-content\/uploads\/2020\/11\/Fredda.jpeg?fit=600%2C573&ssl=1","type":"image\/jpeg"}],"author":"Patrick Benard","twitter_card":"summary_large_image","twitter_creator":"@AugusteMarshal","twitter_site":"@AugusteMarshal","twitter_misc":{"\u00c9crit par":"Patrick Benard","Dur\u00e9e de lecture estim\u00e9e":"2 minutes"},"schema":{"@context":"https:\/\/schema.org","@graph":[{"@type":"Article","@id":"https:\/\/culturesco.com\/index.php\/2020\/11\/13\/fredda-bisolaire\/#article","isPartOf":{"@id":"https:\/\/culturesco.com\/index.php\/2020\/11\/13\/fredda-bisolaire\/"},"author":{"name":"Patrick Benard","@id":"https:\/\/culturesco.com\/#\/schema\/person\/c2ddd6724863f3bbd20a8278df0891f3"},"headline":"Fredda \u2013 Bisolaire","datePublished":"2020-11-13T01:05:36+00:00","dateModified":"2021-01-16T22:29:44+00:00","mainEntityOfPage":{"@id":"https:\/\/culturesco.com\/index.php\/2020\/11\/13\/fredda-bisolaire\/"},"wordCount":326,"commentCount":0,"publisher":{"@id":"https:\/\/culturesco.com\/#organization"},"image":{"@id":"https:\/\/culturesco.com\/index.php\/2020\/11\/13\/fredda-bisolaire\/#primaryimage"},"thumbnailUrl":"https:\/\/i0.wp.com\/culturesco.com\/wp-content\/uploads\/2020\/11\/Fredda.jpeg?fit=600%2C573&ssl=1","keywords":["chanson fran\u00e7aise","jeux de mots","pop rock"],"articleSection":["Carotte Rock Cultures"],"inLanguage":"fr-FR","potentialAction":[{"@type":"CommentAction","name":"Comment","target":["https:\/\/culturesco.com\/index.php\/2020\/11\/13\/fredda-bisolaire\/#respond"]}]},{"@type":"WebPage","@id":"https:\/\/culturesco.com\/index.php\/2020\/11\/13\/fredda-bisolaire\/","url":"https:\/\/culturesco.com\/index.php\/2020\/11\/13\/fredda-bisolaire\/","name":"Fredda \u2013 Bisolaire - Culturesco lumineuse et cr\u00e9pusculaire","isPartOf":{"@id":"https:\/\/culturesco.com\/#website"},"primaryImageOfPage":{"@id":"https:\/\/culturesco.com\/index.php\/2020\/11\/13\/fredda-bisolaire\/#primaryimage"},"image":{"@id":"https:\/\/culturesco.com\/index.php\/2020\/11\/13\/fredda-bisolaire\/#primaryimage"},"thumbnailUrl":"https:\/\/i0.wp.com\/culturesco.com\/wp-content\/uploads\/2020\/11\/Fredda.jpeg?fit=600%2C573&ssl=1","datePublished":"2020-11-13T01:05:36+00:00","dateModified":"2021-01-16T22:29:44+00:00","description":"CulturesCo | Avec Bisolaire, Fredda assume une double personnalit\u00e9, une face lumineuse, une autre cr\u00e9pusculaire - Pop et Rock","breadcrumb":{"@id":"https:\/\/culturesco.com\/index.php\/2020\/11\/13\/fredda-bisolaire\/#breadcrumb"},"inLanguage":"fr-FR","potentialAction":[{"@type":"ReadAction","target":["https:\/\/culturesco.com\/index.php\/2020\/11\/13\/fredda-bisolaire\/"]}]},{"@type":"ImageObject","inLanguage":"fr-FR","@id":"https:\/\/culturesco.com\/index.php\/2020\/11\/13\/fredda-bisolaire\/#primaryimage","url":"https:\/\/i0.wp.com\/culturesco.com\/wp-content\/uploads\/2020\/11\/Fredda.jpeg?fit=600%2C573&ssl=1","contentUrl":"https:\/\/i0.wp.com\/culturesco.com\/wp-content\/uploads\/2020\/11\/Fredda.jpeg?fit=600%2C573&ssl=1","width":600,"height":573,"caption":"Fredda - Bisolaire"},{"@type":"BreadcrumbList","@id":"https:\/\/culturesco.com\/index.php\/2020\/11\/13\/fredda-bisolaire\/#breadcrumb","itemListElement":[{"@type":"ListItem","position":1,"name":"Accueil","item":"https:\/\/culturesco.com\/"},{"@type":"ListItem","position":2,"name":"Fredda \u2013 Bisolaire"}]},{"@type":"WebSite","@id":"https:\/\/culturesco.com\/#website","url":"https:\/\/culturesco.com\/","name":"Culturesco","description":"Culturesco | Un bon coup de pied dans ta Culture","publisher":{"@id":"https:\/\/culturesco.com\/#organization"},"potentialAction":[{"@type":"SearchAction","target":{"@type":"EntryPoint","urlTemplate":"https:\/\/culturesco.com\/?s={search_term_string}"},"query-input":{"@type":"PropertyValueSpecification","valueRequired":true,"valueName":"search_term_string"}}],"inLanguage":"fr-FR"},{"@type":"Organization","@id":"https:\/\/culturesco.com\/#organization","name":"CULTURESCO","url":"https:\/\/culturesco.com\/","logo":{"@type":"ImageObject","inLanguage":"fr-FR","@id":"https:\/\/culturesco.com\/#\/schema\/logo\/image\/","url":"https:\/\/i0.wp.com\/culturesco.com\/wp-content\/uploads\/2022\/04\/culturesco-logo-blanc250p.png?fit=250%2C250&ssl=1","contentUrl":"https:\/\/i0.wp.com\/culturesco.com\/wp-content\/uploads\/2022\/04\/culturesco-logo-blanc250p.png?fit=250%2C250&ssl=1","width":250,"height":250,"caption":"CULTURESCO"},"image":{"@id":"https:\/\/culturesco.com\/#\/schema\/logo\/image\/"},"sameAs":["https:\/\/www.facebook.com\/radioculturesco","https:\/\/x.com\/AugusteMarshal","https:\/\/www.instagram.com\/carotte_rock_culture\/","https:\/\/www.pinterest.fr\/augustemarshal\/","https:\/\/www.youtube.com\/channel\/UCiWLGffqWSXlNnfzp6YwwyQ"]},{"@type":"Person","@id":"https:\/\/culturesco.com\/#\/schema\/person\/c2ddd6724863f3bbd20a8278df0891f3","name":"Patrick Benard","image":{"@type":"ImageObject","inLanguage":"fr-FR","@id":"https:\/\/i0.wp.com\/culturesco.com\/wp-content\/uploads\/2019\/02\/patrick-benard-2.jpg?fit=90%2C96&ssl=1","url":"https:\/\/i0.wp.com\/culturesco.com\/wp-content\/uploads\/2019\/02\/patrick-benard-2.jpg?fit=90%2C96&ssl=1","contentUrl":"https:\/\/i0.wp.com\/culturesco.com\/wp-content\/uploads\/2019\/02\/patrick-benard-2.jpg?fit=90%2C96&ssl=1","caption":"Patrick Benard"},"description":"Ecrivain, chroniqueur, animateur radio, cr\u00e9ateur de la revue \u00ab Cin\u00e9manie \u00bb, autour du cin\u00e9ma dit d\u2019art et d\u2019essai, sp\u00e9cialiste du groupe The Cure, archiviste... 2020 : \"Le Post Rock\" essai sur le post rock de Mogwa\u00ef \u00e0 Godspeed You Black Emperor - Camion Blanc 2014 : \u00ab On the rocks \u2013le rock de 2007 \u00e0 2014 \u00bb chroniques livres et cd rocks, interviews \u2013Editions Vaillant 2010 : \u00ab Dans la T\u00eate de Robert Smith \u00bb, roman fiction autour de l\u2019histoire des Cure et de Robert Smith \u2013 Edilivres 2007 : \u00ab Chroniques Fr\u00e9n\u00e9tiques, une histoire intime du rock \u00bb, roman, prix Technikart. 2001 : \u00ab Les Iles du D\u00e9sert \u00bb, polar autour du rock \u2013 Editions Nykta","url":"https:\/\/culturesco.com\/index.php\/author\/patrick-benard89\/"}]}},"jetpack_featured_media_url":"https:\/\/i0.wp.com\/culturesco.com\/wp-content\/uploads\/2020\/11\/Fredda.jpeg?fit=600%2C573&ssl=1","jetpack_likes_enabled":true,"jetpack_sharing_enabled":true,"jetpack_shortlink":"https:\/\/wp.me\/paz89I-3h1","_links":{"self":[{"href":"https:\/\/culturesco.com\/index.php\/wp-json\/wp\/v2\/posts\/12587","targetHints":{"allow":["GET"]}}],"collection":[{"href":"https:\/\/culturesco.com\/index.php\/wp-json\/wp\/v2\/posts"}],"about":[{"href":"https:\/\/culturesco.com\/index.php\/wp-json\/wp\/v2\/types\/post"}],"author":[{"embeddable":true,"href":"https:\/\/culturesco.com\/index.php\/wp-json\/wp\/v2\/users\/4"}],"replies":[{"embeddable":true,"href":"https:\/\/culturesco.com\/index.php\/wp-json\/wp\/v2\/comments?post=12587"}],"version-history":[{"count":0,"href":"https:\/\/culturesco.com\/index.php\/wp-json\/wp\/v2\/posts\/12587\/revisions"}],"wp:featuredmedia":[{"embeddable":true,"href":"https:\/\/culturesco.com\/index.php\/wp-json\/wp\/v2\/media\/12588"}],"wp:attachment":[{"href":"https:\/\/culturesco.com\/index.php\/wp-json\/wp\/v2\/media?parent=12587"}],"wp:term":[{"taxonomy":"category","embeddable":true,"href":"https:\/\/culturesco.com\/index.php\/wp-json\/wp\/v2\/categories?post=12587"},{"taxonomy":"post_tag","embeddable":true,"href":"https:\/\/culturesco.com\/index.php\/wp-json\/wp\/v2\/tags?post=12587"}],"curies":[{"name":"wp","href":"https:\/\/api.w.org\/{rel}","templated":true}]}}