{"id":12543,"date":"2020-11-09T21:46:03","date_gmt":"2020-11-09T20:46:03","guid":{"rendered":"https:\/\/culturesco.com\/?p=12543"},"modified":"2020-12-17T18:12:07","modified_gmt":"2020-12-17T17:12:07","slug":"the-rolling-stones-laffaire-de-bruxelles-live-1973","status":"publish","type":"post","link":"https:\/\/culturesco.com\/index.php\/2020\/11\/09\/the-rolling-stones-laffaire-de-bruxelles-live-1973\/","title":{"rendered":"The Rolling Stones &#8211; L&rsquo;affaire de Bruxelles"},"content":{"rendered":"<h2>The Rolling Stones &#8211; L&rsquo;affaire de Bruxelles<\/h2>\n<p><a href=\"https:\/\/i0.wp.com\/culturesco.com\/wp-content\/uploads\/2020\/11\/Rolling-Stones-Inner.jpg?ssl=1\"><img data-recalc-dims=\"1\" loading=\"lazy\" decoding=\"async\" class=\"aligncenter wp-image-12544 size-full\" src=\"https:\/\/i0.wp.com\/culturesco.com\/wp-content\/uploads\/2020\/11\/Rolling-Stones-Inner.jpg?resize=600%2C264&#038;ssl=1\" alt=\"The Rolling Stones\" width=\"600\" height=\"264\" srcset=\"https:\/\/i0.wp.com\/culturesco.com\/wp-content\/uploads\/2020\/11\/Rolling-Stones-Inner.jpg?w=600&amp;ssl=1 600w, https:\/\/i0.wp.com\/culturesco.com\/wp-content\/uploads\/2020\/11\/Rolling-Stones-Inner.jpg?resize=300%2C132&amp;ssl=1 300w, https:\/\/i0.wp.com\/culturesco.com\/wp-content\/uploads\/2020\/11\/Rolling-Stones-Inner.jpg?resize=768%2C337&amp;ssl=1 768w, https:\/\/i0.wp.com\/culturesco.com\/wp-content\/uploads\/2020\/11\/Rolling-Stones-Inner.jpg?resize=696%2C306&amp;ssl=1 696w\" sizes=\"auto, (max-width: 600px) 100vw, 600px\" \/><\/a><\/p>\n<p style=\"text-align: justify;\">Le <strong>17 octobre 1973<\/strong>, les <strong>Rolling Stones<\/strong> se produisent dans la capitale europ\u00e9enne. A Strasbourg ? Non, <strong>\u00e0 Bruxelles<\/strong>. Pourtant, dans l\u2019id\u00e9e, ce concert est <strong>destin\u00e9 au public fran\u00e7ais.<\/strong> Explication \u2026<\/p>\n<p style=\"text-align: justify;\">A la sortie de l\u2019enregistrement d\u2019<a href=\"https:\/\/www.youtube.com\/watch?v=8drcUlZAQxI\" target=\"_blank\" rel=\"noopener noreferrer\"><em>Exile on Main St.<\/em><\/a> (1972), s\u00e9ances musicales en sous-sol ponctu\u00e9es de bacchanales \u00e0 la Villa Nellcote, du c\u00f4t\u00e9 de Villefranche sur Mer, <strong>Keith Richards<\/strong> et Anita Pallenberg h\u00e9ritent du chef d<strong>\u2019inculpation<\/strong> suivant : \u00ab <strong>Usage et trafic de stup\u00e9fiants<\/strong> \u00bb. Forc\u00e9ment, \u00e0 faire les cacous en ville \u2026 (lire : <em>Exile on Main Street \u2013 Une saison en Enfer avec les Rolling Stones<\/em> de <a href=\"https:\/\/www.babelio.com\/livres\/Greenfield-Exile-on-main-street--Une-saison-en-enfer-avec-le\/171277\" target=\"_blank\" rel=\"noopener noreferrer\">Robert Greenfield<\/a>). Par cons\u00e9quence, <strong>les Stones ne peuvent se produire en France.<\/strong> Comme ils d\u00e9butent en septembre une tourn\u00e9e sur le vieux continent, une id\u00e9e germe dans l\u2019esprit de <strong>Jean-Bernard Hebey,<\/strong> homme de radio.<\/p>\n<p style=\"text-align: justify;\">\u00c9minent sp\u00e9cialiste es musique contemporaine, concomitamment aux <em>Nocturnes<\/em> de Georges Lang, il anime <strong><em>Poste Restante<\/em><\/strong>, l\u2019incontournable <strong>plage musicale pop et rock sur RTL.<\/strong> Son projet consiste \u00e0 <strong>organiser un concert<\/strong> express\u00e9ment <strong>r\u00e9serv\u00e9 au public fran\u00e7ais<\/strong> \u2026 <strong>en Belgique !<\/strong> Il contacte les bonnes personnes et obtient une <strong>interview exclusive de Mick Jagger<\/strong> o\u00f9 ce dernier annonce l\u2019\u00e9v\u00e8nement ; et en fran\u00e7ais s\u2019il vous plait ! <strong>Un train est affr\u00e9t\u00e9<\/strong> qui, de Paris, se rend directement \u00e0 Bruxelles. Le <strong>billet <\/strong>est fix\u00e9<strong> \u00e0 70 Frs,<\/strong> concert compris. Evidemment, le tortillard affiche complet en un clin d\u2019\u0153il.<\/p>\n<h3>The ROLLING STONES &#8211; You can&rsquo;t always get what you want<\/h3>\n<div class=\"youtube-embed\" data-video_id=\"p81IzY_ss3A\"><iframe loading=\"lazy\" title=\"The Rolling Stones | You Can&#039;t Always Get What You Want(Brussels Affair, Live in 1973) | GHS2020\" width=\"696\" height=\"522\" src=\"https:\/\/www.youtube.com\/embed\/p81IzY_ss3A\" frameborder=\"0\" allow=\"accelerometer; autoplay; clipboard-write; encrypted-media; gyroscope; picture-in-picture; web-share\" referrerpolicy=\"strict-origin-when-cross-origin\" allowfullscreen><\/iframe><\/div>\n<p style=\"text-align: justify;\">La veille du concert, le 16 octobre, Richards et sa compagne sont fix\u00e9s sur leurs sors. <strong>Le jugement<\/strong> tombe : des <strong>\u00ab p\u00e9p\u00e9ttes \u00bb et <\/strong>du<strong> sursis ! Sacr\u00e9 Keith<\/strong> \u2026<\/p>\n<p style=\"text-align: justify;\">En ce qui concerne la musique, <strong><em>L\u2019Affaire de Bruxelles<\/em>, bootleg<\/strong> pr\u00e9alablement sorti \u00ab officiellement \u00bb en 2011, et en anglais, sous le titre <em>Brussels affair<\/em>, t\u00e9moigne sur <strong>ce que Mick Taylor apportait aux Rolling Stones.<\/strong> Rompant ses cha\u00eenes, sa Les Paul enlumine tous les coins et recoins des chansons. Aux doigts et au bottleneck, <strong>il l\u00e2che des solos d\u00e9li\u00e9s et cruciaux<\/strong>, somme de notes \u00e9chevel\u00e9es aux fragrances pr\u00e9cieuses. En rythmique, il s\u2019accorde merveilleusement aux <strong>claviers<\/strong>, ceux de <strong>Billy Preston<\/strong> et de <strong>Ian Stewart<\/strong>, le pianiste de l\u2019ombre. Le sixi\u00e8me Stones ? En r\u00e9alit\u00e9, historiquement parlant, le deuxi\u00e8me apr\u00e8s <strong>Brian Jones<\/strong> (les \u00ab vrais \u00bb Stones seraient donc morts ?!).<\/p>\n<h3>Rip this joint<\/h3>\n<div class=\"youtube-embed\" data-video_id=\"qmBpYAldwfE\"><iframe loading=\"lazy\" title=\"The Rolling Stones | Rip This Joint (Brussels Affair, Live in 1973) | GHS2020\" width=\"696\" height=\"522\" src=\"https:\/\/www.youtube.com\/embed\/qmBpYAldwfE\" frameborder=\"0\" allow=\"accelerometer; autoplay; clipboard-write; encrypted-media; gyroscope; picture-in-picture; web-share\" referrerpolicy=\"strict-origin-when-cross-origin\" allowfullscreen><\/iframe><\/div>\n<p style=\"text-align: justify;\">Cimentant le tout, <strong>Mick<\/strong> <strong>Jagger<\/strong>, m\u00eame s\u2019il \u00ab m\u00e2che \u00bb certaines syllabes, <strong>ne met pas une note \u00e0 c\u00f4t\u00e9.<\/strong> On l\u2019imagine arpentant la sc\u00e8ne, <strong>reins cambr\u00e9s<\/strong>, adoptant la <strong>position du paon<\/strong> qu\u2019il affectionne tout particuli\u00e8rement. Quant \u00e0 ce \u00ab vieux \u00bb <strong>Charlie Watts<\/strong>, que l\u2019on pensait \u00ab mono rythme \u00bb, il adopte un <strong>jeu de batterie virevoltant<\/strong> aux acc\u00e9l\u00e9rations et roulements redoutables. Certes, c\u2019\u00e9tait en 1973 \u2026<\/p>\n<h3>The ROLLING STONES &#8211; Midnight rambler<\/h3>\n<div class=\"youtube-embed\" data-video_id=\"E3TbZ6ZCtyI\"><iframe loading=\"lazy\" title=\"The Rolling Stones | Midnight Rambler (Brussels Affair, Live in 1973) | GHS2020\" width=\"696\" height=\"522\" src=\"https:\/\/www.youtube.com\/embed\/E3TbZ6ZCtyI\" frameborder=\"0\" allow=\"accelerometer; autoplay; clipboard-write; encrypted-media; gyroscope; picture-in-picture; web-share\" referrerpolicy=\"strict-origin-when-cross-origin\" allowfullscreen><\/iframe><\/div>\n<p style=\"text-align: justify;\">Pour un bootleg, et du live, <strong>le son est plus que \u00ab propre \u00bb.<\/strong> Une exception : enregistr\u00e9 depuis le public, \u00e0 coup s\u00fbr via un petit magn\u00e9tophone pos\u00e9 sur des genoux (tout le monde n\u2019est pas debout ?!), \u00ab<strong> Star star<\/strong> \u00bb git au sortir des enceintes telle une <strong>\u00ab<\/strong> <strong>bistouille \u00bb mar\u00e9cageuse<\/strong>.<\/p>\n<p style=\"text-align: justify;\">Et <strong>le p\u00e8re du Pirate<\/strong>, me direz-vous ? Il <strong>tricote sa Telecaster \u00e9nergiquement<\/strong>, \u00e0 des lieux de ces \u00e9tats post morphiniques o\u00f9 l\u2019absorption d\u2019h\u00e9ro\u00efne le laisse parfois. <strong>Richards chante<\/strong> m\u00eame le troisi\u00e8me titre de l\u2019album, \u00ab <a href=\"https:\/\/www.youtube.com\/watch?v=beyHSB5Pcxc\" target=\"_blank\" rel=\"noopener noreferrer\">Happy<\/a> \u00bb, a<strong>vec un engouement et une hargne<\/strong> qui \u00e9tonnent l\u2019auditeur, celui qui, jusque-l\u00e0, ne le croyait capable que d\u2019open tuning.<\/p>\n<p><a href=\"https:\/\/i0.wp.com\/culturesco.com\/wp-content\/uploads\/2020\/11\/Rolling-Stones-live-1973.jpg?ssl=1\"><img data-recalc-dims=\"1\" loading=\"lazy\" decoding=\"async\" class=\"aligncenter wp-image-12545\" src=\"https:\/\/i0.wp.com\/culturesco.com\/wp-content\/uploads\/2020\/11\/Rolling-Stones-live-1973.jpg?resize=431%2C333&#038;ssl=1\" alt=\"The Rolling Stones\" width=\"431\" height=\"333\" srcset=\"https:\/\/i0.wp.com\/culturesco.com\/wp-content\/uploads\/2020\/11\/Rolling-Stones-live-1973.jpg?resize=300%2C232&amp;ssl=1 300w, https:\/\/i0.wp.com\/culturesco.com\/wp-content\/uploads\/2020\/11\/Rolling-Stones-live-1973.jpg?resize=544%2C420&amp;ssl=1 544w, https:\/\/i0.wp.com\/culturesco.com\/wp-content\/uploads\/2020\/11\/Rolling-Stones-live-1973.jpg?w=600&amp;ssl=1 600w\" sizes=\"auto, (max-width: 431px) 100vw, 431px\" \/><\/a><\/p>\n<p style=\"text-align: justify;\"><strong>Bobby Keys<\/strong> ayant \u00e9t\u00e9 <strong>d\u00e9barqu\u00e9<\/strong> pour \u00ab exc\u00e8s \u00bb (au c\u0153ur d\u2019une bande de \u00ab cram\u00e9s \u00bb pareils, il fallait le faire !) c\u2019est <strong>Trevor Lawrence<\/strong> qui astique royalement son <strong>saxophone<\/strong> pour des <strong>prises de \u00ab paroles \u00bb remarquables<\/strong> et remarqu\u00e9es.<\/p>\n<p style=\"text-align: justify;\">C\u00f4t\u00e9 basse, l\u2019ami <strong>Bill Wyman<\/strong> lie ses <strong>notes \u00ab proprettes \u00bb<\/strong> aux autres, bassiste inamovible et imperturbable, plut\u00f4t concentr\u00e9 sur les premiers rangs de la fosse \u00e0 rep\u00e9rer celles qui pourraient le visiter en soir\u00e9e. Au-del\u00e0 de ces pr\u00e9occupations concupiscentes, son <strong>apport <\/strong>reste<strong> essentiel aux m\u00e9lodies<\/strong> d\u00e9velopp\u00e9es par la guitare rythmique, comblant les creux et les bosses laiss\u00e9s par le Boss.<\/p>\n<h3>All down the line<\/h3>\n<div class=\"youtube-embed\" data-video_id=\"Yy6YDepC1Dw\"><iframe loading=\"lazy\" title=\"The Rolling Stones | All Down The Line (Brussels Affair, Live in 1973) | GHS2020\" width=\"696\" height=\"522\" src=\"https:\/\/www.youtube.com\/embed\/Yy6YDepC1Dw\" frameborder=\"0\" allow=\"accelerometer; autoplay; clipboard-write; encrypted-media; gyroscope; picture-in-picture; web-share\" referrerpolicy=\"strict-origin-when-cross-origin\" allowfullscreen><\/iframe><\/div>\n<p style=\"text-align: justify;\">\u00ab <strong>Jumpin\u2019 Jack flash<\/strong> \u00bb occupe l\u2019avant derni\u00e8re piste du CD. En ce qui concerne son <strong>interpr\u00e9tation<\/strong>, pour les aficionados du rock, <strong>Johnny Winter<\/strong> sur le <a href=\"https:\/\/www.youtube.com\/watch?v=U9zaMuYWm64\" target=\"_blank\" rel=\"noopener noreferrer\"><em>Live and<\/em><\/a> (1971) fait figure d\u2019\u00e9talon. Est-ce que les cr\u00e9ateurs parviennent \u00e0 sortir de l\u2019orni\u00e8re o\u00f9 l\u2019individu blas\u00e9 pense les trouver ? A l\u2019entame du morceau, \u00e7a n\u2019est pas gagn\u00e9. A mis parcours, les orteils commencent \u00e0 s\u2019animer. Et puis <strong>les musiciens s\u2019emballent en un tourbillon qui les am\u00e8ne \u00e0 rivaliser<\/strong> avec le bretteur des hauts sommets, ce fabuleux Soliste de Neige.<\/p>\n<h3>Johnny WINTER And &#8211; Jumpin&rsquo; Jack flash<\/h3>\n<div class=\"youtube-embed\" data-video_id=\"EbPucX4Oj28\"><iframe loading=\"lazy\" title=\"Johnny Winter And - Jumpin&#039; Jack Flash (live)\" width=\"696\" height=\"522\" src=\"https:\/\/www.youtube.com\/embed\/EbPucX4Oj28\" frameborder=\"0\" allow=\"accelerometer; autoplay; clipboard-write; encrypted-media; gyroscope; picture-in-picture; web-share\" referrerpolicy=\"strict-origin-when-cross-origin\" allowfullscreen><\/iframe><\/div>\n<h3>The ROLLING STONES &#8211; Jumpin&rsquo; Jack flash<\/h3>\n<div class=\"youtube-embed\" data-video_id=\"C_kf_qHQfkM\"><iframe loading=\"lazy\" title=\"The Rolling Stones | Jumpin&#039; Jack Flash(Brussels Affair, Live in 1973) | GHS2020\" width=\"696\" height=\"522\" src=\"https:\/\/www.youtube.com\/embed\/C_kf_qHQfkM\" frameborder=\"0\" allow=\"accelerometer; autoplay; clipboard-write; encrypted-media; gyroscope; picture-in-picture; web-share\" referrerpolicy=\"strict-origin-when-cross-origin\" allowfullscreen><\/iframe><\/div>\n<p style=\"text-align: justify;\">L\u2019amateur de passage ou le fan inv\u00e9t\u00e9r\u00e9 se doit de consid\u00e9rer <strong>ce CD<\/strong> comme <strong>valant le d\u00e9tour<\/strong>. Allant plus loin, certains affirment sa <strong>n\u00e9cessit\u00e9 !<\/strong> Pour les empreints de scepticisme, pr\u00e9cisons que m\u00eame les titres de <a href=\"https:\/\/www.youtube.com\/watch?v=sqUiWpGGCmI\" target=\"_blank\" rel=\"noopener noreferrer\"><em>Goat heads soap<\/em><\/a> (1973), de \u00ab <a href=\"https:\/\/www.youtube.com\/watch?v=qo1gR2cpmJs\" target=\"_blank\" rel=\"noopener noreferrer\"><strong>Dancing with Mister D<\/strong> <\/a>\u00bb \u00e0 \u00ab <a href=\"https:\/\/www.youtube.com\/watch?v=wsSmjhnwAkE\" target=\"_blank\" rel=\"noopener noreferrer\"><strong>Angie<\/strong><\/a> \u00bb, <strong>prennent une ampleur resplendissante.<\/strong> Et puis, cette <strong>fin de concert<\/strong> ! Passant la d\u00e9multipli\u00e9e, <strong>les Cailloux<\/strong> ne roulent plus leur r\u00e9pertoire, ils le d\u00e9valent, kayak incandescent pris dans un fleuve pyrotechnique, <strong>terminant le feu d\u2019artifices sur un \u00ab Street fighting man \u00bb d\u00e9mentiel !<\/strong><\/p>\n<h3>Street fighting man<\/h3>\n<div class=\"youtube-embed\" data-video_id=\"XCkTM3GbKrY\"><iframe loading=\"lazy\" title=\"The Rolling Stones &quot;Street Fighting Man&quot; Live London 1973\" width=\"696\" height=\"392\" src=\"https:\/\/www.youtube.com\/embed\/XCkTM3GbKrY\" frameborder=\"0\" allow=\"accelerometer; autoplay; clipboard-write; encrypted-media; gyroscope; picture-in-picture; web-share\" referrerpolicy=\"strict-origin-when-cross-origin\" allowfullscreen><\/iframe><\/div>\n<p style=\"text-align: justify;\"><strong>Le chroniqueur<\/strong>, pas plus fan que \u00e7a des Rolling Stones, <strong>pl\u00e9biscite<\/strong> pourtant <strong>l\u2019acquisition de ce tr\u00e9sor.<\/strong> D\u2019ailleurs, se refusant \u00e0 <strong>conclure<\/strong>, il laisse ce plaisir \u00e0 <strong>Mick J<\/strong> : \u00ab <em>You can\u2019t always get what you want, but if you try sometime \u2026 you get what you need<\/em> \u00bb.<\/p>\n<p style=\"text-align: justify;\">We needed, Mick, <strong>we needed it.<\/strong><\/p>\n<p>Thierry Dauge<\/p>\n<p><strong>Label<\/strong> : <a href=\"http:\/\/bootlegpedia.com\/en\/product\/APCD-056\" target=\"_blank\" rel=\"noopener noreferrer\"><em>Acid Project<\/em><\/a><\/p>\n<p><strong>Titres<\/strong> : CF quatri\u00e8me de couverture \u2026 enfin \u2026 dos de CD.<\/p>\n","protected":false},"excerpt":{"rendered":"<p>The Rolling Stones &#8211; L&rsquo;affaire de Bruxelles Le 17 octobre 1973, les Rolling Stones se produisent dans la capitale europ\u00e9enne. A Strasbourg ? Non, \u00e0 Bruxelles. Pourtant, dans l\u2019id\u00e9e, ce concert est destin\u00e9 au public fran\u00e7ais. Explication \u2026 A la sortie de l\u2019enregistrement d\u2019Exile on Main St. (1972), s\u00e9ances musicales en sous-sol ponctu\u00e9es de bacchanales [&hellip;]<\/p>\n","protected":false},"author":3,"featured_media":12868,"comment_status":"open","ping_status":"open","sticky":false,"template":"","format":"image","meta":{"jetpack_post_was_ever_published":false,"tdm_status":"","tdm_grid_status":"","_jetpack_newsletter_access":"","_jetpack_dont_email_post_to_subs":false,"_jetpack_newsletter_tier_id":0,"_jetpack_memberships_contains_paywalled_content":false,"_jetpack_memberships_contains_paid_content":false,"footnotes":""},"categories":[30,17,36,33],"tags":[37,52,58],"class_list":{"0":"post-12543","1":"post","2":"type-post","3":"status-publish","4":"format-image","5":"has-post-thumbnail","7":"category-albums-rock","8":"category-carotte-rock-cultures","9":"category-groupes-rock-daujourdhui","10":"category-histoire-du-rock","11":"tag-album-rock","12":"tag-groupe-rock-actuel","13":"tag-histoire-du-rock","14":"post_format-post-format-image"},"yoast_head":"<!-- This site is optimized with the Yoast SEO plugin v27.5 - https:\/\/yoast.com\/product\/yoast-seo-wordpress\/ -->\n<title>The Rolling Stones - L&#039;affaire de Bruxelles - Culturesco The Rolling Stones<\/title>\n<meta name=\"description\" content=\"CulturesCo | L&#039;Affaire de Bruxelles - The Rolling Stones live \u00e0 Bruxelles en 1973 - Concert mythique satur\u00e9 de testost\u00e9rone\" \/>\n<meta name=\"robots\" content=\"index, follow, max-snippet:-1, max-image-preview:large, max-video-preview:-1\" \/>\n<link rel=\"canonical\" href=\"https:\/\/culturesco.com\/index.php\/2020\/11\/09\/the-rolling-stones-laffaire-de-bruxelles-live-1973\/\" \/>\n<meta property=\"og:locale\" content=\"fr_FR\" \/>\n<meta property=\"og:type\" content=\"article\" \/>\n<meta property=\"og:title\" content=\"The Rolling Stones - L&#039;affaire de Bruxelles - Culturesco The Rolling Stones\" \/>\n<meta property=\"og:description\" content=\"CulturesCo | L&#039;Affaire de Bruxelles - The Rolling Stones live \u00e0 Bruxelles en 1973 - Concert mythique satur\u00e9 de testost\u00e9rone\" \/>\n<meta property=\"og:url\" content=\"https:\/\/culturesco.com\/index.php\/2020\/11\/09\/the-rolling-stones-laffaire-de-bruxelles-live-1973\/\" \/>\n<meta property=\"og:site_name\" content=\"Culturesco\" \/>\n<meta property=\"article:publisher\" content=\"https:\/\/www.facebook.com\/radioculturesco\" \/>\n<meta property=\"article:published_time\" content=\"2020-11-09T20:46:03+00:00\" \/>\n<meta property=\"article:modified_time\" content=\"2020-12-17T17:12:07+00:00\" \/>\n<meta property=\"og:image\" content=\"https:\/\/i2.wp.com\/culturesco.com\/wp-content\/uploads\/2020\/11\/keith-richards-citation-rolling-stones.jpg?fit=600%2C314&ssl=1\" \/>\n\t<meta property=\"og:image:width\" content=\"600\" \/>\n\t<meta property=\"og:image:height\" content=\"314\" \/>\n\t<meta property=\"og:image:type\" content=\"image\/jpeg\" \/>\n<meta name=\"author\" content=\"Thierry Dauge\" \/>\n<meta name=\"twitter:card\" content=\"summary_large_image\" \/>\n<meta name=\"twitter:creator\" content=\"@AugusteMarshal\" \/>\n<meta name=\"twitter:site\" content=\"@AugusteMarshal\" \/>\n<meta name=\"twitter:label1\" content=\"\u00c9crit par\" \/>\n\t<meta name=\"twitter:data1\" content=\"Thierry Dauge\" \/>\n\t<meta name=\"twitter:label2\" content=\"Dur\u00e9e de lecture estim\u00e9e\" \/>\n\t<meta name=\"twitter:data2\" content=\"5 minutes\" \/>\n<script type=\"application\/ld+json\" class=\"yoast-schema-graph\">{\"@context\":\"https:\\\/\\\/schema.org\",\"@graph\":[{\"@type\":\"Article\",\"@id\":\"https:\\\/\\\/culturesco.com\\\/index.php\\\/2020\\\/11\\\/09\\\/the-rolling-stones-laffaire-de-bruxelles-live-1973\\\/#article\",\"isPartOf\":{\"@id\":\"https:\\\/\\\/culturesco.com\\\/index.php\\\/2020\\\/11\\\/09\\\/the-rolling-stones-laffaire-de-bruxelles-live-1973\\\/\"},\"author\":{\"name\":\"Thierry Dauge\",\"@id\":\"https:\\\/\\\/culturesco.com\\\/#\\\/schema\\\/person\\\/19f04cf232d246197f6e7d62abe6cb0e\"},\"headline\":\"The Rolling Stones &#8211; L&rsquo;affaire de Bruxelles\",\"datePublished\":\"2020-11-09T20:46:03+00:00\",\"dateModified\":\"2020-12-17T17:12:07+00:00\",\"mainEntityOfPage\":{\"@id\":\"https:\\\/\\\/culturesco.com\\\/index.php\\\/2020\\\/11\\\/09\\\/the-rolling-stones-laffaire-de-bruxelles-live-1973\\\/\"},\"wordCount\":1051,\"commentCount\":0,\"publisher\":{\"@id\":\"https:\\\/\\\/culturesco.com\\\/#organization\"},\"image\":{\"@id\":\"https:\\\/\\\/culturesco.com\\\/index.php\\\/2020\\\/11\\\/09\\\/the-rolling-stones-laffaire-de-bruxelles-live-1973\\\/#primaryimage\"},\"thumbnailUrl\":\"https:\\\/\\\/i0.wp.com\\\/culturesco.com\\\/wp-content\\\/uploads\\\/2020\\\/11\\\/keith-richards-citation-rolling-stones.jpg?fit=600%2C314&ssl=1\",\"keywords\":[\"album rock\",\"groupe rock actuel\",\"histoire du rock\"],\"articleSection\":[\"Albums rock\",\"Carotte Rock Cultures\",\"Groupes rock d'aujourd'hui\",\"Histoire du rock\"],\"inLanguage\":\"fr-FR\",\"potentialAction\":[{\"@type\":\"CommentAction\",\"name\":\"Comment\",\"target\":[\"https:\\\/\\\/culturesco.com\\\/index.php\\\/2020\\\/11\\\/09\\\/the-rolling-stones-laffaire-de-bruxelles-live-1973\\\/#respond\"]}]},{\"@type\":\"WebPage\",\"@id\":\"https:\\\/\\\/culturesco.com\\\/index.php\\\/2020\\\/11\\\/09\\\/the-rolling-stones-laffaire-de-bruxelles-live-1973\\\/\",\"url\":\"https:\\\/\\\/culturesco.com\\\/index.php\\\/2020\\\/11\\\/09\\\/the-rolling-stones-laffaire-de-bruxelles-live-1973\\\/\",\"name\":\"The Rolling Stones - L'affaire de Bruxelles - Culturesco The Rolling Stones\",\"isPartOf\":{\"@id\":\"https:\\\/\\\/culturesco.com\\\/#website\"},\"primaryImageOfPage\":{\"@id\":\"https:\\\/\\\/culturesco.com\\\/index.php\\\/2020\\\/11\\\/09\\\/the-rolling-stones-laffaire-de-bruxelles-live-1973\\\/#primaryimage\"},\"image\":{\"@id\":\"https:\\\/\\\/culturesco.com\\\/index.php\\\/2020\\\/11\\\/09\\\/the-rolling-stones-laffaire-de-bruxelles-live-1973\\\/#primaryimage\"},\"thumbnailUrl\":\"https:\\\/\\\/i0.wp.com\\\/culturesco.com\\\/wp-content\\\/uploads\\\/2020\\\/11\\\/keith-richards-citation-rolling-stones.jpg?fit=600%2C314&ssl=1\",\"datePublished\":\"2020-11-09T20:46:03+00:00\",\"dateModified\":\"2020-12-17T17:12:07+00:00\",\"description\":\"CulturesCo | L'Affaire de Bruxelles - The Rolling Stones live \u00e0 Bruxelles en 1973 - Concert mythique satur\u00e9 de testost\u00e9rone\",\"breadcrumb\":{\"@id\":\"https:\\\/\\\/culturesco.com\\\/index.php\\\/2020\\\/11\\\/09\\\/the-rolling-stones-laffaire-de-bruxelles-live-1973\\\/#breadcrumb\"},\"inLanguage\":\"fr-FR\",\"potentialAction\":[{\"@type\":\"ReadAction\",\"target\":[\"https:\\\/\\\/culturesco.com\\\/index.php\\\/2020\\\/11\\\/09\\\/the-rolling-stones-laffaire-de-bruxelles-live-1973\\\/\"]}]},{\"@type\":\"ImageObject\",\"inLanguage\":\"fr-FR\",\"@id\":\"https:\\\/\\\/culturesco.com\\\/index.php\\\/2020\\\/11\\\/09\\\/the-rolling-stones-laffaire-de-bruxelles-live-1973\\\/#primaryimage\",\"url\":\"https:\\\/\\\/i0.wp.com\\\/culturesco.com\\\/wp-content\\\/uploads\\\/2020\\\/11\\\/keith-richards-citation-rolling-stones.jpg?fit=600%2C314&ssl=1\",\"contentUrl\":\"https:\\\/\\\/i0.wp.com\\\/culturesco.com\\\/wp-content\\\/uploads\\\/2020\\\/11\\\/keith-richards-citation-rolling-stones.jpg?fit=600%2C314&ssl=1\",\"width\":600,\"height\":314,\"caption\":\"Keith Richards Citation - the Rolling Stones\"},{\"@type\":\"BreadcrumbList\",\"@id\":\"https:\\\/\\\/culturesco.com\\\/index.php\\\/2020\\\/11\\\/09\\\/the-rolling-stones-laffaire-de-bruxelles-live-1973\\\/#breadcrumb\",\"itemListElement\":[{\"@type\":\"ListItem\",\"position\":1,\"name\":\"Accueil\",\"item\":\"https:\\\/\\\/culturesco.com\\\/\"},{\"@type\":\"ListItem\",\"position\":2,\"name\":\"The Rolling Stones &#8211; L&rsquo;affaire de Bruxelles\"}]},{\"@type\":\"WebSite\",\"@id\":\"https:\\\/\\\/culturesco.com\\\/#website\",\"url\":\"https:\\\/\\\/culturesco.com\\\/\",\"name\":\"Culturesco\",\"description\":\"Culturesco | Un bon coup de pied dans ta Culture\",\"publisher\":{\"@id\":\"https:\\\/\\\/culturesco.com\\\/#organization\"},\"potentialAction\":[{\"@type\":\"SearchAction\",\"target\":{\"@type\":\"EntryPoint\",\"urlTemplate\":\"https:\\\/\\\/culturesco.com\\\/?s={search_term_string}\"},\"query-input\":{\"@type\":\"PropertyValueSpecification\",\"valueRequired\":true,\"valueName\":\"search_term_string\"}}],\"inLanguage\":\"fr-FR\"},{\"@type\":\"Organization\",\"@id\":\"https:\\\/\\\/culturesco.com\\\/#organization\",\"name\":\"CULTURESCO\",\"url\":\"https:\\\/\\\/culturesco.com\\\/\",\"logo\":{\"@type\":\"ImageObject\",\"inLanguage\":\"fr-FR\",\"@id\":\"https:\\\/\\\/culturesco.com\\\/#\\\/schema\\\/logo\\\/image\\\/\",\"url\":\"https:\\\/\\\/i0.wp.com\\\/culturesco.com\\\/wp-content\\\/uploads\\\/2022\\\/04\\\/culturesco-logo-blanc250p.png?fit=250%2C250&ssl=1\",\"contentUrl\":\"https:\\\/\\\/i0.wp.com\\\/culturesco.com\\\/wp-content\\\/uploads\\\/2022\\\/04\\\/culturesco-logo-blanc250p.png?fit=250%2C250&ssl=1\",\"width\":250,\"height\":250,\"caption\":\"CULTURESCO\"},\"image\":{\"@id\":\"https:\\\/\\\/culturesco.com\\\/#\\\/schema\\\/logo\\\/image\\\/\"},\"sameAs\":[\"https:\\\/\\\/www.facebook.com\\\/radioculturesco\",\"https:\\\/\\\/x.com\\\/AugusteMarshal\",\"https:\\\/\\\/www.instagram.com\\\/carotte_rock_culture\\\/\",\"https:\\\/\\\/www.pinterest.fr\\\/augustemarshal\\\/\",\"https:\\\/\\\/www.youtube.com\\\/channel\\\/UCiWLGffqWSXlNnfzp6YwwyQ\"]},{\"@type\":\"Person\",\"@id\":\"https:\\\/\\\/culturesco.com\\\/#\\\/schema\\\/person\\\/19f04cf232d246197f6e7d62abe6cb0e\",\"name\":\"Thierry Dauge\",\"image\":{\"@type\":\"ImageObject\",\"inLanguage\":\"fr-FR\",\"@id\":\"https:\\\/\\\/i0.wp.com\\\/culturesco.com\\\/wp-content\\\/uploads\\\/2018\\\/12\\\/Black-Beauty-and-me.jpg?fit=96%2C96&ssl=1\",\"url\":\"https:\\\/\\\/i0.wp.com\\\/culturesco.com\\\/wp-content\\\/uploads\\\/2018\\\/12\\\/Black-Beauty-and-me.jpg?fit=96%2C96&ssl=1\",\"contentUrl\":\"https:\\\/\\\/i0.wp.com\\\/culturesco.com\\\/wp-content\\\/uploads\\\/2018\\\/12\\\/Black-Beauty-and-me.jpg?fit=96%2C96&ssl=1\",\"caption\":\"Thierry Dauge\"},\"description\":\"Amoureux des 70\u2019s et du hard rock en particulier, Thierry Dauge est chroniqueur sur Culturesco par amour de l\u2019\u00e9criture musicale. Co-auteur du livre\\\"Pop rock - Les instruments de l'ombre\\\" aux \u00e9ditions du Camion Blanc, collaborateur de Vivi pour \\\"Mes Ann\u00e9es Trust\\\", auteur de \\\"Sparks\\\" aux \u00e9ditions du Layeur, parce que le rock est loin d'\u00eatre mort ...\",\"url\":\"https:\\\/\\\/culturesco.com\\\/index.php\\\/author\\\/thierry-dauge888\\\/\"}]}<\/script>\n<!-- \/ Yoast SEO plugin. -->","yoast_head_json":{"title":"The Rolling Stones - L'affaire de Bruxelles - Culturesco The Rolling Stones","description":"CulturesCo | L'Affaire de Bruxelles - The Rolling Stones live \u00e0 Bruxelles en 1973 - Concert mythique satur\u00e9 de testost\u00e9rone","robots":{"index":"index","follow":"follow","max-snippet":"max-snippet:-1","max-image-preview":"max-image-preview:large","max-video-preview":"max-video-preview:-1"},"canonical":"https:\/\/culturesco.com\/index.php\/2020\/11\/09\/the-rolling-stones-laffaire-de-bruxelles-live-1973\/","og_locale":"fr_FR","og_type":"article","og_title":"The Rolling Stones - L'affaire de Bruxelles - Culturesco The Rolling Stones","og_description":"CulturesCo | L'Affaire de Bruxelles - The Rolling Stones live \u00e0 Bruxelles en 1973 - Concert mythique satur\u00e9 de testost\u00e9rone","og_url":"https:\/\/culturesco.com\/index.php\/2020\/11\/09\/the-rolling-stones-laffaire-de-bruxelles-live-1973\/","og_site_name":"Culturesco","article_publisher":"https:\/\/www.facebook.com\/radioculturesco","article_published_time":"2020-11-09T20:46:03+00:00","article_modified_time":"2020-12-17T17:12:07+00:00","og_image":[{"width":600,"height":314,"url":"https:\/\/i2.wp.com\/culturesco.com\/wp-content\/uploads\/2020\/11\/keith-richards-citation-rolling-stones.jpg?fit=600%2C314&ssl=1","type":"image\/jpeg"}],"author":"Thierry Dauge","twitter_card":"summary_large_image","twitter_creator":"@AugusteMarshal","twitter_site":"@AugusteMarshal","twitter_misc":{"\u00c9crit par":"Thierry Dauge","Dur\u00e9e de lecture estim\u00e9e":"5 minutes"},"schema":{"@context":"https:\/\/schema.org","@graph":[{"@type":"Article","@id":"https:\/\/culturesco.com\/index.php\/2020\/11\/09\/the-rolling-stones-laffaire-de-bruxelles-live-1973\/#article","isPartOf":{"@id":"https:\/\/culturesco.com\/index.php\/2020\/11\/09\/the-rolling-stones-laffaire-de-bruxelles-live-1973\/"},"author":{"name":"Thierry Dauge","@id":"https:\/\/culturesco.com\/#\/schema\/person\/19f04cf232d246197f6e7d62abe6cb0e"},"headline":"The Rolling Stones &#8211; L&rsquo;affaire de Bruxelles","datePublished":"2020-11-09T20:46:03+00:00","dateModified":"2020-12-17T17:12:07+00:00","mainEntityOfPage":{"@id":"https:\/\/culturesco.com\/index.php\/2020\/11\/09\/the-rolling-stones-laffaire-de-bruxelles-live-1973\/"},"wordCount":1051,"commentCount":0,"publisher":{"@id":"https:\/\/culturesco.com\/#organization"},"image":{"@id":"https:\/\/culturesco.com\/index.php\/2020\/11\/09\/the-rolling-stones-laffaire-de-bruxelles-live-1973\/#primaryimage"},"thumbnailUrl":"https:\/\/i0.wp.com\/culturesco.com\/wp-content\/uploads\/2020\/11\/keith-richards-citation-rolling-stones.jpg?fit=600%2C314&ssl=1","keywords":["album rock","groupe rock actuel","histoire du rock"],"articleSection":["Albums rock","Carotte Rock Cultures","Groupes rock d'aujourd'hui","Histoire du rock"],"inLanguage":"fr-FR","potentialAction":[{"@type":"CommentAction","name":"Comment","target":["https:\/\/culturesco.com\/index.php\/2020\/11\/09\/the-rolling-stones-laffaire-de-bruxelles-live-1973\/#respond"]}]},{"@type":"WebPage","@id":"https:\/\/culturesco.com\/index.php\/2020\/11\/09\/the-rolling-stones-laffaire-de-bruxelles-live-1973\/","url":"https:\/\/culturesco.com\/index.php\/2020\/11\/09\/the-rolling-stones-laffaire-de-bruxelles-live-1973\/","name":"The Rolling Stones - L'affaire de Bruxelles - Culturesco The Rolling Stones","isPartOf":{"@id":"https:\/\/culturesco.com\/#website"},"primaryImageOfPage":{"@id":"https:\/\/culturesco.com\/index.php\/2020\/11\/09\/the-rolling-stones-laffaire-de-bruxelles-live-1973\/#primaryimage"},"image":{"@id":"https:\/\/culturesco.com\/index.php\/2020\/11\/09\/the-rolling-stones-laffaire-de-bruxelles-live-1973\/#primaryimage"},"thumbnailUrl":"https:\/\/i0.wp.com\/culturesco.com\/wp-content\/uploads\/2020\/11\/keith-richards-citation-rolling-stones.jpg?fit=600%2C314&ssl=1","datePublished":"2020-11-09T20:46:03+00:00","dateModified":"2020-12-17T17:12:07+00:00","description":"CulturesCo | L'Affaire de Bruxelles - The Rolling Stones live \u00e0 Bruxelles en 1973 - Concert mythique satur\u00e9 de testost\u00e9rone","breadcrumb":{"@id":"https:\/\/culturesco.com\/index.php\/2020\/11\/09\/the-rolling-stones-laffaire-de-bruxelles-live-1973\/#breadcrumb"},"inLanguage":"fr-FR","potentialAction":[{"@type":"ReadAction","target":["https:\/\/culturesco.com\/index.php\/2020\/11\/09\/the-rolling-stones-laffaire-de-bruxelles-live-1973\/"]}]},{"@type":"ImageObject","inLanguage":"fr-FR","@id":"https:\/\/culturesco.com\/index.php\/2020\/11\/09\/the-rolling-stones-laffaire-de-bruxelles-live-1973\/#primaryimage","url":"https:\/\/i0.wp.com\/culturesco.com\/wp-content\/uploads\/2020\/11\/keith-richards-citation-rolling-stones.jpg?fit=600%2C314&ssl=1","contentUrl":"https:\/\/i0.wp.com\/culturesco.com\/wp-content\/uploads\/2020\/11\/keith-richards-citation-rolling-stones.jpg?fit=600%2C314&ssl=1","width":600,"height":314,"caption":"Keith Richards Citation - the Rolling Stones"},{"@type":"BreadcrumbList","@id":"https:\/\/culturesco.com\/index.php\/2020\/11\/09\/the-rolling-stones-laffaire-de-bruxelles-live-1973\/#breadcrumb","itemListElement":[{"@type":"ListItem","position":1,"name":"Accueil","item":"https:\/\/culturesco.com\/"},{"@type":"ListItem","position":2,"name":"The Rolling Stones &#8211; L&rsquo;affaire de Bruxelles"}]},{"@type":"WebSite","@id":"https:\/\/culturesco.com\/#website","url":"https:\/\/culturesco.com\/","name":"Culturesco","description":"Culturesco | Un bon coup de pied dans ta Culture","publisher":{"@id":"https:\/\/culturesco.com\/#organization"},"potentialAction":[{"@type":"SearchAction","target":{"@type":"EntryPoint","urlTemplate":"https:\/\/culturesco.com\/?s={search_term_string}"},"query-input":{"@type":"PropertyValueSpecification","valueRequired":true,"valueName":"search_term_string"}}],"inLanguage":"fr-FR"},{"@type":"Organization","@id":"https:\/\/culturesco.com\/#organization","name":"CULTURESCO","url":"https:\/\/culturesco.com\/","logo":{"@type":"ImageObject","inLanguage":"fr-FR","@id":"https:\/\/culturesco.com\/#\/schema\/logo\/image\/","url":"https:\/\/i0.wp.com\/culturesco.com\/wp-content\/uploads\/2022\/04\/culturesco-logo-blanc250p.png?fit=250%2C250&ssl=1","contentUrl":"https:\/\/i0.wp.com\/culturesco.com\/wp-content\/uploads\/2022\/04\/culturesco-logo-blanc250p.png?fit=250%2C250&ssl=1","width":250,"height":250,"caption":"CULTURESCO"},"image":{"@id":"https:\/\/culturesco.com\/#\/schema\/logo\/image\/"},"sameAs":["https:\/\/www.facebook.com\/radioculturesco","https:\/\/x.com\/AugusteMarshal","https:\/\/www.instagram.com\/carotte_rock_culture\/","https:\/\/www.pinterest.fr\/augustemarshal\/","https:\/\/www.youtube.com\/channel\/UCiWLGffqWSXlNnfzp6YwwyQ"]},{"@type":"Person","@id":"https:\/\/culturesco.com\/#\/schema\/person\/19f04cf232d246197f6e7d62abe6cb0e","name":"Thierry Dauge","image":{"@type":"ImageObject","inLanguage":"fr-FR","@id":"https:\/\/i0.wp.com\/culturesco.com\/wp-content\/uploads\/2018\/12\/Black-Beauty-and-me.jpg?fit=96%2C96&ssl=1","url":"https:\/\/i0.wp.com\/culturesco.com\/wp-content\/uploads\/2018\/12\/Black-Beauty-and-me.jpg?fit=96%2C96&ssl=1","contentUrl":"https:\/\/i0.wp.com\/culturesco.com\/wp-content\/uploads\/2018\/12\/Black-Beauty-and-me.jpg?fit=96%2C96&ssl=1","caption":"Thierry Dauge"},"description":"Amoureux des 70\u2019s et du hard rock en particulier, Thierry Dauge est chroniqueur sur Culturesco par amour de l\u2019\u00e9criture musicale. Co-auteur du livre\"Pop rock - Les instruments de l'ombre\" aux \u00e9ditions du Camion Blanc, collaborateur de Vivi pour \"Mes Ann\u00e9es Trust\", auteur de \"Sparks\" aux \u00e9ditions du Layeur, parce que le rock est loin d'\u00eatre mort ...","url":"https:\/\/culturesco.com\/index.php\/author\/thierry-dauge888\/"}]}},"jetpack_featured_media_url":"https:\/\/i0.wp.com\/culturesco.com\/wp-content\/uploads\/2020\/11\/keith-richards-citation-rolling-stones.jpg?fit=600%2C314&ssl=1","jetpack_likes_enabled":true,"jetpack_sharing_enabled":true,"jetpack_shortlink":"https:\/\/wp.me\/paz89I-3gj","_links":{"self":[{"href":"https:\/\/culturesco.com\/index.php\/wp-json\/wp\/v2\/posts\/12543","targetHints":{"allow":["GET"]}}],"collection":[{"href":"https:\/\/culturesco.com\/index.php\/wp-json\/wp\/v2\/posts"}],"about":[{"href":"https:\/\/culturesco.com\/index.php\/wp-json\/wp\/v2\/types\/post"}],"author":[{"embeddable":true,"href":"https:\/\/culturesco.com\/index.php\/wp-json\/wp\/v2\/users\/3"}],"replies":[{"embeddable":true,"href":"https:\/\/culturesco.com\/index.php\/wp-json\/wp\/v2\/comments?post=12543"}],"version-history":[{"count":0,"href":"https:\/\/culturesco.com\/index.php\/wp-json\/wp\/v2\/posts\/12543\/revisions"}],"wp:featuredmedia":[{"embeddable":true,"href":"https:\/\/culturesco.com\/index.php\/wp-json\/wp\/v2\/media\/12868"}],"wp:attachment":[{"href":"https:\/\/culturesco.com\/index.php\/wp-json\/wp\/v2\/media?parent=12543"}],"wp:term":[{"taxonomy":"category","embeddable":true,"href":"https:\/\/culturesco.com\/index.php\/wp-json\/wp\/v2\/categories?post=12543"},{"taxonomy":"post_tag","embeddable":true,"href":"https:\/\/culturesco.com\/index.php\/wp-json\/wp\/v2\/tags?post=12543"}],"curies":[{"name":"wp","href":"https:\/\/api.w.org\/{rel}","templated":true}]}}