{"id":12252,"date":"2020-10-06T02:52:03","date_gmt":"2020-10-06T00:52:03","guid":{"rendered":"https:\/\/culturesco.com\/?p=12252"},"modified":"2023-11-13T13:11:54","modified_gmt":"2023-11-13T12:11:54","slug":"requiem-pour-un-keupon-de-remi-pepin","status":"publish","type":"post","link":"https:\/\/culturesco.com\/index.php\/2020\/10\/06\/requiem-pour-un-keupon-de-remi-pepin\/","title":{"rendered":"Requiem Pour Un Keupon, un livre de R\u00e9mi P\u00e9pin"},"content":{"rendered":"<h2 style=\"text-align: justify;\">Requiem Pour Un Keupon, un livre de R\u00e9mi P\u00e9pin<\/h2>\n<p><a href=\"https:\/\/i0.wp.com\/culturesco.com\/wp-content\/uploads\/2020\/10\/Remi-Pepin.jpeg?ssl=1\"><img data-recalc-dims=\"1\" loading=\"lazy\" decoding=\"async\" width=\"193\" height=\"300\" class=\"wp-image-12253 size-medium aligncenter\" src=\"https:\/\/i0.wp.com\/culturesco.com\/wp-content\/uploads\/2020\/10\/Remi-Pepin.jpeg?resize=193%2C300&#038;ssl=1\" alt=\"&quot;&lt;yoastmark\" srcset=\"https:\/\/i0.wp.com\/culturesco.com\/wp-content\/uploads\/2020\/10\/Remi-Pepin.jpeg?resize=193%2C300&amp;ssl=1 193w, https:\/\/i0.wp.com\/culturesco.com\/wp-content\/uploads\/2020\/10\/Remi-Pepin.jpeg?resize=404%2C627&amp;ssl=1 404w, https:\/\/i0.wp.com\/culturesco.com\/wp-content\/uploads\/2020\/10\/Remi-Pepin.jpeg?resize=768%2C1193&amp;ssl=1 768w, https:\/\/i0.wp.com\/culturesco.com\/wp-content\/uploads\/2020\/10\/Remi-Pepin.jpeg?resize=989%2C1536&amp;ssl=1 989w, https:\/\/i0.wp.com\/culturesco.com\/wp-content\/uploads\/2020\/10\/Remi-Pepin.jpeg?resize=1319%2C2048&amp;ssl=1 1319w, https:\/\/i0.wp.com\/culturesco.com\/wp-content\/uploads\/2020\/10\/Remi-Pepin.jpeg?resize=696%2C1081&amp;ssl=1 696w, https:\/\/i0.wp.com\/culturesco.com\/wp-content\/uploads\/2020\/10\/Remi-Pepin.jpeg?resize=1068%2C1659&amp;ssl=1 1068w, https:\/\/i0.wp.com\/culturesco.com\/wp-content\/uploads\/2020\/10\/Remi-Pepin.jpeg?resize=270%2C420&amp;ssl=1 270w, https:\/\/i0.wp.com\/culturesco.com\/wp-content\/uploads\/2020\/10\/Remi-Pepin.jpeg?w=386&amp;ssl=1 386w\" sizes=\"auto, (max-width: 193px) 100vw, 193px\" \/><\/a><\/p>\n<h3>11 novembre 1989, B\u00e9rurier Noir Fait Seppuku A L\u2019Olympia<\/h3>\n<p style=\"text-align: justify;\">Requiem pour un keupon est le nouveau livre de la jolie collection<strong> \u00ab\u00a0<a href=\"https:\/\/www.castorastral.com\/collection\/a-day-in-the-life\/\" target=\"_blank\" rel=\"noopener noreferrer\">A Day In The Life<\/a> \u00bb <\/strong>des \u00e9ditions <strong>Le castor Astral<\/strong>. Un ouvrage qui fait un peu bande \u00e0 part dans cette collection, mais ce n\u2019est vraiment pas g\u00eanant. Au lieu de se consacrer essentiellement au jour qui a fait basculer une vie, celle de l\u2019auteur mais aussi celle d&rsquo;un groupe, il s\u2019agit plut\u00f4t de <b>retracer l\u2019\u00e9tonnante dizaine d\u2019ann\u00e9es o\u00f9 le rock a pu enfin \u00e9merger, <\/b>pas forc\u00e9ment via les grands m\u00e9dia mais gr\u00e2ce, avant tout, \u00e0 la d\u00e9merde. En anglais, \u00e7a s\u2019appelait le<b> DIY (Do It Yourself).<\/b><\/p>\n<h3 style=\"text-align: justify;\">Une D\u00e9cennie O\u00f9 Le Punk V\u00e9cut En France<\/h3>\n<p style=\"text-align: justify;\">Sous le pr\u00e9texte d\u2019assister au dernier concert de <strong>B\u00e9rurier Noir<\/strong> avant leur s\u00e9paration, explosion de vie, de joie, de douleur, de combat qui se termine dans la rue avec le fameux slogan <strong>\u00ab\u00a0La jeunesse emmerde le Front National\u00a0\u00bb<\/strong>, un soir de la fin des ann\u00e9es quatre-vingt qui sonne comme un enterrement avec lumi\u00e8res et t\u00e9n\u00e8bres, <strong>R\u00e9mi P\u00e9pin<\/strong> en profite pour retracer l&rsquo;histoire du mouvement alternatif. Une histoire qui aboutit au paroxysme. Celui d&rsquo;un groupe punk qui remplira trois soirs de suite l\u2019<strong>Olympia<\/strong> parisien (l\u2019ancien, avant travaux). Soit plus de sept mille personnes en tout.<\/p>\n<p style=\"text-align: justify;\">Pour une musique dite marginale, c\u2019est du jamais vu et le rock en sort fier et droit.<\/p>\n<h3><em>B\u00e9rurier Noir &#8211; La Jeunesse Emmerde Le Front National<\/em> (ce n&rsquo;est, h\u00e9las, plus le cas ! NDA)<\/h3>\n<div class=\"youtube-embed\" data-video_id=\"CuZB9hOQ0DQ\"><iframe loading=\"lazy\" title=\"La Jeunesse Emmerde le Front National - Berurier Noir\" width=\"696\" height=\"522\" src=\"https:\/\/www.youtube.com\/embed\/CuZB9hOQ0DQ\" frameborder=\"0\" allow=\"accelerometer; autoplay; clipboard-write; encrypted-media; gyroscope; picture-in-picture; web-share\" referrerpolicy=\"strict-origin-when-cross-origin\" allowfullscreen><\/iframe><\/div>\n<p style=\"text-align: justify;\">Pour la petite histoire <strong>R\u00e9mi P\u00e9pin<\/strong> fut le bassiste de <strong>Guernica<\/strong>, groupe actif de cette p\u00e9riode, accompagn\u00e9, au hasard, des <a href=\"https:\/\/culturesco.com\/index.php\/2019\/05\/09\/les-wampas-punk-rock-power-pop-et-populaire\/\" target=\"_blank\" rel=\"noopener noreferrer\">Wampas<\/a>, des <a href=\"https:\/\/culturesco.com\/index.php\/2019\/02\/01\/pigalle-et-francois-hadji-lazaro-dans-la-salle-du-bar-tabac-de-la-rue-des-martyrs\/\" target=\"_blank\" rel=\"noopener noreferrer\">Gar\u00e7ons Bouchers<\/a> et de <strong>Los Carayos<\/strong> (une allusion \u00e0 un certain Fran\u00e7ois figure dans cet ouvrage), des <strong>VRP<\/strong>, de <strong>Marie et les Gar\u00e7ons<\/strong>, de <strong>Lucrate Milk<\/strong>, de <strong>M\u00e9tal Urbain<\/strong>, des <strong>VRP<\/strong> et, bien entendu, en chef de file, de <strong>B\u00e9rurier Noir<\/strong> avec qui ils enregistrent un EP, une face chacun. (Allez, je frime: \u00e7a date de 1983, achet\u00e9 chez <strong>New Rose<\/strong>, forc\u00e9ment).<\/p>\n<h3><em>Guernica &#8211; Rebellion (1982)<\/em><\/h3>\n<div class=\"youtube-embed\" data-video_id=\"lqDl0KnknGE\"><iframe loading=\"lazy\" title=\"GUERNICA Rebellion \/ Paris 1982 \/ 2xLP Thesaurus Volume 6 Cameleon Records 2022\" width=\"696\" height=\"392\" src=\"https:\/\/www.youtube.com\/embed\/lqDl0KnknGE\" frameborder=\"0\" allow=\"accelerometer; autoplay; clipboard-write; encrypted-media; gyroscope; picture-in-picture; web-share\" referrerpolicy=\"strict-origin-when-cross-origin\" allowfullscreen><\/iframe><\/div>\n<p style=\"text-align: justify;\">Voua allez donc lire et (re)d\u00e9couvrir, \u00e0 travers la vie de <strong>Bruno<\/strong>, de <strong>Franck<\/strong> et de leur groupe keupon <strong>Syst\u00e8me Nerveux<\/strong>, la fascinante et irr\u00e9sistible ascension du <strong>punk en France.<\/strong> De la radicalisation politique et d\u2019un changement de syst\u00e8me possible, entrevue par l\u2019\u00e9lection de <strong>Fran\u00e7ois Mitterrand<\/strong> \u00e0 la pr\u00e9sidence de la r\u00e9publique en 1981 et <strong>l\u2019\u00e9closion des radios locales<\/strong>&#8230; Un engouement sans nom pour la subversion et puis la lente descente et inexorable descente vers la fin du r\u00eave avec son aboutissement <strong>le 9 novembre 1989 et la chute du mur de Berlin<\/strong>\u00a0(Soit le m\u00eame jour que le premier concert des B\u00e9rus \u00e0 l\u2019Olympia. \u00c9tonnant, non ?) qui signifie, pour eux, non pas la fin du communisme mais la victoire de l\u2019ultra-lib\u00e9ralisme.<\/p>\n<h3><em>B\u00e9rurier Noir &#8211; Porcherie (Olympia 1989)<\/em><\/h3>\n<div class=\"youtube-embed\" data-video_id=\"hAf1MlCID5I\"><iframe loading=\"lazy\" title=\"B\u00e9rurier Noir - Porcherie - Live Olympia 89\" width=\"696\" height=\"522\" src=\"https:\/\/www.youtube.com\/embed\/hAf1MlCID5I\" frameborder=\"0\" allow=\"accelerometer; autoplay; clipboard-write; encrypted-media; gyroscope; picture-in-picture; web-share\" referrerpolicy=\"strict-origin-when-cross-origin\" allowfullscreen><\/iframe><\/div>\n<p style=\"text-align: justify;\">Le livre, \u00e9crit sous forme de roman, aurait pu \u00eatre un simple r\u00e9cit. Il en laisse des traces ind\u00e9l\u00e9biles pour ceux qui ont v\u00e9cu cette \u00e9poque et pourquoi pas un espoir pour ceux qui voudrait tenter l\u2019exp\u00e9rience diff\u00e9remment.<\/p>\n<h3 style=\"text-align: justify;\">R\u00e9mi P\u00e9pin &#8211; Requiem Pour Un Keupon \/<\/h3>\n<p>11 novembre 1989, B\u00e9rurier Noir Fait Seppuku A L\u2019Olympia<\/p>\n<p style=\"text-align: justify;\">Castor Astral \u2013 collection A Day In The Life \u2013 272 pages \u2013 15,90\u20ac<\/p>\n<p style=\"text-align: center;\"><iframe style=\"width: 120px; height: 240px;\" src=\"\/\/ws-eu.amazon-adsystem.com\/widgets\/q?ServiceVersion=20070822&amp;OneJS=1&amp;Operation=GetAdHtml&amp;MarketPlace=FR&amp;source=ss&amp;ref=as_ss_li_til&amp;ad_type=product_link&amp;tracking_id=auguste00-21&amp;language=fr_FR&amp;marketplace=amazon&amp;region=FR&amp;placement=B083LPZG4R&amp;asins=B083LPZG4R&amp;linkId=d1780a292ff92d0f5221d0b9ce293a17&amp;show_border=true&amp;link_opens_in_new_window=true\" frameborder=\"0\" marginwidth=\"0\" marginheight=\"0\" scrolling=\"no\"><\/iframe><\/p>\n<p style=\"text-align: justify;\"><strong>Patrick B\u00e9nard<\/strong><\/p>\n","protected":false},"excerpt":{"rendered":"<p>Requiem Pour Un Keupon, un livre de R\u00e9mi P\u00e9pin 11 novembre 1989, B\u00e9rurier Noir Fait Seppuku A L\u2019Olympia Requiem pour un keupon est le nouveau livre de la jolie collection \u00ab\u00a0A Day In The Life \u00bb des \u00e9ditions Le castor Astral. Un ouvrage qui fait un peu bande \u00e0 part dans cette collection, mais ce [&hellip;]<\/p>\n","protected":false},"author":4,"featured_media":12260,"comment_status":"open","ping_status":"open","sticky":false,"template":"","format":"image","meta":{"jetpack_post_was_ever_published":false,"tdm_status":"","tdm_grid_status":"","_jetpack_newsletter_access":"","_jetpack_dont_email_post_to_subs":false,"_jetpack_newsletter_tier_id":0,"_jetpack_memberships_contains_paywalled_content":false,"_jetpack_memberships_contains_paid_content":false,"footnotes":""},"categories":[17,27,66],"tags":[58,42,46],"class_list":{"0":"post-12252","1":"post","2":"type-post","3":"status-publish","4":"format-image","5":"has-post-thumbnail","7":"category-carotte-rock-cultures","8":"category-litterature","9":"category-livre-rock","10":"tag-histoire-du-rock","11":"tag-litterature","12":"tag-punk","13":"post_format-post-format-image"},"yoast_head":"<!-- This site is optimized with the Yoast SEO plugin v27.5 - https:\/\/yoast.com\/product\/yoast-seo-wordpress\/ -->\n<title>Requiem Pour Un Keupon, un livre de R\u00e9mi P\u00e9pin - Culturesco<\/title>\n<meta name=\"description\" content=\"CulturesCo | REQUIEM pour un Keupon, un livre de Remi P\u00e9pin raconte la saga du rock alternatif en France Berurier Noir, Vrp, Wampas, Pigalle\" \/>\n<meta name=\"robots\" content=\"index, follow, max-snippet:-1, max-image-preview:large, max-video-preview:-1\" \/>\n<link rel=\"canonical\" href=\"https:\/\/culturesco.com\/index.php\/2020\/10\/06\/requiem-pour-un-keupon-de-remi-pepin\/\" \/>\n<meta property=\"og:locale\" content=\"fr_FR\" \/>\n<meta property=\"og:type\" content=\"article\" \/>\n<meta property=\"og:title\" content=\"Requiem Pour Un Keupon, un livre de R\u00e9mi P\u00e9pin - Culturesco\" \/>\n<meta property=\"og:description\" content=\"CulturesCo | REQUIEM pour un Keupon, un livre de Remi P\u00e9pin raconte la saga du rock alternatif en France Berurier Noir, Vrp, Wampas, Pigalle\" \/>\n<meta property=\"og:url\" content=\"https:\/\/culturesco.com\/index.php\/2020\/10\/06\/requiem-pour-un-keupon-de-remi-pepin\/\" \/>\n<meta property=\"og:site_name\" content=\"Culturesco\" \/>\n<meta property=\"article:publisher\" content=\"https:\/\/www.facebook.com\/radioculturesco\" \/>\n<meta property=\"article:published_time\" content=\"2020-10-06T00:52:03+00:00\" \/>\n<meta property=\"article:modified_time\" content=\"2023-11-13T12:11:54+00:00\" \/>\n<meta property=\"og:image\" content=\"https:\/\/culturesco.com\/wp-content\/uploads\/2020\/10\/requiem-pour-un-keupon.jpg\" \/>\n\t<meta property=\"og:image:width\" content=\"600\" \/>\n\t<meta property=\"og:image:height\" content=\"315\" \/>\n\t<meta property=\"og:image:type\" content=\"image\/jpeg\" \/>\n<meta name=\"author\" content=\"Patrick Benard\" \/>\n<meta name=\"twitter:card\" content=\"summary_large_image\" \/>\n<meta name=\"twitter:creator\" content=\"@AugusteMarshal\" \/>\n<meta name=\"twitter:site\" content=\"@AugusteMarshal\" \/>\n<meta name=\"twitter:label1\" content=\"\u00c9crit par\" \/>\n\t<meta name=\"twitter:data1\" content=\"Patrick Benard\" \/>\n\t<meta name=\"twitter:label2\" content=\"Dur\u00e9e de lecture estim\u00e9e\" \/>\n\t<meta name=\"twitter:data2\" content=\"3 minutes\" \/>\n<script type=\"application\/ld+json\" class=\"yoast-schema-graph\">{\"@context\":\"https:\\\/\\\/schema.org\",\"@graph\":[{\"@type\":\"Article\",\"@id\":\"https:\\\/\\\/culturesco.com\\\/index.php\\\/2020\\\/10\\\/06\\\/requiem-pour-un-keupon-de-remi-pepin\\\/#article\",\"isPartOf\":{\"@id\":\"https:\\\/\\\/culturesco.com\\\/index.php\\\/2020\\\/10\\\/06\\\/requiem-pour-un-keupon-de-remi-pepin\\\/\"},\"author\":{\"name\":\"Patrick Benard\",\"@id\":\"https:\\\/\\\/culturesco.com\\\/#\\\/schema\\\/person\\\/c2ddd6724863f3bbd20a8278df0891f3\"},\"headline\":\"Requiem Pour Un Keupon, un livre de R\u00e9mi P\u00e9pin\",\"datePublished\":\"2020-10-06T00:52:03+00:00\",\"dateModified\":\"2023-11-13T12:11:54+00:00\",\"mainEntityOfPage\":{\"@id\":\"https:\\\/\\\/culturesco.com\\\/index.php\\\/2020\\\/10\\\/06\\\/requiem-pour-un-keupon-de-remi-pepin\\\/\"},\"wordCount\":631,\"commentCount\":0,\"publisher\":{\"@id\":\"https:\\\/\\\/culturesco.com\\\/#organization\"},\"image\":{\"@id\":\"https:\\\/\\\/culturesco.com\\\/index.php\\\/2020\\\/10\\\/06\\\/requiem-pour-un-keupon-de-remi-pepin\\\/#primaryimage\"},\"thumbnailUrl\":\"https:\\\/\\\/i0.wp.com\\\/culturesco.com\\\/wp-content\\\/uploads\\\/2020\\\/10\\\/requiem-pour-un-keupon.jpg?fit=600%2C315&ssl=1\",\"keywords\":[\"histoire du rock\",\"litt\u00e9rature\",\"punk\"],\"articleSection\":[\"Carotte Rock Cultures\",\"Litt\u00e9rature\",\"Livre Rock\"],\"inLanguage\":\"fr-FR\",\"potentialAction\":[{\"@type\":\"CommentAction\",\"name\":\"Comment\",\"target\":[\"https:\\\/\\\/culturesco.com\\\/index.php\\\/2020\\\/10\\\/06\\\/requiem-pour-un-keupon-de-remi-pepin\\\/#respond\"]}]},{\"@type\":\"WebPage\",\"@id\":\"https:\\\/\\\/culturesco.com\\\/index.php\\\/2020\\\/10\\\/06\\\/requiem-pour-un-keupon-de-remi-pepin\\\/\",\"url\":\"https:\\\/\\\/culturesco.com\\\/index.php\\\/2020\\\/10\\\/06\\\/requiem-pour-un-keupon-de-remi-pepin\\\/\",\"name\":\"Requiem Pour Un Keupon, un livre de R\u00e9mi P\u00e9pin - Culturesco\",\"isPartOf\":{\"@id\":\"https:\\\/\\\/culturesco.com\\\/#website\"},\"primaryImageOfPage\":{\"@id\":\"https:\\\/\\\/culturesco.com\\\/index.php\\\/2020\\\/10\\\/06\\\/requiem-pour-un-keupon-de-remi-pepin\\\/#primaryimage\"},\"image\":{\"@id\":\"https:\\\/\\\/culturesco.com\\\/index.php\\\/2020\\\/10\\\/06\\\/requiem-pour-un-keupon-de-remi-pepin\\\/#primaryimage\"},\"thumbnailUrl\":\"https:\\\/\\\/i0.wp.com\\\/culturesco.com\\\/wp-content\\\/uploads\\\/2020\\\/10\\\/requiem-pour-un-keupon.jpg?fit=600%2C315&ssl=1\",\"datePublished\":\"2020-10-06T00:52:03+00:00\",\"dateModified\":\"2023-11-13T12:11:54+00:00\",\"description\":\"CulturesCo | REQUIEM pour un Keupon, un livre de Remi P\u00e9pin raconte la saga du rock alternatif en France Berurier Noir, Vrp, Wampas, Pigalle\",\"breadcrumb\":{\"@id\":\"https:\\\/\\\/culturesco.com\\\/index.php\\\/2020\\\/10\\\/06\\\/requiem-pour-un-keupon-de-remi-pepin\\\/#breadcrumb\"},\"inLanguage\":\"fr-FR\",\"potentialAction\":[{\"@type\":\"ReadAction\",\"target\":[\"https:\\\/\\\/culturesco.com\\\/index.php\\\/2020\\\/10\\\/06\\\/requiem-pour-un-keupon-de-remi-pepin\\\/\"]}]},{\"@type\":\"ImageObject\",\"inLanguage\":\"fr-FR\",\"@id\":\"https:\\\/\\\/culturesco.com\\\/index.php\\\/2020\\\/10\\\/06\\\/requiem-pour-un-keupon-de-remi-pepin\\\/#primaryimage\",\"url\":\"https:\\\/\\\/i0.wp.com\\\/culturesco.com\\\/wp-content\\\/uploads\\\/2020\\\/10\\\/requiem-pour-un-keupon.jpg?fit=600%2C315&ssl=1\",\"contentUrl\":\"https:\\\/\\\/i0.wp.com\\\/culturesco.com\\\/wp-content\\\/uploads\\\/2020\\\/10\\\/requiem-pour-un-keupon.jpg?fit=600%2C315&ssl=1\",\"width\":600,\"height\":315,\"caption\":\"requiem pour un keupon remi p\u00e9pin livre berurier noir\"},{\"@type\":\"BreadcrumbList\",\"@id\":\"https:\\\/\\\/culturesco.com\\\/index.php\\\/2020\\\/10\\\/06\\\/requiem-pour-un-keupon-de-remi-pepin\\\/#breadcrumb\",\"itemListElement\":[{\"@type\":\"ListItem\",\"position\":1,\"name\":\"Accueil\",\"item\":\"https:\\\/\\\/culturesco.com\\\/\"},{\"@type\":\"ListItem\",\"position\":2,\"name\":\"Requiem Pour Un Keupon, un livre de R\u00e9mi P\u00e9pin\"}]},{\"@type\":\"WebSite\",\"@id\":\"https:\\\/\\\/culturesco.com\\\/#website\",\"url\":\"https:\\\/\\\/culturesco.com\\\/\",\"name\":\"Culturesco\",\"description\":\"Culturesco | Un bon coup de pied dans ta Culture\",\"publisher\":{\"@id\":\"https:\\\/\\\/culturesco.com\\\/#organization\"},\"potentialAction\":[{\"@type\":\"SearchAction\",\"target\":{\"@type\":\"EntryPoint\",\"urlTemplate\":\"https:\\\/\\\/culturesco.com\\\/?s={search_term_string}\"},\"query-input\":{\"@type\":\"PropertyValueSpecification\",\"valueRequired\":true,\"valueName\":\"search_term_string\"}}],\"inLanguage\":\"fr-FR\"},{\"@type\":\"Organization\",\"@id\":\"https:\\\/\\\/culturesco.com\\\/#organization\",\"name\":\"CULTURESCO\",\"url\":\"https:\\\/\\\/culturesco.com\\\/\",\"logo\":{\"@type\":\"ImageObject\",\"inLanguage\":\"fr-FR\",\"@id\":\"https:\\\/\\\/culturesco.com\\\/#\\\/schema\\\/logo\\\/image\\\/\",\"url\":\"https:\\\/\\\/i0.wp.com\\\/culturesco.com\\\/wp-content\\\/uploads\\\/2022\\\/04\\\/culturesco-logo-blanc250p.png?fit=250%2C250&ssl=1\",\"contentUrl\":\"https:\\\/\\\/i0.wp.com\\\/culturesco.com\\\/wp-content\\\/uploads\\\/2022\\\/04\\\/culturesco-logo-blanc250p.png?fit=250%2C250&ssl=1\",\"width\":250,\"height\":250,\"caption\":\"CULTURESCO\"},\"image\":{\"@id\":\"https:\\\/\\\/culturesco.com\\\/#\\\/schema\\\/logo\\\/image\\\/\"},\"sameAs\":[\"https:\\\/\\\/www.facebook.com\\\/radioculturesco\",\"https:\\\/\\\/x.com\\\/AugusteMarshal\",\"https:\\\/\\\/www.instagram.com\\\/carotte_rock_culture\\\/\",\"https:\\\/\\\/www.pinterest.fr\\\/augustemarshal\\\/\",\"https:\\\/\\\/www.youtube.com\\\/channel\\\/UCiWLGffqWSXlNnfzp6YwwyQ\"]},{\"@type\":\"Person\",\"@id\":\"https:\\\/\\\/culturesco.com\\\/#\\\/schema\\\/person\\\/c2ddd6724863f3bbd20a8278df0891f3\",\"name\":\"Patrick Benard\",\"image\":{\"@type\":\"ImageObject\",\"inLanguage\":\"fr-FR\",\"@id\":\"https:\\\/\\\/i0.wp.com\\\/culturesco.com\\\/wp-content\\\/uploads\\\/2019\\\/02\\\/patrick-benard-2.jpg?fit=90%2C96&ssl=1\",\"url\":\"https:\\\/\\\/i0.wp.com\\\/culturesco.com\\\/wp-content\\\/uploads\\\/2019\\\/02\\\/patrick-benard-2.jpg?fit=90%2C96&ssl=1\",\"contentUrl\":\"https:\\\/\\\/i0.wp.com\\\/culturesco.com\\\/wp-content\\\/uploads\\\/2019\\\/02\\\/patrick-benard-2.jpg?fit=90%2C96&ssl=1\",\"caption\":\"Patrick Benard\"},\"description\":\"Ecrivain, chroniqueur, animateur radio, cr\u00e9ateur de la revue \u00ab Cin\u00e9manie \u00bb, autour du cin\u00e9ma dit d\u2019art et d\u2019essai, sp\u00e9cialiste du groupe The Cure, archiviste... 2020 : \\\"Le Post Rock\\\" essai sur le post rock de Mogwa\u00ef \u00e0 Godspeed You Black Emperor - Camion Blanc 2014 : \u00ab On the rocks \u2013le rock de 2007 \u00e0 2014 \u00bb chroniques livres et cd rocks, interviews \u2013Editions Vaillant 2010 : \u00ab Dans la T\u00eate de Robert Smith \u00bb, roman fiction autour de l\u2019histoire des Cure et de Robert Smith \u2013 Edilivres 2007 : \u00ab Chroniques Fr\u00e9n\u00e9tiques, une histoire intime du rock \u00bb, roman, prix Technikart. 2001 : \u00ab Les Iles du D\u00e9sert \u00bb, polar autour du rock \u2013 Editions Nykta\",\"url\":\"https:\\\/\\\/culturesco.com\\\/index.php\\\/author\\\/patrick-benard89\\\/\"}]}<\/script>\n<!-- \/ Yoast SEO plugin. -->","yoast_head_json":{"title":"Requiem Pour Un Keupon, un livre de R\u00e9mi P\u00e9pin - Culturesco","description":"CulturesCo | REQUIEM pour un Keupon, un livre de Remi P\u00e9pin raconte la saga du rock alternatif en France Berurier Noir, Vrp, Wampas, Pigalle","robots":{"index":"index","follow":"follow","max-snippet":"max-snippet:-1","max-image-preview":"max-image-preview:large","max-video-preview":"max-video-preview:-1"},"canonical":"https:\/\/culturesco.com\/index.php\/2020\/10\/06\/requiem-pour-un-keupon-de-remi-pepin\/","og_locale":"fr_FR","og_type":"article","og_title":"Requiem Pour Un Keupon, un livre de R\u00e9mi P\u00e9pin - Culturesco","og_description":"CulturesCo | REQUIEM pour un Keupon, un livre de Remi P\u00e9pin raconte la saga du rock alternatif en France Berurier Noir, Vrp, Wampas, Pigalle","og_url":"https:\/\/culturesco.com\/index.php\/2020\/10\/06\/requiem-pour-un-keupon-de-remi-pepin\/","og_site_name":"Culturesco","article_publisher":"https:\/\/www.facebook.com\/radioculturesco","article_published_time":"2020-10-06T00:52:03+00:00","article_modified_time":"2023-11-13T12:11:54+00:00","og_image":[{"width":600,"height":315,"url":"https:\/\/culturesco.com\/wp-content\/uploads\/2020\/10\/requiem-pour-un-keupon.jpg","type":"image\/jpeg"}],"author":"Patrick Benard","twitter_card":"summary_large_image","twitter_creator":"@AugusteMarshal","twitter_site":"@AugusteMarshal","twitter_misc":{"\u00c9crit par":"Patrick Benard","Dur\u00e9e de lecture estim\u00e9e":"3 minutes"},"schema":{"@context":"https:\/\/schema.org","@graph":[{"@type":"Article","@id":"https:\/\/culturesco.com\/index.php\/2020\/10\/06\/requiem-pour-un-keupon-de-remi-pepin\/#article","isPartOf":{"@id":"https:\/\/culturesco.com\/index.php\/2020\/10\/06\/requiem-pour-un-keupon-de-remi-pepin\/"},"author":{"name":"Patrick Benard","@id":"https:\/\/culturesco.com\/#\/schema\/person\/c2ddd6724863f3bbd20a8278df0891f3"},"headline":"Requiem Pour Un Keupon, un livre de R\u00e9mi P\u00e9pin","datePublished":"2020-10-06T00:52:03+00:00","dateModified":"2023-11-13T12:11:54+00:00","mainEntityOfPage":{"@id":"https:\/\/culturesco.com\/index.php\/2020\/10\/06\/requiem-pour-un-keupon-de-remi-pepin\/"},"wordCount":631,"commentCount":0,"publisher":{"@id":"https:\/\/culturesco.com\/#organization"},"image":{"@id":"https:\/\/culturesco.com\/index.php\/2020\/10\/06\/requiem-pour-un-keupon-de-remi-pepin\/#primaryimage"},"thumbnailUrl":"https:\/\/i0.wp.com\/culturesco.com\/wp-content\/uploads\/2020\/10\/requiem-pour-un-keupon.jpg?fit=600%2C315&ssl=1","keywords":["histoire du rock","litt\u00e9rature","punk"],"articleSection":["Carotte Rock Cultures","Litt\u00e9rature","Livre Rock"],"inLanguage":"fr-FR","potentialAction":[{"@type":"CommentAction","name":"Comment","target":["https:\/\/culturesco.com\/index.php\/2020\/10\/06\/requiem-pour-un-keupon-de-remi-pepin\/#respond"]}]},{"@type":"WebPage","@id":"https:\/\/culturesco.com\/index.php\/2020\/10\/06\/requiem-pour-un-keupon-de-remi-pepin\/","url":"https:\/\/culturesco.com\/index.php\/2020\/10\/06\/requiem-pour-un-keupon-de-remi-pepin\/","name":"Requiem Pour Un Keupon, un livre de R\u00e9mi P\u00e9pin - Culturesco","isPartOf":{"@id":"https:\/\/culturesco.com\/#website"},"primaryImageOfPage":{"@id":"https:\/\/culturesco.com\/index.php\/2020\/10\/06\/requiem-pour-un-keupon-de-remi-pepin\/#primaryimage"},"image":{"@id":"https:\/\/culturesco.com\/index.php\/2020\/10\/06\/requiem-pour-un-keupon-de-remi-pepin\/#primaryimage"},"thumbnailUrl":"https:\/\/i0.wp.com\/culturesco.com\/wp-content\/uploads\/2020\/10\/requiem-pour-un-keupon.jpg?fit=600%2C315&ssl=1","datePublished":"2020-10-06T00:52:03+00:00","dateModified":"2023-11-13T12:11:54+00:00","description":"CulturesCo | REQUIEM pour un Keupon, un livre de Remi P\u00e9pin raconte la saga du rock alternatif en France Berurier Noir, Vrp, Wampas, Pigalle","breadcrumb":{"@id":"https:\/\/culturesco.com\/index.php\/2020\/10\/06\/requiem-pour-un-keupon-de-remi-pepin\/#breadcrumb"},"inLanguage":"fr-FR","potentialAction":[{"@type":"ReadAction","target":["https:\/\/culturesco.com\/index.php\/2020\/10\/06\/requiem-pour-un-keupon-de-remi-pepin\/"]}]},{"@type":"ImageObject","inLanguage":"fr-FR","@id":"https:\/\/culturesco.com\/index.php\/2020\/10\/06\/requiem-pour-un-keupon-de-remi-pepin\/#primaryimage","url":"https:\/\/i0.wp.com\/culturesco.com\/wp-content\/uploads\/2020\/10\/requiem-pour-un-keupon.jpg?fit=600%2C315&ssl=1","contentUrl":"https:\/\/i0.wp.com\/culturesco.com\/wp-content\/uploads\/2020\/10\/requiem-pour-un-keupon.jpg?fit=600%2C315&ssl=1","width":600,"height":315,"caption":"requiem pour un keupon remi p\u00e9pin livre berurier noir"},{"@type":"BreadcrumbList","@id":"https:\/\/culturesco.com\/index.php\/2020\/10\/06\/requiem-pour-un-keupon-de-remi-pepin\/#breadcrumb","itemListElement":[{"@type":"ListItem","position":1,"name":"Accueil","item":"https:\/\/culturesco.com\/"},{"@type":"ListItem","position":2,"name":"Requiem Pour Un Keupon, un livre de R\u00e9mi P\u00e9pin"}]},{"@type":"WebSite","@id":"https:\/\/culturesco.com\/#website","url":"https:\/\/culturesco.com\/","name":"Culturesco","description":"Culturesco | Un bon coup de pied dans ta Culture","publisher":{"@id":"https:\/\/culturesco.com\/#organization"},"potentialAction":[{"@type":"SearchAction","target":{"@type":"EntryPoint","urlTemplate":"https:\/\/culturesco.com\/?s={search_term_string}"},"query-input":{"@type":"PropertyValueSpecification","valueRequired":true,"valueName":"search_term_string"}}],"inLanguage":"fr-FR"},{"@type":"Organization","@id":"https:\/\/culturesco.com\/#organization","name":"CULTURESCO","url":"https:\/\/culturesco.com\/","logo":{"@type":"ImageObject","inLanguage":"fr-FR","@id":"https:\/\/culturesco.com\/#\/schema\/logo\/image\/","url":"https:\/\/i0.wp.com\/culturesco.com\/wp-content\/uploads\/2022\/04\/culturesco-logo-blanc250p.png?fit=250%2C250&ssl=1","contentUrl":"https:\/\/i0.wp.com\/culturesco.com\/wp-content\/uploads\/2022\/04\/culturesco-logo-blanc250p.png?fit=250%2C250&ssl=1","width":250,"height":250,"caption":"CULTURESCO"},"image":{"@id":"https:\/\/culturesco.com\/#\/schema\/logo\/image\/"},"sameAs":["https:\/\/www.facebook.com\/radioculturesco","https:\/\/x.com\/AugusteMarshal","https:\/\/www.instagram.com\/carotte_rock_culture\/","https:\/\/www.pinterest.fr\/augustemarshal\/","https:\/\/www.youtube.com\/channel\/UCiWLGffqWSXlNnfzp6YwwyQ"]},{"@type":"Person","@id":"https:\/\/culturesco.com\/#\/schema\/person\/c2ddd6724863f3bbd20a8278df0891f3","name":"Patrick Benard","image":{"@type":"ImageObject","inLanguage":"fr-FR","@id":"https:\/\/i0.wp.com\/culturesco.com\/wp-content\/uploads\/2019\/02\/patrick-benard-2.jpg?fit=90%2C96&ssl=1","url":"https:\/\/i0.wp.com\/culturesco.com\/wp-content\/uploads\/2019\/02\/patrick-benard-2.jpg?fit=90%2C96&ssl=1","contentUrl":"https:\/\/i0.wp.com\/culturesco.com\/wp-content\/uploads\/2019\/02\/patrick-benard-2.jpg?fit=90%2C96&ssl=1","caption":"Patrick Benard"},"description":"Ecrivain, chroniqueur, animateur radio, cr\u00e9ateur de la revue \u00ab Cin\u00e9manie \u00bb, autour du cin\u00e9ma dit d\u2019art et d\u2019essai, sp\u00e9cialiste du groupe The Cure, archiviste... 2020 : \"Le Post Rock\" essai sur le post rock de Mogwa\u00ef \u00e0 Godspeed You Black Emperor - Camion Blanc 2014 : \u00ab On the rocks \u2013le rock de 2007 \u00e0 2014 \u00bb chroniques livres et cd rocks, interviews \u2013Editions Vaillant 2010 : \u00ab Dans la T\u00eate de Robert Smith \u00bb, roman fiction autour de l\u2019histoire des Cure et de Robert Smith \u2013 Edilivres 2007 : \u00ab Chroniques Fr\u00e9n\u00e9tiques, une histoire intime du rock \u00bb, roman, prix Technikart. 2001 : \u00ab Les Iles du D\u00e9sert \u00bb, polar autour du rock \u2013 Editions Nykta","url":"https:\/\/culturesco.com\/index.php\/author\/patrick-benard89\/"}]}},"jetpack_featured_media_url":"https:\/\/i0.wp.com\/culturesco.com\/wp-content\/uploads\/2020\/10\/requiem-pour-un-keupon.jpg?fit=600%2C315&ssl=1","jetpack_likes_enabled":true,"jetpack_sharing_enabled":true,"jetpack_shortlink":"https:\/\/wp.me\/paz89I-3bC","_links":{"self":[{"href":"https:\/\/culturesco.com\/index.php\/wp-json\/wp\/v2\/posts\/12252","targetHints":{"allow":["GET"]}}],"collection":[{"href":"https:\/\/culturesco.com\/index.php\/wp-json\/wp\/v2\/posts"}],"about":[{"href":"https:\/\/culturesco.com\/index.php\/wp-json\/wp\/v2\/types\/post"}],"author":[{"embeddable":true,"href":"https:\/\/culturesco.com\/index.php\/wp-json\/wp\/v2\/users\/4"}],"replies":[{"embeddable":true,"href":"https:\/\/culturesco.com\/index.php\/wp-json\/wp\/v2\/comments?post=12252"}],"version-history":[{"count":0,"href":"https:\/\/culturesco.com\/index.php\/wp-json\/wp\/v2\/posts\/12252\/revisions"}],"wp:featuredmedia":[{"embeddable":true,"href":"https:\/\/culturesco.com\/index.php\/wp-json\/wp\/v2\/media\/12260"}],"wp:attachment":[{"href":"https:\/\/culturesco.com\/index.php\/wp-json\/wp\/v2\/media?parent=12252"}],"wp:term":[{"taxonomy":"category","embeddable":true,"href":"https:\/\/culturesco.com\/index.php\/wp-json\/wp\/v2\/categories?post=12252"},{"taxonomy":"post_tag","embeddable":true,"href":"https:\/\/culturesco.com\/index.php\/wp-json\/wp\/v2\/tags?post=12252"}],"curies":[{"name":"wp","href":"https:\/\/api.w.org\/{rel}","templated":true}]}}