{"id":1213,"date":"2018-11-30T11:34:12","date_gmt":"2018-11-30T10:34:12","guid":{"rendered":"https:\/\/culturesco.com\/?p=1213"},"modified":"2024-08-01T11:34:48","modified_gmt":"2024-08-01T09:34:48","slug":"the-cure-histoire-romancee-de-son-leader-charismatique-robert-smith","status":"publish","type":"post","link":"https:\/\/culturesco.com\/index.php\/2018\/11\/30\/the-cure-histoire-romancee-de-son-leader-charismatique-robert-smith\/","title":{"rendered":"ROBERT SMITH : l&rsquo;histoire romanc\u00e9e du leader des CURE"},"content":{"rendered":"<h2>L\u2019Histoire romanc\u00e9e de Robert Smith<\/h2>\n<p>&nbsp;<\/p>\n<p><strong>Robert Smith<\/strong> : le d\u00e9couvrir par le biais d\u2019un roman\u2026 Est-ce la v\u00e9rit\u00e9 ?<\/p>\n<p style=\"text-align: justify;\">En lisant le premier livre de J\u00e9r\u00e9my Wulc, <strong>The Cure, My Dream Comes True<\/strong>, paru chez <strong>Camion blanc<\/strong> en 2009, tout lecteur se dit que ce type a eu \u00e9norm\u00e9ment de chance de rencontrer <strong>Perry Bamonte<\/strong>, ancien roadie du groupe devenu guitariste du groupe jusqu\u2019en 2004. De ce fait, il a pu c\u00f4toyer tout le monde et vivre avec eux au cours de quelques tourn\u00e9es. Quel(le) inconditionnel(le) ne r\u00eaverait pas de vivre ce qu\u2019il a v\u00e9cu ?<\/p>\n<div class=\"youtube-embed\" data-video_id=\"qkp25OEsGYs\"><iframe loading=\"lazy\" title=\"The Cure 1982-04-11 The Figurehead, L&#039;\u00e9cho des bananes\" width=\"696\" height=\"522\" src=\"https:\/\/www.youtube.com\/embed\/qkp25OEsGYs\" frameborder=\"0\" allow=\"accelerometer; autoplay; clipboard-write; encrypted-media; gyroscope; picture-in-picture; web-share\" referrerpolicy=\"strict-origin-when-cross-origin\" allowfullscreen><\/iframe><\/div>\n<h3>L&rsquo;histoire<\/h3>\n<p style=\"text-align: justify;\">A peine dix ans plus tard et fort d\u2019une exp\u00e9rience assum\u00e9e avec le groupe, l\u2019auteur livre un second ouvrage autour de son groupe pr\u00e9f\u00e9r\u00e9. Cette fois-ci il s\u2019attaque \u00e0 l\u2019histoire du personnage principal du groupe: Mister Robert Smith himself. Il raconte sa vie mais sous une forme romanc\u00e9e narrant l\u2019histoire du leader de <a href=\"https:\/\/culturesco.com\/index.php\/2018\/09\/21\/the-cure-dio-en-aout-1985-the-head-on-the-door-et-sacred-heart\/\">The Cure<\/a>, comme le sp\u00e9cifie le sous-titre. Sur la quatri\u00e8me de couverture il est pr\u00e9cis\u00e9 : \u00abLa vraie histoire de The Cure dans la t\u00eate de son leader charismatique\u00bb. Dans ce cas, ce n\u2019est plus un roman mais une biographie. D\u2019autant qu\u2019il existe d\u00e9j\u00e0 une autre fiction, parue en 2010, intitul\u00e9e \u00ab <a href=\"https:\/\/amzn.to\/2Efulp8\" target=\"_blank\" rel=\"noopener noreferrer\">Dans la T\u00eate de Robert Smith<\/a> \u00bb r\u00e9dig\u00e9 par, ahem\u2026, votre humble r\u00e9dacteur de cette chronique. Ben oui, autant joindre l\u2019utile \u00e0 l\u2019agr\u00e9able et se faire un peu de pub (Edilivre, en vente toujours un peu partout).<\/p>\n<div class=\"youtube-embed\" data-video_id=\"n3nPiBai66M\"><iframe loading=\"lazy\" title=\"The Cure - Just Like Heaven\" width=\"696\" height=\"522\" src=\"https:\/\/www.youtube.com\/embed\/n3nPiBai66M\" frameborder=\"0\" allow=\"accelerometer; autoplay; clipboard-write; encrypted-media; gyroscope; picture-in-picture; web-share\" referrerpolicy=\"strict-origin-when-cross-origin\" allowfullscreen><\/iframe><\/div>\n<p style=\"text-align: justify;\">Me voici donc juge et parti. Impossible alors d\u2019en parler en toute objectivit\u00e9. J\u00e9r\u00e9my ne m\u2019en voudra pas parce que c\u2019est un ami, d\u2019abord, et que son livre m\u2019a s\u00e9duit\u2026 au moins jusqu\u2019\u00e0 la moiti\u00e9. A savoir la p\u00e9riode la plus d\u00e9terminante, depuis l\u2019enfance de Robert Smith jusqu\u2019\u00e0 1982, pour bien comprendre ce qu\u2019est devenu The Cure aujourd\u2019hui. Et ce n\u2019\u00e9tait pas \u00e9vident du tout.<\/p>\n<p><img data-recalc-dims=\"1\" loading=\"lazy\" decoding=\"async\" class=\"aligncenter wp-image-1214 size-medium\" title=\"le jeune homme de crawley - Robert Smith - The Cure\" src=\"https:\/\/i0.wp.com\/culturesco.com\/wp-content\/uploads\/2018\/11\/Je%CC%81re%CC%81my-Wulc.jpeg?resize=199%2C300&#038;ssl=1\" alt=\"le jeune homme de crawley - Robert Smith \" width=\"199\" height=\"300\" srcset=\"https:\/\/i0.wp.com\/culturesco.com\/wp-content\/uploads\/2018\/11\/Je%CC%81re%CC%81my-Wulc.jpeg?resize=199%2C300&amp;ssl=1 199w, https:\/\/i0.wp.com\/culturesco.com\/wp-content\/uploads\/2018\/11\/Je%CC%81re%CC%81my-Wulc.jpeg?resize=415%2C627&amp;ssl=1 415w, https:\/\/i0.wp.com\/culturesco.com\/wp-content\/uploads\/2018\/11\/Je%CC%81re%CC%81my-Wulc.jpeg?resize=278%2C420&amp;ssl=1 278w, https:\/\/i0.wp.com\/culturesco.com\/wp-content\/uploads\/2018\/11\/Je%CC%81re%CC%81my-Wulc.jpeg?w=397&amp;ssl=1 397w\" sizes=\"auto, (max-width: 199px) 100vw, 199px\" \/><\/p>\n<p style=\"text-align: justify;\">Je ne ferai toutefois pas la fine bouche parce qu\u2019\u00e9crire un tel ouvrage demande de l\u2019abn\u00e9gation, de la volont\u00e9, de la d\u00e9termination et J\u00e9r\u00e9my n\u2019en manque pas assur\u00e9ment. On sent son incontestable amour pour le groupe. Bravo \u00e0 lui !<\/p>\n<p><a href=\"https:\/\/amzn.to\/2VqhdDy\" target=\"_blank\" rel=\"noopener noreferrer\">J\u00e9r\u00e9my Wulc &#8211;\u00a0Le Jeune Homme de Crawley<\/a><\/p>\n<p>E\/P\/A \u2013 250 pages \u2013 22 \u20ac<\/p>\n<p>Patrick B\u00e9nard<\/p>\n<p style=\"text-align: center;\">\n","protected":false},"excerpt":{"rendered":"<p>L\u2019Histoire romanc\u00e9e de Robert Smith &nbsp; Robert Smith : le d\u00e9couvrir par le biais d\u2019un roman\u2026 Est-ce la v\u00e9rit\u00e9 ? En lisant le premier livre de J\u00e9r\u00e9my Wulc, The Cure, My Dream Comes True, paru chez Camion blanc en 2009, tout lecteur se dit que ce type a eu \u00e9norm\u00e9ment de chance de rencontrer Perry [&hellip;]<\/p>\n","protected":false},"author":4,"featured_media":22844,"comment_status":"open","ping_status":"open","sticky":false,"template":"","format":"image","meta":{"jetpack_post_was_ever_published":false,"tdm_status":"","tdm_grid_status":"","_jetpack_newsletter_access":"","_jetpack_dont_email_post_to_subs":false,"_jetpack_newsletter_tier_id":0,"_jetpack_memberships_contains_paywalled_content":false,"_jetpack_memberships_contains_paid_content":false,"footnotes":""},"categories":[17,23,66],"tags":[20,48],"class_list":{"0":"post-1213","1":"post","2":"type-post","3":"status-publish","4":"format-image","5":"has-post-thumbnail","7":"category-carotte-rock-cultures","8":"category-chroniques-litteraires","9":"category-livre-rock","10":"tag-livre-rock","11":"tag-personnalite-rock","12":"post_format-post-format-image"},"yoast_head":"<!-- This site is optimized with the Yoast SEO plugin v27.5 - https:\/\/yoast.com\/product\/yoast-seo-wordpress\/ -->\n<title>ROBERT SMITH : l&#039;histoire romanc\u00e9e du leader des CURE - Culturesco<\/title>\n<meta name=\"description\" content=\"CulturesCo | ROBERT SMITH - Le roman de J\u00e9r\u00e9my Wulk : Le jeune homme de Crawley raconte l&#039;histoire romanc\u00e9e du leader de THE CURE\" \/>\n<meta name=\"robots\" content=\"index, follow, max-snippet:-1, max-image-preview:large, max-video-preview:-1\" \/>\n<link rel=\"canonical\" href=\"https:\/\/culturesco.com\/index.php\/2018\/11\/30\/the-cure-histoire-romancee-de-son-leader-charismatique-robert-smith\/\" \/>\n<meta property=\"og:locale\" content=\"fr_FR\" \/>\n<meta property=\"og:type\" content=\"article\" \/>\n<meta property=\"og:title\" content=\"ROBERT SMITH : l&#039;histoire romanc\u00e9e du leader des CURE - Culturesco\" \/>\n<meta property=\"og:description\" content=\"CulturesCo | ROBERT SMITH - Le roman de J\u00e9r\u00e9my Wulk : Le jeune homme de Crawley raconte l&#039;histoire romanc\u00e9e du leader de THE CURE\" \/>\n<meta property=\"og:url\" content=\"https:\/\/culturesco.com\/index.php\/2018\/11\/30\/the-cure-histoire-romancee-de-son-leader-charismatique-robert-smith\/\" \/>\n<meta property=\"og:site_name\" content=\"Culturesco\" \/>\n<meta property=\"article:publisher\" content=\"https:\/\/www.facebook.com\/radioculturesco\" \/>\n<meta property=\"article:published_time\" content=\"2018-11-30T10:34:12+00:00\" \/>\n<meta property=\"article:modified_time\" content=\"2024-08-01T09:34:48+00:00\" \/>\n<meta property=\"og:image\" content=\"https:\/\/culturesco.com\/wp-content\/uploads\/2018\/11\/9782851209771-001-X.webp\" \/>\n\t<meta property=\"og:image:width\" content=\"640\" \/>\n\t<meta property=\"og:image:height\" content=\"971\" \/>\n\t<meta property=\"og:image:type\" content=\"image\/webp\" \/>\n<meta name=\"author\" content=\"Patrick Benard\" \/>\n<meta name=\"twitter:card\" content=\"summary_large_image\" \/>\n<meta name=\"twitter:creator\" content=\"@AugusteMarshal\" \/>\n<meta name=\"twitter:site\" content=\"@AugusteMarshal\" \/>\n<meta name=\"twitter:label1\" content=\"\u00c9crit par\" \/>\n\t<meta name=\"twitter:data1\" content=\"Patrick Benard\" \/>\n\t<meta name=\"twitter:label2\" content=\"Dur\u00e9e de lecture estim\u00e9e\" \/>\n\t<meta name=\"twitter:data2\" content=\"3 minutes\" \/>\n<script type=\"application\/ld+json\" class=\"yoast-schema-graph\">{\"@context\":\"https:\\\/\\\/schema.org\",\"@graph\":[{\"@type\":\"Article\",\"@id\":\"https:\\\/\\\/culturesco.com\\\/index.php\\\/2018\\\/11\\\/30\\\/the-cure-histoire-romancee-de-son-leader-charismatique-robert-smith\\\/#article\",\"isPartOf\":{\"@id\":\"https:\\\/\\\/culturesco.com\\\/index.php\\\/2018\\\/11\\\/30\\\/the-cure-histoire-romancee-de-son-leader-charismatique-robert-smith\\\/\"},\"author\":{\"name\":\"Patrick Benard\",\"@id\":\"https:\\\/\\\/culturesco.com\\\/#\\\/schema\\\/person\\\/c2ddd6724863f3bbd20a8278df0891f3\"},\"headline\":\"ROBERT SMITH : l&rsquo;histoire romanc\u00e9e du leader des CURE\",\"datePublished\":\"2018-11-30T10:34:12+00:00\",\"dateModified\":\"2024-08-01T09:34:48+00:00\",\"mainEntityOfPage\":{\"@id\":\"https:\\\/\\\/culturesco.com\\\/index.php\\\/2018\\\/11\\\/30\\\/the-cure-histoire-romancee-de-son-leader-charismatique-robert-smith\\\/\"},\"wordCount\":439,\"commentCount\":0,\"publisher\":{\"@id\":\"https:\\\/\\\/culturesco.com\\\/#organization\"},\"image\":{\"@id\":\"https:\\\/\\\/culturesco.com\\\/index.php\\\/2018\\\/11\\\/30\\\/the-cure-histoire-romancee-de-son-leader-charismatique-robert-smith\\\/#primaryimage\"},\"thumbnailUrl\":\"https:\\\/\\\/i0.wp.com\\\/culturesco.com\\\/wp-content\\\/uploads\\\/2018\\\/11\\\/9782851209771-001-X.webp?fit=640%2C971&ssl=1\",\"keywords\":[\"Livre Rock\",\"Personnalit\u00e9 Rock\"],\"articleSection\":[\"Carotte Rock Cultures\",\"Chroniques litt\u00e9raires\",\"Livre Rock\"],\"inLanguage\":\"fr-FR\",\"potentialAction\":[{\"@type\":\"CommentAction\",\"name\":\"Comment\",\"target\":[\"https:\\\/\\\/culturesco.com\\\/index.php\\\/2018\\\/11\\\/30\\\/the-cure-histoire-romancee-de-son-leader-charismatique-robert-smith\\\/#respond\"]}]},{\"@type\":\"WebPage\",\"@id\":\"https:\\\/\\\/culturesco.com\\\/index.php\\\/2018\\\/11\\\/30\\\/the-cure-histoire-romancee-de-son-leader-charismatique-robert-smith\\\/\",\"url\":\"https:\\\/\\\/culturesco.com\\\/index.php\\\/2018\\\/11\\\/30\\\/the-cure-histoire-romancee-de-son-leader-charismatique-robert-smith\\\/\",\"name\":\"ROBERT SMITH : l'histoire romanc\u00e9e du leader des CURE - Culturesco\",\"isPartOf\":{\"@id\":\"https:\\\/\\\/culturesco.com\\\/#website\"},\"primaryImageOfPage\":{\"@id\":\"https:\\\/\\\/culturesco.com\\\/index.php\\\/2018\\\/11\\\/30\\\/the-cure-histoire-romancee-de-son-leader-charismatique-robert-smith\\\/#primaryimage\"},\"image\":{\"@id\":\"https:\\\/\\\/culturesco.com\\\/index.php\\\/2018\\\/11\\\/30\\\/the-cure-histoire-romancee-de-son-leader-charismatique-robert-smith\\\/#primaryimage\"},\"thumbnailUrl\":\"https:\\\/\\\/i0.wp.com\\\/culturesco.com\\\/wp-content\\\/uploads\\\/2018\\\/11\\\/9782851209771-001-X.webp?fit=640%2C971&ssl=1\",\"datePublished\":\"2018-11-30T10:34:12+00:00\",\"dateModified\":\"2024-08-01T09:34:48+00:00\",\"description\":\"CulturesCo | ROBERT SMITH - Le roman de J\u00e9r\u00e9my Wulk : Le jeune homme de Crawley raconte l'histoire romanc\u00e9e du leader de THE CURE\",\"breadcrumb\":{\"@id\":\"https:\\\/\\\/culturesco.com\\\/index.php\\\/2018\\\/11\\\/30\\\/the-cure-histoire-romancee-de-son-leader-charismatique-robert-smith\\\/#breadcrumb\"},\"inLanguage\":\"fr-FR\",\"potentialAction\":[{\"@type\":\"ReadAction\",\"target\":[\"https:\\\/\\\/culturesco.com\\\/index.php\\\/2018\\\/11\\\/30\\\/the-cure-histoire-romancee-de-son-leader-charismatique-robert-smith\\\/\"]}]},{\"@type\":\"ImageObject\",\"inLanguage\":\"fr-FR\",\"@id\":\"https:\\\/\\\/culturesco.com\\\/index.php\\\/2018\\\/11\\\/30\\\/the-cure-histoire-romancee-de-son-leader-charismatique-robert-smith\\\/#primaryimage\",\"url\":\"https:\\\/\\\/i0.wp.com\\\/culturesco.com\\\/wp-content\\\/uploads\\\/2018\\\/11\\\/9782851209771-001-X.webp?fit=640%2C971&ssl=1\",\"contentUrl\":\"https:\\\/\\\/i0.wp.com\\\/culturesco.com\\\/wp-content\\\/uploads\\\/2018\\\/11\\\/9782851209771-001-X.webp?fit=640%2C971&ssl=1\",\"width\":640,\"height\":971,\"caption\":\"le jeune homme de crawley cure\"},{\"@type\":\"BreadcrumbList\",\"@id\":\"https:\\\/\\\/culturesco.com\\\/index.php\\\/2018\\\/11\\\/30\\\/the-cure-histoire-romancee-de-son-leader-charismatique-robert-smith\\\/#breadcrumb\",\"itemListElement\":[{\"@type\":\"ListItem\",\"position\":1,\"name\":\"Accueil\",\"item\":\"https:\\\/\\\/culturesco.com\\\/\"},{\"@type\":\"ListItem\",\"position\":2,\"name\":\"ROBERT SMITH : l&#8217;histoire romanc\u00e9e du leader des CURE\"}]},{\"@type\":\"WebSite\",\"@id\":\"https:\\\/\\\/culturesco.com\\\/#website\",\"url\":\"https:\\\/\\\/culturesco.com\\\/\",\"name\":\"Culturesco\",\"description\":\"Culturesco | Un bon coup de pied dans ta Culture\",\"publisher\":{\"@id\":\"https:\\\/\\\/culturesco.com\\\/#organization\"},\"potentialAction\":[{\"@type\":\"SearchAction\",\"target\":{\"@type\":\"EntryPoint\",\"urlTemplate\":\"https:\\\/\\\/culturesco.com\\\/?s={search_term_string}\"},\"query-input\":{\"@type\":\"PropertyValueSpecification\",\"valueRequired\":true,\"valueName\":\"search_term_string\"}}],\"inLanguage\":\"fr-FR\"},{\"@type\":\"Organization\",\"@id\":\"https:\\\/\\\/culturesco.com\\\/#organization\",\"name\":\"CULTURESCO\",\"url\":\"https:\\\/\\\/culturesco.com\\\/\",\"logo\":{\"@type\":\"ImageObject\",\"inLanguage\":\"fr-FR\",\"@id\":\"https:\\\/\\\/culturesco.com\\\/#\\\/schema\\\/logo\\\/image\\\/\",\"url\":\"https:\\\/\\\/i0.wp.com\\\/culturesco.com\\\/wp-content\\\/uploads\\\/2022\\\/04\\\/culturesco-logo-blanc250p.png?fit=250%2C250&ssl=1\",\"contentUrl\":\"https:\\\/\\\/i0.wp.com\\\/culturesco.com\\\/wp-content\\\/uploads\\\/2022\\\/04\\\/culturesco-logo-blanc250p.png?fit=250%2C250&ssl=1\",\"width\":250,\"height\":250,\"caption\":\"CULTURESCO\"},\"image\":{\"@id\":\"https:\\\/\\\/culturesco.com\\\/#\\\/schema\\\/logo\\\/image\\\/\"},\"sameAs\":[\"https:\\\/\\\/www.facebook.com\\\/radioculturesco\",\"https:\\\/\\\/x.com\\\/AugusteMarshal\",\"https:\\\/\\\/www.instagram.com\\\/carotte_rock_culture\\\/\",\"https:\\\/\\\/www.pinterest.fr\\\/augustemarshal\\\/\",\"https:\\\/\\\/www.youtube.com\\\/channel\\\/UCiWLGffqWSXlNnfzp6YwwyQ\"]},{\"@type\":\"Person\",\"@id\":\"https:\\\/\\\/culturesco.com\\\/#\\\/schema\\\/person\\\/c2ddd6724863f3bbd20a8278df0891f3\",\"name\":\"Patrick Benard\",\"image\":{\"@type\":\"ImageObject\",\"inLanguage\":\"fr-FR\",\"@id\":\"https:\\\/\\\/i0.wp.com\\\/culturesco.com\\\/wp-content\\\/uploads\\\/2019\\\/02\\\/patrick-benard-2.jpg?fit=90%2C96&ssl=1\",\"url\":\"https:\\\/\\\/i0.wp.com\\\/culturesco.com\\\/wp-content\\\/uploads\\\/2019\\\/02\\\/patrick-benard-2.jpg?fit=90%2C96&ssl=1\",\"contentUrl\":\"https:\\\/\\\/i0.wp.com\\\/culturesco.com\\\/wp-content\\\/uploads\\\/2019\\\/02\\\/patrick-benard-2.jpg?fit=90%2C96&ssl=1\",\"caption\":\"Patrick Benard\"},\"description\":\"Ecrivain, chroniqueur, animateur radio, cr\u00e9ateur de la revue \u00ab Cin\u00e9manie \u00bb, autour du cin\u00e9ma dit d\u2019art et d\u2019essai, sp\u00e9cialiste du groupe The Cure, archiviste... 2020 : \\\"Le Post Rock\\\" essai sur le post rock de Mogwa\u00ef \u00e0 Godspeed You Black Emperor - Camion Blanc 2014 : \u00ab On the rocks \u2013le rock de 2007 \u00e0 2014 \u00bb chroniques livres et cd rocks, interviews \u2013Editions Vaillant 2010 : \u00ab Dans la T\u00eate de Robert Smith \u00bb, roman fiction autour de l\u2019histoire des Cure et de Robert Smith \u2013 Edilivres 2007 : \u00ab Chroniques Fr\u00e9n\u00e9tiques, une histoire intime du rock \u00bb, roman, prix Technikart. 2001 : \u00ab Les Iles du D\u00e9sert \u00bb, polar autour du rock \u2013 Editions Nykta\",\"url\":\"https:\\\/\\\/culturesco.com\\\/index.php\\\/author\\\/patrick-benard89\\\/\"}]}<\/script>\n<!-- \/ Yoast SEO plugin. -->","yoast_head_json":{"title":"ROBERT SMITH : l'histoire romanc\u00e9e du leader des CURE - Culturesco","description":"CulturesCo | ROBERT SMITH - Le roman de J\u00e9r\u00e9my Wulk : Le jeune homme de Crawley raconte l'histoire romanc\u00e9e du leader de THE CURE","robots":{"index":"index","follow":"follow","max-snippet":"max-snippet:-1","max-image-preview":"max-image-preview:large","max-video-preview":"max-video-preview:-1"},"canonical":"https:\/\/culturesco.com\/index.php\/2018\/11\/30\/the-cure-histoire-romancee-de-son-leader-charismatique-robert-smith\/","og_locale":"fr_FR","og_type":"article","og_title":"ROBERT SMITH : l'histoire romanc\u00e9e du leader des CURE - Culturesco","og_description":"CulturesCo | ROBERT SMITH - Le roman de J\u00e9r\u00e9my Wulk : Le jeune homme de Crawley raconte l'histoire romanc\u00e9e du leader de THE CURE","og_url":"https:\/\/culturesco.com\/index.php\/2018\/11\/30\/the-cure-histoire-romancee-de-son-leader-charismatique-robert-smith\/","og_site_name":"Culturesco","article_publisher":"https:\/\/www.facebook.com\/radioculturesco","article_published_time":"2018-11-30T10:34:12+00:00","article_modified_time":"2024-08-01T09:34:48+00:00","og_image":[{"width":640,"height":971,"url":"https:\/\/culturesco.com\/wp-content\/uploads\/2018\/11\/9782851209771-001-X.webp","type":"image\/webp"}],"author":"Patrick Benard","twitter_card":"summary_large_image","twitter_creator":"@AugusteMarshal","twitter_site":"@AugusteMarshal","twitter_misc":{"\u00c9crit par":"Patrick Benard","Dur\u00e9e de lecture estim\u00e9e":"3 minutes"},"schema":{"@context":"https:\/\/schema.org","@graph":[{"@type":"Article","@id":"https:\/\/culturesco.com\/index.php\/2018\/11\/30\/the-cure-histoire-romancee-de-son-leader-charismatique-robert-smith\/#article","isPartOf":{"@id":"https:\/\/culturesco.com\/index.php\/2018\/11\/30\/the-cure-histoire-romancee-de-son-leader-charismatique-robert-smith\/"},"author":{"name":"Patrick Benard","@id":"https:\/\/culturesco.com\/#\/schema\/person\/c2ddd6724863f3bbd20a8278df0891f3"},"headline":"ROBERT SMITH : l&rsquo;histoire romanc\u00e9e du leader des CURE","datePublished":"2018-11-30T10:34:12+00:00","dateModified":"2024-08-01T09:34:48+00:00","mainEntityOfPage":{"@id":"https:\/\/culturesco.com\/index.php\/2018\/11\/30\/the-cure-histoire-romancee-de-son-leader-charismatique-robert-smith\/"},"wordCount":439,"commentCount":0,"publisher":{"@id":"https:\/\/culturesco.com\/#organization"},"image":{"@id":"https:\/\/culturesco.com\/index.php\/2018\/11\/30\/the-cure-histoire-romancee-de-son-leader-charismatique-robert-smith\/#primaryimage"},"thumbnailUrl":"https:\/\/i0.wp.com\/culturesco.com\/wp-content\/uploads\/2018\/11\/9782851209771-001-X.webp?fit=640%2C971&ssl=1","keywords":["Livre Rock","Personnalit\u00e9 Rock"],"articleSection":["Carotte Rock Cultures","Chroniques litt\u00e9raires","Livre Rock"],"inLanguage":"fr-FR","potentialAction":[{"@type":"CommentAction","name":"Comment","target":["https:\/\/culturesco.com\/index.php\/2018\/11\/30\/the-cure-histoire-romancee-de-son-leader-charismatique-robert-smith\/#respond"]}]},{"@type":"WebPage","@id":"https:\/\/culturesco.com\/index.php\/2018\/11\/30\/the-cure-histoire-romancee-de-son-leader-charismatique-robert-smith\/","url":"https:\/\/culturesco.com\/index.php\/2018\/11\/30\/the-cure-histoire-romancee-de-son-leader-charismatique-robert-smith\/","name":"ROBERT SMITH : l'histoire romanc\u00e9e du leader des CURE - Culturesco","isPartOf":{"@id":"https:\/\/culturesco.com\/#website"},"primaryImageOfPage":{"@id":"https:\/\/culturesco.com\/index.php\/2018\/11\/30\/the-cure-histoire-romancee-de-son-leader-charismatique-robert-smith\/#primaryimage"},"image":{"@id":"https:\/\/culturesco.com\/index.php\/2018\/11\/30\/the-cure-histoire-romancee-de-son-leader-charismatique-robert-smith\/#primaryimage"},"thumbnailUrl":"https:\/\/i0.wp.com\/culturesco.com\/wp-content\/uploads\/2018\/11\/9782851209771-001-X.webp?fit=640%2C971&ssl=1","datePublished":"2018-11-30T10:34:12+00:00","dateModified":"2024-08-01T09:34:48+00:00","description":"CulturesCo | ROBERT SMITH - Le roman de J\u00e9r\u00e9my Wulk : Le jeune homme de Crawley raconte l'histoire romanc\u00e9e du leader de THE CURE","breadcrumb":{"@id":"https:\/\/culturesco.com\/index.php\/2018\/11\/30\/the-cure-histoire-romancee-de-son-leader-charismatique-robert-smith\/#breadcrumb"},"inLanguage":"fr-FR","potentialAction":[{"@type":"ReadAction","target":["https:\/\/culturesco.com\/index.php\/2018\/11\/30\/the-cure-histoire-romancee-de-son-leader-charismatique-robert-smith\/"]}]},{"@type":"ImageObject","inLanguage":"fr-FR","@id":"https:\/\/culturesco.com\/index.php\/2018\/11\/30\/the-cure-histoire-romancee-de-son-leader-charismatique-robert-smith\/#primaryimage","url":"https:\/\/i0.wp.com\/culturesco.com\/wp-content\/uploads\/2018\/11\/9782851209771-001-X.webp?fit=640%2C971&ssl=1","contentUrl":"https:\/\/i0.wp.com\/culturesco.com\/wp-content\/uploads\/2018\/11\/9782851209771-001-X.webp?fit=640%2C971&ssl=1","width":640,"height":971,"caption":"le jeune homme de crawley cure"},{"@type":"BreadcrumbList","@id":"https:\/\/culturesco.com\/index.php\/2018\/11\/30\/the-cure-histoire-romancee-de-son-leader-charismatique-robert-smith\/#breadcrumb","itemListElement":[{"@type":"ListItem","position":1,"name":"Accueil","item":"https:\/\/culturesco.com\/"},{"@type":"ListItem","position":2,"name":"ROBERT SMITH : l&#8217;histoire romanc\u00e9e du leader des CURE"}]},{"@type":"WebSite","@id":"https:\/\/culturesco.com\/#website","url":"https:\/\/culturesco.com\/","name":"Culturesco","description":"Culturesco | Un bon coup de pied dans ta Culture","publisher":{"@id":"https:\/\/culturesco.com\/#organization"},"potentialAction":[{"@type":"SearchAction","target":{"@type":"EntryPoint","urlTemplate":"https:\/\/culturesco.com\/?s={search_term_string}"},"query-input":{"@type":"PropertyValueSpecification","valueRequired":true,"valueName":"search_term_string"}}],"inLanguage":"fr-FR"},{"@type":"Organization","@id":"https:\/\/culturesco.com\/#organization","name":"CULTURESCO","url":"https:\/\/culturesco.com\/","logo":{"@type":"ImageObject","inLanguage":"fr-FR","@id":"https:\/\/culturesco.com\/#\/schema\/logo\/image\/","url":"https:\/\/i0.wp.com\/culturesco.com\/wp-content\/uploads\/2022\/04\/culturesco-logo-blanc250p.png?fit=250%2C250&ssl=1","contentUrl":"https:\/\/i0.wp.com\/culturesco.com\/wp-content\/uploads\/2022\/04\/culturesco-logo-blanc250p.png?fit=250%2C250&ssl=1","width":250,"height":250,"caption":"CULTURESCO"},"image":{"@id":"https:\/\/culturesco.com\/#\/schema\/logo\/image\/"},"sameAs":["https:\/\/www.facebook.com\/radioculturesco","https:\/\/x.com\/AugusteMarshal","https:\/\/www.instagram.com\/carotte_rock_culture\/","https:\/\/www.pinterest.fr\/augustemarshal\/","https:\/\/www.youtube.com\/channel\/UCiWLGffqWSXlNnfzp6YwwyQ"]},{"@type":"Person","@id":"https:\/\/culturesco.com\/#\/schema\/person\/c2ddd6724863f3bbd20a8278df0891f3","name":"Patrick Benard","image":{"@type":"ImageObject","inLanguage":"fr-FR","@id":"https:\/\/i0.wp.com\/culturesco.com\/wp-content\/uploads\/2019\/02\/patrick-benard-2.jpg?fit=90%2C96&ssl=1","url":"https:\/\/i0.wp.com\/culturesco.com\/wp-content\/uploads\/2019\/02\/patrick-benard-2.jpg?fit=90%2C96&ssl=1","contentUrl":"https:\/\/i0.wp.com\/culturesco.com\/wp-content\/uploads\/2019\/02\/patrick-benard-2.jpg?fit=90%2C96&ssl=1","caption":"Patrick Benard"},"description":"Ecrivain, chroniqueur, animateur radio, cr\u00e9ateur de la revue \u00ab Cin\u00e9manie \u00bb, autour du cin\u00e9ma dit d\u2019art et d\u2019essai, sp\u00e9cialiste du groupe The Cure, archiviste... 2020 : \"Le Post Rock\" essai sur le post rock de Mogwa\u00ef \u00e0 Godspeed You Black Emperor - Camion Blanc 2014 : \u00ab On the rocks \u2013le rock de 2007 \u00e0 2014 \u00bb chroniques livres et cd rocks, interviews \u2013Editions Vaillant 2010 : \u00ab Dans la T\u00eate de Robert Smith \u00bb, roman fiction autour de l\u2019histoire des Cure et de Robert Smith \u2013 Edilivres 2007 : \u00ab Chroniques Fr\u00e9n\u00e9tiques, une histoire intime du rock \u00bb, roman, prix Technikart. 2001 : \u00ab Les Iles du D\u00e9sert \u00bb, polar autour du rock \u2013 Editions Nykta","url":"https:\/\/culturesco.com\/index.php\/author\/patrick-benard89\/"}]}},"jetpack_featured_media_url":"https:\/\/i0.wp.com\/culturesco.com\/wp-content\/uploads\/2018\/11\/9782851209771-001-X.webp?fit=640%2C971&ssl=1","jetpack_likes_enabled":true,"jetpack_sharing_enabled":true,"jetpack_shortlink":"https:\/\/wp.me\/paz89I-jz","_links":{"self":[{"href":"https:\/\/culturesco.com\/index.php\/wp-json\/wp\/v2\/posts\/1213","targetHints":{"allow":["GET"]}}],"collection":[{"href":"https:\/\/culturesco.com\/index.php\/wp-json\/wp\/v2\/posts"}],"about":[{"href":"https:\/\/culturesco.com\/index.php\/wp-json\/wp\/v2\/types\/post"}],"author":[{"embeddable":true,"href":"https:\/\/culturesco.com\/index.php\/wp-json\/wp\/v2\/users\/4"}],"replies":[{"embeddable":true,"href":"https:\/\/culturesco.com\/index.php\/wp-json\/wp\/v2\/comments?post=1213"}],"version-history":[{"count":0,"href":"https:\/\/culturesco.com\/index.php\/wp-json\/wp\/v2\/posts\/1213\/revisions"}],"wp:featuredmedia":[{"embeddable":true,"href":"https:\/\/culturesco.com\/index.php\/wp-json\/wp\/v2\/media\/22844"}],"wp:attachment":[{"href":"https:\/\/culturesco.com\/index.php\/wp-json\/wp\/v2\/media?parent=1213"}],"wp:term":[{"taxonomy":"category","embeddable":true,"href":"https:\/\/culturesco.com\/index.php\/wp-json\/wp\/v2\/categories?post=1213"},{"taxonomy":"post_tag","embeddable":true,"href":"https:\/\/culturesco.com\/index.php\/wp-json\/wp\/v2\/tags?post=1213"}],"curies":[{"name":"wp","href":"https:\/\/api.w.org\/{rel}","templated":true}]}}