{"id":1184,"date":"2018-11-29T11:10:41","date_gmt":"2018-11-29T10:10:41","guid":{"rendered":"https:\/\/culturesco.com\/?p=1184"},"modified":"2018-12-10T09:29:54","modified_gmt":"2018-12-10T08:29:54","slug":"comment-en-mai-1967-les-beatles-et-jimi-hendris-se-retrouvent-sur-la-meme-platine","status":"publish","type":"post","link":"https:\/\/culturesco.com\/index.php\/2018\/11\/29\/comment-en-mai-1967-les-beatles-et-jimi-hendris-se-retrouvent-sur-la-meme-platine\/","title":{"rendered":"Mai 1967 &#8211; Les Beatles et Jimi Hendrix sur la m\u00eame platine"},"content":{"rendered":"<h2>C&rsquo;est au mois de mai 67 que les Beatles et Jimi Hendrix se retrouv\u00e8rent sur la m\u00eame platine<\/h2>\n<p><img data-recalc-dims=\"1\" loading=\"lazy\" decoding=\"async\" class=\"aligncenter wp-image-1186 size-full\" title=\"Jimi Hendrix The Beatles\" src=\"https:\/\/i0.wp.com\/culturesco.com\/wp-content\/uploads\/2018\/11\/jimi-hendrix-the-beatles.jpg?resize=696%2C364&#038;ssl=1\" alt=\"Jimi Hendrix The Beatles\" width=\"696\" height=\"364\" srcset=\"https:\/\/i0.wp.com\/culturesco.com\/wp-content\/uploads\/2018\/11\/jimi-hendrix-the-beatles.jpg?w=600&amp;ssl=1 600w, https:\/\/i0.wp.com\/culturesco.com\/wp-content\/uploads\/2018\/11\/jimi-hendrix-the-beatles.jpg?resize=300%2C157&amp;ssl=1 300w, https:\/\/i0.wp.com\/culturesco.com\/wp-content\/uploads\/2018\/11\/jimi-hendrix-the-beatles.jpg?resize=768%2C401&amp;ssl=1 768w, https:\/\/i0.wp.com\/culturesco.com\/wp-content\/uploads\/2018\/11\/jimi-hendrix-the-beatles.jpg?resize=696%2C364&amp;ssl=1 696w, https:\/\/i0.wp.com\/culturesco.com\/wp-content\/uploads\/2018\/11\/jimi-hendrix-the-beatles.jpg?resize=1068%2C558&amp;ssl=1 1068w, https:\/\/i0.wp.com\/culturesco.com\/wp-content\/uploads\/2018\/11\/jimi-hendrix-the-beatles.jpg?resize=804%2C420&amp;ssl=1 804w\" sizes=\"auto, (max-width: 696px) 100vw, 696px\" \/><\/p>\n<p style=\"text-align: justify;\"><strong>The Beatles<\/strong> et <strong>Jimi Hendrix<\/strong> : pour terminer une s\u00e9rie de publications, quoi de mieux qu\u2019un bin\u00f4me de \u00ab\u00a0choc\u00a0\u00bb\u00a0? 25\u00e8me et dernier \u00e9pisode de la chronique\u00a0: \u00ab\u00a0Sur la m\u00eame platine\u00a0\u00bb.<\/p>\n<p style=\"text-align: justify;\">Pour l\u2019occasion, des disques de platine! Qu\u2019\u00e9cris-je?! De diamant!!! En dehors du succ\u00e8s public de ces deux Intouchables, un nombre incalculable de musiciens s\u2019en r\u00e9clament, les comparent aux <em>Tables de la Loi<\/em>\u00a0musicales. Parfois, les artistes s\u2019interrogent sur la p\u00e9rennit\u00e9 de leurs \u0153uvres. Une fois l\u2019humanit\u00e9 redevenue poussi\u00e8re, si l\u2019on devait lancer un sondage aupr\u00e8s des extraterrestres \u00e0 propos des deux albums \u00e0 retenir, il y a fort \u00e0 parier qu\u2019\u00a0<strong>Are you experienced<\/strong>\u00a0et\u00a0<strong>Sgt. Pepper\u2019s Lonely Hearts Club Band<\/strong>\u00a0soient d\u00e9sign\u00e9s (on le formalise ce sondage\u00a0?).<\/p>\n<p style=\"text-align: justify;\">The Jimi Hendrix Experience invente tout le heavy rock \u00e0 venir. Si The Beatles n\u2019invente pas le concept album, M. Davis et\/ou J. Coltrane l\u2019aurait pr\u00e9c\u00e9d\u00e9s \u2026 mais dans le jazz, pas dans la pop, assur\u00e9ment, il magnifie le genre, envoyant sur orbite un ensemble de chansons au calibrage millim\u00e9tr\u00e9.<\/p>\n<h3>Jimi Hendrix Experience &#8211; Purple Haze<\/h3>\n<p><iframe loading=\"lazy\" src=\"https:\/\/www.youtube.com\/embed\/h7wIlL6ybFk\" width=\"560\" height=\"315\" frameborder=\"0\" allowfullscreen=\"allowfullscreen\"><\/iframe><\/p>\n<h3>1967 &#8211; Une actualit\u00e9 rock, mais pas seulement<\/h3>\n<p style=\"text-align: justify;\">Dans l\u2019actualit\u00e9 de 1967, des \u00e9v\u00e8nements rivalisent-ils avec nos Immortels? Hugo Pratt invente Corto Maltese: un look de rock star. Ernesto Che Guevara aussi mais il gagne le Nirvana. Co\u00efncidence troublante, alors qu\u2019il \u00ab\u00a0monte\u00a0\u00bb au ciel, il croise Kurt Cobain qui \u00ab\u00a0descend\u00a0\u00bb sur Terre. \u00ab\u00a0La plan\u00e8te des singes\u00a0\u00bb, projet\u00e9e de son livre, se lit d\u00e9sormais sur grand \u00e9cran. Jerry Goldsmith musicalise le film, compositeur de 41 BO entre 1960 et 1969\u00a0: respect. La conqu\u00eate spatiale fait ses premiers morts: USA = 3, URSS =\u00a0? L\u2019enqu\u00eate est toujours ouverte \u2026 \u00ab\u00a0Comme d\u2019habitude\u00a0\u00bb, commente Claude Fran\u00e7ois \u00e0 la radio. La couleur arrive sur les TV fran\u00e7aises. Du coup, Nino ferrer modifie le titre d\u2019une de ses chansons. Elle devient: \u00ab\u00a0Je voudrais \u00eatre marron\u00a0\u00bb. Le Torrey Canyon n\u2019en a cure, il noie les c\u00f4tes bretonnes sous le p\u00e9trole, ou lorsque le granit rose s\u2019assombrit. \u00ab\u00a0Noir c\u2019est noir\u00a0\u00bb, pr\u00e9dit J. Hallyday d\u00e8s 1966. Et puisque nous abordons les singles.<\/p>\n<h3>The Beatles &#8211; Lucy In The Sky With Diamonds (1967)<\/h3>\n<p><iframe loading=\"lazy\" src=\"https:\/\/www.youtube.com\/embed\/121MWiP2Ga0\" width=\"560\" height=\"315\" frameborder=\"0\" allowfullscreen=\"allowfullscreen\"><\/iframe><\/p>\n<h3>Question de pressage&#8230;<\/h3>\n<p style=\"text-align: justify;\">En fonction du pressage, UK ou US, Label Track record ou Reprise records, les titres d\u2019 \u00ab\u00a0Are you experienced\u00a0\u00bb ne sont pas les m\u00eames. Si vous voulez \u00ab\u00a0Hey Joe\u00a0\u00bb et \u00ab\u00a0Purple haze\u00a0\u00bb, il vous faudra choisir le pressage US (celui pr\u00e9sent\u00e9 ci-dessus), si vous pr\u00e9f\u00e9rez \u00ab\u00a0Red house\u00a0\u00bb et \u00ab\u00a0Remember\u00a0\u00bb, optez pour le pressage anglais. Avec \u00ab\u00a0Sgt. Pepper\u2019s\u00a0\u00bb, c\u2019est encore autre chose. Rendez-vous compte, \u00ab\u00a0Penny lane\u00a0\u00bb\u00a0 et \u00ab\u00a0Strawberry fields forever\u00a0\u00bb, sorti la m\u00eame ann\u00e9e sur un unique 45 tours, ne figure pas au menu de l\u2019album. Faut-il qu\u2019il contienne de quoi rivaliser! Dans les usines de pressage, d\u2019autres \u00ab\u00a0incontournables\u00a0\u00bb sont-ils usin\u00e9s? \u00ab\u00a0The piper at the gates of dawn\u00a0\u00bb &#8211; Pink Floyd, \u00ab\u00a0Forever changes\u00a0\u00bb \u2013 Love, \u00ab\u00a0Disraely gears\u00a0\u00bb \u2013 Cream, \u00ab\u00a0The Velvet Underground with Nico\u00a0\u00bb \u2013 The Velvet Underground, \u00ab\u00a0Strange days\u00a0\u00bb \u2013 The Doors, \u00ab\u00a0Between the buttons\u00a0\u00bb \u2013 The Rolling Stones, \u00ab\u00a0The Who sell out\u00a0\u00bb \u2013 The Who, \u00ab\u00a0Safe as milk\u00a0\u00bb \u2013 Captain Beefheart, un autre Hendrix, un autre Beatles\u2026 la liste est trop longue! 1967, l\u2019ann\u00e9e o\u00f9 les musiciens inventent la musique \u00ab\u00a0avenir\u00a0\u00bb.<\/p>\n<p style=\"text-align: justify;\">Le concept de cette chronique consistant \u00e0 mettre en parall\u00e8le deux\u00a0albums sortis la m\u00eame ann\u00e9e\/le m\u00eame mois mais de styles musicaux \u00abopposables\u00bb, de favoriser l&rsquo;\u00e9coute \u00e9clectique, de \u00abs\u2019ouvrir l\u2019horizon\u00bb, jouer ces deux-l\u00e0 \u00abSur la m\u00eame platine\u00bb est-il raisonnable? En 1967, on ne voit pas ce qui peut l\u2019emp\u00eacher. En 2018, on ne voit vraiment pas non plus.<\/p>\n<p>Thierry Dauge &#8211; <strong>CulturesCo<\/strong><\/p>\n","protected":false},"excerpt":{"rendered":"<p>C&rsquo;est au mois de mai 67 que les Beatles et Jimi Hendrix se retrouv\u00e8rent sur la m\u00eame platine The Beatles et Jimi Hendrix : pour terminer une s\u00e9rie de publications, quoi de mieux qu\u2019un bin\u00f4me de \u00ab\u00a0choc\u00a0\u00bb\u00a0? 25\u00e8me et dernier \u00e9pisode de la chronique\u00a0: \u00ab\u00a0Sur la m\u00eame platine\u00a0\u00bb. Pour l\u2019occasion, des disques de platine! Qu\u2019\u00e9cris-je?! [&hellip;]<\/p>\n","protected":false},"author":3,"featured_media":1186,"comment_status":"open","ping_status":"open","sticky":false,"template":"","format":"image","meta":{"jetpack_post_was_ever_published":false,"tdm_status":"","tdm_grid_status":"","_jetpack_newsletter_access":"","_jetpack_dont_email_post_to_subs":false,"_jetpack_newsletter_tier_id":0,"_jetpack_memberships_contains_paywalled_content":false,"_jetpack_memberships_contains_paid_content":false,"footnotes":""},"categories":[30],"tags":[38,48],"class_list":{"0":"post-1184","1":"post","2":"type-post","3":"status-publish","4":"format-image","5":"has-post-thumbnail","7":"category-albums-rock","8":"tag-classic-rock","9":"tag-personnalite-rock","10":"post_format-post-format-image"},"yoast_head":"<!-- This site is optimized with the Yoast SEO plugin v27.5 - https:\/\/yoast.com\/product\/yoast-seo-wordpress\/ -->\n<title>Mai 1967 - Les Beatles et Jimi Hendrix sur la m\u00eame platine - Culturesco<\/title>\n<meta name=\"description\" content=\"CulturesCo | Un bon coup de pied dans ta Culture | Chroniques et histoire du Rock, chanson fran\u00e7aise, litt\u00e9rature, cin\u00e9ma et bande dessin\u00e9e.\" \/>\n<meta name=\"robots\" content=\"index, follow, max-snippet:-1, max-image-preview:large, max-video-preview:-1\" \/>\n<link rel=\"canonical\" href=\"https:\/\/culturesco.com\/index.php\/2018\/11\/29\/comment-en-mai-1967-les-beatles-et-jimi-hendris-se-retrouvent-sur-la-meme-platine\/\" \/>\n<meta property=\"og:locale\" content=\"fr_FR\" \/>\n<meta property=\"og:type\" content=\"article\" \/>\n<meta property=\"og:title\" content=\"Mai 1967 - Les Beatles et Jimi Hendrix sur la m\u00eame platine - Culturesco\" \/>\n<meta property=\"og:description\" content=\"CulturesCo | Un bon coup de pied dans ta Culture | Chroniques et histoire du Rock, chanson fran\u00e7aise, litt\u00e9rature, cin\u00e9ma et bande dessin\u00e9e.\" \/>\n<meta property=\"og:url\" content=\"https:\/\/culturesco.com\/index.php\/2018\/11\/29\/comment-en-mai-1967-les-beatles-et-jimi-hendris-se-retrouvent-sur-la-meme-platine\/\" \/>\n<meta property=\"og:site_name\" content=\"Culturesco\" \/>\n<meta property=\"article:publisher\" content=\"https:\/\/www.facebook.com\/radioculturesco\" \/>\n<meta property=\"article:published_time\" content=\"2018-11-29T10:10:41+00:00\" \/>\n<meta property=\"article:modified_time\" content=\"2018-12-10T08:29:54+00:00\" \/>\n<meta property=\"og:image\" content=\"https:\/\/i0.wp.com\/culturesco.com\/wp-content\/uploads\/2018\/11\/jimi-hendrix-the-beatles.jpg?fit=600%2C314&ssl=1\" \/>\n\t<meta property=\"og:image:width\" content=\"600\" \/>\n\t<meta property=\"og:image:height\" content=\"314\" \/>\n\t<meta property=\"og:image:type\" content=\"image\/jpeg\" \/>\n<meta name=\"author\" content=\"Thierry Dauge\" \/>\n<meta name=\"twitter:card\" content=\"summary_large_image\" \/>\n<meta name=\"twitter:creator\" content=\"@AugusteMarshal\" \/>\n<meta name=\"twitter:site\" content=\"@AugusteMarshal\" \/>\n<meta name=\"twitter:label1\" content=\"\u00c9crit par\" \/>\n\t<meta name=\"twitter:data1\" content=\"Thierry Dauge\" \/>\n\t<meta name=\"twitter:label2\" content=\"Dur\u00e9e de lecture estim\u00e9e\" \/>\n\t<meta name=\"twitter:data2\" content=\"3 minutes\" \/>\n<script type=\"application\/ld+json\" class=\"yoast-schema-graph\">{\"@context\":\"https:\\\/\\\/schema.org\",\"@graph\":[{\"@type\":\"Article\",\"@id\":\"https:\\\/\\\/culturesco.com\\\/index.php\\\/2018\\\/11\\\/29\\\/comment-en-mai-1967-les-beatles-et-jimi-hendris-se-retrouvent-sur-la-meme-platine\\\/#article\",\"isPartOf\":{\"@id\":\"https:\\\/\\\/culturesco.com\\\/index.php\\\/2018\\\/11\\\/29\\\/comment-en-mai-1967-les-beatles-et-jimi-hendris-se-retrouvent-sur-la-meme-platine\\\/\"},\"author\":{\"name\":\"Thierry Dauge\",\"@id\":\"https:\\\/\\\/culturesco.com\\\/#\\\/schema\\\/person\\\/19f04cf232d246197f6e7d62abe6cb0e\"},\"headline\":\"Mai 1967 &#8211; Les Beatles et Jimi Hendrix sur la m\u00eame platine\",\"datePublished\":\"2018-11-29T10:10:41+00:00\",\"dateModified\":\"2018-12-10T08:29:54+00:00\",\"mainEntityOfPage\":{\"@id\":\"https:\\\/\\\/culturesco.com\\\/index.php\\\/2018\\\/11\\\/29\\\/comment-en-mai-1967-les-beatles-et-jimi-hendris-se-retrouvent-sur-la-meme-platine\\\/\"},\"wordCount\":658,\"commentCount\":2,\"publisher\":{\"@id\":\"https:\\\/\\\/culturesco.com\\\/#organization\"},\"image\":{\"@id\":\"https:\\\/\\\/culturesco.com\\\/index.php\\\/2018\\\/11\\\/29\\\/comment-en-mai-1967-les-beatles-et-jimi-hendris-se-retrouvent-sur-la-meme-platine\\\/#primaryimage\"},\"thumbnailUrl\":\"https:\\\/\\\/i0.wp.com\\\/culturesco.com\\\/wp-content\\\/uploads\\\/2018\\\/11\\\/jimi-hendrix-the-beatles.jpg?fit=600%2C314&ssl=1\",\"keywords\":[\"classic rock\",\"Personnalit\u00e9 Rock\"],\"articleSection\":[\"Albums rock\"],\"inLanguage\":\"fr-FR\",\"potentialAction\":[{\"@type\":\"CommentAction\",\"name\":\"Comment\",\"target\":[\"https:\\\/\\\/culturesco.com\\\/index.php\\\/2018\\\/11\\\/29\\\/comment-en-mai-1967-les-beatles-et-jimi-hendris-se-retrouvent-sur-la-meme-platine\\\/#respond\"]}]},{\"@type\":\"WebPage\",\"@id\":\"https:\\\/\\\/culturesco.com\\\/index.php\\\/2018\\\/11\\\/29\\\/comment-en-mai-1967-les-beatles-et-jimi-hendris-se-retrouvent-sur-la-meme-platine\\\/\",\"url\":\"https:\\\/\\\/culturesco.com\\\/index.php\\\/2018\\\/11\\\/29\\\/comment-en-mai-1967-les-beatles-et-jimi-hendris-se-retrouvent-sur-la-meme-platine\\\/\",\"name\":\"Mai 1967 - Les Beatles et Jimi Hendrix sur la m\u00eame platine - Culturesco\",\"isPartOf\":{\"@id\":\"https:\\\/\\\/culturesco.com\\\/#website\"},\"primaryImageOfPage\":{\"@id\":\"https:\\\/\\\/culturesco.com\\\/index.php\\\/2018\\\/11\\\/29\\\/comment-en-mai-1967-les-beatles-et-jimi-hendris-se-retrouvent-sur-la-meme-platine\\\/#primaryimage\"},\"image\":{\"@id\":\"https:\\\/\\\/culturesco.com\\\/index.php\\\/2018\\\/11\\\/29\\\/comment-en-mai-1967-les-beatles-et-jimi-hendris-se-retrouvent-sur-la-meme-platine\\\/#primaryimage\"},\"thumbnailUrl\":\"https:\\\/\\\/i0.wp.com\\\/culturesco.com\\\/wp-content\\\/uploads\\\/2018\\\/11\\\/jimi-hendrix-the-beatles.jpg?fit=600%2C314&ssl=1\",\"datePublished\":\"2018-11-29T10:10:41+00:00\",\"dateModified\":\"2018-12-10T08:29:54+00:00\",\"description\":\"CulturesCo | Un bon coup de pied dans ta Culture | Chroniques et histoire du Rock, chanson fran\u00e7aise, litt\u00e9rature, cin\u00e9ma et bande dessin\u00e9e.\",\"breadcrumb\":{\"@id\":\"https:\\\/\\\/culturesco.com\\\/index.php\\\/2018\\\/11\\\/29\\\/comment-en-mai-1967-les-beatles-et-jimi-hendris-se-retrouvent-sur-la-meme-platine\\\/#breadcrumb\"},\"inLanguage\":\"fr-FR\",\"potentialAction\":[{\"@type\":\"ReadAction\",\"target\":[\"https:\\\/\\\/culturesco.com\\\/index.php\\\/2018\\\/11\\\/29\\\/comment-en-mai-1967-les-beatles-et-jimi-hendris-se-retrouvent-sur-la-meme-platine\\\/\"]}]},{\"@type\":\"ImageObject\",\"inLanguage\":\"fr-FR\",\"@id\":\"https:\\\/\\\/culturesco.com\\\/index.php\\\/2018\\\/11\\\/29\\\/comment-en-mai-1967-les-beatles-et-jimi-hendris-se-retrouvent-sur-la-meme-platine\\\/#primaryimage\",\"url\":\"https:\\\/\\\/i0.wp.com\\\/culturesco.com\\\/wp-content\\\/uploads\\\/2018\\\/11\\\/jimi-hendrix-the-beatles.jpg?fit=600%2C314&ssl=1\",\"contentUrl\":\"https:\\\/\\\/i0.wp.com\\\/culturesco.com\\\/wp-content\\\/uploads\\\/2018\\\/11\\\/jimi-hendrix-the-beatles.jpg?fit=600%2C314&ssl=1\",\"width\":600,\"height\":314,\"caption\":\"Jimi Hendrix The Beatles\"},{\"@type\":\"BreadcrumbList\",\"@id\":\"https:\\\/\\\/culturesco.com\\\/index.php\\\/2018\\\/11\\\/29\\\/comment-en-mai-1967-les-beatles-et-jimi-hendris-se-retrouvent-sur-la-meme-platine\\\/#breadcrumb\",\"itemListElement\":[{\"@type\":\"ListItem\",\"position\":1,\"name\":\"Accueil\",\"item\":\"https:\\\/\\\/culturesco.com\\\/\"},{\"@type\":\"ListItem\",\"position\":2,\"name\":\"Mai 1967 &#8211; Les Beatles et Jimi Hendrix sur la m\u00eame platine\"}]},{\"@type\":\"WebSite\",\"@id\":\"https:\\\/\\\/culturesco.com\\\/#website\",\"url\":\"https:\\\/\\\/culturesco.com\\\/\",\"name\":\"Culturesco\",\"description\":\"Culturesco | Un bon coup de pied dans ta Culture\",\"publisher\":{\"@id\":\"https:\\\/\\\/culturesco.com\\\/#organization\"},\"potentialAction\":[{\"@type\":\"SearchAction\",\"target\":{\"@type\":\"EntryPoint\",\"urlTemplate\":\"https:\\\/\\\/culturesco.com\\\/?s={search_term_string}\"},\"query-input\":{\"@type\":\"PropertyValueSpecification\",\"valueRequired\":true,\"valueName\":\"search_term_string\"}}],\"inLanguage\":\"fr-FR\"},{\"@type\":\"Organization\",\"@id\":\"https:\\\/\\\/culturesco.com\\\/#organization\",\"name\":\"CULTURESCO\",\"url\":\"https:\\\/\\\/culturesco.com\\\/\",\"logo\":{\"@type\":\"ImageObject\",\"inLanguage\":\"fr-FR\",\"@id\":\"https:\\\/\\\/culturesco.com\\\/#\\\/schema\\\/logo\\\/image\\\/\",\"url\":\"https:\\\/\\\/i0.wp.com\\\/culturesco.com\\\/wp-content\\\/uploads\\\/2022\\\/04\\\/culturesco-logo-blanc250p.png?fit=250%2C250&ssl=1\",\"contentUrl\":\"https:\\\/\\\/i0.wp.com\\\/culturesco.com\\\/wp-content\\\/uploads\\\/2022\\\/04\\\/culturesco-logo-blanc250p.png?fit=250%2C250&ssl=1\",\"width\":250,\"height\":250,\"caption\":\"CULTURESCO\"},\"image\":{\"@id\":\"https:\\\/\\\/culturesco.com\\\/#\\\/schema\\\/logo\\\/image\\\/\"},\"sameAs\":[\"https:\\\/\\\/www.facebook.com\\\/radioculturesco\",\"https:\\\/\\\/x.com\\\/AugusteMarshal\",\"https:\\\/\\\/www.instagram.com\\\/carotte_rock_culture\\\/\",\"https:\\\/\\\/www.pinterest.fr\\\/augustemarshal\\\/\",\"https:\\\/\\\/www.youtube.com\\\/channel\\\/UCiWLGffqWSXlNnfzp6YwwyQ\"]},{\"@type\":\"Person\",\"@id\":\"https:\\\/\\\/culturesco.com\\\/#\\\/schema\\\/person\\\/19f04cf232d246197f6e7d62abe6cb0e\",\"name\":\"Thierry Dauge\",\"image\":{\"@type\":\"ImageObject\",\"inLanguage\":\"fr-FR\",\"@id\":\"https:\\\/\\\/i0.wp.com\\\/culturesco.com\\\/wp-content\\\/uploads\\\/2018\\\/12\\\/Black-Beauty-and-me.jpg?fit=96%2C96&ssl=1\",\"url\":\"https:\\\/\\\/i0.wp.com\\\/culturesco.com\\\/wp-content\\\/uploads\\\/2018\\\/12\\\/Black-Beauty-and-me.jpg?fit=96%2C96&ssl=1\",\"contentUrl\":\"https:\\\/\\\/i0.wp.com\\\/culturesco.com\\\/wp-content\\\/uploads\\\/2018\\\/12\\\/Black-Beauty-and-me.jpg?fit=96%2C96&ssl=1\",\"caption\":\"Thierry Dauge\"},\"description\":\"Amoureux des 70\u2019s et du hard rock en particulier, Thierry Dauge est chroniqueur sur Culturesco par amour de l\u2019\u00e9criture musicale. Co-auteur du livre\\\"Pop rock - Les instruments de l'ombre\\\" aux \u00e9ditions du Camion Blanc, collaborateur de Vivi pour \\\"Mes Ann\u00e9es Trust\\\", auteur de \\\"Sparks\\\" aux \u00e9ditions du Layeur, parce que le rock est loin d'\u00eatre mort ...\",\"url\":\"https:\\\/\\\/culturesco.com\\\/index.php\\\/author\\\/thierry-dauge888\\\/\"}]}<\/script>\n<!-- \/ Yoast SEO plugin. -->","yoast_head_json":{"title":"Mai 1967 - Les Beatles et Jimi Hendrix sur la m\u00eame platine - Culturesco","description":"CulturesCo | Un bon coup de pied dans ta Culture | Chroniques et histoire du Rock, chanson fran\u00e7aise, litt\u00e9rature, cin\u00e9ma et bande dessin\u00e9e.","robots":{"index":"index","follow":"follow","max-snippet":"max-snippet:-1","max-image-preview":"max-image-preview:large","max-video-preview":"max-video-preview:-1"},"canonical":"https:\/\/culturesco.com\/index.php\/2018\/11\/29\/comment-en-mai-1967-les-beatles-et-jimi-hendris-se-retrouvent-sur-la-meme-platine\/","og_locale":"fr_FR","og_type":"article","og_title":"Mai 1967 - Les Beatles et Jimi Hendrix sur la m\u00eame platine - Culturesco","og_description":"CulturesCo | Un bon coup de pied dans ta Culture | Chroniques et histoire du Rock, chanson fran\u00e7aise, litt\u00e9rature, cin\u00e9ma et bande dessin\u00e9e.","og_url":"https:\/\/culturesco.com\/index.php\/2018\/11\/29\/comment-en-mai-1967-les-beatles-et-jimi-hendris-se-retrouvent-sur-la-meme-platine\/","og_site_name":"Culturesco","article_publisher":"https:\/\/www.facebook.com\/radioculturesco","article_published_time":"2018-11-29T10:10:41+00:00","article_modified_time":"2018-12-10T08:29:54+00:00","og_image":[{"width":600,"height":314,"url":"https:\/\/i0.wp.com\/culturesco.com\/wp-content\/uploads\/2018\/11\/jimi-hendrix-the-beatles.jpg?fit=600%2C314&ssl=1","type":"image\/jpeg"}],"author":"Thierry Dauge","twitter_card":"summary_large_image","twitter_creator":"@AugusteMarshal","twitter_site":"@AugusteMarshal","twitter_misc":{"\u00c9crit par":"Thierry Dauge","Dur\u00e9e de lecture estim\u00e9e":"3 minutes"},"schema":{"@context":"https:\/\/schema.org","@graph":[{"@type":"Article","@id":"https:\/\/culturesco.com\/index.php\/2018\/11\/29\/comment-en-mai-1967-les-beatles-et-jimi-hendris-se-retrouvent-sur-la-meme-platine\/#article","isPartOf":{"@id":"https:\/\/culturesco.com\/index.php\/2018\/11\/29\/comment-en-mai-1967-les-beatles-et-jimi-hendris-se-retrouvent-sur-la-meme-platine\/"},"author":{"name":"Thierry Dauge","@id":"https:\/\/culturesco.com\/#\/schema\/person\/19f04cf232d246197f6e7d62abe6cb0e"},"headline":"Mai 1967 &#8211; Les Beatles et Jimi Hendrix sur la m\u00eame platine","datePublished":"2018-11-29T10:10:41+00:00","dateModified":"2018-12-10T08:29:54+00:00","mainEntityOfPage":{"@id":"https:\/\/culturesco.com\/index.php\/2018\/11\/29\/comment-en-mai-1967-les-beatles-et-jimi-hendris-se-retrouvent-sur-la-meme-platine\/"},"wordCount":658,"commentCount":2,"publisher":{"@id":"https:\/\/culturesco.com\/#organization"},"image":{"@id":"https:\/\/culturesco.com\/index.php\/2018\/11\/29\/comment-en-mai-1967-les-beatles-et-jimi-hendris-se-retrouvent-sur-la-meme-platine\/#primaryimage"},"thumbnailUrl":"https:\/\/i0.wp.com\/culturesco.com\/wp-content\/uploads\/2018\/11\/jimi-hendrix-the-beatles.jpg?fit=600%2C314&ssl=1","keywords":["classic rock","Personnalit\u00e9 Rock"],"articleSection":["Albums rock"],"inLanguage":"fr-FR","potentialAction":[{"@type":"CommentAction","name":"Comment","target":["https:\/\/culturesco.com\/index.php\/2018\/11\/29\/comment-en-mai-1967-les-beatles-et-jimi-hendris-se-retrouvent-sur-la-meme-platine\/#respond"]}]},{"@type":"WebPage","@id":"https:\/\/culturesco.com\/index.php\/2018\/11\/29\/comment-en-mai-1967-les-beatles-et-jimi-hendris-se-retrouvent-sur-la-meme-platine\/","url":"https:\/\/culturesco.com\/index.php\/2018\/11\/29\/comment-en-mai-1967-les-beatles-et-jimi-hendris-se-retrouvent-sur-la-meme-platine\/","name":"Mai 1967 - Les Beatles et Jimi Hendrix sur la m\u00eame platine - Culturesco","isPartOf":{"@id":"https:\/\/culturesco.com\/#website"},"primaryImageOfPage":{"@id":"https:\/\/culturesco.com\/index.php\/2018\/11\/29\/comment-en-mai-1967-les-beatles-et-jimi-hendris-se-retrouvent-sur-la-meme-platine\/#primaryimage"},"image":{"@id":"https:\/\/culturesco.com\/index.php\/2018\/11\/29\/comment-en-mai-1967-les-beatles-et-jimi-hendris-se-retrouvent-sur-la-meme-platine\/#primaryimage"},"thumbnailUrl":"https:\/\/i0.wp.com\/culturesco.com\/wp-content\/uploads\/2018\/11\/jimi-hendrix-the-beatles.jpg?fit=600%2C314&ssl=1","datePublished":"2018-11-29T10:10:41+00:00","dateModified":"2018-12-10T08:29:54+00:00","description":"CulturesCo | Un bon coup de pied dans ta Culture | Chroniques et histoire du Rock, chanson fran\u00e7aise, litt\u00e9rature, cin\u00e9ma et bande dessin\u00e9e.","breadcrumb":{"@id":"https:\/\/culturesco.com\/index.php\/2018\/11\/29\/comment-en-mai-1967-les-beatles-et-jimi-hendris-se-retrouvent-sur-la-meme-platine\/#breadcrumb"},"inLanguage":"fr-FR","potentialAction":[{"@type":"ReadAction","target":["https:\/\/culturesco.com\/index.php\/2018\/11\/29\/comment-en-mai-1967-les-beatles-et-jimi-hendris-se-retrouvent-sur-la-meme-platine\/"]}]},{"@type":"ImageObject","inLanguage":"fr-FR","@id":"https:\/\/culturesco.com\/index.php\/2018\/11\/29\/comment-en-mai-1967-les-beatles-et-jimi-hendris-se-retrouvent-sur-la-meme-platine\/#primaryimage","url":"https:\/\/i0.wp.com\/culturesco.com\/wp-content\/uploads\/2018\/11\/jimi-hendrix-the-beatles.jpg?fit=600%2C314&ssl=1","contentUrl":"https:\/\/i0.wp.com\/culturesco.com\/wp-content\/uploads\/2018\/11\/jimi-hendrix-the-beatles.jpg?fit=600%2C314&ssl=1","width":600,"height":314,"caption":"Jimi Hendrix The Beatles"},{"@type":"BreadcrumbList","@id":"https:\/\/culturesco.com\/index.php\/2018\/11\/29\/comment-en-mai-1967-les-beatles-et-jimi-hendris-se-retrouvent-sur-la-meme-platine\/#breadcrumb","itemListElement":[{"@type":"ListItem","position":1,"name":"Accueil","item":"https:\/\/culturesco.com\/"},{"@type":"ListItem","position":2,"name":"Mai 1967 &#8211; Les Beatles et Jimi Hendrix sur la m\u00eame platine"}]},{"@type":"WebSite","@id":"https:\/\/culturesco.com\/#website","url":"https:\/\/culturesco.com\/","name":"Culturesco","description":"Culturesco | Un bon coup de pied dans ta Culture","publisher":{"@id":"https:\/\/culturesco.com\/#organization"},"potentialAction":[{"@type":"SearchAction","target":{"@type":"EntryPoint","urlTemplate":"https:\/\/culturesco.com\/?s={search_term_string}"},"query-input":{"@type":"PropertyValueSpecification","valueRequired":true,"valueName":"search_term_string"}}],"inLanguage":"fr-FR"},{"@type":"Organization","@id":"https:\/\/culturesco.com\/#organization","name":"CULTURESCO","url":"https:\/\/culturesco.com\/","logo":{"@type":"ImageObject","inLanguage":"fr-FR","@id":"https:\/\/culturesco.com\/#\/schema\/logo\/image\/","url":"https:\/\/i0.wp.com\/culturesco.com\/wp-content\/uploads\/2022\/04\/culturesco-logo-blanc250p.png?fit=250%2C250&ssl=1","contentUrl":"https:\/\/i0.wp.com\/culturesco.com\/wp-content\/uploads\/2022\/04\/culturesco-logo-blanc250p.png?fit=250%2C250&ssl=1","width":250,"height":250,"caption":"CULTURESCO"},"image":{"@id":"https:\/\/culturesco.com\/#\/schema\/logo\/image\/"},"sameAs":["https:\/\/www.facebook.com\/radioculturesco","https:\/\/x.com\/AugusteMarshal","https:\/\/www.instagram.com\/carotte_rock_culture\/","https:\/\/www.pinterest.fr\/augustemarshal\/","https:\/\/www.youtube.com\/channel\/UCiWLGffqWSXlNnfzp6YwwyQ"]},{"@type":"Person","@id":"https:\/\/culturesco.com\/#\/schema\/person\/19f04cf232d246197f6e7d62abe6cb0e","name":"Thierry Dauge","image":{"@type":"ImageObject","inLanguage":"fr-FR","@id":"https:\/\/i0.wp.com\/culturesco.com\/wp-content\/uploads\/2018\/12\/Black-Beauty-and-me.jpg?fit=96%2C96&ssl=1","url":"https:\/\/i0.wp.com\/culturesco.com\/wp-content\/uploads\/2018\/12\/Black-Beauty-and-me.jpg?fit=96%2C96&ssl=1","contentUrl":"https:\/\/i0.wp.com\/culturesco.com\/wp-content\/uploads\/2018\/12\/Black-Beauty-and-me.jpg?fit=96%2C96&ssl=1","caption":"Thierry Dauge"},"description":"Amoureux des 70\u2019s et du hard rock en particulier, Thierry Dauge est chroniqueur sur Culturesco par amour de l\u2019\u00e9criture musicale. Co-auteur du livre\"Pop rock - Les instruments de l'ombre\" aux \u00e9ditions du Camion Blanc, collaborateur de Vivi pour \"Mes Ann\u00e9es Trust\", auteur de \"Sparks\" aux \u00e9ditions du Layeur, parce que le rock est loin d'\u00eatre mort ...","url":"https:\/\/culturesco.com\/index.php\/author\/thierry-dauge888\/"}]}},"jetpack_featured_media_url":"https:\/\/i0.wp.com\/culturesco.com\/wp-content\/uploads\/2018\/11\/jimi-hendrix-the-beatles.jpg?fit=600%2C314&ssl=1","jetpack_likes_enabled":true,"jetpack_sharing_enabled":true,"jetpack_shortlink":"https:\/\/wp.me\/paz89I-j6","_links":{"self":[{"href":"https:\/\/culturesco.com\/index.php\/wp-json\/wp\/v2\/posts\/1184","targetHints":{"allow":["GET"]}}],"collection":[{"href":"https:\/\/culturesco.com\/index.php\/wp-json\/wp\/v2\/posts"}],"about":[{"href":"https:\/\/culturesco.com\/index.php\/wp-json\/wp\/v2\/types\/post"}],"author":[{"embeddable":true,"href":"https:\/\/culturesco.com\/index.php\/wp-json\/wp\/v2\/users\/3"}],"replies":[{"embeddable":true,"href":"https:\/\/culturesco.com\/index.php\/wp-json\/wp\/v2\/comments?post=1184"}],"version-history":[{"count":0,"href":"https:\/\/culturesco.com\/index.php\/wp-json\/wp\/v2\/posts\/1184\/revisions"}],"wp:featuredmedia":[{"embeddable":true,"href":"https:\/\/culturesco.com\/index.php\/wp-json\/wp\/v2\/media\/1186"}],"wp:attachment":[{"href":"https:\/\/culturesco.com\/index.php\/wp-json\/wp\/v2\/media?parent=1184"}],"wp:term":[{"taxonomy":"category","embeddable":true,"href":"https:\/\/culturesco.com\/index.php\/wp-json\/wp\/v2\/categories?post=1184"},{"taxonomy":"post_tag","embeddable":true,"href":"https:\/\/culturesco.com\/index.php\/wp-json\/wp\/v2\/tags?post=1184"}],"curies":[{"name":"wp","href":"https:\/\/api.w.org\/{rel}","templated":true}]}}