{"id":11664,"date":"2020-06-19T21:59:27","date_gmt":"2020-06-19T19:59:27","guid":{"rendered":"https:\/\/culturesco.com\/?p=11664"},"modified":"2020-06-19T21:59:27","modified_gmt":"2020-06-19T19:59:27","slug":"la-ligne-parallele-le-premier-livre-de-stephan-le-varan-autobiographie-entre-sexe-drogue-et-mafia","status":"publish","type":"post","link":"https:\/\/culturesco.com\/index.php\/2020\/06\/19\/la-ligne-parallele-le-premier-livre-de-stephan-le-varan-autobiographie-entre-sexe-drogue-et-mafia\/","title":{"rendered":"La ligne parall\u00e8le  : Le premier livre de Stephan Le Varan."},"content":{"rendered":"<h2>Itin\u00e9raire d&rsquo;un baroudeur de la vie &#8230;<\/h2>\n<p style=\"text-align: justify;\">Si vous aimez les aventures et les films d&rsquo;action m\u00ealant le sexe, la drogue, les mafieux mais aussi les \u00eeles paradisiaques, voil\u00e0 le livre qu&rsquo;il vous faut. Mais attention, ce que vous vous appr\u00eatez \u00e0 lire est r\u00e9el. Ce livre r\u00e9sume deux ans de la vie de ce<a href=\"https:\/\/culturesco.com\/index.php\/2020\/03\/02\/philippe-daniere-pressing-auto-biographie-de-l-ex-batteur-de-starshooter-une-vie-de-punk\/\" target=\"_blank\" rel=\"noopener noreferrer\"> baroudeur de la vie<\/a>.<\/p>\n<p style=\"text-align: justify;\">D\u00e8s les premi\u00e8res pages, vous plongez la t\u00eate la premi\u00e8re dans un autre monde, une sorte de monde parall\u00e8le que vous prenez en pleine gueule et que tr\u00e8s peu doivent conna\u00eetre finalement. Une v\u00e9ritable vie de pirate moderne, comme le dit son auteur, il n&rsquo;y a aucun doute l\u00e0-dessus&#8230;<\/p>\n<figure id=\"attachment_11666\" aria-describedby=\"caption-attachment-11666\" style=\"width: 305px\" class=\"wp-caption aligncenter\"><a href=\"https:\/\/amzn.to\/3fFy7sb\" target=\"_blank\" rel=\"noopener noreferrer\"><img data-recalc-dims=\"1\" loading=\"lazy\" decoding=\"async\" class=\"wp-image-11666 size-full\" src=\"https:\/\/i0.wp.com\/culturesco.com\/wp-content\/uploads\/2020\/06\/la-ligne-parallele-stefan-le-varan-livre-e1592595946995.jpg?resize=305%2C450&#038;ssl=1\" alt=\"la ligne parallele stefan le varan\" width=\"305\" height=\"450\" \/><\/a><figcaption id=\"caption-attachment-11666\" class=\"wp-caption-text\">La ligne parall\u00e8le, un livre de Stefan Le Varan<\/figcaption><\/figure>\n<p style=\"text-align: justify;\"><strong>\u00abLa ligne parall\u00e8le\u00bb<\/strong> c&rsquo;est deux ans de ma vie, deux ann\u00e9es d&rsquo;une vie enti\u00e8re parall\u00e8le \u00e0 une vie que vous pourriez appeler \u00ab normale \u00bb. C\u2019est deux ans de voyages et de libert\u00e9 achet\u00e9s \u00e0 coup de deal et de dope, du triangle d\u2019Or au Venezuela, d\u2019ouverture de Night-club au Belize, entre putes et rasta du ghetto. Mais aussi de rencontres, au Salvador, sous les tirs des kalachnikov Sandinistes et de paysages sublimes dans les \u00eeles des cara\u00efbes. \u00ab La ligne parall\u00e8le \u00bb c\u2019est ma vie, une authentique vie de pirate, naviguant toujours \u00e0 deux cents \u00e0 l\u2019heure, refusant la routine et l\u2019ennui&#8230;<\/p>\n<h3>\u00ab La ligne parall\u00e8le \u00bb c&rsquo;est le premier livre de Stephan Le Varan.<\/h3>\n<p style=\"text-align: justify;\">Stefhan, grandit dans les Alpes, passionn\u00e9 de sport extr\u00eames, accro \u00e0 l&rsquo;adr\u00e9naline, il tombe dans les drogues lorsque sa famille, en pleine \u00e9poque hippie est mut\u00e9e a Paris.<\/p>\n<p style=\"text-align: justify;\">Commence alors les voyages vers l&rsquo;Orient, les festivals rock, la mis\u00e8re de la came et les casses qui l&rsquo;enverront \u00e0 Fleury-M\u00e9rogis \u00e0 18 ans. Une fois dehors et refusant toujours la discipline et les ordres, il monte ses propres \u00ab\u00a0Bizness\u00a0\u00bb, Restos et Night-Clubs&#8230; sur la C\u00f4te Atlantique et dans les Alpes, jusqu&rsquo;en Am\u00e9rique centrale.<\/p>\n<p style=\"text-align: justify;\">Dans les ann\u00e9es 90, il passera sept ans dans le Showbiz c\u00f4toyant les plus grandes stars du rock, avant de s&rsquo;\u00e9chapper de France, direction les Cara\u00efbes, avec, en bonus, les flics aux fesses. Il devient P\u00eacheur avec les rastas du coin, puis restaurateur et restera de nouveau sept ans dans cette situation, avant de s&rsquo;installer en Inde o\u00f9 il vit depuis 18 ans maintenant.<\/p>\n<p style=\"text-align: justify;\">Entre m\u00e9ditations et Ashrams o\u00f9 il rencontre quelques grands sages il s&rsquo;installera \u00e0 Goa en Inde. Lieu o\u00f9 il partage actuellement son temps entre plage, voyages en moto et trans-music parties.<\/p>\n<p style=\"text-align: justify;\">Pirate de la vie, il a choisi d&rsquo;avoir une vie libre de toute contrainte impos\u00e9e par nos soci\u00e9t\u00e9s, il veut juste vivre ses r\u00eaves a fond !! Voila sa devise.<\/p>\n<p style=\"text-align: justify;\"><a href=\"https:\/\/amzn.to\/3fFy7sb\" target=\"_blank\" rel=\"noopener noreferrer\">Le livre est disponible en Fran\u00e7ais et en Anglais.<\/a><\/p>\n<p style=\"text-align: center;\"><iframe style=\"width: 120px; height: 240px;\" src=\"\/\/ws-eu.amazon-adsystem.com\/widgets\/q?ServiceVersion=20070822&amp;OneJS=1&amp;Operation=GetAdHtml&amp;MarketPlace=FR&amp;source=ss&amp;ref=as_ss_li_til&amp;ad_type=product_link&amp;tracking_id=auguste00-21&amp;language=fr_FR&amp;marketplace=amazon&amp;region=FR&amp;placement=2900096073&amp;asins=2900096073&amp;linkId=c2235d2b219a85ae085c849e92d56067&amp;show_border=true&amp;link_opens_in_new_window=true\" frameborder=\"0\" marginwidth=\"0\" marginheight=\"0\" scrolling=\"no\"><\/iframe><\/p>\n<p>Hunter C. Thomson<\/p>\n","protected":false},"excerpt":{"rendered":"<p>Itin\u00e9raire d&rsquo;un baroudeur de la vie &#8230; Si vous aimez les aventures et les films d&rsquo;action m\u00ealant le sexe, la drogue, les mafieux mais aussi les \u00eeles paradisiaques, voil\u00e0 le livre qu&rsquo;il vous faut. Mais attention, ce que vous vous appr\u00eatez \u00e0 lire est r\u00e9el. Ce livre r\u00e9sume deux ans de la vie de ce [&hellip;]<\/p>\n","protected":false},"author":10,"featured_media":11667,"comment_status":"open","ping_status":"open","sticky":false,"template":"","format":"image","meta":{"jetpack_post_was_ever_published":false,"tdm_status":"","tdm_grid_status":"","_jetpack_newsletter_access":"","_jetpack_dont_email_post_to_subs":false,"_jetpack_newsletter_tier_id":0,"_jetpack_memberships_contains_paywalled_content":false,"_jetpack_memberships_contains_paid_content":false,"footnotes":""},"categories":[23,27,66],"tags":[42,20],"class_list":{"0":"post-11664","1":"post","2":"type-post","3":"status-publish","4":"format-image","5":"has-post-thumbnail","7":"category-chroniques-litteraires","8":"category-litterature","9":"category-livre-rock","10":"tag-litterature","11":"tag-livre-rock","12":"post_format-post-format-image"},"yoast_head":"<!-- This site is optimized with the Yoast SEO plugin v27.5 - https:\/\/yoast.com\/product\/yoast-seo-wordpress\/ -->\n<title>La ligne parall\u00e8le : Le premier livre de Stephan Le Varan. - Culturesco<\/title>\n<meta name=\"description\" content=\"CulturesCo | La Ligne Parall\u00e8le, le 1er livre de Stephan Le Varan. L&#039;histoire authentique d&#039;un baroudeur de la vie : sexe, drogue et mafia\" \/>\n<meta name=\"robots\" content=\"index, follow, max-snippet:-1, max-image-preview:large, max-video-preview:-1\" \/>\n<link rel=\"canonical\" href=\"https:\/\/culturesco.com\/index.php\/2020\/06\/19\/la-ligne-parallele-le-premier-livre-de-stephan-le-varan-autobiographie-entre-sexe-drogue-et-mafia\/\" \/>\n<meta property=\"og:locale\" content=\"fr_FR\" \/>\n<meta property=\"og:type\" content=\"article\" \/>\n<meta property=\"og:title\" content=\"La ligne parall\u00e8le : Le premier livre de Stephan Le Varan. - Culturesco\" \/>\n<meta property=\"og:description\" content=\"CulturesCo | La Ligne Parall\u00e8le, le 1er livre de Stephan Le Varan. L&#039;histoire authentique d&#039;un baroudeur de la vie : sexe, drogue et mafia\" \/>\n<meta property=\"og:url\" content=\"https:\/\/culturesco.com\/index.php\/2020\/06\/19\/la-ligne-parallele-le-premier-livre-de-stephan-le-varan-autobiographie-entre-sexe-drogue-et-mafia\/\" \/>\n<meta property=\"og:site_name\" content=\"Culturesco\" \/>\n<meta property=\"article:publisher\" content=\"https:\/\/www.facebook.com\/radioculturesco\" \/>\n<meta property=\"article:published_time\" content=\"2020-06-19T19:59:27+00:00\" \/>\n<meta property=\"og:image\" content=\"https:\/\/i0.wp.com\/culturesco.com\/wp-content\/uploads\/2020\/06\/la-ligne-parallele-stefan-le-varan.jpg?fit=600%2C314&ssl=1\" \/>\n\t<meta property=\"og:image:width\" content=\"600\" \/>\n\t<meta property=\"og:image:height\" content=\"314\" \/>\n\t<meta property=\"og:image:type\" content=\"image\/jpeg\" \/>\n<meta name=\"author\" content=\"Hunter C. Thomson\" \/>\n<meta name=\"twitter:card\" content=\"summary_large_image\" \/>\n<meta name=\"twitter:creator\" content=\"@AugusteMarshal\" \/>\n<meta name=\"twitter:site\" content=\"@AugusteMarshal\" \/>\n<meta name=\"twitter:label1\" content=\"\u00c9crit par\" \/>\n\t<meta name=\"twitter:data1\" content=\"Hunter C. Thomson\" \/>\n\t<meta name=\"twitter:label2\" content=\"Dur\u00e9e de lecture estim\u00e9e\" \/>\n\t<meta name=\"twitter:data2\" content=\"2 minutes\" \/>\n<script type=\"application\/ld+json\" class=\"yoast-schema-graph\">{\"@context\":\"https:\\\/\\\/schema.org\",\"@graph\":[{\"@type\":\"Article\",\"@id\":\"https:\\\/\\\/culturesco.com\\\/index.php\\\/2020\\\/06\\\/19\\\/la-ligne-parallele-le-premier-livre-de-stephan-le-varan-autobiographie-entre-sexe-drogue-et-mafia\\\/#article\",\"isPartOf\":{\"@id\":\"https:\\\/\\\/culturesco.com\\\/index.php\\\/2020\\\/06\\\/19\\\/la-ligne-parallele-le-premier-livre-de-stephan-le-varan-autobiographie-entre-sexe-drogue-et-mafia\\\/\"},\"author\":{\"name\":\"Hunter C. Thomson\",\"@id\":\"https:\\\/\\\/culturesco.com\\\/#\\\/schema\\\/person\\\/1b49f7c2f2664c6bff5fe5c932865d10\"},\"headline\":\"La ligne parall\u00e8le : Le premier livre de Stephan Le Varan.\",\"datePublished\":\"2020-06-19T19:59:27+00:00\",\"mainEntityOfPage\":{\"@id\":\"https:\\\/\\\/culturesco.com\\\/index.php\\\/2020\\\/06\\\/19\\\/la-ligne-parallele-le-premier-livre-de-stephan-le-varan-autobiographie-entre-sexe-drogue-et-mafia\\\/\"},\"wordCount\":511,\"commentCount\":0,\"publisher\":{\"@id\":\"https:\\\/\\\/culturesco.com\\\/#organization\"},\"image\":{\"@id\":\"https:\\\/\\\/culturesco.com\\\/index.php\\\/2020\\\/06\\\/19\\\/la-ligne-parallele-le-premier-livre-de-stephan-le-varan-autobiographie-entre-sexe-drogue-et-mafia\\\/#primaryimage\"},\"thumbnailUrl\":\"https:\\\/\\\/i0.wp.com\\\/culturesco.com\\\/wp-content\\\/uploads\\\/2020\\\/06\\\/la-ligne-parallele-stefan-le-varan.jpg?fit=600%2C314&ssl=1\",\"keywords\":[\"litt\u00e9rature\",\"Livre Rock\"],\"articleSection\":[\"Chroniques litt\u00e9raires\",\"Litt\u00e9rature\",\"Livre Rock\"],\"inLanguage\":\"fr-FR\",\"potentialAction\":[{\"@type\":\"CommentAction\",\"name\":\"Comment\",\"target\":[\"https:\\\/\\\/culturesco.com\\\/index.php\\\/2020\\\/06\\\/19\\\/la-ligne-parallele-le-premier-livre-de-stephan-le-varan-autobiographie-entre-sexe-drogue-et-mafia\\\/#respond\"]}]},{\"@type\":\"WebPage\",\"@id\":\"https:\\\/\\\/culturesco.com\\\/index.php\\\/2020\\\/06\\\/19\\\/la-ligne-parallele-le-premier-livre-de-stephan-le-varan-autobiographie-entre-sexe-drogue-et-mafia\\\/\",\"url\":\"https:\\\/\\\/culturesco.com\\\/index.php\\\/2020\\\/06\\\/19\\\/la-ligne-parallele-le-premier-livre-de-stephan-le-varan-autobiographie-entre-sexe-drogue-et-mafia\\\/\",\"name\":\"La ligne parall\u00e8le : Le premier livre de Stephan Le Varan. - Culturesco\",\"isPartOf\":{\"@id\":\"https:\\\/\\\/culturesco.com\\\/#website\"},\"primaryImageOfPage\":{\"@id\":\"https:\\\/\\\/culturesco.com\\\/index.php\\\/2020\\\/06\\\/19\\\/la-ligne-parallele-le-premier-livre-de-stephan-le-varan-autobiographie-entre-sexe-drogue-et-mafia\\\/#primaryimage\"},\"image\":{\"@id\":\"https:\\\/\\\/culturesco.com\\\/index.php\\\/2020\\\/06\\\/19\\\/la-ligne-parallele-le-premier-livre-de-stephan-le-varan-autobiographie-entre-sexe-drogue-et-mafia\\\/#primaryimage\"},\"thumbnailUrl\":\"https:\\\/\\\/i0.wp.com\\\/culturesco.com\\\/wp-content\\\/uploads\\\/2020\\\/06\\\/la-ligne-parallele-stefan-le-varan.jpg?fit=600%2C314&ssl=1\",\"datePublished\":\"2020-06-19T19:59:27+00:00\",\"description\":\"CulturesCo | La Ligne Parall\u00e8le, le 1er livre de Stephan Le Varan. L'histoire authentique d'un baroudeur de la vie : sexe, drogue et mafia\",\"breadcrumb\":{\"@id\":\"https:\\\/\\\/culturesco.com\\\/index.php\\\/2020\\\/06\\\/19\\\/la-ligne-parallele-le-premier-livre-de-stephan-le-varan-autobiographie-entre-sexe-drogue-et-mafia\\\/#breadcrumb\"},\"inLanguage\":\"fr-FR\",\"potentialAction\":[{\"@type\":\"ReadAction\",\"target\":[\"https:\\\/\\\/culturesco.com\\\/index.php\\\/2020\\\/06\\\/19\\\/la-ligne-parallele-le-premier-livre-de-stephan-le-varan-autobiographie-entre-sexe-drogue-et-mafia\\\/\"]}]},{\"@type\":\"ImageObject\",\"inLanguage\":\"fr-FR\",\"@id\":\"https:\\\/\\\/culturesco.com\\\/index.php\\\/2020\\\/06\\\/19\\\/la-ligne-parallele-le-premier-livre-de-stephan-le-varan-autobiographie-entre-sexe-drogue-et-mafia\\\/#primaryimage\",\"url\":\"https:\\\/\\\/i0.wp.com\\\/culturesco.com\\\/wp-content\\\/uploads\\\/2020\\\/06\\\/la-ligne-parallele-stefan-le-varan.jpg?fit=600%2C314&ssl=1\",\"contentUrl\":\"https:\\\/\\\/i0.wp.com\\\/culturesco.com\\\/wp-content\\\/uploads\\\/2020\\\/06\\\/la-ligne-parallele-stefan-le-varan.jpg?fit=600%2C314&ssl=1\",\"width\":600,\"height\":314},{\"@type\":\"BreadcrumbList\",\"@id\":\"https:\\\/\\\/culturesco.com\\\/index.php\\\/2020\\\/06\\\/19\\\/la-ligne-parallele-le-premier-livre-de-stephan-le-varan-autobiographie-entre-sexe-drogue-et-mafia\\\/#breadcrumb\",\"itemListElement\":[{\"@type\":\"ListItem\",\"position\":1,\"name\":\"Accueil\",\"item\":\"https:\\\/\\\/culturesco.com\\\/\"},{\"@type\":\"ListItem\",\"position\":2,\"name\":\"La ligne parall\u00e8le : Le premier livre de Stephan Le Varan.\"}]},{\"@type\":\"WebSite\",\"@id\":\"https:\\\/\\\/culturesco.com\\\/#website\",\"url\":\"https:\\\/\\\/culturesco.com\\\/\",\"name\":\"Culturesco\",\"description\":\"Culturesco | Un bon coup de pied dans ta Culture\",\"publisher\":{\"@id\":\"https:\\\/\\\/culturesco.com\\\/#organization\"},\"potentialAction\":[{\"@type\":\"SearchAction\",\"target\":{\"@type\":\"EntryPoint\",\"urlTemplate\":\"https:\\\/\\\/culturesco.com\\\/?s={search_term_string}\"},\"query-input\":{\"@type\":\"PropertyValueSpecification\",\"valueRequired\":true,\"valueName\":\"search_term_string\"}}],\"inLanguage\":\"fr-FR\"},{\"@type\":\"Organization\",\"@id\":\"https:\\\/\\\/culturesco.com\\\/#organization\",\"name\":\"CULTURESCO\",\"url\":\"https:\\\/\\\/culturesco.com\\\/\",\"logo\":{\"@type\":\"ImageObject\",\"inLanguage\":\"fr-FR\",\"@id\":\"https:\\\/\\\/culturesco.com\\\/#\\\/schema\\\/logo\\\/image\\\/\",\"url\":\"https:\\\/\\\/i0.wp.com\\\/culturesco.com\\\/wp-content\\\/uploads\\\/2022\\\/04\\\/culturesco-logo-blanc250p.png?fit=250%2C250&ssl=1\",\"contentUrl\":\"https:\\\/\\\/i0.wp.com\\\/culturesco.com\\\/wp-content\\\/uploads\\\/2022\\\/04\\\/culturesco-logo-blanc250p.png?fit=250%2C250&ssl=1\",\"width\":250,\"height\":250,\"caption\":\"CULTURESCO\"},\"image\":{\"@id\":\"https:\\\/\\\/culturesco.com\\\/#\\\/schema\\\/logo\\\/image\\\/\"},\"sameAs\":[\"https:\\\/\\\/www.facebook.com\\\/radioculturesco\",\"https:\\\/\\\/x.com\\\/AugusteMarshal\",\"https:\\\/\\\/www.instagram.com\\\/carotte_rock_culture\\\/\",\"https:\\\/\\\/www.pinterest.fr\\\/augustemarshal\\\/\",\"https:\\\/\\\/www.youtube.com\\\/channel\\\/UCiWLGffqWSXlNnfzp6YwwyQ\"]},{\"@type\":\"Person\",\"@id\":\"https:\\\/\\\/culturesco.com\\\/#\\\/schema\\\/person\\\/1b49f7c2f2664c6bff5fe5c932865d10\",\"name\":\"Hunter C. Thomson\",\"image\":{\"@type\":\"ImageObject\",\"inLanguage\":\"fr-FR\",\"@id\":\"https:\\\/\\\/i0.wp.com\\\/culturesco.com\\\/wp-content\\\/uploads\\\/2019\\\/04\\\/LOGO-HUNTER-e1555513900164.jpg?fit=89%2C96&ssl=1\",\"url\":\"https:\\\/\\\/i0.wp.com\\\/culturesco.com\\\/wp-content\\\/uploads\\\/2019\\\/04\\\/LOGO-HUNTER-e1555513900164.jpg?fit=89%2C96&ssl=1\",\"contentUrl\":\"https:\\\/\\\/i0.wp.com\\\/culturesco.com\\\/wp-content\\\/uploads\\\/2019\\\/04\\\/LOGO-HUNTER-e1555513900164.jpg?fit=89%2C96&ssl=1\",\"caption\":\"Hunter C. Thomson\"},\"url\":\"https:\\\/\\\/culturesco.com\\\/index.php\\\/author\\\/hunter-c-thomson\\\/\"}]}<\/script>\n<!-- \/ Yoast SEO plugin. -->","yoast_head_json":{"title":"La ligne parall\u00e8le : Le premier livre de Stephan Le Varan. - Culturesco","description":"CulturesCo | La Ligne Parall\u00e8le, le 1er livre de Stephan Le Varan. L'histoire authentique d'un baroudeur de la vie : sexe, drogue et mafia","robots":{"index":"index","follow":"follow","max-snippet":"max-snippet:-1","max-image-preview":"max-image-preview:large","max-video-preview":"max-video-preview:-1"},"canonical":"https:\/\/culturesco.com\/index.php\/2020\/06\/19\/la-ligne-parallele-le-premier-livre-de-stephan-le-varan-autobiographie-entre-sexe-drogue-et-mafia\/","og_locale":"fr_FR","og_type":"article","og_title":"La ligne parall\u00e8le : Le premier livre de Stephan Le Varan. - Culturesco","og_description":"CulturesCo | La Ligne Parall\u00e8le, le 1er livre de Stephan Le Varan. L'histoire authentique d'un baroudeur de la vie : sexe, drogue et mafia","og_url":"https:\/\/culturesco.com\/index.php\/2020\/06\/19\/la-ligne-parallele-le-premier-livre-de-stephan-le-varan-autobiographie-entre-sexe-drogue-et-mafia\/","og_site_name":"Culturesco","article_publisher":"https:\/\/www.facebook.com\/radioculturesco","article_published_time":"2020-06-19T19:59:27+00:00","og_image":[{"width":600,"height":314,"url":"https:\/\/i0.wp.com\/culturesco.com\/wp-content\/uploads\/2020\/06\/la-ligne-parallele-stefan-le-varan.jpg?fit=600%2C314&ssl=1","type":"image\/jpeg"}],"author":"Hunter C. Thomson","twitter_card":"summary_large_image","twitter_creator":"@AugusteMarshal","twitter_site":"@AugusteMarshal","twitter_misc":{"\u00c9crit par":"Hunter C. Thomson","Dur\u00e9e de lecture estim\u00e9e":"2 minutes"},"schema":{"@context":"https:\/\/schema.org","@graph":[{"@type":"Article","@id":"https:\/\/culturesco.com\/index.php\/2020\/06\/19\/la-ligne-parallele-le-premier-livre-de-stephan-le-varan-autobiographie-entre-sexe-drogue-et-mafia\/#article","isPartOf":{"@id":"https:\/\/culturesco.com\/index.php\/2020\/06\/19\/la-ligne-parallele-le-premier-livre-de-stephan-le-varan-autobiographie-entre-sexe-drogue-et-mafia\/"},"author":{"name":"Hunter C. Thomson","@id":"https:\/\/culturesco.com\/#\/schema\/person\/1b49f7c2f2664c6bff5fe5c932865d10"},"headline":"La ligne parall\u00e8le : Le premier livre de Stephan Le Varan.","datePublished":"2020-06-19T19:59:27+00:00","mainEntityOfPage":{"@id":"https:\/\/culturesco.com\/index.php\/2020\/06\/19\/la-ligne-parallele-le-premier-livre-de-stephan-le-varan-autobiographie-entre-sexe-drogue-et-mafia\/"},"wordCount":511,"commentCount":0,"publisher":{"@id":"https:\/\/culturesco.com\/#organization"},"image":{"@id":"https:\/\/culturesco.com\/index.php\/2020\/06\/19\/la-ligne-parallele-le-premier-livre-de-stephan-le-varan-autobiographie-entre-sexe-drogue-et-mafia\/#primaryimage"},"thumbnailUrl":"https:\/\/i0.wp.com\/culturesco.com\/wp-content\/uploads\/2020\/06\/la-ligne-parallele-stefan-le-varan.jpg?fit=600%2C314&ssl=1","keywords":["litt\u00e9rature","Livre Rock"],"articleSection":["Chroniques litt\u00e9raires","Litt\u00e9rature","Livre Rock"],"inLanguage":"fr-FR","potentialAction":[{"@type":"CommentAction","name":"Comment","target":["https:\/\/culturesco.com\/index.php\/2020\/06\/19\/la-ligne-parallele-le-premier-livre-de-stephan-le-varan-autobiographie-entre-sexe-drogue-et-mafia\/#respond"]}]},{"@type":"WebPage","@id":"https:\/\/culturesco.com\/index.php\/2020\/06\/19\/la-ligne-parallele-le-premier-livre-de-stephan-le-varan-autobiographie-entre-sexe-drogue-et-mafia\/","url":"https:\/\/culturesco.com\/index.php\/2020\/06\/19\/la-ligne-parallele-le-premier-livre-de-stephan-le-varan-autobiographie-entre-sexe-drogue-et-mafia\/","name":"La ligne parall\u00e8le : Le premier livre de Stephan Le Varan. - Culturesco","isPartOf":{"@id":"https:\/\/culturesco.com\/#website"},"primaryImageOfPage":{"@id":"https:\/\/culturesco.com\/index.php\/2020\/06\/19\/la-ligne-parallele-le-premier-livre-de-stephan-le-varan-autobiographie-entre-sexe-drogue-et-mafia\/#primaryimage"},"image":{"@id":"https:\/\/culturesco.com\/index.php\/2020\/06\/19\/la-ligne-parallele-le-premier-livre-de-stephan-le-varan-autobiographie-entre-sexe-drogue-et-mafia\/#primaryimage"},"thumbnailUrl":"https:\/\/i0.wp.com\/culturesco.com\/wp-content\/uploads\/2020\/06\/la-ligne-parallele-stefan-le-varan.jpg?fit=600%2C314&ssl=1","datePublished":"2020-06-19T19:59:27+00:00","description":"CulturesCo | La Ligne Parall\u00e8le, le 1er livre de Stephan Le Varan. L'histoire authentique d'un baroudeur de la vie : sexe, drogue et mafia","breadcrumb":{"@id":"https:\/\/culturesco.com\/index.php\/2020\/06\/19\/la-ligne-parallele-le-premier-livre-de-stephan-le-varan-autobiographie-entre-sexe-drogue-et-mafia\/#breadcrumb"},"inLanguage":"fr-FR","potentialAction":[{"@type":"ReadAction","target":["https:\/\/culturesco.com\/index.php\/2020\/06\/19\/la-ligne-parallele-le-premier-livre-de-stephan-le-varan-autobiographie-entre-sexe-drogue-et-mafia\/"]}]},{"@type":"ImageObject","inLanguage":"fr-FR","@id":"https:\/\/culturesco.com\/index.php\/2020\/06\/19\/la-ligne-parallele-le-premier-livre-de-stephan-le-varan-autobiographie-entre-sexe-drogue-et-mafia\/#primaryimage","url":"https:\/\/i0.wp.com\/culturesco.com\/wp-content\/uploads\/2020\/06\/la-ligne-parallele-stefan-le-varan.jpg?fit=600%2C314&ssl=1","contentUrl":"https:\/\/i0.wp.com\/culturesco.com\/wp-content\/uploads\/2020\/06\/la-ligne-parallele-stefan-le-varan.jpg?fit=600%2C314&ssl=1","width":600,"height":314},{"@type":"BreadcrumbList","@id":"https:\/\/culturesco.com\/index.php\/2020\/06\/19\/la-ligne-parallele-le-premier-livre-de-stephan-le-varan-autobiographie-entre-sexe-drogue-et-mafia\/#breadcrumb","itemListElement":[{"@type":"ListItem","position":1,"name":"Accueil","item":"https:\/\/culturesco.com\/"},{"@type":"ListItem","position":2,"name":"La ligne parall\u00e8le : Le premier livre de Stephan Le Varan."}]},{"@type":"WebSite","@id":"https:\/\/culturesco.com\/#website","url":"https:\/\/culturesco.com\/","name":"Culturesco","description":"Culturesco | Un bon coup de pied dans ta Culture","publisher":{"@id":"https:\/\/culturesco.com\/#organization"},"potentialAction":[{"@type":"SearchAction","target":{"@type":"EntryPoint","urlTemplate":"https:\/\/culturesco.com\/?s={search_term_string}"},"query-input":{"@type":"PropertyValueSpecification","valueRequired":true,"valueName":"search_term_string"}}],"inLanguage":"fr-FR"},{"@type":"Organization","@id":"https:\/\/culturesco.com\/#organization","name":"CULTURESCO","url":"https:\/\/culturesco.com\/","logo":{"@type":"ImageObject","inLanguage":"fr-FR","@id":"https:\/\/culturesco.com\/#\/schema\/logo\/image\/","url":"https:\/\/i0.wp.com\/culturesco.com\/wp-content\/uploads\/2022\/04\/culturesco-logo-blanc250p.png?fit=250%2C250&ssl=1","contentUrl":"https:\/\/i0.wp.com\/culturesco.com\/wp-content\/uploads\/2022\/04\/culturesco-logo-blanc250p.png?fit=250%2C250&ssl=1","width":250,"height":250,"caption":"CULTURESCO"},"image":{"@id":"https:\/\/culturesco.com\/#\/schema\/logo\/image\/"},"sameAs":["https:\/\/www.facebook.com\/radioculturesco","https:\/\/x.com\/AugusteMarshal","https:\/\/www.instagram.com\/carotte_rock_culture\/","https:\/\/www.pinterest.fr\/augustemarshal\/","https:\/\/www.youtube.com\/channel\/UCiWLGffqWSXlNnfzp6YwwyQ"]},{"@type":"Person","@id":"https:\/\/culturesco.com\/#\/schema\/person\/1b49f7c2f2664c6bff5fe5c932865d10","name":"Hunter C. Thomson","image":{"@type":"ImageObject","inLanguage":"fr-FR","@id":"https:\/\/i0.wp.com\/culturesco.com\/wp-content\/uploads\/2019\/04\/LOGO-HUNTER-e1555513900164.jpg?fit=89%2C96&ssl=1","url":"https:\/\/i0.wp.com\/culturesco.com\/wp-content\/uploads\/2019\/04\/LOGO-HUNTER-e1555513900164.jpg?fit=89%2C96&ssl=1","contentUrl":"https:\/\/i0.wp.com\/culturesco.com\/wp-content\/uploads\/2019\/04\/LOGO-HUNTER-e1555513900164.jpg?fit=89%2C96&ssl=1","caption":"Hunter C. Thomson"},"url":"https:\/\/culturesco.com\/index.php\/author\/hunter-c-thomson\/"}]}},"jetpack_featured_media_url":"https:\/\/i0.wp.com\/culturesco.com\/wp-content\/uploads\/2020\/06\/la-ligne-parallele-stefan-le-varan.jpg?fit=600%2C314&ssl=1","jetpack_likes_enabled":true,"jetpack_sharing_enabled":true,"jetpack_shortlink":"https:\/\/wp.me\/paz89I-328","_links":{"self":[{"href":"https:\/\/culturesco.com\/index.php\/wp-json\/wp\/v2\/posts\/11664","targetHints":{"allow":["GET"]}}],"collection":[{"href":"https:\/\/culturesco.com\/index.php\/wp-json\/wp\/v2\/posts"}],"about":[{"href":"https:\/\/culturesco.com\/index.php\/wp-json\/wp\/v2\/types\/post"}],"author":[{"embeddable":true,"href":"https:\/\/culturesco.com\/index.php\/wp-json\/wp\/v2\/users\/10"}],"replies":[{"embeddable":true,"href":"https:\/\/culturesco.com\/index.php\/wp-json\/wp\/v2\/comments?post=11664"}],"version-history":[{"count":0,"href":"https:\/\/culturesco.com\/index.php\/wp-json\/wp\/v2\/posts\/11664\/revisions"}],"wp:featuredmedia":[{"embeddable":true,"href":"https:\/\/culturesco.com\/index.php\/wp-json\/wp\/v2\/media\/11667"}],"wp:attachment":[{"href":"https:\/\/culturesco.com\/index.php\/wp-json\/wp\/v2\/media?parent=11664"}],"wp:term":[{"taxonomy":"category","embeddable":true,"href":"https:\/\/culturesco.com\/index.php\/wp-json\/wp\/v2\/categories?post=11664"},{"taxonomy":"post_tag","embeddable":true,"href":"https:\/\/culturesco.com\/index.php\/wp-json\/wp\/v2\/tags?post=11664"}],"curies":[{"name":"wp","href":"https:\/\/api.w.org\/{rel}","templated":true}]}}