{"id":11584,"date":"2020-06-11T22:05:40","date_gmt":"2020-06-11T20:05:40","guid":{"rendered":"https:\/\/culturesco.com\/?p=11584"},"modified":"2020-06-12T19:26:40","modified_gmt":"2020-06-12T17:26:40","slug":"john-cale-paris-1919-velvet-underground-lou-reed","status":"publish","type":"post","link":"https:\/\/culturesco.com\/index.php\/2020\/06\/11\/john-cale-paris-1919-velvet-underground-lou-reed\/","title":{"rendered":"John CALE &#8211; du Velvet Underground \u00e0 Paris 1919"},"content":{"rendered":"<h2>John CALE &#8211; du Velvet Underground \u00e0 <em>Paris 1919<\/em><\/h2>\n<p><a href=\"https:\/\/i0.wp.com\/culturesco.com\/wp-content\/uploads\/2020\/06\/John-CALE-Paris-1919.jpg?ssl=1\"><img data-recalc-dims=\"1\" loading=\"lazy\" decoding=\"async\" class=\"aligncenter wp-image-11585\" src=\"https:\/\/i0.wp.com\/culturesco.com\/wp-content\/uploads\/2020\/06\/John-CALE-Paris-1919.jpg?resize=474%2C267&#038;ssl=1\" alt=\"John Cale\" width=\"474\" height=\"267\" srcset=\"https:\/\/i0.wp.com\/culturesco.com\/wp-content\/uploads\/2020\/06\/John-CALE-Paris-1919.jpg?resize=300%2C169&amp;ssl=1 300w, https:\/\/i0.wp.com\/culturesco.com\/wp-content\/uploads\/2020\/06\/John-CALE-Paris-1919.jpg?resize=768%2C434&amp;ssl=1 768w, https:\/\/i0.wp.com\/culturesco.com\/wp-content\/uploads\/2020\/06\/John-CALE-Paris-1919.jpg?resize=696%2C393&amp;ssl=1 696w, https:\/\/i0.wp.com\/culturesco.com\/wp-content\/uploads\/2020\/06\/John-CALE-Paris-1919.jpg?resize=1068%2C603&amp;ssl=1 1068w, https:\/\/i0.wp.com\/culturesco.com\/wp-content\/uploads\/2020\/06\/John-CALE-Paris-1919.jpg?resize=744%2C420&amp;ssl=1 744w, https:\/\/i0.wp.com\/culturesco.com\/wp-content\/uploads\/2020\/06\/John-CALE-Paris-1919.jpg?w=600&amp;ssl=1 600w\" sizes=\"auto, (max-width: 474px) 100vw, 474px\" \/><\/a><\/p>\n<h3>Un chef d&rsquo;oeuvre<\/h3>\n<p style=\"text-align: justify;\"><strong>John Cale<\/strong> est un myst\u00e9rieux personnage. A croire que toutes celles et ceux qui ont fait partie du <strong>Velvet Underground<\/strong> rel\u00e8vent de cet \u00e9tat, CF Lou Reed. En <strong>1973<\/strong>, il livre <strong><em>Paris 1919<\/em><\/strong> au public.<strong> C\u2019est un pl\u00e9biscite !<\/strong> M\u00eame s\u2019il ne s\u2019en est pas vendu des millions, il s\u2019agit certainement de <strong>son plus grand succ\u00e8s.<\/strong> La m\u00eame ann\u00e9e, son fr\u00e8re ennemi, <strong>Lou Reed<\/strong>, sort <a href=\"https:\/\/www.youtube.com\/watch?v=Wo9nZEalABQ\" target=\"_blank\" rel=\"noopener noreferrer\"><em>Berlin<\/em><\/a>, un <a href=\"https:\/\/culturesco.com\/index.php\/2018\/12\/19\/lou-reed-je-suis-un-berlinois\/\" target=\"_blank\" rel=\"noopener noreferrer\">chef d\u2019\u0153uvre<\/a><strong>.<\/strong> Comme <em>Paris 1919<\/em> en est un \u00e9galement, tout juste un degr\u00e9 en dessous sur une \u00e9chelle \u00ab d\u2019incontournabilit\u00e9 \u00bb, ils font<strong> jeu \u00e9gal<\/strong> une nouvelle fois.<\/p>\n<h3>John CALE &#8211; Paris 1919<\/h3>\n<div class=\"youtube-embed\" data-video_id=\"q5YHqWqhFkU\"><iframe loading=\"lazy\" title=\"John Cale - Paris 1919\" width=\"696\" height=\"522\" src=\"https:\/\/www.youtube.com\/embed\/q5YHqWqhFkU\" frameborder=\"0\" allow=\"accelerometer; autoplay; clipboard-write; encrypted-media; gyroscope; picture-in-picture; web-share\" referrerpolicy=\"strict-origin-when-cross-origin\" allowfullscreen><\/iframe><\/div>\n<p style=\"text-align: justify;\">Niveau chant, <strong>John Cale<\/strong> n\u2019a aucune pr\u00e9tention. Loin d\u2019\u00eatre un t\u00e9nor, il <strong>chante parfois \u00e0 la limite de la fausset\u00e9,<\/strong> d\u2019une voix \u00ab gringalette \u00bb, uniquement boost\u00e9e par place gr\u00e2ce \u00e0 un jeu de multipistes. L\u2019abord musical, quant \u00e0 lui, passe par l\u2019emploi d\u2019un <strong>orchestre symphonique<\/strong>. \u00c9trangement <strong>l\u2019aspect pop et rock persiste,<\/strong> loin, bien loin des essais fran\u00e7ais en la mati\u00e8re, soupi\u00e8res aboutissants in\u00e9luctablement en plages de vari\u00e9t\u00e9. Depuis son costume belle \u00e9poque \/ ann\u00e9es folles, fragrance Francis Scott Fitzgerald o\u00f9 <a href=\"https:\/\/www.youtube.com\/watch?v=xtUysNBJXqU\" target=\"_blank\" rel=\"noopener noreferrer\">Gatsby<\/a> est magnifique, <strong>Cale affiche une volont\u00e9 rock ind\u00e9fectible.<\/strong><\/p>\n<h3>John CALE &#8211; Child&rsquo;s Christmas in Wales<\/h3>\n<div class=\"youtube-embed\" data-video_id=\"r9IKnVVRsmk\"><iframe loading=\"lazy\" title=\"John Cale - Child&#039;s Christmas in Wales\" width=\"696\" height=\"522\" src=\"https:\/\/www.youtube.com\/embed\/r9IKnVVRsmk\" frameborder=\"0\" allow=\"accelerometer; autoplay; clipboard-write; encrypted-media; gyroscope; picture-in-picture; web-share\" referrerpolicy=\"strict-origin-when-cross-origin\" allowfullscreen><\/iframe><\/div>\n<h3>Du Pays de Galles au Graal<\/h3>\n<p style=\"text-align: justify;\">N\u00e9 en 1942 au <strong>Pays de Galles,<\/strong> il b\u00e9n\u00e9ficie d\u2019une <strong>formation musicale classique<\/strong> \u00e0 Londres puis part aux States d\u00e8s 1963 \u00e9tudier la <strong>composition contemporaine.<\/strong> S\u00e9duit par l\u2019aspect urbain et artistiquement foisonnant de la \u00ab Grosse Pomme \u00bb, il <strong>s\u2019installe \u00e0 New York.<\/strong> La suite rel\u00e8ve de la L\u00e9gende : <strong>The Velvet Underground.<\/strong><\/p>\n<p><a href=\"https:\/\/i0.wp.com\/culturesco.com\/wp-content\/uploads\/2020\/06\/Velvet-underground.jpg?ssl=1\"><img data-recalc-dims=\"1\" loading=\"lazy\" decoding=\"async\" class=\"aligncenter wp-image-11586\" src=\"https:\/\/i0.wp.com\/culturesco.com\/wp-content\/uploads\/2020\/06\/Velvet-underground.jpg?resize=488%2C249&#038;ssl=1\" alt=\"John Cale\" width=\"488\" height=\"249\" srcset=\"https:\/\/i0.wp.com\/culturesco.com\/wp-content\/uploads\/2020\/06\/Velvet-underground.jpg?resize=300%2C153&amp;ssl=1 300w, https:\/\/i0.wp.com\/culturesco.com\/wp-content\/uploads\/2020\/06\/Velvet-underground.jpg?w=600&amp;ssl=1 600w\" sizes=\"auto, (max-width: 488px) 100vw, 488px\" \/><\/a><\/p>\n<p style=\"text-align: justify;\">Deux albums et puis s\u2019en va. En <strong>1968, il quitte le groupe<\/strong> pour divergences musicales. En fait, lui et <strong>Lou Reed<\/strong> sont deux aimants, qui s\u2019attirent et se repoussent, chacun voulant occuper le poste envi\u00e9 par des\u00a0<b>ego d\u00e9mesur\u00e9s<\/b> : le Devant de la sc\u00e8ne. Comment se vivre dans un m\u00eame costume ? En se quittant.<\/p>\n<h3>The VELVET UNDERGROUND &#8211; White light \/ White heat<\/h3>\n<div class=\"youtube-embed\" data-video_id=\"AJy0LP8iYPg\"><iframe loading=\"lazy\" title=\"White Light\/White Heat\" width=\"696\" height=\"522\" src=\"https:\/\/www.youtube.com\/embed\/AJy0LP8iYPg\" frameborder=\"0\" allow=\"accelerometer; autoplay; clipboard-write; encrypted-media; gyroscope; picture-in-picture; web-share\" referrerpolicy=\"strict-origin-when-cross-origin\" allowfullscreen><\/iframe><\/div>\n<p style=\"text-align: justify;\">S\u2019en suit une <strong>carri\u00e8re de producteur<\/strong> d\u00e9but\u00e9e avec <em>Chelsea girl<\/em> et <strong>Nico<\/strong> (il suivra l\u2019ex top model tout au long de sa discographie). Entre autres p\u00e9pites, on le retrouve aux manettes de <strong>The Stooge<\/strong>s avec <a href=\"https:\/\/www.youtube.com\/watch?v=KVWnPOQxE6s\" target=\"_blank\" rel=\"noopener noreferrer\">l\u2019album \u00e9ponyme<\/a> de 1969, sur <a href=\"https:\/\/www.youtube.com\/watch?v=bPO0bTaWcFQ\" target=\"_blank\" rel=\"noopener noreferrer\"><em>Horses<\/em><\/a> et <strong>Patti Smith<\/strong>\u00a0en 1975 puis sur l\u2019album de <a href=\"https:\/\/www.youtube.com\/watch?v=6ZWoJ8_75Mo\" target=\"_blank\" rel=\"noopener noreferrer\"><strong>The Modern Lovers<\/strong> <\/a>en 1976. En 1978, il effectue une incartade fran\u00e7aise pour <strong>Marie et les Gar\u00e7ons<\/strong> avec <a href=\"https:\/\/www.youtube.com\/watch?v=q__vqP7L3Cw\" target=\"_blank\" rel=\"noopener noreferrer\"><em>Re Bop<\/em><\/a> puis produit quelques autres forfaits jusqu\u2019\u00e0 l\u2019album d\u2019un de son \u00ab genre \u00bb, l\u2019exp\u00e9rimental <strong>Brian Eno<\/strong> et son <a href=\"https:\/\/www.youtube.com\/watch?v=sZ0efaAjG9w\" target=\"_blank\" rel=\"noopener noreferrer\"><em>Wrong way up<\/em> <\/a>(1990). Amoureux des noirceurs charbonneuses, il assombrit le son de <a href=\"https:\/\/www.youtube.com\/watch?v=j8WJV1glBCM\" target=\"_blank\" rel=\"noopener noreferrer\"><em>The rapture<\/em> <\/a>pour <strong>Siouxsie and The Banshees<\/strong> (1995). Concomitamment, il produit <strong>quelques BO de films,<\/strong> notamment pour le r\u00e9alisateur contestataire fran\u00e7ais <a href=\"https:\/\/www.youtube.com\/watch?v=-j8WVkPFeLI\" target=\"_blank\" rel=\"noopener noreferrer\"><strong>Philippe Garrel.<\/strong><\/a> Je vous vois venir. Vous allez dire : \u00ab <em>Et pour lui-m\u00eame ?<\/em> \u00bb. Oh \u2026 quelques prestations live et <strong>dix-sept Lps studio<\/strong> dont <strong><em>Paris 1919.<\/em><\/strong><\/p>\n<h3>John CALE &#8211; Andalucia<\/h3>\n<div class=\"youtube-embed\" data-video_id=\"r7iLFuapeY8\"><iframe loading=\"lazy\" title=\"John Cale - Andalucia\" width=\"696\" height=\"522\" src=\"https:\/\/www.youtube.com\/embed\/r7iLFuapeY8\" frameborder=\"0\" allow=\"accelerometer; autoplay; clipboard-write; encrypted-media; gyroscope; picture-in-picture; web-share\" referrerpolicy=\"strict-origin-when-cross-origin\" allowfullscreen><\/iframe><\/div>\n<p style=\"text-align: justify;\">Sur ce dernier, il se fait <strong>accompagner par trois musiciens<\/strong> <strong>de <a href=\"https:\/\/www.youtube.com\/watch?v=7RvR3j535qc\" target=\"_blank\" rel=\"noopener noreferrer\">Little Feat,<\/a><\/strong> groupe de blues \/ country \/ rock, comprenant Lowell George \u00e0 la guitare, Richard Hayward \u00e0 la batterie et Bill Payne aux claviers. Il adjoint au trio le <strong>bassiste et saxophoniste<\/strong> de jazz Wilton Felder et convie <strong>Chris Thomas<\/strong> \u00e0 la production ; le m\u00eame Chris Thomas qui un jour de 1977 s\u2019attaquera \u00e0 l\u2019enregistrement et au son de <em>N<a href=\"https:\/\/www.youtube.com\/watch?v=yzFFtBsl5ps\" target=\"_blank\" rel=\"noopener noreferrer\">ever Mind The Bollocks Here\u2019s The Sex Pistols<\/a>.<\/em> Dans un <strong>style musical d\u2019esprit commun,<\/strong> le r\u00e9sultat approche le fabuleux <em>Music from big pink<\/em> (1968) de <strong>The Band<\/strong>.<\/p>\n<h3>The BAND &#8211; Tears of rage<\/h3>\n<div class=\"youtube-embed\" data-video_id=\"RMqJ2V6zOd0\"><iframe loading=\"lazy\" title=\"The Band, &quot;Tears of Rage&quot;\" width=\"696\" height=\"392\" src=\"https:\/\/www.youtube.com\/embed\/RMqJ2V6zOd0\" frameborder=\"0\" allow=\"accelerometer; autoplay; clipboard-write; encrypted-media; gyroscope; picture-in-picture; web-share\" referrerpolicy=\"strict-origin-when-cross-origin\" allowfullscreen><\/iframe><\/div>\n<p style=\"text-align: justify;\">Deux<strong> beaut\u00e9s brutes.<\/strong><\/p>\n<h3 style=\"text-align: justify;\">De Paris 1919 \u00e0 la Philharmonie de Paris en 2019<\/h3>\n<p style=\"text-align: justify;\">En <strong>septembre 2019,<\/strong> Cale con\u00e7oit un <strong>concert \/ voyage dans le temps,<\/strong> le genre de prestation qui retrace toute une carri\u00e8re discographique, <strong>du Velvet Underground \u00e0 nos jours.<\/strong> Cinquante ann\u00e9es d\u2019une tortueuse rivi\u00e8re visitant les <strong>berges de la cr\u00e9ativit\u00e9,<\/strong> de la source \u00e0 l\u2019embouchure, du ruisseau pierreux au delta. Pour cela, l\u2019artiste a choisi la Philharmonie de Paris. Ainsi, titrer cette \u0153uvre \u00ab capitale \u00bb tel qu\u2019il l\u2019a fait n\u2019avait rien de fantaisiste, \u00e9voquant par l\u00e0-m\u00eame les pr\u00e9mices d\u2019une relation suivie.<br \/>\nImpossible \u00e0 d\u00e9crypter, <strong>les \u00e9tats d\u2019\u00e2me de John Cale,<\/strong> l\u2019homme qui \u00ab non-sourit \u00bb, <strong>s\u2019exprime par sa musique.<\/strong> S\u2019il vous sied d\u2019y plonger \u2026<\/p>\n<h3>John CALE &#8211; Half past France (live)<\/h3>\n<div class=\"youtube-embed\" data-video_id=\"V2uNMBiuM2U\"><iframe loading=\"lazy\" title=\"John Cale - Half Past France (Live with orchestra)\" width=\"696\" height=\"392\" src=\"https:\/\/www.youtube.com\/embed\/V2uNMBiuM2U\" frameborder=\"0\" allow=\"accelerometer; autoplay; clipboard-write; encrypted-media; gyroscope; picture-in-picture; web-share\" referrerpolicy=\"strict-origin-when-cross-origin\" allowfullscreen><\/iframe><\/div>\n<p style=\"text-align: justify;\">Thierry Dauge<\/p>\n","protected":false},"excerpt":{"rendered":"<p>John CALE &#8211; du Velvet Underground \u00e0 Paris 1919 Un chef d&rsquo;oeuvre John Cale est un myst\u00e9rieux personnage. A croire que toutes celles et ceux qui ont fait partie du Velvet Underground rel\u00e8vent de cet \u00e9tat, CF Lou Reed. En 1973, il livre Paris 1919 au public. C\u2019est un pl\u00e9biscite ! M\u00eame s\u2019il ne s\u2019en [&hellip;]<\/p>\n","protected":false},"author":3,"featured_media":11585,"comment_status":"open","ping_status":"open","sticky":false,"template":"","format":"image","meta":{"jetpack_post_was_ever_published":false,"tdm_status":"","tdm_grid_status":"","_jetpack_newsletter_access":"","_jetpack_dont_email_post_to_subs":false,"_jetpack_newsletter_tier_id":0,"_jetpack_memberships_contains_paywalled_content":false,"_jetpack_memberships_contains_paid_content":false,"footnotes":""},"categories":[30,17,33],"tags":[37,58],"class_list":{"0":"post-11584","1":"post","2":"type-post","3":"status-publish","4":"format-image","5":"has-post-thumbnail","7":"category-albums-rock","8":"category-carotte-rock-cultures","9":"category-histoire-du-rock","10":"tag-album-rock","11":"tag-histoire-du-rock","12":"post_format-post-format-image"},"yoast_head":"<!-- This site is optimized with the Yoast SEO plugin v27.5 - https:\/\/yoast.com\/product\/yoast-seo-wordpress\/ -->\n<title>John CALE - du Velvet Underground \u00e0 Paris 1919 - Culturesco John Cale<\/title>\n<meta name=\"description\" content=\"CulturesCo | John Cale album Paris 1919 sorti en 1973 - Ex Velvet Underground - fr\u00e8re ennemi de Lou Reed - Chef d&#039;oeuvre\" \/>\n<meta name=\"robots\" content=\"index, follow, max-snippet:-1, max-image-preview:large, max-video-preview:-1\" \/>\n<link rel=\"canonical\" href=\"https:\/\/culturesco.com\/index.php\/2020\/06\/11\/john-cale-paris-1919-velvet-underground-lou-reed\/\" \/>\n<meta property=\"og:locale\" content=\"fr_FR\" \/>\n<meta property=\"og:type\" content=\"article\" \/>\n<meta property=\"og:title\" content=\"John CALE - du Velvet Underground \u00e0 Paris 1919 - Culturesco John Cale\" \/>\n<meta property=\"og:description\" content=\"CulturesCo | John Cale album Paris 1919 sorti en 1973 - Ex Velvet Underground - fr\u00e8re ennemi de Lou Reed - Chef d&#039;oeuvre\" \/>\n<meta property=\"og:url\" content=\"https:\/\/culturesco.com\/index.php\/2020\/06\/11\/john-cale-paris-1919-velvet-underground-lou-reed\/\" \/>\n<meta property=\"og:site_name\" content=\"Culturesco\" \/>\n<meta property=\"article:publisher\" content=\"https:\/\/www.facebook.com\/radioculturesco\" \/>\n<meta property=\"article:published_time\" content=\"2020-06-11T20:05:40+00:00\" \/>\n<meta property=\"article:modified_time\" content=\"2020-06-12T17:26:40+00:00\" \/>\n<meta property=\"og:image\" content=\"https:\/\/i2.wp.com\/culturesco.com\/wp-content\/uploads\/2020\/06\/John-CALE-Paris-1919.jpg?fit=600%2C339&ssl=1\" \/>\n\t<meta property=\"og:image:width\" content=\"600\" \/>\n\t<meta property=\"og:image:height\" content=\"339\" \/>\n\t<meta property=\"og:image:type\" content=\"image\/jpeg\" \/>\n<meta name=\"author\" content=\"Thierry Dauge\" \/>\n<meta name=\"twitter:card\" content=\"summary_large_image\" \/>\n<meta name=\"twitter:creator\" content=\"@AugusteMarshal\" \/>\n<meta name=\"twitter:site\" content=\"@AugusteMarshal\" \/>\n<meta name=\"twitter:label1\" content=\"\u00c9crit par\" \/>\n\t<meta name=\"twitter:data1\" content=\"Thierry Dauge\" \/>\n\t<meta name=\"twitter:label2\" content=\"Dur\u00e9e de lecture estim\u00e9e\" \/>\n\t<meta name=\"twitter:data2\" content=\"4 minutes\" \/>\n<script type=\"application\/ld+json\" class=\"yoast-schema-graph\">{\"@context\":\"https:\\\/\\\/schema.org\",\"@graph\":[{\"@type\":\"Article\",\"@id\":\"https:\\\/\\\/culturesco.com\\\/index.php\\\/2020\\\/06\\\/11\\\/john-cale-paris-1919-velvet-underground-lou-reed\\\/#article\",\"isPartOf\":{\"@id\":\"https:\\\/\\\/culturesco.com\\\/index.php\\\/2020\\\/06\\\/11\\\/john-cale-paris-1919-velvet-underground-lou-reed\\\/\"},\"author\":{\"name\":\"Thierry Dauge\",\"@id\":\"https:\\\/\\\/culturesco.com\\\/#\\\/schema\\\/person\\\/19f04cf232d246197f6e7d62abe6cb0e\"},\"headline\":\"John CALE &#8211; du Velvet Underground \u00e0 Paris 1919\",\"datePublished\":\"2020-06-11T20:05:40+00:00\",\"dateModified\":\"2020-06-12T17:26:40+00:00\",\"mainEntityOfPage\":{\"@id\":\"https:\\\/\\\/culturesco.com\\\/index.php\\\/2020\\\/06\\\/11\\\/john-cale-paris-1919-velvet-underground-lou-reed\\\/\"},\"wordCount\":809,\"commentCount\":0,\"publisher\":{\"@id\":\"https:\\\/\\\/culturesco.com\\\/#organization\"},\"image\":{\"@id\":\"https:\\\/\\\/culturesco.com\\\/index.php\\\/2020\\\/06\\\/11\\\/john-cale-paris-1919-velvet-underground-lou-reed\\\/#primaryimage\"},\"thumbnailUrl\":\"https:\\\/\\\/i0.wp.com\\\/culturesco.com\\\/wp-content\\\/uploads\\\/2020\\\/06\\\/John-CALE-Paris-1919.jpg?fit=600%2C339&ssl=1\",\"keywords\":[\"album rock\",\"histoire du rock\"],\"articleSection\":[\"Albums rock\",\"Carotte Rock Cultures\",\"Histoire du rock\"],\"inLanguage\":\"fr-FR\",\"potentialAction\":[{\"@type\":\"CommentAction\",\"name\":\"Comment\",\"target\":[\"https:\\\/\\\/culturesco.com\\\/index.php\\\/2020\\\/06\\\/11\\\/john-cale-paris-1919-velvet-underground-lou-reed\\\/#respond\"]}]},{\"@type\":\"WebPage\",\"@id\":\"https:\\\/\\\/culturesco.com\\\/index.php\\\/2020\\\/06\\\/11\\\/john-cale-paris-1919-velvet-underground-lou-reed\\\/\",\"url\":\"https:\\\/\\\/culturesco.com\\\/index.php\\\/2020\\\/06\\\/11\\\/john-cale-paris-1919-velvet-underground-lou-reed\\\/\",\"name\":\"John CALE - du Velvet Underground \u00e0 Paris 1919 - Culturesco John Cale\",\"isPartOf\":{\"@id\":\"https:\\\/\\\/culturesco.com\\\/#website\"},\"primaryImageOfPage\":{\"@id\":\"https:\\\/\\\/culturesco.com\\\/index.php\\\/2020\\\/06\\\/11\\\/john-cale-paris-1919-velvet-underground-lou-reed\\\/#primaryimage\"},\"image\":{\"@id\":\"https:\\\/\\\/culturesco.com\\\/index.php\\\/2020\\\/06\\\/11\\\/john-cale-paris-1919-velvet-underground-lou-reed\\\/#primaryimage\"},\"thumbnailUrl\":\"https:\\\/\\\/i0.wp.com\\\/culturesco.com\\\/wp-content\\\/uploads\\\/2020\\\/06\\\/John-CALE-Paris-1919.jpg?fit=600%2C339&ssl=1\",\"datePublished\":\"2020-06-11T20:05:40+00:00\",\"dateModified\":\"2020-06-12T17:26:40+00:00\",\"description\":\"CulturesCo | John Cale album Paris 1919 sorti en 1973 - Ex Velvet Underground - fr\u00e8re ennemi de Lou Reed - Chef d'oeuvre\",\"breadcrumb\":{\"@id\":\"https:\\\/\\\/culturesco.com\\\/index.php\\\/2020\\\/06\\\/11\\\/john-cale-paris-1919-velvet-underground-lou-reed\\\/#breadcrumb\"},\"inLanguage\":\"fr-FR\",\"potentialAction\":[{\"@type\":\"ReadAction\",\"target\":[\"https:\\\/\\\/culturesco.com\\\/index.php\\\/2020\\\/06\\\/11\\\/john-cale-paris-1919-velvet-underground-lou-reed\\\/\"]}]},{\"@type\":\"ImageObject\",\"inLanguage\":\"fr-FR\",\"@id\":\"https:\\\/\\\/culturesco.com\\\/index.php\\\/2020\\\/06\\\/11\\\/john-cale-paris-1919-velvet-underground-lou-reed\\\/#primaryimage\",\"url\":\"https:\\\/\\\/i0.wp.com\\\/culturesco.com\\\/wp-content\\\/uploads\\\/2020\\\/06\\\/John-CALE-Paris-1919.jpg?fit=600%2C339&ssl=1\",\"contentUrl\":\"https:\\\/\\\/i0.wp.com\\\/culturesco.com\\\/wp-content\\\/uploads\\\/2020\\\/06\\\/John-CALE-Paris-1919.jpg?fit=600%2C339&ssl=1\",\"width\":600,\"height\":339,\"caption\":\"John Cale\"},{\"@type\":\"BreadcrumbList\",\"@id\":\"https:\\\/\\\/culturesco.com\\\/index.php\\\/2020\\\/06\\\/11\\\/john-cale-paris-1919-velvet-underground-lou-reed\\\/#breadcrumb\",\"itemListElement\":[{\"@type\":\"ListItem\",\"position\":1,\"name\":\"Accueil\",\"item\":\"https:\\\/\\\/culturesco.com\\\/\"},{\"@type\":\"ListItem\",\"position\":2,\"name\":\"John CALE &#8211; du Velvet Underground \u00e0 Paris 1919\"}]},{\"@type\":\"WebSite\",\"@id\":\"https:\\\/\\\/culturesco.com\\\/#website\",\"url\":\"https:\\\/\\\/culturesco.com\\\/\",\"name\":\"Culturesco\",\"description\":\"Culturesco | Un bon coup de pied dans ta Culture\",\"publisher\":{\"@id\":\"https:\\\/\\\/culturesco.com\\\/#organization\"},\"potentialAction\":[{\"@type\":\"SearchAction\",\"target\":{\"@type\":\"EntryPoint\",\"urlTemplate\":\"https:\\\/\\\/culturesco.com\\\/?s={search_term_string}\"},\"query-input\":{\"@type\":\"PropertyValueSpecification\",\"valueRequired\":true,\"valueName\":\"search_term_string\"}}],\"inLanguage\":\"fr-FR\"},{\"@type\":\"Organization\",\"@id\":\"https:\\\/\\\/culturesco.com\\\/#organization\",\"name\":\"CULTURESCO\",\"url\":\"https:\\\/\\\/culturesco.com\\\/\",\"logo\":{\"@type\":\"ImageObject\",\"inLanguage\":\"fr-FR\",\"@id\":\"https:\\\/\\\/culturesco.com\\\/#\\\/schema\\\/logo\\\/image\\\/\",\"url\":\"https:\\\/\\\/i0.wp.com\\\/culturesco.com\\\/wp-content\\\/uploads\\\/2022\\\/04\\\/culturesco-logo-blanc250p.png?fit=250%2C250&ssl=1\",\"contentUrl\":\"https:\\\/\\\/i0.wp.com\\\/culturesco.com\\\/wp-content\\\/uploads\\\/2022\\\/04\\\/culturesco-logo-blanc250p.png?fit=250%2C250&ssl=1\",\"width\":250,\"height\":250,\"caption\":\"CULTURESCO\"},\"image\":{\"@id\":\"https:\\\/\\\/culturesco.com\\\/#\\\/schema\\\/logo\\\/image\\\/\"},\"sameAs\":[\"https:\\\/\\\/www.facebook.com\\\/radioculturesco\",\"https:\\\/\\\/x.com\\\/AugusteMarshal\",\"https:\\\/\\\/www.instagram.com\\\/carotte_rock_culture\\\/\",\"https:\\\/\\\/www.pinterest.fr\\\/augustemarshal\\\/\",\"https:\\\/\\\/www.youtube.com\\\/channel\\\/UCiWLGffqWSXlNnfzp6YwwyQ\"]},{\"@type\":\"Person\",\"@id\":\"https:\\\/\\\/culturesco.com\\\/#\\\/schema\\\/person\\\/19f04cf232d246197f6e7d62abe6cb0e\",\"name\":\"Thierry Dauge\",\"image\":{\"@type\":\"ImageObject\",\"inLanguage\":\"fr-FR\",\"@id\":\"https:\\\/\\\/i0.wp.com\\\/culturesco.com\\\/wp-content\\\/uploads\\\/2018\\\/12\\\/Black-Beauty-and-me.jpg?fit=96%2C96&ssl=1\",\"url\":\"https:\\\/\\\/i0.wp.com\\\/culturesco.com\\\/wp-content\\\/uploads\\\/2018\\\/12\\\/Black-Beauty-and-me.jpg?fit=96%2C96&ssl=1\",\"contentUrl\":\"https:\\\/\\\/i0.wp.com\\\/culturesco.com\\\/wp-content\\\/uploads\\\/2018\\\/12\\\/Black-Beauty-and-me.jpg?fit=96%2C96&ssl=1\",\"caption\":\"Thierry Dauge\"},\"description\":\"Amoureux des 70\u2019s et du hard rock en particulier, Thierry Dauge est chroniqueur sur Culturesco par amour de l\u2019\u00e9criture musicale. Co-auteur du livre\\\"Pop rock - Les instruments de l'ombre\\\" aux \u00e9ditions du Camion Blanc, collaborateur de Vivi pour \\\"Mes Ann\u00e9es Trust\\\", auteur de \\\"Sparks\\\" aux \u00e9ditions du Layeur, parce que le rock est loin d'\u00eatre mort ...\",\"url\":\"https:\\\/\\\/culturesco.com\\\/index.php\\\/author\\\/thierry-dauge888\\\/\"}]}<\/script>\n<!-- \/ Yoast SEO plugin. -->","yoast_head_json":{"title":"John CALE - du Velvet Underground \u00e0 Paris 1919 - Culturesco John Cale","description":"CulturesCo | John Cale album Paris 1919 sorti en 1973 - Ex Velvet Underground - fr\u00e8re ennemi de Lou Reed - Chef d'oeuvre","robots":{"index":"index","follow":"follow","max-snippet":"max-snippet:-1","max-image-preview":"max-image-preview:large","max-video-preview":"max-video-preview:-1"},"canonical":"https:\/\/culturesco.com\/index.php\/2020\/06\/11\/john-cale-paris-1919-velvet-underground-lou-reed\/","og_locale":"fr_FR","og_type":"article","og_title":"John CALE - du Velvet Underground \u00e0 Paris 1919 - Culturesco John Cale","og_description":"CulturesCo | John Cale album Paris 1919 sorti en 1973 - Ex Velvet Underground - fr\u00e8re ennemi de Lou Reed - Chef d'oeuvre","og_url":"https:\/\/culturesco.com\/index.php\/2020\/06\/11\/john-cale-paris-1919-velvet-underground-lou-reed\/","og_site_name":"Culturesco","article_publisher":"https:\/\/www.facebook.com\/radioculturesco","article_published_time":"2020-06-11T20:05:40+00:00","article_modified_time":"2020-06-12T17:26:40+00:00","og_image":[{"width":600,"height":339,"url":"https:\/\/i2.wp.com\/culturesco.com\/wp-content\/uploads\/2020\/06\/John-CALE-Paris-1919.jpg?fit=600%2C339&ssl=1","type":"image\/jpeg"}],"author":"Thierry Dauge","twitter_card":"summary_large_image","twitter_creator":"@AugusteMarshal","twitter_site":"@AugusteMarshal","twitter_misc":{"\u00c9crit par":"Thierry Dauge","Dur\u00e9e de lecture estim\u00e9e":"4 minutes"},"schema":{"@context":"https:\/\/schema.org","@graph":[{"@type":"Article","@id":"https:\/\/culturesco.com\/index.php\/2020\/06\/11\/john-cale-paris-1919-velvet-underground-lou-reed\/#article","isPartOf":{"@id":"https:\/\/culturesco.com\/index.php\/2020\/06\/11\/john-cale-paris-1919-velvet-underground-lou-reed\/"},"author":{"name":"Thierry Dauge","@id":"https:\/\/culturesco.com\/#\/schema\/person\/19f04cf232d246197f6e7d62abe6cb0e"},"headline":"John CALE &#8211; du Velvet Underground \u00e0 Paris 1919","datePublished":"2020-06-11T20:05:40+00:00","dateModified":"2020-06-12T17:26:40+00:00","mainEntityOfPage":{"@id":"https:\/\/culturesco.com\/index.php\/2020\/06\/11\/john-cale-paris-1919-velvet-underground-lou-reed\/"},"wordCount":809,"commentCount":0,"publisher":{"@id":"https:\/\/culturesco.com\/#organization"},"image":{"@id":"https:\/\/culturesco.com\/index.php\/2020\/06\/11\/john-cale-paris-1919-velvet-underground-lou-reed\/#primaryimage"},"thumbnailUrl":"https:\/\/i0.wp.com\/culturesco.com\/wp-content\/uploads\/2020\/06\/John-CALE-Paris-1919.jpg?fit=600%2C339&ssl=1","keywords":["album rock","histoire du rock"],"articleSection":["Albums rock","Carotte Rock Cultures","Histoire du rock"],"inLanguage":"fr-FR","potentialAction":[{"@type":"CommentAction","name":"Comment","target":["https:\/\/culturesco.com\/index.php\/2020\/06\/11\/john-cale-paris-1919-velvet-underground-lou-reed\/#respond"]}]},{"@type":"WebPage","@id":"https:\/\/culturesco.com\/index.php\/2020\/06\/11\/john-cale-paris-1919-velvet-underground-lou-reed\/","url":"https:\/\/culturesco.com\/index.php\/2020\/06\/11\/john-cale-paris-1919-velvet-underground-lou-reed\/","name":"John CALE - du Velvet Underground \u00e0 Paris 1919 - Culturesco John Cale","isPartOf":{"@id":"https:\/\/culturesco.com\/#website"},"primaryImageOfPage":{"@id":"https:\/\/culturesco.com\/index.php\/2020\/06\/11\/john-cale-paris-1919-velvet-underground-lou-reed\/#primaryimage"},"image":{"@id":"https:\/\/culturesco.com\/index.php\/2020\/06\/11\/john-cale-paris-1919-velvet-underground-lou-reed\/#primaryimage"},"thumbnailUrl":"https:\/\/i0.wp.com\/culturesco.com\/wp-content\/uploads\/2020\/06\/John-CALE-Paris-1919.jpg?fit=600%2C339&ssl=1","datePublished":"2020-06-11T20:05:40+00:00","dateModified":"2020-06-12T17:26:40+00:00","description":"CulturesCo | John Cale album Paris 1919 sorti en 1973 - Ex Velvet Underground - fr\u00e8re ennemi de Lou Reed - Chef d'oeuvre","breadcrumb":{"@id":"https:\/\/culturesco.com\/index.php\/2020\/06\/11\/john-cale-paris-1919-velvet-underground-lou-reed\/#breadcrumb"},"inLanguage":"fr-FR","potentialAction":[{"@type":"ReadAction","target":["https:\/\/culturesco.com\/index.php\/2020\/06\/11\/john-cale-paris-1919-velvet-underground-lou-reed\/"]}]},{"@type":"ImageObject","inLanguage":"fr-FR","@id":"https:\/\/culturesco.com\/index.php\/2020\/06\/11\/john-cale-paris-1919-velvet-underground-lou-reed\/#primaryimage","url":"https:\/\/i0.wp.com\/culturesco.com\/wp-content\/uploads\/2020\/06\/John-CALE-Paris-1919.jpg?fit=600%2C339&ssl=1","contentUrl":"https:\/\/i0.wp.com\/culturesco.com\/wp-content\/uploads\/2020\/06\/John-CALE-Paris-1919.jpg?fit=600%2C339&ssl=1","width":600,"height":339,"caption":"John Cale"},{"@type":"BreadcrumbList","@id":"https:\/\/culturesco.com\/index.php\/2020\/06\/11\/john-cale-paris-1919-velvet-underground-lou-reed\/#breadcrumb","itemListElement":[{"@type":"ListItem","position":1,"name":"Accueil","item":"https:\/\/culturesco.com\/"},{"@type":"ListItem","position":2,"name":"John CALE &#8211; du Velvet Underground \u00e0 Paris 1919"}]},{"@type":"WebSite","@id":"https:\/\/culturesco.com\/#website","url":"https:\/\/culturesco.com\/","name":"Culturesco","description":"Culturesco | Un bon coup de pied dans ta Culture","publisher":{"@id":"https:\/\/culturesco.com\/#organization"},"potentialAction":[{"@type":"SearchAction","target":{"@type":"EntryPoint","urlTemplate":"https:\/\/culturesco.com\/?s={search_term_string}"},"query-input":{"@type":"PropertyValueSpecification","valueRequired":true,"valueName":"search_term_string"}}],"inLanguage":"fr-FR"},{"@type":"Organization","@id":"https:\/\/culturesco.com\/#organization","name":"CULTURESCO","url":"https:\/\/culturesco.com\/","logo":{"@type":"ImageObject","inLanguage":"fr-FR","@id":"https:\/\/culturesco.com\/#\/schema\/logo\/image\/","url":"https:\/\/i0.wp.com\/culturesco.com\/wp-content\/uploads\/2022\/04\/culturesco-logo-blanc250p.png?fit=250%2C250&ssl=1","contentUrl":"https:\/\/i0.wp.com\/culturesco.com\/wp-content\/uploads\/2022\/04\/culturesco-logo-blanc250p.png?fit=250%2C250&ssl=1","width":250,"height":250,"caption":"CULTURESCO"},"image":{"@id":"https:\/\/culturesco.com\/#\/schema\/logo\/image\/"},"sameAs":["https:\/\/www.facebook.com\/radioculturesco","https:\/\/x.com\/AugusteMarshal","https:\/\/www.instagram.com\/carotte_rock_culture\/","https:\/\/www.pinterest.fr\/augustemarshal\/","https:\/\/www.youtube.com\/channel\/UCiWLGffqWSXlNnfzp6YwwyQ"]},{"@type":"Person","@id":"https:\/\/culturesco.com\/#\/schema\/person\/19f04cf232d246197f6e7d62abe6cb0e","name":"Thierry Dauge","image":{"@type":"ImageObject","inLanguage":"fr-FR","@id":"https:\/\/i0.wp.com\/culturesco.com\/wp-content\/uploads\/2018\/12\/Black-Beauty-and-me.jpg?fit=96%2C96&ssl=1","url":"https:\/\/i0.wp.com\/culturesco.com\/wp-content\/uploads\/2018\/12\/Black-Beauty-and-me.jpg?fit=96%2C96&ssl=1","contentUrl":"https:\/\/i0.wp.com\/culturesco.com\/wp-content\/uploads\/2018\/12\/Black-Beauty-and-me.jpg?fit=96%2C96&ssl=1","caption":"Thierry Dauge"},"description":"Amoureux des 70\u2019s et du hard rock en particulier, Thierry Dauge est chroniqueur sur Culturesco par amour de l\u2019\u00e9criture musicale. Co-auteur du livre\"Pop rock - Les instruments de l'ombre\" aux \u00e9ditions du Camion Blanc, collaborateur de Vivi pour \"Mes Ann\u00e9es Trust\", auteur de \"Sparks\" aux \u00e9ditions du Layeur, parce que le rock est loin d'\u00eatre mort ...","url":"https:\/\/culturesco.com\/index.php\/author\/thierry-dauge888\/"}]}},"jetpack_featured_media_url":"https:\/\/i0.wp.com\/culturesco.com\/wp-content\/uploads\/2020\/06\/John-CALE-Paris-1919.jpg?fit=600%2C339&ssl=1","jetpack_likes_enabled":true,"jetpack_sharing_enabled":true,"jetpack_shortlink":"https:\/\/wp.me\/paz89I-30Q","_links":{"self":[{"href":"https:\/\/culturesco.com\/index.php\/wp-json\/wp\/v2\/posts\/11584","targetHints":{"allow":["GET"]}}],"collection":[{"href":"https:\/\/culturesco.com\/index.php\/wp-json\/wp\/v2\/posts"}],"about":[{"href":"https:\/\/culturesco.com\/index.php\/wp-json\/wp\/v2\/types\/post"}],"author":[{"embeddable":true,"href":"https:\/\/culturesco.com\/index.php\/wp-json\/wp\/v2\/users\/3"}],"replies":[{"embeddable":true,"href":"https:\/\/culturesco.com\/index.php\/wp-json\/wp\/v2\/comments?post=11584"}],"version-history":[{"count":0,"href":"https:\/\/culturesco.com\/index.php\/wp-json\/wp\/v2\/posts\/11584\/revisions"}],"wp:featuredmedia":[{"embeddable":true,"href":"https:\/\/culturesco.com\/index.php\/wp-json\/wp\/v2\/media\/11585"}],"wp:attachment":[{"href":"https:\/\/culturesco.com\/index.php\/wp-json\/wp\/v2\/media?parent=11584"}],"wp:term":[{"taxonomy":"category","embeddable":true,"href":"https:\/\/culturesco.com\/index.php\/wp-json\/wp\/v2\/categories?post=11584"},{"taxonomy":"post_tag","embeddable":true,"href":"https:\/\/culturesco.com\/index.php\/wp-json\/wp\/v2\/tags?post=11584"}],"curies":[{"name":"wp","href":"https:\/\/api.w.org\/{rel}","templated":true}]}}