{"id":11315,"date":"2020-05-08T01:12:23","date_gmt":"2020-05-07T23:12:23","guid":{"rendered":"https:\/\/culturesco.com\/?p=11315"},"modified":"2020-05-08T21:07:33","modified_gmt":"2020-05-08T19:07:33","slug":"facteurs-chevaux-chante-nuit","status":"publish","type":"post","link":"https:\/\/culturesco.com\/index.php\/2020\/05\/08\/facteurs-chevaux-chante-nuit\/","title":{"rendered":"Facteurs Chevaux &#8211; Nouvel album Chante Nuit"},"content":{"rendered":"<h2 style=\"text-align: justify;\">Un folk m\u00e9di\u00e9val intime<\/h2>\n<p><a href=\"https:\/\/i0.wp.com\/culturesco.com\/wp-content\/uploads\/2020\/05\/Facteurs-Chevaux.jpeg?ssl=1\"><img data-recalc-dims=\"1\" loading=\"lazy\" decoding=\"async\" class=\"size-medium wp-image-11316 aligncenter\" src=\"https:\/\/i0.wp.com\/culturesco.com\/wp-content\/uploads\/2020\/05\/Facteurs-Chevaux.jpeg?resize=300%2C269&#038;ssl=1\" alt=\"Facteurs Chevaux - Chante Nuit\" width=\"300\" height=\"269\" srcset=\"https:\/\/i0.wp.com\/culturesco.com\/wp-content\/uploads\/2020\/05\/Facteurs-Chevaux.jpeg?resize=300%2C269&amp;ssl=1 300w, https:\/\/i0.wp.com\/culturesco.com\/wp-content\/uploads\/2020\/05\/Facteurs-Chevaux.jpeg?resize=698%2C627&amp;ssl=1 698w, https:\/\/i0.wp.com\/culturesco.com\/wp-content\/uploads\/2020\/05\/Facteurs-Chevaux.jpeg?resize=768%2C690&amp;ssl=1 768w, https:\/\/i0.wp.com\/culturesco.com\/wp-content\/uploads\/2020\/05\/Facteurs-Chevaux.jpeg?resize=1536%2C1379&amp;ssl=1 1536w, https:\/\/i0.wp.com\/culturesco.com\/wp-content\/uploads\/2020\/05\/Facteurs-Chevaux.jpeg?resize=696%2C625&amp;ssl=1 696w, https:\/\/i0.wp.com\/culturesco.com\/wp-content\/uploads\/2020\/05\/Facteurs-Chevaux.jpeg?resize=1068%2C959&amp;ssl=1 1068w, https:\/\/i0.wp.com\/culturesco.com\/wp-content\/uploads\/2020\/05\/Facteurs-Chevaux.jpeg?resize=468%2C420&amp;ssl=1 468w, https:\/\/i0.wp.com\/culturesco.com\/wp-content\/uploads\/2020\/05\/Facteurs-Chevaux.jpeg?w=600&amp;ssl=1 600w\" sizes=\"auto, (max-width: 300px) 100vw, 300px\" \/><\/a><\/p>\n<h3 style=\"text-align: justify;\">Ancestral ou pr\u00e9monitoire\u00a0?<\/h3>\n<p style=\"text-align: justify;\"><strong>Facteurs Chevaux<\/strong> : deuxi\u00e8me album de ce duo plus qu\u2019intime. <strong>Fabien Guidollet<\/strong> et <strong>Sammy Decoster<\/strong> seraient donc les nouveaux <a href=\"https:\/\/fr.wikipedia.org\/wiki\/Simon_and_Garfunkel\" target=\"_blank\" rel=\"noopener noreferrer\">Simon and Garfunkel<\/a><strong> fran\u00e7ais<\/strong>, en plus discret encore musicalement. Une simple guitare les accompagne et les voix sont bien mises en avant ce qui est la moindre des choses.<\/p>\n<p style=\"text-align: justify;\">Sinc\u00e8rement, on a du mal \u00e0 croire que ce type de folk existe encore. Bas\u00e9 sur des chants tr\u00e8s bien arrang\u00e9s, des vocalises pr\u00e9cises et exquises, <strong>Facteurs Chevaux<\/strong> semble s\u2019\u00eatre arr\u00eat\u00e9 \u00e0 l\u2019\u00e9poque des troubadours.<\/p>\n<h3 style=\"text-align: justify;\"><em>Facteurs Chevaux &#8211; Firmament<\/em><\/h3>\n<div class=\"youtube-embed\" data-video_id=\"MBLNoJLe8vU\"><iframe loading=\"lazy\" title=\"Facteurs Chevaux - Firmament (official video)\" width=\"696\" height=\"392\" src=\"https:\/\/www.youtube.com\/embed\/MBLNoJLe8vU\" frameborder=\"0\" allow=\"accelerometer; autoplay; clipboard-write; encrypted-media; gyroscope; picture-in-picture; web-share\" referrerpolicy=\"strict-origin-when-cross-origin\" allowfullscreen><\/iframe><\/div>\n<p style=\"text-align: justify;\">Alors de deux choses l\u2019une\u00a0: soit les deux chanteurs ont d\u00e9cid\u00e9 que le monde n\u2019existe plus depuis le moyen-\u00e2ge et l\u00e0, ils sont \u00e0 la rue, soit ils ont anticip\u00e9 le futur qui nous attend (on pense \u00e0 <a href=\"https:\/\/culturesco.com\/index.php\/2019\/04\/19\/ange-1976-concert-et-interview\/\" target=\"_blank\" rel=\"noopener noreferrer\">Ange<\/a>, le rock en moins) et l\u00e0, ils sont visionnaires. En tout cas, <strong>voici donc les m\u00e9nestrels possiblement des temps anciens ou plus probablement des temps nouveaux<\/strong> qui raviront les amateurs de soir\u00e9es de contes au coin d\u2019un feu de bois.<\/p>\n<p style=\"text-align: justify;\"><strong>Facteurs Chevaux &#8211;\u00a0Chante-Nuit<\/strong><\/p>\n<p style=\"text-align: justify;\">(<a href=\"https:\/\/amzn.to\/3fwic02\" target=\"_blank\" rel=\"noopener noreferrer\">La Grange Aux Belles \/ Modulor<\/a>)<\/p>\n<p style=\"text-align: justify;\"><strong>Patrick B\u00e9nard<\/strong><\/p>\n","protected":false},"excerpt":{"rendered":"<p>Un folk m\u00e9di\u00e9val intime Ancestral ou pr\u00e9monitoire\u00a0? Facteurs Chevaux : deuxi\u00e8me album de ce duo plus qu\u2019intime. Fabien Guidollet et Sammy Decoster seraient donc les nouveaux Simon and Garfunkel fran\u00e7ais, en plus discret encore musicalement. Une simple guitare les accompagne et les voix sont bien mises en avant ce qui est la moindre des choses. [&hellip;]<\/p>\n","protected":false},"author":4,"featured_media":11316,"comment_status":"open","ping_status":"open","sticky":false,"template":"","format":"image","meta":{"jetpack_post_was_ever_published":false,"tdm_status":"","tdm_grid_status":"","_jetpack_newsletter_access":"","_jetpack_dont_email_post_to_subs":false,"_jetpack_newsletter_tier_id":0,"_jetpack_memberships_contains_paywalled_content":false,"_jetpack_memberships_contains_paid_content":false,"footnotes":""},"categories":[17],"tags":[72,40],"class_list":{"0":"post-11315","1":"post","2":"type-post","3":"status-publish","4":"format-image","5":"has-post-thumbnail","7":"category-carotte-rock-cultures","8":"tag-artiste-folk","9":"tag-chanson-francaise","10":"post_format-post-format-image"},"yoast_head":"<!-- This site is optimized with the Yoast SEO plugin v27.5 - https:\/\/yoast.com\/product\/yoast-seo-wordpress\/ -->\n<title>Facteurs Chevaux - Nouvel album Chante Nuit - Culturesco<\/title>\n<meta name=\"description\" content=\"CulturesCo | Facteurs Chevaux : Deuxi\u00e8me album de ce duo plus qu\u2019intime. Fabien Guidollet et Sammy Decoste pr\u00e9sentent l&#039;album Chante Nuit.\" \/>\n<meta name=\"robots\" content=\"index, follow, max-snippet:-1, max-image-preview:large, max-video-preview:-1\" \/>\n<link rel=\"canonical\" href=\"https:\/\/culturesco.com\/index.php\/2020\/05\/08\/facteurs-chevaux-chante-nuit\/\" \/>\n<meta property=\"og:locale\" content=\"fr_FR\" \/>\n<meta property=\"og:type\" content=\"article\" \/>\n<meta property=\"og:title\" content=\"Facteurs Chevaux - Nouvel album Chante Nuit - Culturesco\" \/>\n<meta property=\"og:description\" content=\"CulturesCo | Facteurs Chevaux : Deuxi\u00e8me album de ce duo plus qu\u2019intime. Fabien Guidollet et Sammy Decoste pr\u00e9sentent l&#039;album Chante Nuit.\" \/>\n<meta property=\"og:url\" content=\"https:\/\/culturesco.com\/index.php\/2020\/05\/08\/facteurs-chevaux-chante-nuit\/\" \/>\n<meta property=\"og:site_name\" content=\"Culturesco\" \/>\n<meta property=\"article:publisher\" content=\"https:\/\/www.facebook.com\/radioculturesco\" \/>\n<meta property=\"article:published_time\" content=\"2020-05-07T23:12:23+00:00\" \/>\n<meta property=\"article:modified_time\" content=\"2020-05-08T19:07:33+00:00\" \/>\n<meta property=\"og:image\" content=\"https:\/\/i0.wp.com\/culturesco.com\/wp-content\/uploads\/2020\/05\/Facteurs-Chevaux.jpeg?fit=600%2C539&ssl=1\" \/>\n\t<meta property=\"og:image:width\" content=\"600\" \/>\n\t<meta property=\"og:image:height\" content=\"539\" \/>\n\t<meta property=\"og:image:type\" content=\"image\/jpeg\" \/>\n<meta name=\"author\" content=\"Patrick Benard\" \/>\n<meta name=\"twitter:card\" content=\"summary_large_image\" \/>\n<meta name=\"twitter:creator\" content=\"@AugusteMarshal\" \/>\n<meta name=\"twitter:site\" content=\"@AugusteMarshal\" \/>\n<meta name=\"twitter:label1\" content=\"\u00c9crit par\" \/>\n\t<meta name=\"twitter:data1\" content=\"Patrick Benard\" \/>\n\t<meta name=\"twitter:label2\" content=\"Dur\u00e9e de lecture estim\u00e9e\" \/>\n\t<meta name=\"twitter:data2\" content=\"1 minute\" \/>\n<script type=\"application\/ld+json\" class=\"yoast-schema-graph\">{\"@context\":\"https:\\\/\\\/schema.org\",\"@graph\":[{\"@type\":\"Article\",\"@id\":\"https:\\\/\\\/culturesco.com\\\/index.php\\\/2020\\\/05\\\/08\\\/facteurs-chevaux-chante-nuit\\\/#article\",\"isPartOf\":{\"@id\":\"https:\\\/\\\/culturesco.com\\\/index.php\\\/2020\\\/05\\\/08\\\/facteurs-chevaux-chante-nuit\\\/\"},\"author\":{\"name\":\"Patrick Benard\",\"@id\":\"https:\\\/\\\/culturesco.com\\\/#\\\/schema\\\/person\\\/c2ddd6724863f3bbd20a8278df0891f3\"},\"headline\":\"Facteurs Chevaux &#8211; Nouvel album Chante Nuit\",\"datePublished\":\"2020-05-07T23:12:23+00:00\",\"dateModified\":\"2020-05-08T19:07:33+00:00\",\"mainEntityOfPage\":{\"@id\":\"https:\\\/\\\/culturesco.com\\\/index.php\\\/2020\\\/05\\\/08\\\/facteurs-chevaux-chante-nuit\\\/\"},\"wordCount\":215,\"commentCount\":0,\"publisher\":{\"@id\":\"https:\\\/\\\/culturesco.com\\\/#organization\"},\"image\":{\"@id\":\"https:\\\/\\\/culturesco.com\\\/index.php\\\/2020\\\/05\\\/08\\\/facteurs-chevaux-chante-nuit\\\/#primaryimage\"},\"thumbnailUrl\":\"https:\\\/\\\/i0.wp.com\\\/culturesco.com\\\/wp-content\\\/uploads\\\/2020\\\/05\\\/Facteurs-Chevaux.jpeg?fit=600%2C539&ssl=1\",\"keywords\":[\"Artiste Folk\",\"chanson fran\u00e7aise\"],\"articleSection\":[\"Carotte Rock Cultures\"],\"inLanguage\":\"fr-FR\",\"potentialAction\":[{\"@type\":\"CommentAction\",\"name\":\"Comment\",\"target\":[\"https:\\\/\\\/culturesco.com\\\/index.php\\\/2020\\\/05\\\/08\\\/facteurs-chevaux-chante-nuit\\\/#respond\"]}]},{\"@type\":\"WebPage\",\"@id\":\"https:\\\/\\\/culturesco.com\\\/index.php\\\/2020\\\/05\\\/08\\\/facteurs-chevaux-chante-nuit\\\/\",\"url\":\"https:\\\/\\\/culturesco.com\\\/index.php\\\/2020\\\/05\\\/08\\\/facteurs-chevaux-chante-nuit\\\/\",\"name\":\"Facteurs Chevaux - Nouvel album Chante Nuit - Culturesco\",\"isPartOf\":{\"@id\":\"https:\\\/\\\/culturesco.com\\\/#website\"},\"primaryImageOfPage\":{\"@id\":\"https:\\\/\\\/culturesco.com\\\/index.php\\\/2020\\\/05\\\/08\\\/facteurs-chevaux-chante-nuit\\\/#primaryimage\"},\"image\":{\"@id\":\"https:\\\/\\\/culturesco.com\\\/index.php\\\/2020\\\/05\\\/08\\\/facteurs-chevaux-chante-nuit\\\/#primaryimage\"},\"thumbnailUrl\":\"https:\\\/\\\/i0.wp.com\\\/culturesco.com\\\/wp-content\\\/uploads\\\/2020\\\/05\\\/Facteurs-Chevaux.jpeg?fit=600%2C539&ssl=1\",\"datePublished\":\"2020-05-07T23:12:23+00:00\",\"dateModified\":\"2020-05-08T19:07:33+00:00\",\"description\":\"CulturesCo | Facteurs Chevaux : Deuxi\u00e8me album de ce duo plus qu\u2019intime. Fabien Guidollet et Sammy Decoste pr\u00e9sentent l'album Chante Nuit.\",\"breadcrumb\":{\"@id\":\"https:\\\/\\\/culturesco.com\\\/index.php\\\/2020\\\/05\\\/08\\\/facteurs-chevaux-chante-nuit\\\/#breadcrumb\"},\"inLanguage\":\"fr-FR\",\"potentialAction\":[{\"@type\":\"ReadAction\",\"target\":[\"https:\\\/\\\/culturesco.com\\\/index.php\\\/2020\\\/05\\\/08\\\/facteurs-chevaux-chante-nuit\\\/\"]}]},{\"@type\":\"ImageObject\",\"inLanguage\":\"fr-FR\",\"@id\":\"https:\\\/\\\/culturesco.com\\\/index.php\\\/2020\\\/05\\\/08\\\/facteurs-chevaux-chante-nuit\\\/#primaryimage\",\"url\":\"https:\\\/\\\/i0.wp.com\\\/culturesco.com\\\/wp-content\\\/uploads\\\/2020\\\/05\\\/Facteurs-Chevaux.jpeg?fit=600%2C539&ssl=1\",\"contentUrl\":\"https:\\\/\\\/i0.wp.com\\\/culturesco.com\\\/wp-content\\\/uploads\\\/2020\\\/05\\\/Facteurs-Chevaux.jpeg?fit=600%2C539&ssl=1\",\"width\":600,\"height\":539,\"caption\":\"Facteurs Chevaux - Chante Nuit\"},{\"@type\":\"BreadcrumbList\",\"@id\":\"https:\\\/\\\/culturesco.com\\\/index.php\\\/2020\\\/05\\\/08\\\/facteurs-chevaux-chante-nuit\\\/#breadcrumb\",\"itemListElement\":[{\"@type\":\"ListItem\",\"position\":1,\"name\":\"Accueil\",\"item\":\"https:\\\/\\\/culturesco.com\\\/\"},{\"@type\":\"ListItem\",\"position\":2,\"name\":\"Facteurs Chevaux &#8211; Nouvel album Chante Nuit\"}]},{\"@type\":\"WebSite\",\"@id\":\"https:\\\/\\\/culturesco.com\\\/#website\",\"url\":\"https:\\\/\\\/culturesco.com\\\/\",\"name\":\"Culturesco\",\"description\":\"Culturesco | Un bon coup de pied dans ta Culture\",\"publisher\":{\"@id\":\"https:\\\/\\\/culturesco.com\\\/#organization\"},\"potentialAction\":[{\"@type\":\"SearchAction\",\"target\":{\"@type\":\"EntryPoint\",\"urlTemplate\":\"https:\\\/\\\/culturesco.com\\\/?s={search_term_string}\"},\"query-input\":{\"@type\":\"PropertyValueSpecification\",\"valueRequired\":true,\"valueName\":\"search_term_string\"}}],\"inLanguage\":\"fr-FR\"},{\"@type\":\"Organization\",\"@id\":\"https:\\\/\\\/culturesco.com\\\/#organization\",\"name\":\"CULTURESCO\",\"url\":\"https:\\\/\\\/culturesco.com\\\/\",\"logo\":{\"@type\":\"ImageObject\",\"inLanguage\":\"fr-FR\",\"@id\":\"https:\\\/\\\/culturesco.com\\\/#\\\/schema\\\/logo\\\/image\\\/\",\"url\":\"https:\\\/\\\/i0.wp.com\\\/culturesco.com\\\/wp-content\\\/uploads\\\/2022\\\/04\\\/culturesco-logo-blanc250p.png?fit=250%2C250&ssl=1\",\"contentUrl\":\"https:\\\/\\\/i0.wp.com\\\/culturesco.com\\\/wp-content\\\/uploads\\\/2022\\\/04\\\/culturesco-logo-blanc250p.png?fit=250%2C250&ssl=1\",\"width\":250,\"height\":250,\"caption\":\"CULTURESCO\"},\"image\":{\"@id\":\"https:\\\/\\\/culturesco.com\\\/#\\\/schema\\\/logo\\\/image\\\/\"},\"sameAs\":[\"https:\\\/\\\/www.facebook.com\\\/radioculturesco\",\"https:\\\/\\\/x.com\\\/AugusteMarshal\",\"https:\\\/\\\/www.instagram.com\\\/carotte_rock_culture\\\/\",\"https:\\\/\\\/www.pinterest.fr\\\/augustemarshal\\\/\",\"https:\\\/\\\/www.youtube.com\\\/channel\\\/UCiWLGffqWSXlNnfzp6YwwyQ\"]},{\"@type\":\"Person\",\"@id\":\"https:\\\/\\\/culturesco.com\\\/#\\\/schema\\\/person\\\/c2ddd6724863f3bbd20a8278df0891f3\",\"name\":\"Patrick Benard\",\"image\":{\"@type\":\"ImageObject\",\"inLanguage\":\"fr-FR\",\"@id\":\"https:\\\/\\\/i0.wp.com\\\/culturesco.com\\\/wp-content\\\/uploads\\\/2019\\\/02\\\/patrick-benard-2.jpg?fit=90%2C96&ssl=1\",\"url\":\"https:\\\/\\\/i0.wp.com\\\/culturesco.com\\\/wp-content\\\/uploads\\\/2019\\\/02\\\/patrick-benard-2.jpg?fit=90%2C96&ssl=1\",\"contentUrl\":\"https:\\\/\\\/i0.wp.com\\\/culturesco.com\\\/wp-content\\\/uploads\\\/2019\\\/02\\\/patrick-benard-2.jpg?fit=90%2C96&ssl=1\",\"caption\":\"Patrick Benard\"},\"description\":\"Ecrivain, chroniqueur, animateur radio, cr\u00e9ateur de la revue \u00ab Cin\u00e9manie \u00bb, autour du cin\u00e9ma dit d\u2019art et d\u2019essai, sp\u00e9cialiste du groupe The Cure, archiviste... 2020 : \\\"Le Post Rock\\\" essai sur le post rock de Mogwa\u00ef \u00e0 Godspeed You Black Emperor - Camion Blanc 2014 : \u00ab On the rocks \u2013le rock de 2007 \u00e0 2014 \u00bb chroniques livres et cd rocks, interviews \u2013Editions Vaillant 2010 : \u00ab Dans la T\u00eate de Robert Smith \u00bb, roman fiction autour de l\u2019histoire des Cure et de Robert Smith \u2013 Edilivres 2007 : \u00ab Chroniques Fr\u00e9n\u00e9tiques, une histoire intime du rock \u00bb, roman, prix Technikart. 2001 : \u00ab Les Iles du D\u00e9sert \u00bb, polar autour du rock \u2013 Editions Nykta\",\"url\":\"https:\\\/\\\/culturesco.com\\\/index.php\\\/author\\\/patrick-benard89\\\/\"}]}<\/script>\n<!-- \/ Yoast SEO plugin. -->","yoast_head_json":{"title":"Facteurs Chevaux - Nouvel album Chante Nuit - Culturesco","description":"CulturesCo | Facteurs Chevaux : Deuxi\u00e8me album de ce duo plus qu\u2019intime. Fabien Guidollet et Sammy Decoste pr\u00e9sentent l'album Chante Nuit.","robots":{"index":"index","follow":"follow","max-snippet":"max-snippet:-1","max-image-preview":"max-image-preview:large","max-video-preview":"max-video-preview:-1"},"canonical":"https:\/\/culturesco.com\/index.php\/2020\/05\/08\/facteurs-chevaux-chante-nuit\/","og_locale":"fr_FR","og_type":"article","og_title":"Facteurs Chevaux - Nouvel album Chante Nuit - Culturesco","og_description":"CulturesCo | Facteurs Chevaux : Deuxi\u00e8me album de ce duo plus qu\u2019intime. Fabien Guidollet et Sammy Decoste pr\u00e9sentent l'album Chante Nuit.","og_url":"https:\/\/culturesco.com\/index.php\/2020\/05\/08\/facteurs-chevaux-chante-nuit\/","og_site_name":"Culturesco","article_publisher":"https:\/\/www.facebook.com\/radioculturesco","article_published_time":"2020-05-07T23:12:23+00:00","article_modified_time":"2020-05-08T19:07:33+00:00","og_image":[{"width":600,"height":539,"url":"https:\/\/i0.wp.com\/culturesco.com\/wp-content\/uploads\/2020\/05\/Facteurs-Chevaux.jpeg?fit=600%2C539&ssl=1","type":"image\/jpeg"}],"author":"Patrick Benard","twitter_card":"summary_large_image","twitter_creator":"@AugusteMarshal","twitter_site":"@AugusteMarshal","twitter_misc":{"\u00c9crit par":"Patrick Benard","Dur\u00e9e de lecture estim\u00e9e":"1 minute"},"schema":{"@context":"https:\/\/schema.org","@graph":[{"@type":"Article","@id":"https:\/\/culturesco.com\/index.php\/2020\/05\/08\/facteurs-chevaux-chante-nuit\/#article","isPartOf":{"@id":"https:\/\/culturesco.com\/index.php\/2020\/05\/08\/facteurs-chevaux-chante-nuit\/"},"author":{"name":"Patrick Benard","@id":"https:\/\/culturesco.com\/#\/schema\/person\/c2ddd6724863f3bbd20a8278df0891f3"},"headline":"Facteurs Chevaux &#8211; Nouvel album Chante Nuit","datePublished":"2020-05-07T23:12:23+00:00","dateModified":"2020-05-08T19:07:33+00:00","mainEntityOfPage":{"@id":"https:\/\/culturesco.com\/index.php\/2020\/05\/08\/facteurs-chevaux-chante-nuit\/"},"wordCount":215,"commentCount":0,"publisher":{"@id":"https:\/\/culturesco.com\/#organization"},"image":{"@id":"https:\/\/culturesco.com\/index.php\/2020\/05\/08\/facteurs-chevaux-chante-nuit\/#primaryimage"},"thumbnailUrl":"https:\/\/i0.wp.com\/culturesco.com\/wp-content\/uploads\/2020\/05\/Facteurs-Chevaux.jpeg?fit=600%2C539&ssl=1","keywords":["Artiste Folk","chanson fran\u00e7aise"],"articleSection":["Carotte Rock Cultures"],"inLanguage":"fr-FR","potentialAction":[{"@type":"CommentAction","name":"Comment","target":["https:\/\/culturesco.com\/index.php\/2020\/05\/08\/facteurs-chevaux-chante-nuit\/#respond"]}]},{"@type":"WebPage","@id":"https:\/\/culturesco.com\/index.php\/2020\/05\/08\/facteurs-chevaux-chante-nuit\/","url":"https:\/\/culturesco.com\/index.php\/2020\/05\/08\/facteurs-chevaux-chante-nuit\/","name":"Facteurs Chevaux - Nouvel album Chante Nuit - Culturesco","isPartOf":{"@id":"https:\/\/culturesco.com\/#website"},"primaryImageOfPage":{"@id":"https:\/\/culturesco.com\/index.php\/2020\/05\/08\/facteurs-chevaux-chante-nuit\/#primaryimage"},"image":{"@id":"https:\/\/culturesco.com\/index.php\/2020\/05\/08\/facteurs-chevaux-chante-nuit\/#primaryimage"},"thumbnailUrl":"https:\/\/i0.wp.com\/culturesco.com\/wp-content\/uploads\/2020\/05\/Facteurs-Chevaux.jpeg?fit=600%2C539&ssl=1","datePublished":"2020-05-07T23:12:23+00:00","dateModified":"2020-05-08T19:07:33+00:00","description":"CulturesCo | Facteurs Chevaux : Deuxi\u00e8me album de ce duo plus qu\u2019intime. Fabien Guidollet et Sammy Decoste pr\u00e9sentent l'album Chante Nuit.","breadcrumb":{"@id":"https:\/\/culturesco.com\/index.php\/2020\/05\/08\/facteurs-chevaux-chante-nuit\/#breadcrumb"},"inLanguage":"fr-FR","potentialAction":[{"@type":"ReadAction","target":["https:\/\/culturesco.com\/index.php\/2020\/05\/08\/facteurs-chevaux-chante-nuit\/"]}]},{"@type":"ImageObject","inLanguage":"fr-FR","@id":"https:\/\/culturesco.com\/index.php\/2020\/05\/08\/facteurs-chevaux-chante-nuit\/#primaryimage","url":"https:\/\/i0.wp.com\/culturesco.com\/wp-content\/uploads\/2020\/05\/Facteurs-Chevaux.jpeg?fit=600%2C539&ssl=1","contentUrl":"https:\/\/i0.wp.com\/culturesco.com\/wp-content\/uploads\/2020\/05\/Facteurs-Chevaux.jpeg?fit=600%2C539&ssl=1","width":600,"height":539,"caption":"Facteurs Chevaux - Chante Nuit"},{"@type":"BreadcrumbList","@id":"https:\/\/culturesco.com\/index.php\/2020\/05\/08\/facteurs-chevaux-chante-nuit\/#breadcrumb","itemListElement":[{"@type":"ListItem","position":1,"name":"Accueil","item":"https:\/\/culturesco.com\/"},{"@type":"ListItem","position":2,"name":"Facteurs Chevaux &#8211; Nouvel album Chante Nuit"}]},{"@type":"WebSite","@id":"https:\/\/culturesco.com\/#website","url":"https:\/\/culturesco.com\/","name":"Culturesco","description":"Culturesco | Un bon coup de pied dans ta Culture","publisher":{"@id":"https:\/\/culturesco.com\/#organization"},"potentialAction":[{"@type":"SearchAction","target":{"@type":"EntryPoint","urlTemplate":"https:\/\/culturesco.com\/?s={search_term_string}"},"query-input":{"@type":"PropertyValueSpecification","valueRequired":true,"valueName":"search_term_string"}}],"inLanguage":"fr-FR"},{"@type":"Organization","@id":"https:\/\/culturesco.com\/#organization","name":"CULTURESCO","url":"https:\/\/culturesco.com\/","logo":{"@type":"ImageObject","inLanguage":"fr-FR","@id":"https:\/\/culturesco.com\/#\/schema\/logo\/image\/","url":"https:\/\/i0.wp.com\/culturesco.com\/wp-content\/uploads\/2022\/04\/culturesco-logo-blanc250p.png?fit=250%2C250&ssl=1","contentUrl":"https:\/\/i0.wp.com\/culturesco.com\/wp-content\/uploads\/2022\/04\/culturesco-logo-blanc250p.png?fit=250%2C250&ssl=1","width":250,"height":250,"caption":"CULTURESCO"},"image":{"@id":"https:\/\/culturesco.com\/#\/schema\/logo\/image\/"},"sameAs":["https:\/\/www.facebook.com\/radioculturesco","https:\/\/x.com\/AugusteMarshal","https:\/\/www.instagram.com\/carotte_rock_culture\/","https:\/\/www.pinterest.fr\/augustemarshal\/","https:\/\/www.youtube.com\/channel\/UCiWLGffqWSXlNnfzp6YwwyQ"]},{"@type":"Person","@id":"https:\/\/culturesco.com\/#\/schema\/person\/c2ddd6724863f3bbd20a8278df0891f3","name":"Patrick Benard","image":{"@type":"ImageObject","inLanguage":"fr-FR","@id":"https:\/\/i0.wp.com\/culturesco.com\/wp-content\/uploads\/2019\/02\/patrick-benard-2.jpg?fit=90%2C96&ssl=1","url":"https:\/\/i0.wp.com\/culturesco.com\/wp-content\/uploads\/2019\/02\/patrick-benard-2.jpg?fit=90%2C96&ssl=1","contentUrl":"https:\/\/i0.wp.com\/culturesco.com\/wp-content\/uploads\/2019\/02\/patrick-benard-2.jpg?fit=90%2C96&ssl=1","caption":"Patrick Benard"},"description":"Ecrivain, chroniqueur, animateur radio, cr\u00e9ateur de la revue \u00ab Cin\u00e9manie \u00bb, autour du cin\u00e9ma dit d\u2019art et d\u2019essai, sp\u00e9cialiste du groupe The Cure, archiviste... 2020 : \"Le Post Rock\" essai sur le post rock de Mogwa\u00ef \u00e0 Godspeed You Black Emperor - Camion Blanc 2014 : \u00ab On the rocks \u2013le rock de 2007 \u00e0 2014 \u00bb chroniques livres et cd rocks, interviews \u2013Editions Vaillant 2010 : \u00ab Dans la T\u00eate de Robert Smith \u00bb, roman fiction autour de l\u2019histoire des Cure et de Robert Smith \u2013 Edilivres 2007 : \u00ab Chroniques Fr\u00e9n\u00e9tiques, une histoire intime du rock \u00bb, roman, prix Technikart. 2001 : \u00ab Les Iles du D\u00e9sert \u00bb, polar autour du rock \u2013 Editions Nykta","url":"https:\/\/culturesco.com\/index.php\/author\/patrick-benard89\/"}]}},"jetpack_featured_media_url":"https:\/\/i0.wp.com\/culturesco.com\/wp-content\/uploads\/2020\/05\/Facteurs-Chevaux.jpeg?fit=600%2C539&ssl=1","jetpack_likes_enabled":true,"jetpack_sharing_enabled":true,"jetpack_shortlink":"https:\/\/wp.me\/paz89I-2Wv","_links":{"self":[{"href":"https:\/\/culturesco.com\/index.php\/wp-json\/wp\/v2\/posts\/11315","targetHints":{"allow":["GET"]}}],"collection":[{"href":"https:\/\/culturesco.com\/index.php\/wp-json\/wp\/v2\/posts"}],"about":[{"href":"https:\/\/culturesco.com\/index.php\/wp-json\/wp\/v2\/types\/post"}],"author":[{"embeddable":true,"href":"https:\/\/culturesco.com\/index.php\/wp-json\/wp\/v2\/users\/4"}],"replies":[{"embeddable":true,"href":"https:\/\/culturesco.com\/index.php\/wp-json\/wp\/v2\/comments?post=11315"}],"version-history":[{"count":0,"href":"https:\/\/culturesco.com\/index.php\/wp-json\/wp\/v2\/posts\/11315\/revisions"}],"wp:featuredmedia":[{"embeddable":true,"href":"https:\/\/culturesco.com\/index.php\/wp-json\/wp\/v2\/media\/11316"}],"wp:attachment":[{"href":"https:\/\/culturesco.com\/index.php\/wp-json\/wp\/v2\/media?parent=11315"}],"wp:term":[{"taxonomy":"category","embeddable":true,"href":"https:\/\/culturesco.com\/index.php\/wp-json\/wp\/v2\/categories?post=11315"},{"taxonomy":"post_tag","embeddable":true,"href":"https:\/\/culturesco.com\/index.php\/wp-json\/wp\/v2\/tags?post=11315"}],"curies":[{"name":"wp","href":"https:\/\/api.w.org\/{rel}","templated":true}]}}