{"id":11199,"date":"2020-04-28T22:44:56","date_gmt":"2020-04-28T20:44:56","guid":{"rendered":"https:\/\/culturesco.com\/?p=11199"},"modified":"2020-04-28T23:13:58","modified_gmt":"2020-04-28T21:13:58","slug":"de-radio-caroline-a-la-bande-fm-daniel-lesueur-editions-du-camion-blanc","status":"publish","type":"post","link":"https:\/\/culturesco.com\/index.php\/2020\/04\/28\/de-radio-caroline-a-la-bande-fm-daniel-lesueur-editions-du-camion-blanc\/","title":{"rendered":"De Radio Caroline \u00e0 la Bande FM"},"content":{"rendered":"<h2 style=\"text-align: justify;\">De Radio Caroline \u00e0 la Bande FM<\/h2>\n<p><a href=\"https:\/\/i0.wp.com\/culturesco.com\/wp-content\/uploads\/2020\/04\/Radio-Caroline-Front.jpg?ssl=1\"><img data-recalc-dims=\"1\" loading=\"lazy\" decoding=\"async\" class=\"aligncenter wp-image-11200\" src=\"https:\/\/i0.wp.com\/culturesco.com\/wp-content\/uploads\/2020\/04\/Radio-Caroline-Front.jpg?resize=485%2C249&#038;ssl=1\" alt=\"De Radio Caroline \u00e0 la Bande FM\" width=\"485\" height=\"249\" srcset=\"https:\/\/i0.wp.com\/culturesco.com\/wp-content\/uploads\/2020\/04\/Radio-Caroline-Front.jpg?resize=300%2C154&amp;ssl=1 300w, https:\/\/i0.wp.com\/culturesco.com\/wp-content\/uploads\/2020\/04\/Radio-Caroline-Front.jpg?resize=768%2C395&amp;ssl=1 768w, https:\/\/i0.wp.com\/culturesco.com\/wp-content\/uploads\/2020\/04\/Radio-Caroline-Front.jpg?resize=696%2C358&amp;ssl=1 696w, https:\/\/i0.wp.com\/culturesco.com\/wp-content\/uploads\/2020\/04\/Radio-Caroline-Front.jpg?resize=1068%2C550&amp;ssl=1 1068w, https:\/\/i0.wp.com\/culturesco.com\/wp-content\/uploads\/2020\/04\/Radio-Caroline-Front.jpg?resize=816%2C420&amp;ssl=1 816w, https:\/\/i0.wp.com\/culturesco.com\/wp-content\/uploads\/2020\/04\/Radio-Caroline-Front.jpg?w=600&amp;ssl=1 600w\" sizes=\"auto, (max-width: 485px) 100vw, 485px\" \/><\/a><\/p>\n<h3>Un pirate irlandais<\/h3>\n<p style=\"text-align: justify;\"><a href=\"https:\/\/en.wikipedia.org\/wiki\/Ronan_O%27Rahilly\" target=\"_blank\" rel=\"noopener noreferrer\"><strong>Rohan O\u2019Rahilly<\/strong><\/a>, fondateur irlandais de <strong>Radio Caroline<\/strong>, nous a quitt\u00e9 ce mois-ci. Peu avant (Dons divinatoires ?), les <a href=\"http:\/\/www.camionblanc.com\/\" target=\"_blank\" rel=\"noopener noreferrer\"><strong>Editions du Camion Blanc<\/strong> <\/a>ont sorti une nouvelle \u00e9dition (premi\u00e8re \u00e9dition en 2011) de l\u2019excellent ouvrage de <a href=\"https:\/\/fr.wikipedia.org\/wiki\/Daniel_Lesueur\" target=\"_blank\" rel=\"noopener noreferrer\"><strong>Daniel Lesueur<\/strong><\/a> sur <strong>l\u2019histoire des radios pirates.<\/strong> Rendons <strong>hommage au Capitaine irlandais<\/strong> qui barra son cargo contre vents et mar\u00e9es et, surtout, <strong>contre l\u2019establishment anglais.<\/strong><\/p>\n<h3>Chronique du livre sur Cultures Co<\/h3>\n<blockquote class=\"wp-embedded-content\" data-secret=\"0tTzQwqpjq\"><p><a href=\"https:\/\/culturesco.com\/index.php\/2019\/03\/17\/histoire-de-radio-caroline-et-des-radios-pirates-plus-de-50-ans-d-existence\/\">Radio Caroline : plus de 50 ans d&rsquo;existence<\/a><\/p><\/blockquote>\n<p><iframe loading=\"lazy\" class=\"wp-embedded-content\" sandbox=\"allow-scripts\" security=\"restricted\" style=\"position: absolute; visibility: hidden;\" title=\"\u00ab\u00a0Radio Caroline : plus de 50 ans d&rsquo;existence\u00a0\u00bb &#8212; Culturesco\" src=\"https:\/\/culturesco.com\/index.php\/2019\/03\/17\/histoire-de-radio-caroline-et-des-radios-pirates-plus-de-50-ans-d-existence\/embed\/#?secret=eX79igD3c9#?secret=0tTzQwqpjq\" data-secret=\"0tTzQwqpjq\" width=\"600\" height=\"338\" frameborder=\"0\" marginwidth=\"0\" marginheight=\"0\" scrolling=\"no\"><\/iframe><\/p>\n<blockquote>\n<h3 style=\"text-align: justify;\"><em>\u00abIl y a cinquante ans (juin 1970), apr\u00e8s une campagne men\u00e9e par Radio Caroline, Harold Wilson perdait son si\u00e8ge de Premier ministre. Les jeunes Anglais lui faisaient payer le fait d&rsquo;avoir, trois ans plus t\u00f4t, r\u00e9duit au silence les si populaires \u00ab\u00a0radios pirates\u00a0\u00bb. En France, que serait-il advenu si le gouvernement Mitterrand avait mis \u00e0 ex\u00e9cution sa menace d&rsquo;interdire N.R.J. ? Meurtre, espionnage, attaque \u00e0 la bombe\u2026 Ces jeunes gens passionn\u00e9s de communication \u00e9taient de redoutables hommes d&rsquo;affaires, capables de commettre les pires m\u00e9faits, l\u00e0 o\u00f9 la loi ne pouvait les atteindre, le plus souvent \u00e0 bord de rafiots ancr\u00e9s au-del\u00e0 des limites territoriales. Le comble est qu&rsquo;apr\u00e8s avoir \u00e9t\u00e9 pourchass\u00e9es durant des d\u00e9cennies, elles renaissent aujourd&rsquo;hui en toute l\u00e9galit\u00e9 sur Internet. Les radios pirates ont transform\u00e9 en profondeur le monde de la radio. Peut-\u00eatre m\u00eame le monde tout court ! C&rsquo;est leur tumultueuse et passionnante histoire que pr\u00e9sente ici Daniel Lesueur\u00bb.<\/em><\/h3>\n<\/blockquote>\n<p><a href=\"https:\/\/i0.wp.com\/culturesco.com\/wp-content\/uploads\/2020\/04\/Radio-Caroline-plus.jpg?ssl=1\"><img data-recalc-dims=\"1\" loading=\"lazy\" decoding=\"async\" class=\"aligncenter wp-image-11202\" src=\"https:\/\/i0.wp.com\/culturesco.com\/wp-content\/uploads\/2020\/04\/Radio-Caroline-plus.jpg?resize=469%2C261&#038;ssl=1\" alt=\"De Radio Caroline \u00e0 la Bande FM\" width=\"469\" height=\"261\" srcset=\"https:\/\/i0.wp.com\/culturesco.com\/wp-content\/uploads\/2020\/04\/Radio-Caroline-plus.jpg?resize=300%2C167&amp;ssl=1 300w, https:\/\/i0.wp.com\/culturesco.com\/wp-content\/uploads\/2020\/04\/Radio-Caroline-plus.jpg?resize=768%2C428&amp;ssl=1 768w, https:\/\/i0.wp.com\/culturesco.com\/wp-content\/uploads\/2020\/04\/Radio-Caroline-plus.jpg?resize=696%2C388&amp;ssl=1 696w, https:\/\/i0.wp.com\/culturesco.com\/wp-content\/uploads\/2020\/04\/Radio-Caroline-plus.jpg?resize=754%2C420&amp;ssl=1 754w, https:\/\/i0.wp.com\/culturesco.com\/wp-content\/uploads\/2020\/04\/Radio-Caroline-plus.jpg?w=600&amp;ssl=1 600w\" sizes=\"auto, (max-width: 469px) 100vw, 469px\" \/><\/a><\/p>\n<p style=\"text-align: justify;\">Pour une plong\u00e9e abyssale dans ce qui fait qu\u2019existent aujourd\u2019hui toutes ces <strong>fr\u00e9quences Rock sur la Toile,<\/strong> remontons le courant vers les origines. Bandeau sur l\u2019\u0153il, sabre d\u2019abordage au clair, couteau entre les dents, l\u00e2chons un ris puis virons de bord pour <strong>nous emparer de cet ouvrage<\/strong>, sacre bleu !<\/p>\n<p style=\"text-align: justify;\">Le livre est \u00e0 mettre en parall\u00e8le de l\u2019<strong>excellent film<\/strong> de Richard Curtis sorti en 2009 : <strong><em><a href=\"https:\/\/www.youtube.com\/watch?v=rpNb0bIoLqs\" target=\"_blank\" rel=\"noopener noreferrer\">Good morning England<\/a> \u2013 1 Bateau. 8 DJ\u2019s. 0 Limites<\/em><\/strong>, o\u00f9 des Dj\u2019s tr\u00e8s typ\u00e9s, qui prog rock, qui power pop, s\u2019en donnent \u00e0 c\u0153ur joie.<\/p>\n<p style=\"text-align: justify;\">CQFD ?<\/p>\n<h3>The KINKS &#8211; All day and all of the night<\/h3>\n<div class=\"youtube-embed\" data-video_id=\"fOGMRnKl5co\"><iframe loading=\"lazy\" title=\"The Kinks - All Day And All Of The Night (Official Audio)\" width=\"696\" height=\"392\" src=\"https:\/\/www.youtube.com\/embed\/fOGMRnKl5co\" frameborder=\"0\" allow=\"accelerometer; autoplay; clipboard-write; encrypted-media; gyroscope; picture-in-picture; web-share\" referrerpolicy=\"strict-origin-when-cross-origin\" allowfullscreen><\/iframe><\/div>\n<p style=\"text-align: justify;\">De fait, <strong>Radio Caroline<\/strong>, et tous ces mordus de piraterie, firent <strong>plus pour la jeunesse europ\u00e9enne<\/strong> que n\u2019importe quel cours d\u2019\u00e9ducation civique, ouvrant des carcans vieux de plusieurs si\u00e8cles. En Angleterre, combien d\u2019adolescentes et adolescents ont-elles et ils <strong>chass\u00e9s la grisaille<\/strong> qui entravait leur vision d\u2019un monde \u00ab jeunes \u00bb en allumant leurs transistors \u00e0 une heure o\u00f9 elles et ils \u00e9taient cens\u00e9s dormir ? Sans parler de <strong>ce qui se tramait sous les couvertures \u2026<\/strong><\/p>\n<p style=\"text-align: justify;\">C\u2019est tout cela et bien plus que <strong>l\u2019ouvrage de<\/strong> <strong>Daniel Lesueur<\/strong> <strong>nous expose,<\/strong> sans oublier la pointe d\u2019humour qui caract\u00e9rise sa narration : la gloire des 60\u2019s allumant une <strong>conscience pop&rsquo;n&rsquo;rock.<\/strong><\/p>\n<h3>THEM &#8211; Gloria<\/h3>\n<div class=\"youtube-embed\" data-video_id=\"34ZKxt2p6tM\"><iframe loading=\"lazy\" title=\"THEM...gloria  1964 )\" width=\"696\" height=\"522\" src=\"https:\/\/www.youtube.com\/embed\/34ZKxt2p6tM\" frameborder=\"0\" allow=\"accelerometer; autoplay; clipboard-write; encrypted-media; gyroscope; picture-in-picture; web-share\" referrerpolicy=\"strict-origin-when-cross-origin\" allowfullscreen><\/iframe><\/div>\n<p style=\"text-align: justify;\"><strong>An 2020<\/strong>, soixante ans plus tard, la pop et le rock pourraient bien <strong>nous sauver une nouvelle fois<\/strong> d\u2019une toute autre pr\u00e9occupation, mortelle, celle-l\u00e0.<\/p>\n<p>Thierry Dauge<\/p>\n","protected":false},"excerpt":{"rendered":"<p>De Radio Caroline \u00e0 la Bande FM Un pirate irlandais Rohan O\u2019Rahilly, fondateur irlandais de Radio Caroline, nous a quitt\u00e9 ce mois-ci. Peu avant (Dons divinatoires ?), les Editions du Camion Blanc ont sorti une nouvelle \u00e9dition (premi\u00e8re \u00e9dition en 2011) de l\u2019excellent ouvrage de Daniel Lesueur sur l\u2019histoire des radios pirates. Rendons hommage au [&hellip;]<\/p>\n","protected":false},"author":3,"featured_media":11200,"comment_status":"open","ping_status":"open","sticky":false,"template":"","format":"image","meta":{"jetpack_post_was_ever_published":false,"tdm_status":"","tdm_grid_status":"","_jetpack_newsletter_access":"","_jetpack_dont_email_post_to_subs":false,"_jetpack_newsletter_tier_id":0,"_jetpack_memberships_contains_paywalled_content":false,"_jetpack_memberships_contains_paid_content":false,"footnotes":""},"categories":[17,23],"tags":[20,83],"class_list":{"0":"post-11199","1":"post","2":"type-post","3":"status-publish","4":"format-image","5":"has-post-thumbnail","7":"category-carotte-rock-cultures","8":"category-chroniques-litteraires","9":"tag-livre-rock","10":"tag-radio-rock","11":"post_format-post-format-image"},"yoast_head":"<!-- This site is optimized with the Yoast SEO plugin v27.5 - https:\/\/yoast.com\/product\/yoast-seo-wordpress\/ -->\n<title>De Radio Caroline \u00e0 la Bande FM - Culturesco Radio Caroline<\/title>\n<meta name=\"description\" content=\"CulturesCo | Histoire des radios pirates, de Radio Caroline \u00e0 la Bande FM. Comment des mordus de pop et de rock r\u00e9veillent l&#039;Angleterre\" \/>\n<meta name=\"robots\" content=\"index, follow, max-snippet:-1, max-image-preview:large, max-video-preview:-1\" \/>\n<link rel=\"canonical\" href=\"https:\/\/culturesco.com\/index.php\/2020\/04\/28\/de-radio-caroline-a-la-bande-fm-daniel-lesueur-editions-du-camion-blanc\/\" \/>\n<meta property=\"og:locale\" content=\"fr_FR\" \/>\n<meta property=\"og:type\" content=\"article\" \/>\n<meta property=\"og:title\" content=\"De Radio Caroline \u00e0 la Bande FM - Culturesco Radio Caroline\" \/>\n<meta property=\"og:description\" content=\"CulturesCo | Histoire des radios pirates, de Radio Caroline \u00e0 la Bande FM. Comment des mordus de pop et de rock r\u00e9veillent l&#039;Angleterre\" \/>\n<meta property=\"og:url\" content=\"https:\/\/culturesco.com\/index.php\/2020\/04\/28\/de-radio-caroline-a-la-bande-fm-daniel-lesueur-editions-du-camion-blanc\/\" \/>\n<meta property=\"og:site_name\" content=\"Culturesco\" \/>\n<meta property=\"article:publisher\" content=\"https:\/\/www.facebook.com\/radioculturesco\" \/>\n<meta property=\"article:published_time\" content=\"2020-04-28T20:44:56+00:00\" \/>\n<meta property=\"article:modified_time\" content=\"2020-04-28T21:13:58+00:00\" \/>\n<meta property=\"og:image\" content=\"https:\/\/i2.wp.com\/culturesco.com\/wp-content\/uploads\/2020\/04\/Radio-Caroline-Front.jpg?fit=600%2C309&ssl=1\" \/>\n\t<meta property=\"og:image:width\" content=\"600\" \/>\n\t<meta property=\"og:image:height\" content=\"309\" \/>\n\t<meta property=\"og:image:type\" content=\"image\/jpeg\" \/>\n<meta name=\"author\" content=\"Thierry Dauge\" \/>\n<meta name=\"twitter:card\" content=\"summary_large_image\" \/>\n<meta name=\"twitter:creator\" content=\"@AugusteMarshal\" \/>\n<meta name=\"twitter:site\" content=\"@AugusteMarshal\" \/>\n<meta name=\"twitter:label1\" content=\"\u00c9crit par\" \/>\n\t<meta name=\"twitter:data1\" content=\"Thierry Dauge\" \/>\n\t<meta name=\"twitter:label2\" content=\"Dur\u00e9e de lecture estim\u00e9e\" \/>\n\t<meta name=\"twitter:data2\" content=\"3 minutes\" \/>\n<script type=\"application\/ld+json\" class=\"yoast-schema-graph\">{\"@context\":\"https:\\\/\\\/schema.org\",\"@graph\":[{\"@type\":\"Article\",\"@id\":\"https:\\\/\\\/culturesco.com\\\/index.php\\\/2020\\\/04\\\/28\\\/de-radio-caroline-a-la-bande-fm-daniel-lesueur-editions-du-camion-blanc\\\/#article\",\"isPartOf\":{\"@id\":\"https:\\\/\\\/culturesco.com\\\/index.php\\\/2020\\\/04\\\/28\\\/de-radio-caroline-a-la-bande-fm-daniel-lesueur-editions-du-camion-blanc\\\/\"},\"author\":{\"name\":\"Thierry Dauge\",\"@id\":\"https:\\\/\\\/culturesco.com\\\/#\\\/schema\\\/person\\\/19f04cf232d246197f6e7d62abe6cb0e\"},\"headline\":\"De Radio Caroline \u00e0 la Bande FM\",\"datePublished\":\"2020-04-28T20:44:56+00:00\",\"dateModified\":\"2020-04-28T21:13:58+00:00\",\"mainEntityOfPage\":{\"@id\":\"https:\\\/\\\/culturesco.com\\\/index.php\\\/2020\\\/04\\\/28\\\/de-radio-caroline-a-la-bande-fm-daniel-lesueur-editions-du-camion-blanc\\\/\"},\"wordCount\":534,\"commentCount\":0,\"publisher\":{\"@id\":\"https:\\\/\\\/culturesco.com\\\/#organization\"},\"image\":{\"@id\":\"https:\\\/\\\/culturesco.com\\\/index.php\\\/2020\\\/04\\\/28\\\/de-radio-caroline-a-la-bande-fm-daniel-lesueur-editions-du-camion-blanc\\\/#primaryimage\"},\"thumbnailUrl\":\"https:\\\/\\\/i0.wp.com\\\/culturesco.com\\\/wp-content\\\/uploads\\\/2020\\\/04\\\/Radio-Caroline-Front.jpg?fit=600%2C309&ssl=1\",\"keywords\":[\"Livre Rock\",\"radio rock\"],\"articleSection\":[\"Carotte Rock Cultures\",\"Chroniques litt\u00e9raires\"],\"inLanguage\":\"fr-FR\",\"potentialAction\":[{\"@type\":\"CommentAction\",\"name\":\"Comment\",\"target\":[\"https:\\\/\\\/culturesco.com\\\/index.php\\\/2020\\\/04\\\/28\\\/de-radio-caroline-a-la-bande-fm-daniel-lesueur-editions-du-camion-blanc\\\/#respond\"]}]},{\"@type\":\"WebPage\",\"@id\":\"https:\\\/\\\/culturesco.com\\\/index.php\\\/2020\\\/04\\\/28\\\/de-radio-caroline-a-la-bande-fm-daniel-lesueur-editions-du-camion-blanc\\\/\",\"url\":\"https:\\\/\\\/culturesco.com\\\/index.php\\\/2020\\\/04\\\/28\\\/de-radio-caroline-a-la-bande-fm-daniel-lesueur-editions-du-camion-blanc\\\/\",\"name\":\"De Radio Caroline \u00e0 la Bande FM - Culturesco Radio Caroline\",\"isPartOf\":{\"@id\":\"https:\\\/\\\/culturesco.com\\\/#website\"},\"primaryImageOfPage\":{\"@id\":\"https:\\\/\\\/culturesco.com\\\/index.php\\\/2020\\\/04\\\/28\\\/de-radio-caroline-a-la-bande-fm-daniel-lesueur-editions-du-camion-blanc\\\/#primaryimage\"},\"image\":{\"@id\":\"https:\\\/\\\/culturesco.com\\\/index.php\\\/2020\\\/04\\\/28\\\/de-radio-caroline-a-la-bande-fm-daniel-lesueur-editions-du-camion-blanc\\\/#primaryimage\"},\"thumbnailUrl\":\"https:\\\/\\\/i0.wp.com\\\/culturesco.com\\\/wp-content\\\/uploads\\\/2020\\\/04\\\/Radio-Caroline-Front.jpg?fit=600%2C309&ssl=1\",\"datePublished\":\"2020-04-28T20:44:56+00:00\",\"dateModified\":\"2020-04-28T21:13:58+00:00\",\"description\":\"CulturesCo | Histoire des radios pirates, de Radio Caroline \u00e0 la Bande FM. Comment des mordus de pop et de rock r\u00e9veillent l'Angleterre\",\"breadcrumb\":{\"@id\":\"https:\\\/\\\/culturesco.com\\\/index.php\\\/2020\\\/04\\\/28\\\/de-radio-caroline-a-la-bande-fm-daniel-lesueur-editions-du-camion-blanc\\\/#breadcrumb\"},\"inLanguage\":\"fr-FR\",\"potentialAction\":[{\"@type\":\"ReadAction\",\"target\":[\"https:\\\/\\\/culturesco.com\\\/index.php\\\/2020\\\/04\\\/28\\\/de-radio-caroline-a-la-bande-fm-daniel-lesueur-editions-du-camion-blanc\\\/\"]}]},{\"@type\":\"ImageObject\",\"inLanguage\":\"fr-FR\",\"@id\":\"https:\\\/\\\/culturesco.com\\\/index.php\\\/2020\\\/04\\\/28\\\/de-radio-caroline-a-la-bande-fm-daniel-lesueur-editions-du-camion-blanc\\\/#primaryimage\",\"url\":\"https:\\\/\\\/i0.wp.com\\\/culturesco.com\\\/wp-content\\\/uploads\\\/2020\\\/04\\\/Radio-Caroline-Front.jpg?fit=600%2C309&ssl=1\",\"contentUrl\":\"https:\\\/\\\/i0.wp.com\\\/culturesco.com\\\/wp-content\\\/uploads\\\/2020\\\/04\\\/Radio-Caroline-Front.jpg?fit=600%2C309&ssl=1\",\"width\":600,\"height\":309,\"caption\":\"De Radio Caroline \u00e0 la Bande FM\"},{\"@type\":\"BreadcrumbList\",\"@id\":\"https:\\\/\\\/culturesco.com\\\/index.php\\\/2020\\\/04\\\/28\\\/de-radio-caroline-a-la-bande-fm-daniel-lesueur-editions-du-camion-blanc\\\/#breadcrumb\",\"itemListElement\":[{\"@type\":\"ListItem\",\"position\":1,\"name\":\"Accueil\",\"item\":\"https:\\\/\\\/culturesco.com\\\/\"},{\"@type\":\"ListItem\",\"position\":2,\"name\":\"De Radio Caroline \u00e0 la Bande FM\"}]},{\"@type\":\"WebSite\",\"@id\":\"https:\\\/\\\/culturesco.com\\\/#website\",\"url\":\"https:\\\/\\\/culturesco.com\\\/\",\"name\":\"Culturesco\",\"description\":\"Culturesco | Un bon coup de pied dans ta Culture\",\"publisher\":{\"@id\":\"https:\\\/\\\/culturesco.com\\\/#organization\"},\"potentialAction\":[{\"@type\":\"SearchAction\",\"target\":{\"@type\":\"EntryPoint\",\"urlTemplate\":\"https:\\\/\\\/culturesco.com\\\/?s={search_term_string}\"},\"query-input\":{\"@type\":\"PropertyValueSpecification\",\"valueRequired\":true,\"valueName\":\"search_term_string\"}}],\"inLanguage\":\"fr-FR\"},{\"@type\":\"Organization\",\"@id\":\"https:\\\/\\\/culturesco.com\\\/#organization\",\"name\":\"CULTURESCO\",\"url\":\"https:\\\/\\\/culturesco.com\\\/\",\"logo\":{\"@type\":\"ImageObject\",\"inLanguage\":\"fr-FR\",\"@id\":\"https:\\\/\\\/culturesco.com\\\/#\\\/schema\\\/logo\\\/image\\\/\",\"url\":\"https:\\\/\\\/i0.wp.com\\\/culturesco.com\\\/wp-content\\\/uploads\\\/2022\\\/04\\\/culturesco-logo-blanc250p.png?fit=250%2C250&ssl=1\",\"contentUrl\":\"https:\\\/\\\/i0.wp.com\\\/culturesco.com\\\/wp-content\\\/uploads\\\/2022\\\/04\\\/culturesco-logo-blanc250p.png?fit=250%2C250&ssl=1\",\"width\":250,\"height\":250,\"caption\":\"CULTURESCO\"},\"image\":{\"@id\":\"https:\\\/\\\/culturesco.com\\\/#\\\/schema\\\/logo\\\/image\\\/\"},\"sameAs\":[\"https:\\\/\\\/www.facebook.com\\\/radioculturesco\",\"https:\\\/\\\/x.com\\\/AugusteMarshal\",\"https:\\\/\\\/www.instagram.com\\\/carotte_rock_culture\\\/\",\"https:\\\/\\\/www.pinterest.fr\\\/augustemarshal\\\/\",\"https:\\\/\\\/www.youtube.com\\\/channel\\\/UCiWLGffqWSXlNnfzp6YwwyQ\"]},{\"@type\":\"Person\",\"@id\":\"https:\\\/\\\/culturesco.com\\\/#\\\/schema\\\/person\\\/19f04cf232d246197f6e7d62abe6cb0e\",\"name\":\"Thierry Dauge\",\"image\":{\"@type\":\"ImageObject\",\"inLanguage\":\"fr-FR\",\"@id\":\"https:\\\/\\\/i0.wp.com\\\/culturesco.com\\\/wp-content\\\/uploads\\\/2018\\\/12\\\/Black-Beauty-and-me.jpg?fit=96%2C96&ssl=1\",\"url\":\"https:\\\/\\\/i0.wp.com\\\/culturesco.com\\\/wp-content\\\/uploads\\\/2018\\\/12\\\/Black-Beauty-and-me.jpg?fit=96%2C96&ssl=1\",\"contentUrl\":\"https:\\\/\\\/i0.wp.com\\\/culturesco.com\\\/wp-content\\\/uploads\\\/2018\\\/12\\\/Black-Beauty-and-me.jpg?fit=96%2C96&ssl=1\",\"caption\":\"Thierry Dauge\"},\"description\":\"Amoureux des 70\u2019s et du hard rock en particulier, Thierry Dauge est chroniqueur sur Culturesco par amour de l\u2019\u00e9criture musicale. Co-auteur du livre\\\"Pop rock - Les instruments de l'ombre\\\" aux \u00e9ditions du Camion Blanc, collaborateur de Vivi pour \\\"Mes Ann\u00e9es Trust\\\", auteur de \\\"Sparks\\\" aux \u00e9ditions du Layeur, parce que le rock est loin d'\u00eatre mort ...\",\"url\":\"https:\\\/\\\/culturesco.com\\\/index.php\\\/author\\\/thierry-dauge888\\\/\"}]}<\/script>\n<!-- \/ Yoast SEO plugin. -->","yoast_head_json":{"title":"De Radio Caroline \u00e0 la Bande FM - Culturesco Radio Caroline","description":"CulturesCo | Histoire des radios pirates, de Radio Caroline \u00e0 la Bande FM. Comment des mordus de pop et de rock r\u00e9veillent l'Angleterre","robots":{"index":"index","follow":"follow","max-snippet":"max-snippet:-1","max-image-preview":"max-image-preview:large","max-video-preview":"max-video-preview:-1"},"canonical":"https:\/\/culturesco.com\/index.php\/2020\/04\/28\/de-radio-caroline-a-la-bande-fm-daniel-lesueur-editions-du-camion-blanc\/","og_locale":"fr_FR","og_type":"article","og_title":"De Radio Caroline \u00e0 la Bande FM - Culturesco Radio Caroline","og_description":"CulturesCo | Histoire des radios pirates, de Radio Caroline \u00e0 la Bande FM. Comment des mordus de pop et de rock r\u00e9veillent l'Angleterre","og_url":"https:\/\/culturesco.com\/index.php\/2020\/04\/28\/de-radio-caroline-a-la-bande-fm-daniel-lesueur-editions-du-camion-blanc\/","og_site_name":"Culturesco","article_publisher":"https:\/\/www.facebook.com\/radioculturesco","article_published_time":"2020-04-28T20:44:56+00:00","article_modified_time":"2020-04-28T21:13:58+00:00","og_image":[{"width":600,"height":309,"url":"https:\/\/i2.wp.com\/culturesco.com\/wp-content\/uploads\/2020\/04\/Radio-Caroline-Front.jpg?fit=600%2C309&ssl=1","type":"image\/jpeg"}],"author":"Thierry Dauge","twitter_card":"summary_large_image","twitter_creator":"@AugusteMarshal","twitter_site":"@AugusteMarshal","twitter_misc":{"\u00c9crit par":"Thierry Dauge","Dur\u00e9e de lecture estim\u00e9e":"3 minutes"},"schema":{"@context":"https:\/\/schema.org","@graph":[{"@type":"Article","@id":"https:\/\/culturesco.com\/index.php\/2020\/04\/28\/de-radio-caroline-a-la-bande-fm-daniel-lesueur-editions-du-camion-blanc\/#article","isPartOf":{"@id":"https:\/\/culturesco.com\/index.php\/2020\/04\/28\/de-radio-caroline-a-la-bande-fm-daniel-lesueur-editions-du-camion-blanc\/"},"author":{"name":"Thierry Dauge","@id":"https:\/\/culturesco.com\/#\/schema\/person\/19f04cf232d246197f6e7d62abe6cb0e"},"headline":"De Radio Caroline \u00e0 la Bande FM","datePublished":"2020-04-28T20:44:56+00:00","dateModified":"2020-04-28T21:13:58+00:00","mainEntityOfPage":{"@id":"https:\/\/culturesco.com\/index.php\/2020\/04\/28\/de-radio-caroline-a-la-bande-fm-daniel-lesueur-editions-du-camion-blanc\/"},"wordCount":534,"commentCount":0,"publisher":{"@id":"https:\/\/culturesco.com\/#organization"},"image":{"@id":"https:\/\/culturesco.com\/index.php\/2020\/04\/28\/de-radio-caroline-a-la-bande-fm-daniel-lesueur-editions-du-camion-blanc\/#primaryimage"},"thumbnailUrl":"https:\/\/i0.wp.com\/culturesco.com\/wp-content\/uploads\/2020\/04\/Radio-Caroline-Front.jpg?fit=600%2C309&ssl=1","keywords":["Livre Rock","radio rock"],"articleSection":["Carotte Rock Cultures","Chroniques litt\u00e9raires"],"inLanguage":"fr-FR","potentialAction":[{"@type":"CommentAction","name":"Comment","target":["https:\/\/culturesco.com\/index.php\/2020\/04\/28\/de-radio-caroline-a-la-bande-fm-daniel-lesueur-editions-du-camion-blanc\/#respond"]}]},{"@type":"WebPage","@id":"https:\/\/culturesco.com\/index.php\/2020\/04\/28\/de-radio-caroline-a-la-bande-fm-daniel-lesueur-editions-du-camion-blanc\/","url":"https:\/\/culturesco.com\/index.php\/2020\/04\/28\/de-radio-caroline-a-la-bande-fm-daniel-lesueur-editions-du-camion-blanc\/","name":"De Radio Caroline \u00e0 la Bande FM - Culturesco Radio Caroline","isPartOf":{"@id":"https:\/\/culturesco.com\/#website"},"primaryImageOfPage":{"@id":"https:\/\/culturesco.com\/index.php\/2020\/04\/28\/de-radio-caroline-a-la-bande-fm-daniel-lesueur-editions-du-camion-blanc\/#primaryimage"},"image":{"@id":"https:\/\/culturesco.com\/index.php\/2020\/04\/28\/de-radio-caroline-a-la-bande-fm-daniel-lesueur-editions-du-camion-blanc\/#primaryimage"},"thumbnailUrl":"https:\/\/i0.wp.com\/culturesco.com\/wp-content\/uploads\/2020\/04\/Radio-Caroline-Front.jpg?fit=600%2C309&ssl=1","datePublished":"2020-04-28T20:44:56+00:00","dateModified":"2020-04-28T21:13:58+00:00","description":"CulturesCo | Histoire des radios pirates, de Radio Caroline \u00e0 la Bande FM. Comment des mordus de pop et de rock r\u00e9veillent l'Angleterre","breadcrumb":{"@id":"https:\/\/culturesco.com\/index.php\/2020\/04\/28\/de-radio-caroline-a-la-bande-fm-daniel-lesueur-editions-du-camion-blanc\/#breadcrumb"},"inLanguage":"fr-FR","potentialAction":[{"@type":"ReadAction","target":["https:\/\/culturesco.com\/index.php\/2020\/04\/28\/de-radio-caroline-a-la-bande-fm-daniel-lesueur-editions-du-camion-blanc\/"]}]},{"@type":"ImageObject","inLanguage":"fr-FR","@id":"https:\/\/culturesco.com\/index.php\/2020\/04\/28\/de-radio-caroline-a-la-bande-fm-daniel-lesueur-editions-du-camion-blanc\/#primaryimage","url":"https:\/\/i0.wp.com\/culturesco.com\/wp-content\/uploads\/2020\/04\/Radio-Caroline-Front.jpg?fit=600%2C309&ssl=1","contentUrl":"https:\/\/i0.wp.com\/culturesco.com\/wp-content\/uploads\/2020\/04\/Radio-Caroline-Front.jpg?fit=600%2C309&ssl=1","width":600,"height":309,"caption":"De Radio Caroline \u00e0 la Bande FM"},{"@type":"BreadcrumbList","@id":"https:\/\/culturesco.com\/index.php\/2020\/04\/28\/de-radio-caroline-a-la-bande-fm-daniel-lesueur-editions-du-camion-blanc\/#breadcrumb","itemListElement":[{"@type":"ListItem","position":1,"name":"Accueil","item":"https:\/\/culturesco.com\/"},{"@type":"ListItem","position":2,"name":"De Radio Caroline \u00e0 la Bande FM"}]},{"@type":"WebSite","@id":"https:\/\/culturesco.com\/#website","url":"https:\/\/culturesco.com\/","name":"Culturesco","description":"Culturesco | Un bon coup de pied dans ta Culture","publisher":{"@id":"https:\/\/culturesco.com\/#organization"},"potentialAction":[{"@type":"SearchAction","target":{"@type":"EntryPoint","urlTemplate":"https:\/\/culturesco.com\/?s={search_term_string}"},"query-input":{"@type":"PropertyValueSpecification","valueRequired":true,"valueName":"search_term_string"}}],"inLanguage":"fr-FR"},{"@type":"Organization","@id":"https:\/\/culturesco.com\/#organization","name":"CULTURESCO","url":"https:\/\/culturesco.com\/","logo":{"@type":"ImageObject","inLanguage":"fr-FR","@id":"https:\/\/culturesco.com\/#\/schema\/logo\/image\/","url":"https:\/\/i0.wp.com\/culturesco.com\/wp-content\/uploads\/2022\/04\/culturesco-logo-blanc250p.png?fit=250%2C250&ssl=1","contentUrl":"https:\/\/i0.wp.com\/culturesco.com\/wp-content\/uploads\/2022\/04\/culturesco-logo-blanc250p.png?fit=250%2C250&ssl=1","width":250,"height":250,"caption":"CULTURESCO"},"image":{"@id":"https:\/\/culturesco.com\/#\/schema\/logo\/image\/"},"sameAs":["https:\/\/www.facebook.com\/radioculturesco","https:\/\/x.com\/AugusteMarshal","https:\/\/www.instagram.com\/carotte_rock_culture\/","https:\/\/www.pinterest.fr\/augustemarshal\/","https:\/\/www.youtube.com\/channel\/UCiWLGffqWSXlNnfzp6YwwyQ"]},{"@type":"Person","@id":"https:\/\/culturesco.com\/#\/schema\/person\/19f04cf232d246197f6e7d62abe6cb0e","name":"Thierry Dauge","image":{"@type":"ImageObject","inLanguage":"fr-FR","@id":"https:\/\/i0.wp.com\/culturesco.com\/wp-content\/uploads\/2018\/12\/Black-Beauty-and-me.jpg?fit=96%2C96&ssl=1","url":"https:\/\/i0.wp.com\/culturesco.com\/wp-content\/uploads\/2018\/12\/Black-Beauty-and-me.jpg?fit=96%2C96&ssl=1","contentUrl":"https:\/\/i0.wp.com\/culturesco.com\/wp-content\/uploads\/2018\/12\/Black-Beauty-and-me.jpg?fit=96%2C96&ssl=1","caption":"Thierry Dauge"},"description":"Amoureux des 70\u2019s et du hard rock en particulier, Thierry Dauge est chroniqueur sur Culturesco par amour de l\u2019\u00e9criture musicale. Co-auteur du livre\"Pop rock - Les instruments de l'ombre\" aux \u00e9ditions du Camion Blanc, collaborateur de Vivi pour \"Mes Ann\u00e9es Trust\", auteur de \"Sparks\" aux \u00e9ditions du Layeur, parce que le rock est loin d'\u00eatre mort ...","url":"https:\/\/culturesco.com\/index.php\/author\/thierry-dauge888\/"}]}},"jetpack_featured_media_url":"https:\/\/i0.wp.com\/culturesco.com\/wp-content\/uploads\/2020\/04\/Radio-Caroline-Front.jpg?fit=600%2C309&ssl=1","jetpack_likes_enabled":true,"jetpack_sharing_enabled":true,"jetpack_shortlink":"https:\/\/wp.me\/paz89I-2UD","_links":{"self":[{"href":"https:\/\/culturesco.com\/index.php\/wp-json\/wp\/v2\/posts\/11199","targetHints":{"allow":["GET"]}}],"collection":[{"href":"https:\/\/culturesco.com\/index.php\/wp-json\/wp\/v2\/posts"}],"about":[{"href":"https:\/\/culturesco.com\/index.php\/wp-json\/wp\/v2\/types\/post"}],"author":[{"embeddable":true,"href":"https:\/\/culturesco.com\/index.php\/wp-json\/wp\/v2\/users\/3"}],"replies":[{"embeddable":true,"href":"https:\/\/culturesco.com\/index.php\/wp-json\/wp\/v2\/comments?post=11199"}],"version-history":[{"count":0,"href":"https:\/\/culturesco.com\/index.php\/wp-json\/wp\/v2\/posts\/11199\/revisions"}],"wp:featuredmedia":[{"embeddable":true,"href":"https:\/\/culturesco.com\/index.php\/wp-json\/wp\/v2\/media\/11200"}],"wp:attachment":[{"href":"https:\/\/culturesco.com\/index.php\/wp-json\/wp\/v2\/media?parent=11199"}],"wp:term":[{"taxonomy":"category","embeddable":true,"href":"https:\/\/culturesco.com\/index.php\/wp-json\/wp\/v2\/categories?post=11199"},{"taxonomy":"post_tag","embeddable":true,"href":"https:\/\/culturesco.com\/index.php\/wp-json\/wp\/v2\/tags?post=11199"}],"curies":[{"name":"wp","href":"https:\/\/api.w.org\/{rel}","templated":true}]}}