{"id":11168,"date":"2020-04-26T04:32:22","date_gmt":"2020-04-26T02:32:22","guid":{"rendered":"https:\/\/culturesco.com\/?p=11168"},"modified":"2020-04-28T23:58:22","modified_gmt":"2020-04-28T21:58:22","slug":"le-groupe-vertige-issu-de-la-rencontre-de-louise-attaque-et-deportivo-presente-l-album-populaire","status":"publish","type":"post","link":"https:\/\/culturesco.com\/index.php\/2020\/04\/26\/le-groupe-vertige-issu-de-la-rencontre-de-louise-attaque-et-deportivo-presente-l-album-populaire\/","title":{"rendered":"Populaire : Nouvel album du groupe Vertige"},"content":{"rendered":"<h2>Vertige : de la Pop Radicale<\/h2>\n<figure id=\"attachment_11169\" aria-describedby=\"caption-attachment-11169\" style=\"width: 299px\" class=\"wp-caption aligncenter\"><a href=\"https:\/\/i0.wp.com\/culturesco.com\/wp-content\/uploads\/2020\/04\/Vertige-e1588109434472.jpeg?ssl=1\"><img data-recalc-dims=\"1\" loading=\"lazy\" decoding=\"async\" class=\"wp-image-11169 size-full\" src=\"https:\/\/i0.wp.com\/culturesco.com\/wp-content\/uploads\/2020\/04\/Vertige-e1588109434472.jpeg?resize=299%2C300&#038;ssl=1\" alt=\"Vertige - Populaire\" width=\"299\" height=\"300\" srcset=\"https:\/\/i0.wp.com\/culturesco.com\/wp-content\/uploads\/2020\/04\/Vertige-e1588109434472.jpeg?w=299&amp;ssl=1 299w, https:\/\/i0.wp.com\/culturesco.com\/wp-content\/uploads\/2020\/04\/Vertige-e1588109434472.jpeg?resize=100%2C100&amp;ssl=1 100w\" sizes=\"auto, (max-width: 299px) 100vw, 299px\" \/><\/a><figcaption id=\"caption-attachment-11169\" class=\"wp-caption-text\">Vertige &#8211; Populaire<\/figcaption><\/figure>\n<h3>Divers et populaire \u00e0 la fois<\/h3>\n<p style=\"text-align: justify;\">Alors la question est\u00a0: comment la rencontre de <strong>J\u00e9r\u00f4me Coudanne<\/strong>, ex-<a href=\"https:\/\/fr.wikipedia.org\/wiki\/D%C3%A9portivo\" target=\"_blank\" rel=\"noopener noreferrer\">Deportivo<\/a>, et <strong>Robin Feix<\/strong>, ex-bassiste de <a href=\"https:\/\/www.universalmusic.fr\/artiste\/2310-louise-attaque\/bio\" target=\"_blank\" rel=\"noopener noreferrer\">Louise Attaque<\/a>, allait se passer? D\u2019autant que l\u2019un vit \u00e0 Brighton, au sud de l\u2019Angleterre tandis que l\u2019autre habite au sud\u2026 de l\u2019Europe, \u00e0 Barcelone.<\/p>\n<p style=\"text-align: justify;\">La r\u00e9ponse est bien. Tr\u00e8s bien, m\u00eame. Pour la batterie ils sont accompagn\u00e9s du <strong>jeune batteur de Louise Attaque<\/strong>, <strong>Nicolas Musset<\/strong>. Apr\u00e8s vingt ans pass\u00e9 \u00e0 se croiser et se recroiser au travers de tourn\u00e9es et de festivals, ils se constituent une vingtaine de titres qui, mis bout \u00e0 bout, se tiennent. Ce qui n\u2019\u00e9tait pas si \u00e9vident \u00e0 leur \u00e9coute, tellement chacun partait dans des divers sens. C\u2019est \u00e0 la qualit\u00e9 du mixage de <strong>St\u00e9phane \u00ab\u00a0Alf\u00a0\u00bb Brial<\/strong>\u00a0(<strong>Air<\/strong>, <strong>Phoenix<\/strong>) que tout s\u2019encha\u00eene avec la complicit\u00e9 \u00e0 la production des r\u00e9mois de <strong>ALB<\/strong>.<\/p>\n<p style=\"text-align: justify;\">D\u00e8s lors il faut d\u00e9couvrir chaque morceau comme ind\u00e9pendant et pourtant indispensable une fois r\u00e9unis. On s\u2019incline devant <strong>\u00ab\u00a0Bassonica\u00a0\u00bb<\/strong> et son c\u00f4t\u00e9 western de fin du monde, <strong>\u00ab\u00a0Conduire\u00a0\u00bb<\/strong> et sa fausse nonchalance,\u00a0<strong>\u00ab\u00a0Glace\u00a0\u00bb<\/strong> et son aspect m\u00e9lancolique d\u2019o\u00f9 \u00e9merge une basse harmonieuse entre <a href=\"https:\/\/culturesco.com\/index.php\/2020\/03\/07\/ac-dc-et-joy-division-pop-and-rock-around-1980\/\" target=\"_blank\" rel=\"noopener noreferrer\">Joy Division<\/a> et <a href=\"https:\/\/culturesco.com\/index.php\/2019\/06\/06\/mano-negra-puta-s-fever-pourquoi-ce-titre-histoire-du-groupe-de-mala-vida-a-pas-assez-de-toi\/\" target=\"_blank\" rel=\"noopener noreferrer\">Manu Chao<\/a> (ok, le champ est large\u00a0!).<\/p>\n<h3><em>Conduire<\/em><\/h3>\n<div class=\"youtube-embed\" data-video_id=\"cVAeUagtBwo\"><iframe loading=\"lazy\" title=\"Conduire\" width=\"696\" height=\"522\" src=\"https:\/\/www.youtube.com\/embed\/cVAeUagtBwo\" frameborder=\"0\" allow=\"accelerometer; autoplay; clipboard-write; encrypted-media; gyroscope; picture-in-picture; web-share\" referrerpolicy=\"strict-origin-when-cross-origin\" allowfullscreen><\/iframe><\/div>\n<p style=\"text-align: justify;\">Il faut pr\u00e9ciser qu\u2019aucune guitare ne figure sur cet album, c\u2019est suffisamment rare pour qu&rsquo;on le signale. Juste une rythmique classique avec quelques claviers et le chant, tr\u00e8s engag\u00e9. Des titres ultra-courts (le plus long fait juste trois minutes) signent l\u2019urgence.<\/p>\n<p style=\"text-align: justify;\">Il para\u00eet que le duo devait s\u2019appeler <strong>Pop Radicale<\/strong>. Elle l\u2019est sous une certaine forme mais ce disque <strong>Vertige<\/strong> \u00ab\u00a0fout les jetons\u00a0\u00bb et fait ainsi la diff\u00e9rence&#8230; ce n\u2019est pas plus mal.<\/p>\n<p style=\"text-align: justify;\"><strong>Vertige &#8211;\u00a0Populaire<\/strong><\/p>\n<p style=\"text-align: justify;\"><a href=\"https:\/\/www.youtube.com\/watch?v=cVAeUagtBwo\" target=\"_blank\" rel=\"noopener noreferrer\">At(H)ome<\/a><\/p>\n<p style=\"text-align: justify;\">Sortie pr\u00e9vue le 24 avril 2020 mais repouss\u00e9e \u00e0 la rentr\u00e9e compte tenu des conditions que vous savez.<\/p>\n<p><strong>Patrick B\u00e9nard<\/strong><\/p>\n","protected":false},"excerpt":{"rendered":"<p>Vertige : de la Pop Radicale Divers et populaire \u00e0 la fois Alors la question est\u00a0: comment la rencontre de J\u00e9r\u00f4me Coudanne, ex-Deportivo, et Robin Feix, ex-bassiste de Louise Attaque, allait se passer? D\u2019autant que l\u2019un vit \u00e0 Brighton, au sud de l\u2019Angleterre tandis que l\u2019autre habite au sud\u2026 de l\u2019Europe, \u00e0 Barcelone. La r\u00e9ponse [&hellip;]<\/p>\n","protected":false},"author":4,"featured_media":11205,"comment_status":"open","ping_status":"open","sticky":false,"template":"","format":"image","meta":{"jetpack_post_was_ever_published":false,"tdm_status":"","tdm_grid_status":"","_jetpack_newsletter_access":"","_jetpack_dont_email_post_to_subs":false,"_jetpack_newsletter_tier_id":0,"_jetpack_memberships_contains_paywalled_content":false,"_jetpack_memberships_contains_paid_content":false,"footnotes":""},"categories":[17],"tags":[37,52,48,51],"class_list":{"0":"post-11168","1":"post","2":"type-post","3":"status-publish","4":"format-image","5":"has-post-thumbnail","7":"category-carotte-rock-cultures","8":"tag-album-rock","9":"tag-groupe-rock-actuel","10":"tag-personnalite-rock","11":"tag-rock-francais","12":"post_format-post-format-image"},"yoast_head":"<!-- This site is optimized with the Yoast SEO plugin v27.4 - https:\/\/yoast.com\/product\/yoast-seo-wordpress\/ -->\n<title>Populaire : Nouvel album du groupe Vertige - Culturesco<\/title>\n<meta name=\"description\" content=\"CulturesCo | D\u00e9couvrez &quot;Populaire&quot;, le nouvel album du groupe Vertige (avril 2020) issu de la rencontre entre Louise Attaque et Deportivo\" \/>\n<meta name=\"robots\" content=\"index, follow, max-snippet:-1, max-image-preview:large, max-video-preview:-1\" \/>\n<link rel=\"canonical\" href=\"https:\/\/culturesco.com\/index.php\/2020\/04\/26\/le-groupe-vertige-issu-de-la-rencontre-de-louise-attaque-et-deportivo-presente-l-album-populaire\/\" \/>\n<meta property=\"og:locale\" content=\"fr_FR\" \/>\n<meta property=\"og:type\" content=\"article\" \/>\n<meta property=\"og:title\" content=\"Populaire : Nouvel album du groupe Vertige - Culturesco\" \/>\n<meta property=\"og:description\" content=\"CulturesCo | D\u00e9couvrez &quot;Populaire&quot;, le nouvel album du groupe Vertige (avril 2020) issu de la rencontre entre Louise Attaque et Deportivo\" \/>\n<meta property=\"og:url\" content=\"https:\/\/culturesco.com\/index.php\/2020\/04\/26\/le-groupe-vertige-issu-de-la-rencontre-de-louise-attaque-et-deportivo-presente-l-album-populaire\/\" \/>\n<meta property=\"og:site_name\" content=\"Culturesco\" \/>\n<meta property=\"article:publisher\" content=\"https:\/\/www.facebook.com\/radioculturesco\" \/>\n<meta property=\"article:published_time\" content=\"2020-04-26T02:32:22+00:00\" \/>\n<meta property=\"article:modified_time\" content=\"2020-04-28T21:58:22+00:00\" \/>\n<meta property=\"og:image\" content=\"https:\/\/i0.wp.com\/culturesco.com\/wp-content\/uploads\/2020\/04\/vertige-populaire.jpg?fit=600%2C315&ssl=1\" \/>\n\t<meta property=\"og:image:width\" content=\"600\" \/>\n\t<meta property=\"og:image:height\" content=\"315\" \/>\n\t<meta property=\"og:image:type\" content=\"image\/jpeg\" \/>\n<meta name=\"author\" content=\"Patrick Benard\" \/>\n<meta name=\"twitter:card\" content=\"summary_large_image\" \/>\n<meta name=\"twitter:creator\" content=\"@AugusteMarshal\" \/>\n<meta name=\"twitter:site\" content=\"@AugusteMarshal\" \/>\n<meta name=\"twitter:label1\" content=\"\u00c9crit par\" \/>\n\t<meta name=\"twitter:data1\" content=\"Patrick Benard\" \/>\n\t<meta name=\"twitter:label2\" content=\"Dur\u00e9e de lecture estim\u00e9e\" \/>\n\t<meta name=\"twitter:data2\" content=\"2 minutes\" \/>\n<script type=\"application\/ld+json\" class=\"yoast-schema-graph\">{\"@context\":\"https:\\\/\\\/schema.org\",\"@graph\":[{\"@type\":\"Article\",\"@id\":\"https:\\\/\\\/culturesco.com\\\/index.php\\\/2020\\\/04\\\/26\\\/le-groupe-vertige-issu-de-la-rencontre-de-louise-attaque-et-deportivo-presente-l-album-populaire\\\/#article\",\"isPartOf\":{\"@id\":\"https:\\\/\\\/culturesco.com\\\/index.php\\\/2020\\\/04\\\/26\\\/le-groupe-vertige-issu-de-la-rencontre-de-louise-attaque-et-deportivo-presente-l-album-populaire\\\/\"},\"author\":{\"name\":\"Patrick Benard\",\"@id\":\"https:\\\/\\\/culturesco.com\\\/#\\\/schema\\\/person\\\/c2ddd6724863f3bbd20a8278df0891f3\"},\"headline\":\"Populaire : Nouvel album du groupe Vertige\",\"datePublished\":\"2020-04-26T02:32:22+00:00\",\"dateModified\":\"2020-04-28T21:58:22+00:00\",\"mainEntityOfPage\":{\"@id\":\"https:\\\/\\\/culturesco.com\\\/index.php\\\/2020\\\/04\\\/26\\\/le-groupe-vertige-issu-de-la-rencontre-de-louise-attaque-et-deportivo-presente-l-album-populaire\\\/\"},\"wordCount\":352,\"commentCount\":0,\"publisher\":{\"@id\":\"https:\\\/\\\/culturesco.com\\\/#organization\"},\"image\":{\"@id\":\"https:\\\/\\\/culturesco.com\\\/index.php\\\/2020\\\/04\\\/26\\\/le-groupe-vertige-issu-de-la-rencontre-de-louise-attaque-et-deportivo-presente-l-album-populaire\\\/#primaryimage\"},\"thumbnailUrl\":\"https:\\\/\\\/i0.wp.com\\\/culturesco.com\\\/wp-content\\\/uploads\\\/2020\\\/04\\\/vertige-populaire.jpg?fit=600%2C315&ssl=1\",\"keywords\":[\"album rock\",\"groupe rock actuel\",\"Personnalit\u00e9 Rock\",\"Rock fran\u00e7ais\"],\"articleSection\":[\"Carotte Rock Cultures\"],\"inLanguage\":\"fr-FR\",\"potentialAction\":[{\"@type\":\"CommentAction\",\"name\":\"Comment\",\"target\":[\"https:\\\/\\\/culturesco.com\\\/index.php\\\/2020\\\/04\\\/26\\\/le-groupe-vertige-issu-de-la-rencontre-de-louise-attaque-et-deportivo-presente-l-album-populaire\\\/#respond\"]}]},{\"@type\":\"WebPage\",\"@id\":\"https:\\\/\\\/culturesco.com\\\/index.php\\\/2020\\\/04\\\/26\\\/le-groupe-vertige-issu-de-la-rencontre-de-louise-attaque-et-deportivo-presente-l-album-populaire\\\/\",\"url\":\"https:\\\/\\\/culturesco.com\\\/index.php\\\/2020\\\/04\\\/26\\\/le-groupe-vertige-issu-de-la-rencontre-de-louise-attaque-et-deportivo-presente-l-album-populaire\\\/\",\"name\":\"Populaire : Nouvel album du groupe Vertige - Culturesco\",\"isPartOf\":{\"@id\":\"https:\\\/\\\/culturesco.com\\\/#website\"},\"primaryImageOfPage\":{\"@id\":\"https:\\\/\\\/culturesco.com\\\/index.php\\\/2020\\\/04\\\/26\\\/le-groupe-vertige-issu-de-la-rencontre-de-louise-attaque-et-deportivo-presente-l-album-populaire\\\/#primaryimage\"},\"image\":{\"@id\":\"https:\\\/\\\/culturesco.com\\\/index.php\\\/2020\\\/04\\\/26\\\/le-groupe-vertige-issu-de-la-rencontre-de-louise-attaque-et-deportivo-presente-l-album-populaire\\\/#primaryimage\"},\"thumbnailUrl\":\"https:\\\/\\\/i0.wp.com\\\/culturesco.com\\\/wp-content\\\/uploads\\\/2020\\\/04\\\/vertige-populaire.jpg?fit=600%2C315&ssl=1\",\"datePublished\":\"2020-04-26T02:32:22+00:00\",\"dateModified\":\"2020-04-28T21:58:22+00:00\",\"description\":\"CulturesCo | D\u00e9couvrez \\\"Populaire\\\", le nouvel album du groupe Vertige (avril 2020) issu de la rencontre entre Louise Attaque et Deportivo\",\"breadcrumb\":{\"@id\":\"https:\\\/\\\/culturesco.com\\\/index.php\\\/2020\\\/04\\\/26\\\/le-groupe-vertige-issu-de-la-rencontre-de-louise-attaque-et-deportivo-presente-l-album-populaire\\\/#breadcrumb\"},\"inLanguage\":\"fr-FR\",\"potentialAction\":[{\"@type\":\"ReadAction\",\"target\":[\"https:\\\/\\\/culturesco.com\\\/index.php\\\/2020\\\/04\\\/26\\\/le-groupe-vertige-issu-de-la-rencontre-de-louise-attaque-et-deportivo-presente-l-album-populaire\\\/\"]}]},{\"@type\":\"ImageObject\",\"inLanguage\":\"fr-FR\",\"@id\":\"https:\\\/\\\/culturesco.com\\\/index.php\\\/2020\\\/04\\\/26\\\/le-groupe-vertige-issu-de-la-rencontre-de-louise-attaque-et-deportivo-presente-l-album-populaire\\\/#primaryimage\",\"url\":\"https:\\\/\\\/i0.wp.com\\\/culturesco.com\\\/wp-content\\\/uploads\\\/2020\\\/04\\\/vertige-populaire.jpg?fit=600%2C315&ssl=1\",\"contentUrl\":\"https:\\\/\\\/i0.wp.com\\\/culturesco.com\\\/wp-content\\\/uploads\\\/2020\\\/04\\\/vertige-populaire.jpg?fit=600%2C315&ssl=1\",\"width\":600,\"height\":315,\"caption\":\"vertige populaire\"},{\"@type\":\"BreadcrumbList\",\"@id\":\"https:\\\/\\\/culturesco.com\\\/index.php\\\/2020\\\/04\\\/26\\\/le-groupe-vertige-issu-de-la-rencontre-de-louise-attaque-et-deportivo-presente-l-album-populaire\\\/#breadcrumb\",\"itemListElement\":[{\"@type\":\"ListItem\",\"position\":1,\"name\":\"Accueil\",\"item\":\"https:\\\/\\\/culturesco.com\\\/\"},{\"@type\":\"ListItem\",\"position\":2,\"name\":\"Populaire : Nouvel album du groupe Vertige\"}]},{\"@type\":\"WebSite\",\"@id\":\"https:\\\/\\\/culturesco.com\\\/#website\",\"url\":\"https:\\\/\\\/culturesco.com\\\/\",\"name\":\"Culturesco\",\"description\":\"Culturesco | Un bon coup de pied dans ta Culture\",\"publisher\":{\"@id\":\"https:\\\/\\\/culturesco.com\\\/#organization\"},\"potentialAction\":[{\"@type\":\"SearchAction\",\"target\":{\"@type\":\"EntryPoint\",\"urlTemplate\":\"https:\\\/\\\/culturesco.com\\\/?s={search_term_string}\"},\"query-input\":{\"@type\":\"PropertyValueSpecification\",\"valueRequired\":true,\"valueName\":\"search_term_string\"}}],\"inLanguage\":\"fr-FR\"},{\"@type\":\"Organization\",\"@id\":\"https:\\\/\\\/culturesco.com\\\/#organization\",\"name\":\"CULTURESCO\",\"url\":\"https:\\\/\\\/culturesco.com\\\/\",\"logo\":{\"@type\":\"ImageObject\",\"inLanguage\":\"fr-FR\",\"@id\":\"https:\\\/\\\/culturesco.com\\\/#\\\/schema\\\/logo\\\/image\\\/\",\"url\":\"https:\\\/\\\/i0.wp.com\\\/culturesco.com\\\/wp-content\\\/uploads\\\/2022\\\/04\\\/culturesco-logo-blanc250p.png?fit=250%2C250&ssl=1\",\"contentUrl\":\"https:\\\/\\\/i0.wp.com\\\/culturesco.com\\\/wp-content\\\/uploads\\\/2022\\\/04\\\/culturesco-logo-blanc250p.png?fit=250%2C250&ssl=1\",\"width\":250,\"height\":250,\"caption\":\"CULTURESCO\"},\"image\":{\"@id\":\"https:\\\/\\\/culturesco.com\\\/#\\\/schema\\\/logo\\\/image\\\/\"},\"sameAs\":[\"https:\\\/\\\/www.facebook.com\\\/radioculturesco\",\"https:\\\/\\\/x.com\\\/AugusteMarshal\",\"https:\\\/\\\/www.instagram.com\\\/carotte_rock_culture\\\/\",\"https:\\\/\\\/www.pinterest.fr\\\/augustemarshal\\\/\",\"https:\\\/\\\/www.youtube.com\\\/channel\\\/UCiWLGffqWSXlNnfzp6YwwyQ\"]},{\"@type\":\"Person\",\"@id\":\"https:\\\/\\\/culturesco.com\\\/#\\\/schema\\\/person\\\/c2ddd6724863f3bbd20a8278df0891f3\",\"name\":\"Patrick Benard\",\"image\":{\"@type\":\"ImageObject\",\"inLanguage\":\"fr-FR\",\"@id\":\"https:\\\/\\\/i0.wp.com\\\/culturesco.com\\\/wp-content\\\/uploads\\\/2019\\\/02\\\/patrick-benard-2.jpg?fit=90%2C96&ssl=1\",\"url\":\"https:\\\/\\\/i0.wp.com\\\/culturesco.com\\\/wp-content\\\/uploads\\\/2019\\\/02\\\/patrick-benard-2.jpg?fit=90%2C96&ssl=1\",\"contentUrl\":\"https:\\\/\\\/i0.wp.com\\\/culturesco.com\\\/wp-content\\\/uploads\\\/2019\\\/02\\\/patrick-benard-2.jpg?fit=90%2C96&ssl=1\",\"caption\":\"Patrick Benard\"},\"description\":\"Ecrivain, chroniqueur, animateur radio, cr\u00e9ateur de la revue \u00ab Cin\u00e9manie \u00bb, autour du cin\u00e9ma dit d\u2019art et d\u2019essai, sp\u00e9cialiste du groupe The Cure, archiviste... 2020 : \\\"Le Post Rock\\\" essai sur le post rock de Mogwa\u00ef \u00e0 Godspeed You Black Emperor - Camion Blanc 2014 : \u00ab On the rocks \u2013le rock de 2007 \u00e0 2014 \u00bb chroniques livres et cd rocks, interviews \u2013Editions Vaillant 2010 : \u00ab Dans la T\u00eate de Robert Smith \u00bb, roman fiction autour de l\u2019histoire des Cure et de Robert Smith \u2013 Edilivres 2007 : \u00ab Chroniques Fr\u00e9n\u00e9tiques, une histoire intime du rock \u00bb, roman, prix Technikart. 2001 : \u00ab Les Iles du D\u00e9sert \u00bb, polar autour du rock \u2013 Editions Nykta\",\"url\":\"https:\\\/\\\/culturesco.com\\\/index.php\\\/author\\\/patrick-benard89\\\/\"}]}<\/script>\n<!-- \/ Yoast SEO plugin. -->","yoast_head_json":{"title":"Populaire : Nouvel album du groupe Vertige - Culturesco","description":"CulturesCo | D\u00e9couvrez \"Populaire\", le nouvel album du groupe Vertige (avril 2020) issu de la rencontre entre Louise Attaque et Deportivo","robots":{"index":"index","follow":"follow","max-snippet":"max-snippet:-1","max-image-preview":"max-image-preview:large","max-video-preview":"max-video-preview:-1"},"canonical":"https:\/\/culturesco.com\/index.php\/2020\/04\/26\/le-groupe-vertige-issu-de-la-rencontre-de-louise-attaque-et-deportivo-presente-l-album-populaire\/","og_locale":"fr_FR","og_type":"article","og_title":"Populaire : Nouvel album du groupe Vertige - Culturesco","og_description":"CulturesCo | D\u00e9couvrez \"Populaire\", le nouvel album du groupe Vertige (avril 2020) issu de la rencontre entre Louise Attaque et Deportivo","og_url":"https:\/\/culturesco.com\/index.php\/2020\/04\/26\/le-groupe-vertige-issu-de-la-rencontre-de-louise-attaque-et-deportivo-presente-l-album-populaire\/","og_site_name":"Culturesco","article_publisher":"https:\/\/www.facebook.com\/radioculturesco","article_published_time":"2020-04-26T02:32:22+00:00","article_modified_time":"2020-04-28T21:58:22+00:00","og_image":[{"width":600,"height":315,"url":"https:\/\/i0.wp.com\/culturesco.com\/wp-content\/uploads\/2020\/04\/vertige-populaire.jpg?fit=600%2C315&ssl=1","type":"image\/jpeg"}],"author":"Patrick Benard","twitter_card":"summary_large_image","twitter_creator":"@AugusteMarshal","twitter_site":"@AugusteMarshal","twitter_misc":{"\u00c9crit par":"Patrick Benard","Dur\u00e9e de lecture estim\u00e9e":"2 minutes"},"schema":{"@context":"https:\/\/schema.org","@graph":[{"@type":"Article","@id":"https:\/\/culturesco.com\/index.php\/2020\/04\/26\/le-groupe-vertige-issu-de-la-rencontre-de-louise-attaque-et-deportivo-presente-l-album-populaire\/#article","isPartOf":{"@id":"https:\/\/culturesco.com\/index.php\/2020\/04\/26\/le-groupe-vertige-issu-de-la-rencontre-de-louise-attaque-et-deportivo-presente-l-album-populaire\/"},"author":{"name":"Patrick Benard","@id":"https:\/\/culturesco.com\/#\/schema\/person\/c2ddd6724863f3bbd20a8278df0891f3"},"headline":"Populaire : Nouvel album du groupe Vertige","datePublished":"2020-04-26T02:32:22+00:00","dateModified":"2020-04-28T21:58:22+00:00","mainEntityOfPage":{"@id":"https:\/\/culturesco.com\/index.php\/2020\/04\/26\/le-groupe-vertige-issu-de-la-rencontre-de-louise-attaque-et-deportivo-presente-l-album-populaire\/"},"wordCount":352,"commentCount":0,"publisher":{"@id":"https:\/\/culturesco.com\/#organization"},"image":{"@id":"https:\/\/culturesco.com\/index.php\/2020\/04\/26\/le-groupe-vertige-issu-de-la-rencontre-de-louise-attaque-et-deportivo-presente-l-album-populaire\/#primaryimage"},"thumbnailUrl":"https:\/\/i0.wp.com\/culturesco.com\/wp-content\/uploads\/2020\/04\/vertige-populaire.jpg?fit=600%2C315&ssl=1","keywords":["album rock","groupe rock actuel","Personnalit\u00e9 Rock","Rock fran\u00e7ais"],"articleSection":["Carotte Rock Cultures"],"inLanguage":"fr-FR","potentialAction":[{"@type":"CommentAction","name":"Comment","target":["https:\/\/culturesco.com\/index.php\/2020\/04\/26\/le-groupe-vertige-issu-de-la-rencontre-de-louise-attaque-et-deportivo-presente-l-album-populaire\/#respond"]}]},{"@type":"WebPage","@id":"https:\/\/culturesco.com\/index.php\/2020\/04\/26\/le-groupe-vertige-issu-de-la-rencontre-de-louise-attaque-et-deportivo-presente-l-album-populaire\/","url":"https:\/\/culturesco.com\/index.php\/2020\/04\/26\/le-groupe-vertige-issu-de-la-rencontre-de-louise-attaque-et-deportivo-presente-l-album-populaire\/","name":"Populaire : Nouvel album du groupe Vertige - Culturesco","isPartOf":{"@id":"https:\/\/culturesco.com\/#website"},"primaryImageOfPage":{"@id":"https:\/\/culturesco.com\/index.php\/2020\/04\/26\/le-groupe-vertige-issu-de-la-rencontre-de-louise-attaque-et-deportivo-presente-l-album-populaire\/#primaryimage"},"image":{"@id":"https:\/\/culturesco.com\/index.php\/2020\/04\/26\/le-groupe-vertige-issu-de-la-rencontre-de-louise-attaque-et-deportivo-presente-l-album-populaire\/#primaryimage"},"thumbnailUrl":"https:\/\/i0.wp.com\/culturesco.com\/wp-content\/uploads\/2020\/04\/vertige-populaire.jpg?fit=600%2C315&ssl=1","datePublished":"2020-04-26T02:32:22+00:00","dateModified":"2020-04-28T21:58:22+00:00","description":"CulturesCo | D\u00e9couvrez \"Populaire\", le nouvel album du groupe Vertige (avril 2020) issu de la rencontre entre Louise Attaque et Deportivo","breadcrumb":{"@id":"https:\/\/culturesco.com\/index.php\/2020\/04\/26\/le-groupe-vertige-issu-de-la-rencontre-de-louise-attaque-et-deportivo-presente-l-album-populaire\/#breadcrumb"},"inLanguage":"fr-FR","potentialAction":[{"@type":"ReadAction","target":["https:\/\/culturesco.com\/index.php\/2020\/04\/26\/le-groupe-vertige-issu-de-la-rencontre-de-louise-attaque-et-deportivo-presente-l-album-populaire\/"]}]},{"@type":"ImageObject","inLanguage":"fr-FR","@id":"https:\/\/culturesco.com\/index.php\/2020\/04\/26\/le-groupe-vertige-issu-de-la-rencontre-de-louise-attaque-et-deportivo-presente-l-album-populaire\/#primaryimage","url":"https:\/\/i0.wp.com\/culturesco.com\/wp-content\/uploads\/2020\/04\/vertige-populaire.jpg?fit=600%2C315&ssl=1","contentUrl":"https:\/\/i0.wp.com\/culturesco.com\/wp-content\/uploads\/2020\/04\/vertige-populaire.jpg?fit=600%2C315&ssl=1","width":600,"height":315,"caption":"vertige populaire"},{"@type":"BreadcrumbList","@id":"https:\/\/culturesco.com\/index.php\/2020\/04\/26\/le-groupe-vertige-issu-de-la-rencontre-de-louise-attaque-et-deportivo-presente-l-album-populaire\/#breadcrumb","itemListElement":[{"@type":"ListItem","position":1,"name":"Accueil","item":"https:\/\/culturesco.com\/"},{"@type":"ListItem","position":2,"name":"Populaire : Nouvel album du groupe Vertige"}]},{"@type":"WebSite","@id":"https:\/\/culturesco.com\/#website","url":"https:\/\/culturesco.com\/","name":"Culturesco","description":"Culturesco | Un bon coup de pied dans ta Culture","publisher":{"@id":"https:\/\/culturesco.com\/#organization"},"potentialAction":[{"@type":"SearchAction","target":{"@type":"EntryPoint","urlTemplate":"https:\/\/culturesco.com\/?s={search_term_string}"},"query-input":{"@type":"PropertyValueSpecification","valueRequired":true,"valueName":"search_term_string"}}],"inLanguage":"fr-FR"},{"@type":"Organization","@id":"https:\/\/culturesco.com\/#organization","name":"CULTURESCO","url":"https:\/\/culturesco.com\/","logo":{"@type":"ImageObject","inLanguage":"fr-FR","@id":"https:\/\/culturesco.com\/#\/schema\/logo\/image\/","url":"https:\/\/i0.wp.com\/culturesco.com\/wp-content\/uploads\/2022\/04\/culturesco-logo-blanc250p.png?fit=250%2C250&ssl=1","contentUrl":"https:\/\/i0.wp.com\/culturesco.com\/wp-content\/uploads\/2022\/04\/culturesco-logo-blanc250p.png?fit=250%2C250&ssl=1","width":250,"height":250,"caption":"CULTURESCO"},"image":{"@id":"https:\/\/culturesco.com\/#\/schema\/logo\/image\/"},"sameAs":["https:\/\/www.facebook.com\/radioculturesco","https:\/\/x.com\/AugusteMarshal","https:\/\/www.instagram.com\/carotte_rock_culture\/","https:\/\/www.pinterest.fr\/augustemarshal\/","https:\/\/www.youtube.com\/channel\/UCiWLGffqWSXlNnfzp6YwwyQ"]},{"@type":"Person","@id":"https:\/\/culturesco.com\/#\/schema\/person\/c2ddd6724863f3bbd20a8278df0891f3","name":"Patrick Benard","image":{"@type":"ImageObject","inLanguage":"fr-FR","@id":"https:\/\/i0.wp.com\/culturesco.com\/wp-content\/uploads\/2019\/02\/patrick-benard-2.jpg?fit=90%2C96&ssl=1","url":"https:\/\/i0.wp.com\/culturesco.com\/wp-content\/uploads\/2019\/02\/patrick-benard-2.jpg?fit=90%2C96&ssl=1","contentUrl":"https:\/\/i0.wp.com\/culturesco.com\/wp-content\/uploads\/2019\/02\/patrick-benard-2.jpg?fit=90%2C96&ssl=1","caption":"Patrick Benard"},"description":"Ecrivain, chroniqueur, animateur radio, cr\u00e9ateur de la revue \u00ab Cin\u00e9manie \u00bb, autour du cin\u00e9ma dit d\u2019art et d\u2019essai, sp\u00e9cialiste du groupe The Cure, archiviste... 2020 : \"Le Post Rock\" essai sur le post rock de Mogwa\u00ef \u00e0 Godspeed You Black Emperor - Camion Blanc 2014 : \u00ab On the rocks \u2013le rock de 2007 \u00e0 2014 \u00bb chroniques livres et cd rocks, interviews \u2013Editions Vaillant 2010 : \u00ab Dans la T\u00eate de Robert Smith \u00bb, roman fiction autour de l\u2019histoire des Cure et de Robert Smith \u2013 Edilivres 2007 : \u00ab Chroniques Fr\u00e9n\u00e9tiques, une histoire intime du rock \u00bb, roman, prix Technikart. 2001 : \u00ab Les Iles du D\u00e9sert \u00bb, polar autour du rock \u2013 Editions Nykta","url":"https:\/\/culturesco.com\/index.php\/author\/patrick-benard89\/"}]}},"jetpack_featured_media_url":"https:\/\/i0.wp.com\/culturesco.com\/wp-content\/uploads\/2020\/04\/vertige-populaire.jpg?fit=600%2C315&ssl=1","jetpack_likes_enabled":true,"jetpack_sharing_enabled":true,"jetpack_shortlink":"https:\/\/wp.me\/paz89I-2U8","_links":{"self":[{"href":"https:\/\/culturesco.com\/index.php\/wp-json\/wp\/v2\/posts\/11168","targetHints":{"allow":["GET"]}}],"collection":[{"href":"https:\/\/culturesco.com\/index.php\/wp-json\/wp\/v2\/posts"}],"about":[{"href":"https:\/\/culturesco.com\/index.php\/wp-json\/wp\/v2\/types\/post"}],"author":[{"embeddable":true,"href":"https:\/\/culturesco.com\/index.php\/wp-json\/wp\/v2\/users\/4"}],"replies":[{"embeddable":true,"href":"https:\/\/culturesco.com\/index.php\/wp-json\/wp\/v2\/comments?post=11168"}],"version-history":[{"count":0,"href":"https:\/\/culturesco.com\/index.php\/wp-json\/wp\/v2\/posts\/11168\/revisions"}],"wp:featuredmedia":[{"embeddable":true,"href":"https:\/\/culturesco.com\/index.php\/wp-json\/wp\/v2\/media\/11205"}],"wp:attachment":[{"href":"https:\/\/culturesco.com\/index.php\/wp-json\/wp\/v2\/media?parent=11168"}],"wp:term":[{"taxonomy":"category","embeddable":true,"href":"https:\/\/culturesco.com\/index.php\/wp-json\/wp\/v2\/categories?post=11168"},{"taxonomy":"post_tag","embeddable":true,"href":"https:\/\/culturesco.com\/index.php\/wp-json\/wp\/v2\/tags?post=11168"}],"curies":[{"name":"wp","href":"https:\/\/api.w.org\/{rel}","templated":true}]}}