{"id":11153,"date":"2020-04-25T23:37:10","date_gmt":"2020-04-25T21:37:10","guid":{"rendered":"https:\/\/culturesco.com\/?p=11153"},"modified":"2024-08-05T11:41:10","modified_gmt":"2024-08-05T09:41:10","slug":"joe-strummer-the-clash-son-exil-en-france-en-1982-juste-avant-la-sortie-de-l-album-combat-rock-et-sa-course-au-marathon-de-paris","status":"publish","type":"post","link":"https:\/\/culturesco.com\/index.php\/2020\/04\/25\/joe-strummer-the-clash-son-exil-en-france-en-1982-juste-avant-la-sortie-de-l-album-combat-rock-et-sa-course-au-marathon-de-paris\/","title":{"rendered":"Joe Strummer &#8211; The Clash &#8211; Son exil en France en 1982"},"content":{"rendered":"<h2>Quand Joe Strummer du groupe de The Clash courait le marathon de Paris<\/h2>\n<p>&nbsp;<\/p>\n<p style=\"text-align: justify;\">En avril 1982, trois semaines avant la sortie de <strong>Combat Rock <\/strong><a href=\"https:\/\/fr.wikipedia.org\/wiki\/Combat_Rock\" target=\"_blank\" rel=\"noopener noreferrer\">le cinqui\u00e8me album<\/a> de<strong> The Clash<\/strong>, <strong>Joe Strummer<\/strong> <a href=\"https:\/\/culturesco.com\/index.php\/2019\/01\/22\/joe-strummer-de-the-clash-aux-mescaleros-en-studio-et-en-concert\/\" target=\"_blank\" rel=\"noopener noreferrer\">alors au sommet de la renomm\u00e9e de son groupe<\/a> dispara\u00eet brusquement de la circulation. Strummer en pleine p\u00e9riode de promo d\u00e9cide de s&rsquo;exiler en France sans avertir ni le groupe, ni son manager&#8230;<\/p>\n<h3>The Clash &#8211; Rock The Casbah<\/h3>\n<div class=\"youtube-embed\" data-video_id=\"bJ9r8LMU9bQ\"><iframe loading=\"lazy\" title=\"The Clash - Rock the Casbah (Official Video)\" width=\"696\" height=\"522\" src=\"https:\/\/www.youtube.com\/embed\/bJ9r8LMU9bQ\" frameborder=\"0\" allow=\"accelerometer; autoplay; clipboard-write; encrypted-media; gyroscope; picture-in-picture; web-share\" referrerpolicy=\"strict-origin-when-cross-origin\" allowfullscreen><\/iframe><\/div>\n<p style=\"text-align: justify;\">Derri\u00e8re cette version officielle, se cache en coulisse un coup de poker. <a href=\"https:\/\/culturesco.com\/index.php\/2019\/05\/24\/album-sandinista-du-groupe-the-clash-une-revolution-rock-racontee-dans-le-livre-de-vincent-bruner\/\" target=\"_blank\" rel=\"noopener noreferrer\">Certes l&rsquo;union du groupe est mise \u00e0 mal<\/a>, et Strummer n&rsquo;est pas contre l&rsquo;id\u00e9e d&rsquo;un petit voyage salutaire afin de s\u2019a\u00e9rer l&rsquo;esprit en compagnie de sa girlfriend. Mais la r\u00e9alit\u00e9 est toute autre. C&rsquo;est en fait son manager <strong>Bernie Rhodes<\/strong> qui lui sugg\u00e8re d&rsquo;op\u00e9rer cette escapade secr\u00e8te.<\/p>\n<p style=\"text-align: justify;\">Les billets de la tourn\u00e9e en Angleterre ne se vendant pas tr\u00e8s bien, il a ainsi l&rsquo;id\u00e9e de cette disparition opportune. Strummer introuvable \u00e0 quelques semaines de la sortie de l&rsquo;album <a href=\"https:\/\/fr.wikipedia.org\/wiki\/Combat_Rock\" target=\"_blank\" rel=\"noopener\"><strong>Combat Rock<\/strong><\/a>, une opportunit\u00e9 pour faire parler du groupe&#8230; Ce qu&rsquo;on appelle aujourd&rsquo;hui \u00ab\u00a0Faire le Buzz\u00a0\u00bb.<\/p>\n<h3>A Paris malgr\u00e9 la barbe, un fan l&rsquo;a reconnu&#8230;<\/h3>\n<figure id=\"attachment_11155\" aria-describedby=\"caption-attachment-11155\" style=\"width: 600px\" class=\"wp-caption aligncenter\"><img data-recalc-dims=\"1\" loading=\"lazy\" decoding=\"async\" class=\"wp-image-11155 size-full\" src=\"https:\/\/i0.wp.com\/culturesco.com\/wp-content\/uploads\/2020\/04\/joe-strummer-et-gaby.jpg?resize=600%2C314&#038;ssl=1\" alt=\"joe strummer clash marathon\" width=\"600\" height=\"314\" srcset=\"https:\/\/i0.wp.com\/culturesco.com\/wp-content\/uploads\/2020\/04\/joe-strummer-et-gaby.jpg?w=600&amp;ssl=1 600w, https:\/\/i0.wp.com\/culturesco.com\/wp-content\/uploads\/2020\/04\/joe-strummer-et-gaby.jpg?resize=300%2C157&amp;ssl=1 300w, https:\/\/i0.wp.com\/culturesco.com\/wp-content\/uploads\/2020\/04\/joe-strummer-et-gaby.jpg?resize=1200%2C627&amp;ssl=1 1200w, https:\/\/i0.wp.com\/culturesco.com\/wp-content\/uploads\/2020\/04\/joe-strummer-et-gaby.jpg?resize=768%2C401&amp;ssl=1 768w, https:\/\/i0.wp.com\/culturesco.com\/wp-content\/uploads\/2020\/04\/joe-strummer-et-gaby.jpg?resize=696%2C364&amp;ssl=1 696w, https:\/\/i0.wp.com\/culturesco.com\/wp-content\/uploads\/2020\/04\/joe-strummer-et-gaby.jpg?resize=1068%2C558&amp;ssl=1 1068w, https:\/\/i0.wp.com\/culturesco.com\/wp-content\/uploads\/2020\/04\/joe-strummer-et-gaby.jpg?resize=804%2C420&amp;ssl=1 804w\" sizes=\"auto, (max-width: 600px) 100vw, 600px\" \/><figcaption id=\"caption-attachment-11155\" class=\"wp-caption-text\">Joe Strummer et Gaby<\/figcaption><\/figure>\n<p style=\"text-align: justify;\">Pendant son s\u00e9jour en France, Strummer a v\u00e9cu avec sa petite amie <a href=\"https:\/\/www.pinterest.fr\/pin\/342555115385658781\/\" target=\"_blank\" rel=\"noopener noreferrer\">Gaby Salter<\/a> et l&rsquo;histoire raconte que le couple a couru le Marathon de Paris. <strong>Gaby<\/strong> n&rsquo;aurait pas termin\u00e9 la course contrairement \u00e0 <a href=\"https:\/\/culturesco.com\/index.php\/2018\/12\/21\/joe-strummer-cest-quoi-une-attitude-punk\/\" target=\"_blank\" rel=\"noopener noreferrer\">Joe.<\/a> Aucun d&rsquo;entre eux n&rsquo;ont officiellement \u00e9t\u00e9 enregistr\u00e9s, ce qui expliquerait l&rsquo;absence d&rsquo;un dossard sur la photo. Quand \u00e0 la barbe&#8230; incognito Mr Strummer.<\/p>\n<figure id=\"attachment_11156\" aria-describedby=\"caption-attachment-11156\" style=\"width: 347px\" class=\"wp-caption aligncenter\"><a href=\"https:\/\/i0.wp.com\/culturesco.com\/wp-content\/uploads\/2020\/04\/strummer-marathon-paris.jpg?ssl=1\"><img data-recalc-dims=\"1\" loading=\"lazy\" decoding=\"async\" class=\"wp-image-11156 size-full\" src=\"https:\/\/i0.wp.com\/culturesco.com\/wp-content\/uploads\/2020\/04\/strummer-marathon-paris.jpg?resize=347%2C600&#038;ssl=1\" alt=\"Joe strummer marathon\" width=\"347\" height=\"600\" srcset=\"https:\/\/i0.wp.com\/culturesco.com\/wp-content\/uploads\/2020\/04\/strummer-marathon-paris.jpg?w=347&amp;ssl=1 347w, https:\/\/i0.wp.com\/culturesco.com\/wp-content\/uploads\/2020\/04\/strummer-marathon-paris.jpg?resize=174%2C300&amp;ssl=1 174w, https:\/\/i0.wp.com\/culturesco.com\/wp-content\/uploads\/2020\/04\/strummer-marathon-paris.jpg?resize=363%2C627&amp;ssl=1 363w, https:\/\/i0.wp.com\/culturesco.com\/wp-content\/uploads\/2020\/04\/strummer-marathon-paris.jpg?resize=243%2C420&amp;ssl=1 243w\" sizes=\"auto, (max-width: 347px) 100vw, 347px\" \/><\/a><figcaption id=\"caption-attachment-11156\" class=\"wp-caption-text\">Joe Strummer marathon Londres 1983<\/figcaption><\/figure>\n<h3>Strummer : Punk sportif ??<\/h3>\n<p style=\"text-align: justify;\">Ce n&rsquo;\u00e9tait d&rsquo;ailleurs pas la premi\u00e8re fois que Joe Strummer courait un marathon. On a pu le voir en 1981 au marathon de Londres et \u00e9galement en 1983 toujours \u00e0 Londres o\u00f9 il aurait d\u00e9clar\u00e9 avoir couru en 4 heures et 13 minutes, un excellent temps pour un parcours de 26.2 miles.<\/p>\n<p style=\"text-align: justify;\">Joe Strummer, une \u00e2me de sportif, comme l&rsquo;atteste ce t\u00e9moignage. Une interview accord\u00e9e en 1999 au magazine am\u00e9ricain <a href=\"https:\/\/en.wikipedia.org\/wiki\/Steppin%27_Out_(magazine)\" target=\"_blank\" rel=\"noopener noreferrer\">Steppin\u2019 Out<\/a>, dans laquelle il explique son r\u00e9gime pr\u00e9paratoire. Pour les sportifs en herbes, un coaching s&rsquo;impose :<\/p>\n<blockquote>\n<h4 style=\"text-align: justify;\"><em>\u00abIl faut boire 10 pintes de bi\u00e8re la veille au soir, et surtout ne pas courir quatre semaines avant le marathon. \u00bb Avant d\u2019ajouter : \u00ab N\u2019oubliez pas de dire qu\u2019il ne faut pas reproduire ce que j\u2019ai fait. \u00c7a a march\u00e9 pour moi et Hunter S. Thompson, mais pas certain que \u00e7a convienne \u00e0 tout le monde. Mais c\u2019est ce que j\u2019ai fait.\u00bb\u00a0<\/em><\/h4>\n<\/blockquote>\n<p>Auguste Marshal<\/p>\n","protected":false},"excerpt":{"rendered":"<p>Quand Joe Strummer du groupe de The Clash courait le marathon de Paris &nbsp; En avril 1982, trois semaines avant la sortie de Combat Rock le cinqui\u00e8me album de The Clash, Joe Strummer alors au sommet de la renomm\u00e9e de son groupe dispara\u00eet brusquement de la circulation. Strummer en pleine p\u00e9riode de promo d\u00e9cide de [&hellip;]<\/p>\n","protected":false},"author":1,"featured_media":22863,"comment_status":"open","ping_status":"open","sticky":false,"template":"","format":"image","meta":{"jetpack_post_was_ever_published":false,"tdm_status":"","tdm_grid_status":"","_jetpack_newsletter_access":"","_jetpack_dont_email_post_to_subs":false,"_jetpack_newsletter_tier_id":0,"_jetpack_memberships_contains_paywalled_content":false,"_jetpack_memberships_contains_paid_content":false,"footnotes":""},"categories":[17,33],"tags":[38,58,48,46],"class_list":{"0":"post-11153","1":"post","2":"type-post","3":"status-publish","4":"format-image","5":"has-post-thumbnail","7":"category-carotte-rock-cultures","8":"category-histoire-du-rock","9":"tag-classic-rock","10":"tag-histoire-du-rock","11":"tag-personnalite-rock","12":"tag-punk","13":"post_format-post-format-image"},"yoast_head":"<!-- This site is optimized with the Yoast SEO plugin v27.5 - https:\/\/yoast.com\/product\/yoast-seo-wordpress\/ -->\n<title>Joe Strummer - The Clash - Son exil en France en 1982 - Culturesco<\/title>\n<meta name=\"description\" content=\"Avril 1982, juste avant la sortie de Combat Rock de The CLASH, Joe Strummer s&#039;exile en France. On le retrouvera courant le Marathon de Paris\" \/>\n<meta name=\"robots\" content=\"index, follow, max-snippet:-1, max-image-preview:large, max-video-preview:-1\" \/>\n<link rel=\"canonical\" href=\"https:\/\/culturesco.com\/index.php\/2020\/04\/25\/joe-strummer-the-clash-son-exil-en-france-en-1982-juste-avant-la-sortie-de-l-album-combat-rock-et-sa-course-au-marathon-de-paris\/\" \/>\n<meta property=\"og:locale\" content=\"fr_FR\" \/>\n<meta property=\"og:type\" content=\"article\" \/>\n<meta property=\"og:title\" content=\"Quand Joe Strummer, leader du Clash courait le marathon de Paris : 1982\" \/>\n<meta property=\"og:description\" content=\"Avril 1982, juste avant la sortie de Combat Rock de The CLASH, Joe Strummer s&#039;exile en France. On le retrouvera courant le Marathon de Paris\" \/>\n<meta property=\"og:url\" content=\"https:\/\/culturesco.com\/index.php\/2020\/04\/25\/joe-strummer-the-clash-son-exil-en-france-en-1982-juste-avant-la-sortie-de-l-album-combat-rock-et-sa-course-au-marathon-de-paris\/\" \/>\n<meta property=\"og:site_name\" content=\"Culturesco\" \/>\n<meta property=\"article:publisher\" content=\"https:\/\/www.facebook.com\/radioculturesco\" \/>\n<meta property=\"article:author\" content=\"https:\/\/www.facebook.com\/radioculturesco\" \/>\n<meta property=\"article:published_time\" content=\"2020-04-25T21:37:10+00:00\" \/>\n<meta property=\"article:modified_time\" content=\"2024-08-05T09:41:10+00:00\" \/>\n<meta property=\"og:image\" content=\"https:\/\/culturesco.com\/wp-content\/uploads\/2020\/04\/joe-strummer-et-gaby.jpg\" \/>\n\t<meta property=\"og:image:width\" content=\"600\" \/>\n\t<meta property=\"og:image:height\" content=\"314\" \/>\n\t<meta property=\"og:image:type\" content=\"image\/jpeg\" \/>\n<meta name=\"author\" content=\"Auguste Marshal\" \/>\n<meta name=\"twitter:card\" content=\"summary_large_image\" \/>\n<meta name=\"twitter:creator\" content=\"@https:\/\/twitter.com\/AugusteMarshal\" \/>\n<meta name=\"twitter:site\" content=\"@AugusteMarshal\" \/>\n<meta name=\"twitter:label1\" content=\"\u00c9crit par\" \/>\n\t<meta name=\"twitter:data1\" content=\"Auguste Marshal\" \/>\n\t<meta name=\"twitter:label2\" content=\"Dur\u00e9e de lecture estim\u00e9e\" \/>\n\t<meta name=\"twitter:data2\" content=\"3 minutes\" \/>\n<script type=\"application\/ld+json\" class=\"yoast-schema-graph\">{\"@context\":\"https:\\\/\\\/schema.org\",\"@graph\":[{\"@type\":\"Article\",\"@id\":\"https:\\\/\\\/culturesco.com\\\/index.php\\\/2020\\\/04\\\/25\\\/joe-strummer-the-clash-son-exil-en-france-en-1982-juste-avant-la-sortie-de-l-album-combat-rock-et-sa-course-au-marathon-de-paris\\\/#article\",\"isPartOf\":{\"@id\":\"https:\\\/\\\/culturesco.com\\\/index.php\\\/2020\\\/04\\\/25\\\/joe-strummer-the-clash-son-exil-en-france-en-1982-juste-avant-la-sortie-de-l-album-combat-rock-et-sa-course-au-marathon-de-paris\\\/\"},\"author\":{\"name\":\"Auguste Marshal\",\"@id\":\"https:\\\/\\\/culturesco.com\\\/#\\\/schema\\\/person\\\/9a265b03a60b0fa349532a231f7d1d0e\"},\"headline\":\"Joe Strummer &#8211; The Clash &#8211; Son exil en France en 1982\",\"datePublished\":\"2020-04-25T21:37:10+00:00\",\"dateModified\":\"2024-08-05T09:41:10+00:00\",\"mainEntityOfPage\":{\"@id\":\"https:\\\/\\\/culturesco.com\\\/index.php\\\/2020\\\/04\\\/25\\\/joe-strummer-the-clash-son-exil-en-france-en-1982-juste-avant-la-sortie-de-l-album-combat-rock-et-sa-course-au-marathon-de-paris\\\/\"},\"wordCount\":483,\"commentCount\":0,\"publisher\":{\"@id\":\"https:\\\/\\\/culturesco.com\\\/#organization\"},\"image\":{\"@id\":\"https:\\\/\\\/culturesco.com\\\/index.php\\\/2020\\\/04\\\/25\\\/joe-strummer-the-clash-son-exil-en-france-en-1982-juste-avant-la-sortie-de-l-album-combat-rock-et-sa-course-au-marathon-de-paris\\\/#primaryimage\"},\"thumbnailUrl\":\"https:\\\/\\\/i0.wp.com\\\/culturesco.com\\\/wp-content\\\/uploads\\\/2020\\\/04\\\/TheClashCombatRock.jpg?fit=600%2C381&ssl=1\",\"keywords\":[\"classic rock\",\"histoire du rock\",\"Personnalit\u00e9 Rock\",\"punk\"],\"articleSection\":[\"Carotte Rock Cultures\",\"Histoire du rock\"],\"inLanguage\":\"fr-FR\",\"potentialAction\":[{\"@type\":\"CommentAction\",\"name\":\"Comment\",\"target\":[\"https:\\\/\\\/culturesco.com\\\/index.php\\\/2020\\\/04\\\/25\\\/joe-strummer-the-clash-son-exil-en-france-en-1982-juste-avant-la-sortie-de-l-album-combat-rock-et-sa-course-au-marathon-de-paris\\\/#respond\"]}]},{\"@type\":\"WebPage\",\"@id\":\"https:\\\/\\\/culturesco.com\\\/index.php\\\/2020\\\/04\\\/25\\\/joe-strummer-the-clash-son-exil-en-france-en-1982-juste-avant-la-sortie-de-l-album-combat-rock-et-sa-course-au-marathon-de-paris\\\/\",\"url\":\"https:\\\/\\\/culturesco.com\\\/index.php\\\/2020\\\/04\\\/25\\\/joe-strummer-the-clash-son-exil-en-france-en-1982-juste-avant-la-sortie-de-l-album-combat-rock-et-sa-course-au-marathon-de-paris\\\/\",\"name\":\"Joe Strummer - The Clash - Son exil en France en 1982 - Culturesco\",\"isPartOf\":{\"@id\":\"https:\\\/\\\/culturesco.com\\\/#website\"},\"primaryImageOfPage\":{\"@id\":\"https:\\\/\\\/culturesco.com\\\/index.php\\\/2020\\\/04\\\/25\\\/joe-strummer-the-clash-son-exil-en-france-en-1982-juste-avant-la-sortie-de-l-album-combat-rock-et-sa-course-au-marathon-de-paris\\\/#primaryimage\"},\"image\":{\"@id\":\"https:\\\/\\\/culturesco.com\\\/index.php\\\/2020\\\/04\\\/25\\\/joe-strummer-the-clash-son-exil-en-france-en-1982-juste-avant-la-sortie-de-l-album-combat-rock-et-sa-course-au-marathon-de-paris\\\/#primaryimage\"},\"thumbnailUrl\":\"https:\\\/\\\/i0.wp.com\\\/culturesco.com\\\/wp-content\\\/uploads\\\/2020\\\/04\\\/TheClashCombatRock.jpg?fit=600%2C381&ssl=1\",\"datePublished\":\"2020-04-25T21:37:10+00:00\",\"dateModified\":\"2024-08-05T09:41:10+00:00\",\"description\":\"Avril 1982, juste avant la sortie de Combat Rock de The CLASH, Joe Strummer s'exile en France. On le retrouvera courant le Marathon de Paris\",\"breadcrumb\":{\"@id\":\"https:\\\/\\\/culturesco.com\\\/index.php\\\/2020\\\/04\\\/25\\\/joe-strummer-the-clash-son-exil-en-france-en-1982-juste-avant-la-sortie-de-l-album-combat-rock-et-sa-course-au-marathon-de-paris\\\/#breadcrumb\"},\"inLanguage\":\"fr-FR\",\"potentialAction\":[{\"@type\":\"ReadAction\",\"target\":[\"https:\\\/\\\/culturesco.com\\\/index.php\\\/2020\\\/04\\\/25\\\/joe-strummer-the-clash-son-exil-en-france-en-1982-juste-avant-la-sortie-de-l-album-combat-rock-et-sa-course-au-marathon-de-paris\\\/\"]}]},{\"@type\":\"ImageObject\",\"inLanguage\":\"fr-FR\",\"@id\":\"https:\\\/\\\/culturesco.com\\\/index.php\\\/2020\\\/04\\\/25\\\/joe-strummer-the-clash-son-exil-en-france-en-1982-juste-avant-la-sortie-de-l-album-combat-rock-et-sa-course-au-marathon-de-paris\\\/#primaryimage\",\"url\":\"https:\\\/\\\/i0.wp.com\\\/culturesco.com\\\/wp-content\\\/uploads\\\/2020\\\/04\\\/TheClashCombatRock.jpg?fit=600%2C381&ssl=1\",\"contentUrl\":\"https:\\\/\\\/i0.wp.com\\\/culturesco.com\\\/wp-content\\\/uploads\\\/2020\\\/04\\\/TheClashCombatRock.jpg?fit=600%2C381&ssl=1\",\"width\":600,\"height\":381,\"caption\":\"combat rock the clash\"},{\"@type\":\"BreadcrumbList\",\"@id\":\"https:\\\/\\\/culturesco.com\\\/index.php\\\/2020\\\/04\\\/25\\\/joe-strummer-the-clash-son-exil-en-france-en-1982-juste-avant-la-sortie-de-l-album-combat-rock-et-sa-course-au-marathon-de-paris\\\/#breadcrumb\",\"itemListElement\":[{\"@type\":\"ListItem\",\"position\":1,\"name\":\"Accueil\",\"item\":\"https:\\\/\\\/culturesco.com\\\/\"},{\"@type\":\"ListItem\",\"position\":2,\"name\":\"Joe Strummer &#8211; The Clash &#8211; Son exil en France en 1982\"}]},{\"@type\":\"WebSite\",\"@id\":\"https:\\\/\\\/culturesco.com\\\/#website\",\"url\":\"https:\\\/\\\/culturesco.com\\\/\",\"name\":\"Culturesco\",\"description\":\"Culturesco | Un bon coup de pied dans ta Culture\",\"publisher\":{\"@id\":\"https:\\\/\\\/culturesco.com\\\/#organization\"},\"potentialAction\":[{\"@type\":\"SearchAction\",\"target\":{\"@type\":\"EntryPoint\",\"urlTemplate\":\"https:\\\/\\\/culturesco.com\\\/?s={search_term_string}\"},\"query-input\":{\"@type\":\"PropertyValueSpecification\",\"valueRequired\":true,\"valueName\":\"search_term_string\"}}],\"inLanguage\":\"fr-FR\"},{\"@type\":\"Organization\",\"@id\":\"https:\\\/\\\/culturesco.com\\\/#organization\",\"name\":\"CULTURESCO\",\"url\":\"https:\\\/\\\/culturesco.com\\\/\",\"logo\":{\"@type\":\"ImageObject\",\"inLanguage\":\"fr-FR\",\"@id\":\"https:\\\/\\\/culturesco.com\\\/#\\\/schema\\\/logo\\\/image\\\/\",\"url\":\"https:\\\/\\\/i0.wp.com\\\/culturesco.com\\\/wp-content\\\/uploads\\\/2022\\\/04\\\/culturesco-logo-blanc250p.png?fit=250%2C250&ssl=1\",\"contentUrl\":\"https:\\\/\\\/i0.wp.com\\\/culturesco.com\\\/wp-content\\\/uploads\\\/2022\\\/04\\\/culturesco-logo-blanc250p.png?fit=250%2C250&ssl=1\",\"width\":250,\"height\":250,\"caption\":\"CULTURESCO\"},\"image\":{\"@id\":\"https:\\\/\\\/culturesco.com\\\/#\\\/schema\\\/logo\\\/image\\\/\"},\"sameAs\":[\"https:\\\/\\\/www.facebook.com\\\/radioculturesco\",\"https:\\\/\\\/x.com\\\/AugusteMarshal\",\"https:\\\/\\\/www.instagram.com\\\/carotte_rock_culture\\\/\",\"https:\\\/\\\/www.pinterest.fr\\\/augustemarshal\\\/\",\"https:\\\/\\\/www.youtube.com\\\/channel\\\/UCiWLGffqWSXlNnfzp6YwwyQ\"]},{\"@type\":\"Person\",\"@id\":\"https:\\\/\\\/culturesco.com\\\/#\\\/schema\\\/person\\\/9a265b03a60b0fa349532a231f7d1d0e\",\"name\":\"Auguste Marshal\",\"image\":{\"@type\":\"ImageObject\",\"inLanguage\":\"fr-FR\",\"@id\":\"https:\\\/\\\/i0.wp.com\\\/culturesco.com\\\/wp-content\\\/uploads\\\/2019\\\/03\\\/auguste.jpg?fit=96%2C74&ssl=1\",\"url\":\"https:\\\/\\\/i0.wp.com\\\/culturesco.com\\\/wp-content\\\/uploads\\\/2019\\\/03\\\/auguste.jpg?fit=96%2C74&ssl=1\",\"contentUrl\":\"https:\\\/\\\/i0.wp.com\\\/culturesco.com\\\/wp-content\\\/uploads\\\/2019\\\/03\\\/auguste.jpg?fit=96%2C74&ssl=1\",\"caption\":\"Auguste Marshal\"},\"description\":\"Animateur Radio - Producteur animateur de l'\u00e9mission Culturesco sur Pop Culture Radio - Community Manager - Cr\u00e9ateur du blog Culturesco.com et pr\u00e9c\u00e9demment du Blog Rock Auguste Marshal - Administrateur des pages Facebook et Instagram Carotte Rock Cultures et Radio CulturesCo - Administrateur de groupes Facebook\",\"sameAs\":[\"https:\\\/\\\/culturesco.com\",\"https:\\\/\\\/www.facebook.com\\\/radioculturesco\",\"https:\\\/\\\/www.instagram.com\\\/carotte_rock_culture\\\/\",\"https:\\\/\\\/www.linkedin.com\\\/in\\\/auguste-marshal-7125b1151\\\/\",\"https:\\\/\\\/x.com\\\/https:\\\/\\\/twitter.com\\\/AugusteMarshal\",\"https:\\\/\\\/www.youtube.com\\\/channel\\\/UCiWLGffqWSXlNnfzp6YwwyQ\"],\"url\":\"https:\\\/\\\/culturesco.com\\\/index.php\\\/author\\\/admin8255\\\/\"}]}<\/script>\n<!-- \/ Yoast SEO plugin. -->","yoast_head_json":{"title":"Joe Strummer - The Clash - Son exil en France en 1982 - Culturesco","description":"Avril 1982, juste avant la sortie de Combat Rock de The CLASH, Joe Strummer s'exile en France. On le retrouvera courant le Marathon de Paris","robots":{"index":"index","follow":"follow","max-snippet":"max-snippet:-1","max-image-preview":"max-image-preview:large","max-video-preview":"max-video-preview:-1"},"canonical":"https:\/\/culturesco.com\/index.php\/2020\/04\/25\/joe-strummer-the-clash-son-exil-en-france-en-1982-juste-avant-la-sortie-de-l-album-combat-rock-et-sa-course-au-marathon-de-paris\/","og_locale":"fr_FR","og_type":"article","og_title":"Quand Joe Strummer, leader du Clash courait le marathon de Paris : 1982","og_description":"Avril 1982, juste avant la sortie de Combat Rock de The CLASH, Joe Strummer s'exile en France. On le retrouvera courant le Marathon de Paris","og_url":"https:\/\/culturesco.com\/index.php\/2020\/04\/25\/joe-strummer-the-clash-son-exil-en-france-en-1982-juste-avant-la-sortie-de-l-album-combat-rock-et-sa-course-au-marathon-de-paris\/","og_site_name":"Culturesco","article_publisher":"https:\/\/www.facebook.com\/radioculturesco","article_author":"https:\/\/www.facebook.com\/radioculturesco","article_published_time":"2020-04-25T21:37:10+00:00","article_modified_time":"2024-08-05T09:41:10+00:00","og_image":[{"width":600,"height":314,"url":"https:\/\/culturesco.com\/wp-content\/uploads\/2020\/04\/joe-strummer-et-gaby.jpg","type":"image\/jpeg"}],"author":"Auguste Marshal","twitter_card":"summary_large_image","twitter_creator":"@https:\/\/twitter.com\/AugusteMarshal","twitter_site":"@AugusteMarshal","twitter_misc":{"\u00c9crit par":"Auguste Marshal","Dur\u00e9e de lecture estim\u00e9e":"3 minutes"},"schema":{"@context":"https:\/\/schema.org","@graph":[{"@type":"Article","@id":"https:\/\/culturesco.com\/index.php\/2020\/04\/25\/joe-strummer-the-clash-son-exil-en-france-en-1982-juste-avant-la-sortie-de-l-album-combat-rock-et-sa-course-au-marathon-de-paris\/#article","isPartOf":{"@id":"https:\/\/culturesco.com\/index.php\/2020\/04\/25\/joe-strummer-the-clash-son-exil-en-france-en-1982-juste-avant-la-sortie-de-l-album-combat-rock-et-sa-course-au-marathon-de-paris\/"},"author":{"name":"Auguste Marshal","@id":"https:\/\/culturesco.com\/#\/schema\/person\/9a265b03a60b0fa349532a231f7d1d0e"},"headline":"Joe Strummer &#8211; The Clash &#8211; Son exil en France en 1982","datePublished":"2020-04-25T21:37:10+00:00","dateModified":"2024-08-05T09:41:10+00:00","mainEntityOfPage":{"@id":"https:\/\/culturesco.com\/index.php\/2020\/04\/25\/joe-strummer-the-clash-son-exil-en-france-en-1982-juste-avant-la-sortie-de-l-album-combat-rock-et-sa-course-au-marathon-de-paris\/"},"wordCount":483,"commentCount":0,"publisher":{"@id":"https:\/\/culturesco.com\/#organization"},"image":{"@id":"https:\/\/culturesco.com\/index.php\/2020\/04\/25\/joe-strummer-the-clash-son-exil-en-france-en-1982-juste-avant-la-sortie-de-l-album-combat-rock-et-sa-course-au-marathon-de-paris\/#primaryimage"},"thumbnailUrl":"https:\/\/i0.wp.com\/culturesco.com\/wp-content\/uploads\/2020\/04\/TheClashCombatRock.jpg?fit=600%2C381&ssl=1","keywords":["classic rock","histoire du rock","Personnalit\u00e9 Rock","punk"],"articleSection":["Carotte Rock Cultures","Histoire du rock"],"inLanguage":"fr-FR","potentialAction":[{"@type":"CommentAction","name":"Comment","target":["https:\/\/culturesco.com\/index.php\/2020\/04\/25\/joe-strummer-the-clash-son-exil-en-france-en-1982-juste-avant-la-sortie-de-l-album-combat-rock-et-sa-course-au-marathon-de-paris\/#respond"]}]},{"@type":"WebPage","@id":"https:\/\/culturesco.com\/index.php\/2020\/04\/25\/joe-strummer-the-clash-son-exil-en-france-en-1982-juste-avant-la-sortie-de-l-album-combat-rock-et-sa-course-au-marathon-de-paris\/","url":"https:\/\/culturesco.com\/index.php\/2020\/04\/25\/joe-strummer-the-clash-son-exil-en-france-en-1982-juste-avant-la-sortie-de-l-album-combat-rock-et-sa-course-au-marathon-de-paris\/","name":"Joe Strummer - The Clash - Son exil en France en 1982 - Culturesco","isPartOf":{"@id":"https:\/\/culturesco.com\/#website"},"primaryImageOfPage":{"@id":"https:\/\/culturesco.com\/index.php\/2020\/04\/25\/joe-strummer-the-clash-son-exil-en-france-en-1982-juste-avant-la-sortie-de-l-album-combat-rock-et-sa-course-au-marathon-de-paris\/#primaryimage"},"image":{"@id":"https:\/\/culturesco.com\/index.php\/2020\/04\/25\/joe-strummer-the-clash-son-exil-en-france-en-1982-juste-avant-la-sortie-de-l-album-combat-rock-et-sa-course-au-marathon-de-paris\/#primaryimage"},"thumbnailUrl":"https:\/\/i0.wp.com\/culturesco.com\/wp-content\/uploads\/2020\/04\/TheClashCombatRock.jpg?fit=600%2C381&ssl=1","datePublished":"2020-04-25T21:37:10+00:00","dateModified":"2024-08-05T09:41:10+00:00","description":"Avril 1982, juste avant la sortie de Combat Rock de The CLASH, Joe Strummer s'exile en France. On le retrouvera courant le Marathon de Paris","breadcrumb":{"@id":"https:\/\/culturesco.com\/index.php\/2020\/04\/25\/joe-strummer-the-clash-son-exil-en-france-en-1982-juste-avant-la-sortie-de-l-album-combat-rock-et-sa-course-au-marathon-de-paris\/#breadcrumb"},"inLanguage":"fr-FR","potentialAction":[{"@type":"ReadAction","target":["https:\/\/culturesco.com\/index.php\/2020\/04\/25\/joe-strummer-the-clash-son-exil-en-france-en-1982-juste-avant-la-sortie-de-l-album-combat-rock-et-sa-course-au-marathon-de-paris\/"]}]},{"@type":"ImageObject","inLanguage":"fr-FR","@id":"https:\/\/culturesco.com\/index.php\/2020\/04\/25\/joe-strummer-the-clash-son-exil-en-france-en-1982-juste-avant-la-sortie-de-l-album-combat-rock-et-sa-course-au-marathon-de-paris\/#primaryimage","url":"https:\/\/i0.wp.com\/culturesco.com\/wp-content\/uploads\/2020\/04\/TheClashCombatRock.jpg?fit=600%2C381&ssl=1","contentUrl":"https:\/\/i0.wp.com\/culturesco.com\/wp-content\/uploads\/2020\/04\/TheClashCombatRock.jpg?fit=600%2C381&ssl=1","width":600,"height":381,"caption":"combat rock the clash"},{"@type":"BreadcrumbList","@id":"https:\/\/culturesco.com\/index.php\/2020\/04\/25\/joe-strummer-the-clash-son-exil-en-france-en-1982-juste-avant-la-sortie-de-l-album-combat-rock-et-sa-course-au-marathon-de-paris\/#breadcrumb","itemListElement":[{"@type":"ListItem","position":1,"name":"Accueil","item":"https:\/\/culturesco.com\/"},{"@type":"ListItem","position":2,"name":"Joe Strummer &#8211; The Clash &#8211; Son exil en France en 1982"}]},{"@type":"WebSite","@id":"https:\/\/culturesco.com\/#website","url":"https:\/\/culturesco.com\/","name":"Culturesco","description":"Culturesco | Un bon coup de pied dans ta Culture","publisher":{"@id":"https:\/\/culturesco.com\/#organization"},"potentialAction":[{"@type":"SearchAction","target":{"@type":"EntryPoint","urlTemplate":"https:\/\/culturesco.com\/?s={search_term_string}"},"query-input":{"@type":"PropertyValueSpecification","valueRequired":true,"valueName":"search_term_string"}}],"inLanguage":"fr-FR"},{"@type":"Organization","@id":"https:\/\/culturesco.com\/#organization","name":"CULTURESCO","url":"https:\/\/culturesco.com\/","logo":{"@type":"ImageObject","inLanguage":"fr-FR","@id":"https:\/\/culturesco.com\/#\/schema\/logo\/image\/","url":"https:\/\/i0.wp.com\/culturesco.com\/wp-content\/uploads\/2022\/04\/culturesco-logo-blanc250p.png?fit=250%2C250&ssl=1","contentUrl":"https:\/\/i0.wp.com\/culturesco.com\/wp-content\/uploads\/2022\/04\/culturesco-logo-blanc250p.png?fit=250%2C250&ssl=1","width":250,"height":250,"caption":"CULTURESCO"},"image":{"@id":"https:\/\/culturesco.com\/#\/schema\/logo\/image\/"},"sameAs":["https:\/\/www.facebook.com\/radioculturesco","https:\/\/x.com\/AugusteMarshal","https:\/\/www.instagram.com\/carotte_rock_culture\/","https:\/\/www.pinterest.fr\/augustemarshal\/","https:\/\/www.youtube.com\/channel\/UCiWLGffqWSXlNnfzp6YwwyQ"]},{"@type":"Person","@id":"https:\/\/culturesco.com\/#\/schema\/person\/9a265b03a60b0fa349532a231f7d1d0e","name":"Auguste Marshal","image":{"@type":"ImageObject","inLanguage":"fr-FR","@id":"https:\/\/i0.wp.com\/culturesco.com\/wp-content\/uploads\/2019\/03\/auguste.jpg?fit=96%2C74&ssl=1","url":"https:\/\/i0.wp.com\/culturesco.com\/wp-content\/uploads\/2019\/03\/auguste.jpg?fit=96%2C74&ssl=1","contentUrl":"https:\/\/i0.wp.com\/culturesco.com\/wp-content\/uploads\/2019\/03\/auguste.jpg?fit=96%2C74&ssl=1","caption":"Auguste Marshal"},"description":"Animateur Radio - Producteur animateur de l'\u00e9mission Culturesco sur Pop Culture Radio - Community Manager - Cr\u00e9ateur du blog Culturesco.com et pr\u00e9c\u00e9demment du Blog Rock Auguste Marshal - Administrateur des pages Facebook et Instagram Carotte Rock Cultures et Radio CulturesCo - Administrateur de groupes Facebook","sameAs":["https:\/\/culturesco.com","https:\/\/www.facebook.com\/radioculturesco","https:\/\/www.instagram.com\/carotte_rock_culture\/","https:\/\/www.linkedin.com\/in\/auguste-marshal-7125b1151\/","https:\/\/x.com\/https:\/\/twitter.com\/AugusteMarshal","https:\/\/www.youtube.com\/channel\/UCiWLGffqWSXlNnfzp6YwwyQ"],"url":"https:\/\/culturesco.com\/index.php\/author\/admin8255\/"}]}},"jetpack_featured_media_url":"https:\/\/i0.wp.com\/culturesco.com\/wp-content\/uploads\/2020\/04\/TheClashCombatRock.jpg?fit=600%2C381&ssl=1","jetpack_likes_enabled":true,"jetpack_sharing_enabled":true,"jetpack_shortlink":"https:\/\/wp.me\/paz89I-2TT","_links":{"self":[{"href":"https:\/\/culturesco.com\/index.php\/wp-json\/wp\/v2\/posts\/11153","targetHints":{"allow":["GET"]}}],"collection":[{"href":"https:\/\/culturesco.com\/index.php\/wp-json\/wp\/v2\/posts"}],"about":[{"href":"https:\/\/culturesco.com\/index.php\/wp-json\/wp\/v2\/types\/post"}],"author":[{"embeddable":true,"href":"https:\/\/culturesco.com\/index.php\/wp-json\/wp\/v2\/users\/1"}],"replies":[{"embeddable":true,"href":"https:\/\/culturesco.com\/index.php\/wp-json\/wp\/v2\/comments?post=11153"}],"version-history":[{"count":0,"href":"https:\/\/culturesco.com\/index.php\/wp-json\/wp\/v2\/posts\/11153\/revisions"}],"wp:featuredmedia":[{"embeddable":true,"href":"https:\/\/culturesco.com\/index.php\/wp-json\/wp\/v2\/media\/22863"}],"wp:attachment":[{"href":"https:\/\/culturesco.com\/index.php\/wp-json\/wp\/v2\/media?parent=11153"}],"wp:term":[{"taxonomy":"category","embeddable":true,"href":"https:\/\/culturesco.com\/index.php\/wp-json\/wp\/v2\/categories?post=11153"},{"taxonomy":"post_tag","embeddable":true,"href":"https:\/\/culturesco.com\/index.php\/wp-json\/wp\/v2\/tags?post=11153"}],"curies":[{"name":"wp","href":"https:\/\/api.w.org\/{rel}","templated":true}]}}