{"id":1107,"date":"2018-11-28T17:16:29","date_gmt":"2018-11-28T16:16:29","guid":{"rendered":"https:\/\/culturesco.com\/?p=1107"},"modified":"2019-08-19T20:41:08","modified_gmt":"2019-08-19T18:41:08","slug":"les-faces-cachees-de-joe-dassin","status":"publish","type":"post","link":"https:\/\/culturesco.com\/index.php\/2018\/11\/28\/les-faces-cachees-de-joe-dassin\/","title":{"rendered":"Les faces cach\u00e9es de Joe Dassin"},"content":{"rendered":"<h2>Joe Dassin &#8211; Le plus Am\u00e9ricain des chanteurs fran\u00e7ais<\/h2>\n<figure id=\"attachment_1115\" aria-describedby=\"caption-attachment-1115\" style=\"width: 300px\" class=\"wp-caption aligncenter\"><img data-recalc-dims=\"1\" loading=\"lazy\" decoding=\"async\" class=\"wp-image-1115 size-full\" title=\"Joe Dassin\" src=\"https:\/\/i0.wp.com\/culturesco.com\/wp-content\/uploads\/2018\/11\/ob_8cd8cf_106163.jpg?resize=300%2C300&#038;ssl=1\" alt=\"Joe Dassin\" width=\"300\" height=\"300\" srcset=\"https:\/\/i0.wp.com\/culturesco.com\/wp-content\/uploads\/2018\/11\/ob_8cd8cf_106163.jpg?w=300&amp;ssl=1 300w, https:\/\/i0.wp.com\/culturesco.com\/wp-content\/uploads\/2018\/11\/ob_8cd8cf_106163.jpg?resize=100%2C100&amp;ssl=1 100w, https:\/\/i0.wp.com\/culturesco.com\/wp-content\/uploads\/2018\/11\/ob_8cd8cf_106163.jpg?resize=150%2C150&amp;ssl=1 150w\" sizes=\"auto, (max-width: 300px) 100vw, 300px\" \/><figcaption id=\"caption-attachment-1115\" class=\"wp-caption-text\">Fortement conseill\u00e9 !<\/figcaption><\/figure>\n<h3>Les merveilles \u00e0 red\u00e9couvrir (1965 \u2013 1966)<\/h3>\n<p style=\"text-align: justify;\">Avant d\u2019\u00eatre un chanteur de vari\u00e9t\u00e9s omnipr\u00e9sent au hit-parade (<strong>Les Champs-Elys\u00e9es<\/strong>) avec des tubes que l\u2019on peut qualifier de contestables (<strong>Le pain au chocolat<\/strong>, <strong>Siffler sur la colline<\/strong>, etc.) Joe Dassin avait \u00e9t\u00e9 un artiste prometteur et talentueux.<br \/>\nJoe est n\u00e9 \u00e0 New York en 1938. Son p\u00e8re \u00e9tait un c\u00e9l\u00e8bre metteur en sc\u00e8ne de cin\u00e9ma chass\u00e9 des States (son \u00e9pouse est <a href=\"https:\/\/fr.wikipedia.org\/wiki\/Melina_Mercouri\" target=\"_blank\" rel=\"noopener noreferrer\">Melina Mercouri<\/a>). D\u00e8s lors, Joe n\u2019avait qu\u2019un r\u00eave : revoir son pays natal.<\/p>\n<p style=\"text-align: justify;\">Il conna\u00eet \u00e0 la fois la fuite du pays qui l&rsquo;a vu na\u00eetre et le rejet du milieu o\u00f9 \u00e9voluait sa famille : ses parents conseillent \u00e0 leur fils de suivre une toute autre carri\u00e8re. C&rsquo;est pour leur ob\u00e9ir que Joe accepte de poursuivre ses \u00e9tudes. Et comme il r\u00eave de revoir les Etats-Unis et que lui peut y retourner, il s&rsquo;inscrit dans une universit\u00e9 am\u00e9ricaine, h\u00e9las sans grande conviction : il se serait plut\u00f4t content\u00e9 d&rsquo;une carri\u00e8re d&rsquo;artiste.<\/p>\n<p style=\"text-align: justify;\">Le jeune Joe Dassin choisit m\u00e9decine&#8230; C\u2019est toutefois en d\u00e9sespoir de cause, car \u00e7a l\u2019ennuie profond\u00e9ment. Surtout qu\u2019au bout de trois ann\u00e9es d&rsquo;\u00e9tudes m\u00e9dicales, il se retrouve dans l&rsquo;obligation de diss\u00e9quer un cadavre. Et comme en g\u00e9n\u00e9ral chacun sert plusieurs fois, celui qui lui passe entre les mains n&rsquo;\u00e9tait plus de premi\u00e8re fra\u00eecheur. Joe fait face courageusement une poign\u00e9e de secondes&#8230; et s\u2019\u00e9vanouit.<br \/>\nSon avenir avait bascul\u00e9.<\/p>\n<p style=\"text-align: justify;\">Joe Dassin ne serait pas m\u00e9decin. En fils respectueux et ob\u00e9issant, il retourne n\u00e9anmoins \u00e0 l&rsquo;Universit\u00e9, esp\u00e9rant se raccrocher \u00e0 une autre branche. Mais au moment de signer un contrat pour vouer sa vie \u00e0 l&rsquo;enseignement, il voit sa vie \u00e0 venir, petit professeur durant de nombreuses ann\u00e9es, puis, peut-\u00eatre, devenu vieux, grand professeur attendant impatiemment la retraite. Il entrevoit la routine et l&rsquo;ennui.<br \/>\nNon, d\u00e9cid\u00e9ment, \u00e7a n&rsquo;est vraiment pas pour lui, cette vie-l\u00e0 !<\/p>\n<h3>Retour en France<\/h3>\n<p style=\"text-align: justify;\">Du coup, il revient en France ; il a 22 ans, il ne sait pas encore qu&rsquo;il sera chanteur. Il avait, certes, d\u00e9j\u00e0 chant\u00e9, bri\u00e8vement, du folklore italien (une tarentelle de moins d\u2019une minute !), sur la B.O. du film \u00ab La Loi \u00bb (avec Gina Lolobrigida), r\u00e9alis\u00e9 par son p\u00e8re en 1958. Et, sur le campus am\u00e9ricain, il se d\u00e9tendait en interpr\u00e9tant, \u00e0 la guitare, et en fran\u00e7ais, des succ\u00e8s de Brel et de Brassens. Mais, pour l\u2019instant, il n\u2019entrevoit pas son avenir dans la chanson. Au contraire, il va plut\u00f4t essayer de tirer parti de ce qu&rsquo;il a appris aupr\u00e8s de Jules Dassin.<\/p>\n<p style=\"text-align: justify;\">On le retrouve, pendant quelque temps, assistant cin\u00e9matographique. Il d\u00e9croche \u00e9galement un r\u00f4le assez cons\u00e9quent dans \u00ab Topkapi \u00bb r\u00e9alis\u00e9 par son p\u00e8re en 1964 avec Melina Mercouri et Peter Ustinov dans les r\u00f4les principaux.<\/p>\n<p style=\"text-align: justify;\">La musique, il ne va s&rsquo;y mettre que mollement, par le biais du \u00ab\u00a0folk-song\u00a0\u00bb, au Centre Am\u00e9ricain de Montparnasse qu&rsquo;il fr\u00e9quente assid\u00fbment (il y fera la connaissance de Claude Lemesle, co-responsable, avec Delano\u00eb, des paroles de \u00ab L&rsquo;\u00e9t\u00e9 indien \u00bb).<\/p>\n<p style=\"text-align: justify;\">Ses premiers enregistrements seront fortement empreints de cette couleur si typiquement folk nord-am\u00e9ricaine qui se colporte traditionnellement, \u00e0 coup de guitare et d&rsquo;harmonica, avec parfois des h\u00e9ros dont les noms sont inoubliables : Leadbelly, Woody Guthrie, Bob Dylan&#8230; et dont les refrains se retrouvent sur les premiers 45 tours de 1965 : \u00ab Kathy Cruel \u00bb, \u00ab Je Change Un Peu De Vent \u00bb, adaptation de \u00ab\u00a0Freight Train\u00a0\u00bb.<\/p>\n<h3>Joe Dassin &#8211; Je change un peu de vent<\/h3>\n<p><iframe loading=\"lazy\" src=\"https:\/\/www.youtube.com\/embed\/EL5RmojJiFM\" width=\"560\" height=\"315\" frameborder=\"0\" allowfullscreen=\"allowfullscreen\"><\/iframe><\/p>\n<p style=\"text-align: justify;\">Autre merveille, son adaptation de \u00ab\u00a0Early Mornin&rsquo; rain\u00a0\u00bb de Gordon Lightfoot qui devient \u00ab\u00a0Dans la brume du matin\u00a0\u00bb. l&rsquo;interpr\u00e8te double joliment sa voix, assurant une partie des ch\u0153urs en se r\u00e9pondant \u00e0 lui-m\u00eame.<\/p>\n<h3>Joe Dassin &#8211; Dans la brume du matin<\/h3>\n<p><iframe loading=\"lazy\" src=\"https:\/\/www.youtube.com\/embed\/u-IU7BAHk7M\" width=\"560\" height=\"315\" frameborder=\"0\" allowfullscreen=\"allowfullscreen\"><\/iframe><\/p>\n<p style=\"text-align: justify;\">Et comment oublier (ou d\u00e9couvrir !) cette splendeur, \u00ab\u00a0Combien de temps pour t&rsquo;oublier\u00a0\u00bb (\u00ab\u00a0Can&rsquo;t Help But Wonder\u00a0\u00bb de Tom Paxton)<\/p>\n<h3>Joe Dassin &#8211; Combien de temps pour t&rsquo;oublier<\/h3>\n<p><iframe loading=\"lazy\" src=\"https:\/\/www.youtube.com\/embed\/7LiLqxISa5E\" width=\"560\" height=\"315\" frameborder=\"0\" allowfullscreen=\"allowfullscreen\"><\/iframe><\/p>\n<p style=\"text-align: justify;\">Cette passion pour tous les folklores, et principalement ceux du continent am\u00e9ricain, sera l&rsquo;une des raisons du succ\u00e8s de Joe, puisque ses premiers tubes furent \u00ab Guantanamera \u00bb et \u00ab Bip Bip \u00bb, adaptations de chansons d&rsquo;Am\u00e9rique latine. Il \u00e9tait parti pour la gloire !<\/p>\n<p>Daniel Lesueur<\/p>\n<p>A lire \u00e9galement : <a href=\"https:\/\/culturesco.com\/index.php\/2019\/06\/17\/mylene-farmer-la-star-venue-du-froid\/\" target=\"_blank\" rel=\"noopener noreferrer\">Myl\u00e8ne Farmer, la star venue du froid<\/a><\/p>\n","protected":false},"excerpt":{"rendered":"<p>Joe Dassin &#8211; Le plus Am\u00e9ricain des chanteurs fran\u00e7ais Les merveilles \u00e0 red\u00e9couvrir (1965 \u2013 1966) Avant d\u2019\u00eatre un chanteur de vari\u00e9t\u00e9s omnipr\u00e9sent au hit-parade (Les Champs-Elys\u00e9es) avec des tubes que l\u2019on peut qualifier de contestables (Le pain au chocolat, Siffler sur la colline, etc.) Joe Dassin avait \u00e9t\u00e9 un artiste prometteur et talentueux. Joe [&hellip;]<\/p>\n","protected":false},"author":2,"featured_media":1180,"comment_status":"open","ping_status":"open","sticky":false,"template":"","format":"image","meta":{"jetpack_post_was_ever_published":false,"tdm_status":"","tdm_grid_status":"","_jetpack_newsletter_access":"","_jetpack_dont_email_post_to_subs":false,"_jetpack_newsletter_tier_id":0,"_jetpack_memberships_contains_paywalled_content":false,"_jetpack_memberships_contains_paid_content":false,"footnotes":""},"categories":[17],"tags":[54],"class_list":{"0":"post-1107","1":"post","2":"type-post","3":"status-publish","4":"format-image","5":"has-post-thumbnail","7":"category-carotte-rock-cultures","8":"tag-cinema","9":"post_format-post-format-image"},"yoast_head":"<!-- This site is optimized with the Yoast SEO plugin v27.5 - https:\/\/yoast.com\/product\/yoast-seo-wordpress\/ -->\n<title>Les faces cach\u00e9es de Joe Dassin - Culturesco<\/title>\n<meta name=\"description\" content=\"CulturesCo | Un bon coup de pied dans ta Culture | Chroniques et histoire du Rock, chanson fran\u00e7aise, litt\u00e9rature, cin\u00e9ma et bande dessin\u00e9e.\" \/>\n<meta name=\"robots\" content=\"index, follow, max-snippet:-1, max-image-preview:large, max-video-preview:-1\" \/>\n<link rel=\"canonical\" href=\"https:\/\/culturesco.com\/index.php\/2018\/11\/28\/les-faces-cachees-de-joe-dassin\/\" \/>\n<meta property=\"og:locale\" content=\"fr_FR\" \/>\n<meta property=\"og:type\" content=\"article\" \/>\n<meta property=\"og:title\" content=\"Les faces cach\u00e9es de Joe Dassin - Culturesco\" \/>\n<meta property=\"og:description\" content=\"CulturesCo | Un bon coup de pied dans ta Culture | Chroniques et histoire du Rock, chanson fran\u00e7aise, litt\u00e9rature, cin\u00e9ma et bande dessin\u00e9e.\" \/>\n<meta property=\"og:url\" content=\"https:\/\/culturesco.com\/index.php\/2018\/11\/28\/les-faces-cachees-de-joe-dassin\/\" \/>\n<meta property=\"og:site_name\" content=\"Culturesco\" \/>\n<meta property=\"article:publisher\" content=\"https:\/\/www.facebook.com\/radioculturesco\" \/>\n<meta property=\"article:published_time\" content=\"2018-11-28T16:16:29+00:00\" \/>\n<meta property=\"article:modified_time\" content=\"2019-08-19T18:41:08+00:00\" \/>\n<meta property=\"og:image\" content=\"https:\/\/i0.wp.com\/culturesco.com\/wp-content\/uploads\/2018\/11\/joe-dassin.jpg?fit=600%2C314&ssl=1\" \/>\n\t<meta property=\"og:image:width\" content=\"600\" \/>\n\t<meta property=\"og:image:height\" content=\"314\" \/>\n\t<meta property=\"og:image:type\" content=\"image\/jpeg\" \/>\n<meta name=\"author\" content=\"Daniel Lesueur\" \/>\n<meta name=\"twitter:card\" content=\"summary_large_image\" \/>\n<meta name=\"twitter:creator\" content=\"@AugusteMarshal\" \/>\n<meta name=\"twitter:site\" content=\"@AugusteMarshal\" \/>\n<meta name=\"twitter:label1\" content=\"\u00c9crit par\" \/>\n\t<meta name=\"twitter:data1\" content=\"Daniel Lesueur\" \/>\n\t<meta name=\"twitter:label2\" content=\"Dur\u00e9e de lecture estim\u00e9e\" \/>\n\t<meta name=\"twitter:data2\" content=\"4 minutes\" \/>\n<script type=\"application\/ld+json\" class=\"yoast-schema-graph\">{\"@context\":\"https:\\\/\\\/schema.org\",\"@graph\":[{\"@type\":\"Article\",\"@id\":\"https:\\\/\\\/culturesco.com\\\/index.php\\\/2018\\\/11\\\/28\\\/les-faces-cachees-de-joe-dassin\\\/#article\",\"isPartOf\":{\"@id\":\"https:\\\/\\\/culturesco.com\\\/index.php\\\/2018\\\/11\\\/28\\\/les-faces-cachees-de-joe-dassin\\\/\"},\"author\":{\"name\":\"Daniel Lesueur\",\"@id\":\"https:\\\/\\\/culturesco.com\\\/#\\\/schema\\\/person\\\/716087cb1b01edf85084af2d12096a8f\"},\"headline\":\"Les faces cach\u00e9es de Joe Dassin\",\"datePublished\":\"2018-11-28T16:16:29+00:00\",\"dateModified\":\"2019-08-19T18:41:08+00:00\",\"mainEntityOfPage\":{\"@id\":\"https:\\\/\\\/culturesco.com\\\/index.php\\\/2018\\\/11\\\/28\\\/les-faces-cachees-de-joe-dassin\\\/\"},\"wordCount\":780,\"commentCount\":0,\"publisher\":{\"@id\":\"https:\\\/\\\/culturesco.com\\\/#organization\"},\"image\":{\"@id\":\"https:\\\/\\\/culturesco.com\\\/index.php\\\/2018\\\/11\\\/28\\\/les-faces-cachees-de-joe-dassin\\\/#primaryimage\"},\"thumbnailUrl\":\"https:\\\/\\\/i0.wp.com\\\/culturesco.com\\\/wp-content\\\/uploads\\\/2018\\\/11\\\/joe-dassin.jpg?fit=600%2C314&ssl=1\",\"keywords\":[\"cin\u00e9ma\"],\"articleSection\":[\"Carotte Rock Cultures\"],\"inLanguage\":\"fr-FR\",\"potentialAction\":[{\"@type\":\"CommentAction\",\"name\":\"Comment\",\"target\":[\"https:\\\/\\\/culturesco.com\\\/index.php\\\/2018\\\/11\\\/28\\\/les-faces-cachees-de-joe-dassin\\\/#respond\"]}]},{\"@type\":\"WebPage\",\"@id\":\"https:\\\/\\\/culturesco.com\\\/index.php\\\/2018\\\/11\\\/28\\\/les-faces-cachees-de-joe-dassin\\\/\",\"url\":\"https:\\\/\\\/culturesco.com\\\/index.php\\\/2018\\\/11\\\/28\\\/les-faces-cachees-de-joe-dassin\\\/\",\"name\":\"Les faces cach\u00e9es de Joe Dassin - Culturesco\",\"isPartOf\":{\"@id\":\"https:\\\/\\\/culturesco.com\\\/#website\"},\"primaryImageOfPage\":{\"@id\":\"https:\\\/\\\/culturesco.com\\\/index.php\\\/2018\\\/11\\\/28\\\/les-faces-cachees-de-joe-dassin\\\/#primaryimage\"},\"image\":{\"@id\":\"https:\\\/\\\/culturesco.com\\\/index.php\\\/2018\\\/11\\\/28\\\/les-faces-cachees-de-joe-dassin\\\/#primaryimage\"},\"thumbnailUrl\":\"https:\\\/\\\/i0.wp.com\\\/culturesco.com\\\/wp-content\\\/uploads\\\/2018\\\/11\\\/joe-dassin.jpg?fit=600%2C314&ssl=1\",\"datePublished\":\"2018-11-28T16:16:29+00:00\",\"dateModified\":\"2019-08-19T18:41:08+00:00\",\"description\":\"CulturesCo | Un bon coup de pied dans ta Culture | Chroniques et histoire du Rock, chanson fran\u00e7aise, litt\u00e9rature, cin\u00e9ma et bande dessin\u00e9e.\",\"breadcrumb\":{\"@id\":\"https:\\\/\\\/culturesco.com\\\/index.php\\\/2018\\\/11\\\/28\\\/les-faces-cachees-de-joe-dassin\\\/#breadcrumb\"},\"inLanguage\":\"fr-FR\",\"potentialAction\":[{\"@type\":\"ReadAction\",\"target\":[\"https:\\\/\\\/culturesco.com\\\/index.php\\\/2018\\\/11\\\/28\\\/les-faces-cachees-de-joe-dassin\\\/\"]}]},{\"@type\":\"ImageObject\",\"inLanguage\":\"fr-FR\",\"@id\":\"https:\\\/\\\/culturesco.com\\\/index.php\\\/2018\\\/11\\\/28\\\/les-faces-cachees-de-joe-dassin\\\/#primaryimage\",\"url\":\"https:\\\/\\\/i0.wp.com\\\/culturesco.com\\\/wp-content\\\/uploads\\\/2018\\\/11\\\/joe-dassin.jpg?fit=600%2C314&ssl=1\",\"contentUrl\":\"https:\\\/\\\/i0.wp.com\\\/culturesco.com\\\/wp-content\\\/uploads\\\/2018\\\/11\\\/joe-dassin.jpg?fit=600%2C314&ssl=1\",\"width\":600,\"height\":314,\"caption\":\"Joe dassin\"},{\"@type\":\"BreadcrumbList\",\"@id\":\"https:\\\/\\\/culturesco.com\\\/index.php\\\/2018\\\/11\\\/28\\\/les-faces-cachees-de-joe-dassin\\\/#breadcrumb\",\"itemListElement\":[{\"@type\":\"ListItem\",\"position\":1,\"name\":\"Accueil\",\"item\":\"https:\\\/\\\/culturesco.com\\\/\"},{\"@type\":\"ListItem\",\"position\":2,\"name\":\"Les faces cach\u00e9es de Joe Dassin\"}]},{\"@type\":\"WebSite\",\"@id\":\"https:\\\/\\\/culturesco.com\\\/#website\",\"url\":\"https:\\\/\\\/culturesco.com\\\/\",\"name\":\"Culturesco\",\"description\":\"Culturesco | Un bon coup de pied dans ta Culture\",\"publisher\":{\"@id\":\"https:\\\/\\\/culturesco.com\\\/#organization\"},\"potentialAction\":[{\"@type\":\"SearchAction\",\"target\":{\"@type\":\"EntryPoint\",\"urlTemplate\":\"https:\\\/\\\/culturesco.com\\\/?s={search_term_string}\"},\"query-input\":{\"@type\":\"PropertyValueSpecification\",\"valueRequired\":true,\"valueName\":\"search_term_string\"}}],\"inLanguage\":\"fr-FR\"},{\"@type\":\"Organization\",\"@id\":\"https:\\\/\\\/culturesco.com\\\/#organization\",\"name\":\"CULTURESCO\",\"url\":\"https:\\\/\\\/culturesco.com\\\/\",\"logo\":{\"@type\":\"ImageObject\",\"inLanguage\":\"fr-FR\",\"@id\":\"https:\\\/\\\/culturesco.com\\\/#\\\/schema\\\/logo\\\/image\\\/\",\"url\":\"https:\\\/\\\/i0.wp.com\\\/culturesco.com\\\/wp-content\\\/uploads\\\/2022\\\/04\\\/culturesco-logo-blanc250p.png?fit=250%2C250&ssl=1\",\"contentUrl\":\"https:\\\/\\\/i0.wp.com\\\/culturesco.com\\\/wp-content\\\/uploads\\\/2022\\\/04\\\/culturesco-logo-blanc250p.png?fit=250%2C250&ssl=1\",\"width\":250,\"height\":250,\"caption\":\"CULTURESCO\"},\"image\":{\"@id\":\"https:\\\/\\\/culturesco.com\\\/#\\\/schema\\\/logo\\\/image\\\/\"},\"sameAs\":[\"https:\\\/\\\/www.facebook.com\\\/radioculturesco\",\"https:\\\/\\\/x.com\\\/AugusteMarshal\",\"https:\\\/\\\/www.instagram.com\\\/carotte_rock_culture\\\/\",\"https:\\\/\\\/www.pinterest.fr\\\/augustemarshal\\\/\",\"https:\\\/\\\/www.youtube.com\\\/channel\\\/UCiWLGffqWSXlNnfzp6YwwyQ\"]},{\"@type\":\"Person\",\"@id\":\"https:\\\/\\\/culturesco.com\\\/#\\\/schema\\\/person\\\/716087cb1b01edf85084af2d12096a8f\",\"name\":\"Daniel Lesueur\",\"image\":{\"@type\":\"ImageObject\",\"inLanguage\":\"fr-FR\",\"@id\":\"https:\\\/\\\/i0.wp.com\\\/culturesco.com\\\/wp-content\\\/uploads\\\/2018\\\/12\\\/lesueur.jpg?fit=96%2C89&ssl=1\",\"url\":\"https:\\\/\\\/i0.wp.com\\\/culturesco.com\\\/wp-content\\\/uploads\\\/2018\\\/12\\\/lesueur.jpg?fit=96%2C89&ssl=1\",\"contentUrl\":\"https:\\\/\\\/i0.wp.com\\\/culturesco.com\\\/wp-content\\\/uploads\\\/2018\\\/12\\\/lesueur.jpg?fit=96%2C89&ssl=1\",\"caption\":\"Daniel Lesueur\"},\"description\":\"\u00c9crivain - Directeur de collection chez Camion Blanc\",\"url\":\"https:\\\/\\\/culturesco.com\\\/index.php\\\/author\\\/daniel-lesueur\\\/\"}]}<\/script>\n<!-- \/ Yoast SEO plugin. -->","yoast_head_json":{"title":"Les faces cach\u00e9es de Joe Dassin - Culturesco","description":"CulturesCo | Un bon coup de pied dans ta Culture | Chroniques et histoire du Rock, chanson fran\u00e7aise, litt\u00e9rature, cin\u00e9ma et bande dessin\u00e9e.","robots":{"index":"index","follow":"follow","max-snippet":"max-snippet:-1","max-image-preview":"max-image-preview:large","max-video-preview":"max-video-preview:-1"},"canonical":"https:\/\/culturesco.com\/index.php\/2018\/11\/28\/les-faces-cachees-de-joe-dassin\/","og_locale":"fr_FR","og_type":"article","og_title":"Les faces cach\u00e9es de Joe Dassin - Culturesco","og_description":"CulturesCo | Un bon coup de pied dans ta Culture | Chroniques et histoire du Rock, chanson fran\u00e7aise, litt\u00e9rature, cin\u00e9ma et bande dessin\u00e9e.","og_url":"https:\/\/culturesco.com\/index.php\/2018\/11\/28\/les-faces-cachees-de-joe-dassin\/","og_site_name":"Culturesco","article_publisher":"https:\/\/www.facebook.com\/radioculturesco","article_published_time":"2018-11-28T16:16:29+00:00","article_modified_time":"2019-08-19T18:41:08+00:00","og_image":[{"width":600,"height":314,"url":"https:\/\/i0.wp.com\/culturesco.com\/wp-content\/uploads\/2018\/11\/joe-dassin.jpg?fit=600%2C314&ssl=1","type":"image\/jpeg"}],"author":"Daniel Lesueur","twitter_card":"summary_large_image","twitter_creator":"@AugusteMarshal","twitter_site":"@AugusteMarshal","twitter_misc":{"\u00c9crit par":"Daniel Lesueur","Dur\u00e9e de lecture estim\u00e9e":"4 minutes"},"schema":{"@context":"https:\/\/schema.org","@graph":[{"@type":"Article","@id":"https:\/\/culturesco.com\/index.php\/2018\/11\/28\/les-faces-cachees-de-joe-dassin\/#article","isPartOf":{"@id":"https:\/\/culturesco.com\/index.php\/2018\/11\/28\/les-faces-cachees-de-joe-dassin\/"},"author":{"name":"Daniel Lesueur","@id":"https:\/\/culturesco.com\/#\/schema\/person\/716087cb1b01edf85084af2d12096a8f"},"headline":"Les faces cach\u00e9es de Joe Dassin","datePublished":"2018-11-28T16:16:29+00:00","dateModified":"2019-08-19T18:41:08+00:00","mainEntityOfPage":{"@id":"https:\/\/culturesco.com\/index.php\/2018\/11\/28\/les-faces-cachees-de-joe-dassin\/"},"wordCount":780,"commentCount":0,"publisher":{"@id":"https:\/\/culturesco.com\/#organization"},"image":{"@id":"https:\/\/culturesco.com\/index.php\/2018\/11\/28\/les-faces-cachees-de-joe-dassin\/#primaryimage"},"thumbnailUrl":"https:\/\/i0.wp.com\/culturesco.com\/wp-content\/uploads\/2018\/11\/joe-dassin.jpg?fit=600%2C314&ssl=1","keywords":["cin\u00e9ma"],"articleSection":["Carotte Rock Cultures"],"inLanguage":"fr-FR","potentialAction":[{"@type":"CommentAction","name":"Comment","target":["https:\/\/culturesco.com\/index.php\/2018\/11\/28\/les-faces-cachees-de-joe-dassin\/#respond"]}]},{"@type":"WebPage","@id":"https:\/\/culturesco.com\/index.php\/2018\/11\/28\/les-faces-cachees-de-joe-dassin\/","url":"https:\/\/culturesco.com\/index.php\/2018\/11\/28\/les-faces-cachees-de-joe-dassin\/","name":"Les faces cach\u00e9es de Joe Dassin - Culturesco","isPartOf":{"@id":"https:\/\/culturesco.com\/#website"},"primaryImageOfPage":{"@id":"https:\/\/culturesco.com\/index.php\/2018\/11\/28\/les-faces-cachees-de-joe-dassin\/#primaryimage"},"image":{"@id":"https:\/\/culturesco.com\/index.php\/2018\/11\/28\/les-faces-cachees-de-joe-dassin\/#primaryimage"},"thumbnailUrl":"https:\/\/i0.wp.com\/culturesco.com\/wp-content\/uploads\/2018\/11\/joe-dassin.jpg?fit=600%2C314&ssl=1","datePublished":"2018-11-28T16:16:29+00:00","dateModified":"2019-08-19T18:41:08+00:00","description":"CulturesCo | Un bon coup de pied dans ta Culture | Chroniques et histoire du Rock, chanson fran\u00e7aise, litt\u00e9rature, cin\u00e9ma et bande dessin\u00e9e.","breadcrumb":{"@id":"https:\/\/culturesco.com\/index.php\/2018\/11\/28\/les-faces-cachees-de-joe-dassin\/#breadcrumb"},"inLanguage":"fr-FR","potentialAction":[{"@type":"ReadAction","target":["https:\/\/culturesco.com\/index.php\/2018\/11\/28\/les-faces-cachees-de-joe-dassin\/"]}]},{"@type":"ImageObject","inLanguage":"fr-FR","@id":"https:\/\/culturesco.com\/index.php\/2018\/11\/28\/les-faces-cachees-de-joe-dassin\/#primaryimage","url":"https:\/\/i0.wp.com\/culturesco.com\/wp-content\/uploads\/2018\/11\/joe-dassin.jpg?fit=600%2C314&ssl=1","contentUrl":"https:\/\/i0.wp.com\/culturesco.com\/wp-content\/uploads\/2018\/11\/joe-dassin.jpg?fit=600%2C314&ssl=1","width":600,"height":314,"caption":"Joe dassin"},{"@type":"BreadcrumbList","@id":"https:\/\/culturesco.com\/index.php\/2018\/11\/28\/les-faces-cachees-de-joe-dassin\/#breadcrumb","itemListElement":[{"@type":"ListItem","position":1,"name":"Accueil","item":"https:\/\/culturesco.com\/"},{"@type":"ListItem","position":2,"name":"Les faces cach\u00e9es de Joe Dassin"}]},{"@type":"WebSite","@id":"https:\/\/culturesco.com\/#website","url":"https:\/\/culturesco.com\/","name":"Culturesco","description":"Culturesco | Un bon coup de pied dans ta Culture","publisher":{"@id":"https:\/\/culturesco.com\/#organization"},"potentialAction":[{"@type":"SearchAction","target":{"@type":"EntryPoint","urlTemplate":"https:\/\/culturesco.com\/?s={search_term_string}"},"query-input":{"@type":"PropertyValueSpecification","valueRequired":true,"valueName":"search_term_string"}}],"inLanguage":"fr-FR"},{"@type":"Organization","@id":"https:\/\/culturesco.com\/#organization","name":"CULTURESCO","url":"https:\/\/culturesco.com\/","logo":{"@type":"ImageObject","inLanguage":"fr-FR","@id":"https:\/\/culturesco.com\/#\/schema\/logo\/image\/","url":"https:\/\/i0.wp.com\/culturesco.com\/wp-content\/uploads\/2022\/04\/culturesco-logo-blanc250p.png?fit=250%2C250&ssl=1","contentUrl":"https:\/\/i0.wp.com\/culturesco.com\/wp-content\/uploads\/2022\/04\/culturesco-logo-blanc250p.png?fit=250%2C250&ssl=1","width":250,"height":250,"caption":"CULTURESCO"},"image":{"@id":"https:\/\/culturesco.com\/#\/schema\/logo\/image\/"},"sameAs":["https:\/\/www.facebook.com\/radioculturesco","https:\/\/x.com\/AugusteMarshal","https:\/\/www.instagram.com\/carotte_rock_culture\/","https:\/\/www.pinterest.fr\/augustemarshal\/","https:\/\/www.youtube.com\/channel\/UCiWLGffqWSXlNnfzp6YwwyQ"]},{"@type":"Person","@id":"https:\/\/culturesco.com\/#\/schema\/person\/716087cb1b01edf85084af2d12096a8f","name":"Daniel Lesueur","image":{"@type":"ImageObject","inLanguage":"fr-FR","@id":"https:\/\/i0.wp.com\/culturesco.com\/wp-content\/uploads\/2018\/12\/lesueur.jpg?fit=96%2C89&ssl=1","url":"https:\/\/i0.wp.com\/culturesco.com\/wp-content\/uploads\/2018\/12\/lesueur.jpg?fit=96%2C89&ssl=1","contentUrl":"https:\/\/i0.wp.com\/culturesco.com\/wp-content\/uploads\/2018\/12\/lesueur.jpg?fit=96%2C89&ssl=1","caption":"Daniel Lesueur"},"description":"\u00c9crivain - Directeur de collection chez Camion Blanc","url":"https:\/\/culturesco.com\/index.php\/author\/daniel-lesueur\/"}]}},"jetpack_featured_media_url":"https:\/\/i0.wp.com\/culturesco.com\/wp-content\/uploads\/2018\/11\/joe-dassin.jpg?fit=600%2C314&ssl=1","jetpack_likes_enabled":true,"jetpack_sharing_enabled":true,"jetpack_shortlink":"https:\/\/wp.me\/paz89I-hR","_links":{"self":[{"href":"https:\/\/culturesco.com\/index.php\/wp-json\/wp\/v2\/posts\/1107","targetHints":{"allow":["GET"]}}],"collection":[{"href":"https:\/\/culturesco.com\/index.php\/wp-json\/wp\/v2\/posts"}],"about":[{"href":"https:\/\/culturesco.com\/index.php\/wp-json\/wp\/v2\/types\/post"}],"author":[{"embeddable":true,"href":"https:\/\/culturesco.com\/index.php\/wp-json\/wp\/v2\/users\/2"}],"replies":[{"embeddable":true,"href":"https:\/\/culturesco.com\/index.php\/wp-json\/wp\/v2\/comments?post=1107"}],"version-history":[{"count":0,"href":"https:\/\/culturesco.com\/index.php\/wp-json\/wp\/v2\/posts\/1107\/revisions"}],"wp:featuredmedia":[{"embeddable":true,"href":"https:\/\/culturesco.com\/index.php\/wp-json\/wp\/v2\/media\/1180"}],"wp:attachment":[{"href":"https:\/\/culturesco.com\/index.php\/wp-json\/wp\/v2\/media?parent=1107"}],"wp:term":[{"taxonomy":"category","embeddable":true,"href":"https:\/\/culturesco.com\/index.php\/wp-json\/wp\/v2\/categories?post=1107"},{"taxonomy":"post_tag","embeddable":true,"href":"https:\/\/culturesco.com\/index.php\/wp-json\/wp\/v2\/tags?post=1107"}],"curies":[{"name":"wp","href":"https:\/\/api.w.org\/{rel}","templated":true}]}}