{"id":11025,"date":"2020-04-12T03:11:09","date_gmt":"2020-04-12T01:11:09","guid":{"rendered":"https:\/\/culturesco.com\/?p=11025"},"modified":"2020-04-13T18:35:16","modified_gmt":"2020-04-13T16:35:16","slug":"madonna-lapparition-de-la-vierge-karine-chadeyron","status":"publish","type":"post","link":"https:\/\/culturesco.com\/index.php\/2020\/04\/12\/madonna-lapparition-de-la-vierge-karine-chadeyron\/","title":{"rendered":"Madonna, l\u2019Apparition de la Vierge &#8211; Un livre de Karine Chadeyron"},"content":{"rendered":"<h2>14 septembre 1984, Madonna Met l\u2019Am\u00e9rique \u00e0 Genoux<\/h2>\n<figure id=\"attachment_11027\" aria-describedby=\"caption-attachment-11027\" style=\"width: 198px\" class=\"wp-caption aligncenter\"><a href=\"https:\/\/amzn.to\/3eo6691\" target=\"_blank\" rel=\"noopener noreferrer\"><img data-recalc-dims=\"1\" loading=\"lazy\" decoding=\"async\" class=\"wp-image-11027 size-medium\" src=\"https:\/\/i0.wp.com\/culturesco.com\/wp-content\/uploads\/2020\/04\/Karine-Chadeyron.jpeg?resize=198%2C300&#038;ssl=1\" alt=\"Madonna Karine Chadeyron - l'apparition de la Vierge\" width=\"198\" height=\"300\" srcset=\"https:\/\/i0.wp.com\/culturesco.com\/wp-content\/uploads\/2020\/04\/Karine-Chadeyron.jpeg?resize=198%2C300&amp;ssl=1 198w, https:\/\/i0.wp.com\/culturesco.com\/wp-content\/uploads\/2020\/04\/Karine-Chadeyron.jpeg?resize=414%2C627&amp;ssl=1 414w, https:\/\/i0.wp.com\/culturesco.com\/wp-content\/uploads\/2020\/04\/Karine-Chadeyron.jpeg?resize=768%2C1164&amp;ssl=1 768w, https:\/\/i0.wp.com\/culturesco.com\/wp-content\/uploads\/2020\/04\/Karine-Chadeyron.jpeg?resize=1013%2C1536&amp;ssl=1 1013w, https:\/\/i0.wp.com\/culturesco.com\/wp-content\/uploads\/2020\/04\/Karine-Chadeyron.jpeg?resize=1351%2C2048&amp;ssl=1 1351w, https:\/\/i0.wp.com\/culturesco.com\/wp-content\/uploads\/2020\/04\/Karine-Chadeyron.jpeg?resize=696%2C1055&amp;ssl=1 696w, https:\/\/i0.wp.com\/culturesco.com\/wp-content\/uploads\/2020\/04\/Karine-Chadeyron.jpeg?resize=1068%2C1619&amp;ssl=1 1068w, https:\/\/i0.wp.com\/culturesco.com\/wp-content\/uploads\/2020\/04\/Karine-Chadeyron.jpeg?resize=277%2C420&amp;ssl=1 277w, https:\/\/i0.wp.com\/culturesco.com\/wp-content\/uploads\/2020\/04\/Karine-Chadeyron.jpeg?w=396&amp;ssl=1 396w\" sizes=\"auto, (max-width: 198px) 100vw, 198px\" \/><\/a><figcaption id=\"caption-attachment-11027\" class=\"wp-caption-text\">Madonna, l&rsquo;apparition de la Vierge -Karine Chadeyron<\/figcaption><\/figure>\n<h3>Une Histoire d\u2019une Diva<\/h3>\n<p style=\"text-align: justify;\">Je ne pensais pas \u00e9crire un jour une chronique autour de <strong>Madonna<\/strong>. Mais il ne faut jurer de rien. Surtout lorsqu&rsquo;un livre de <a href=\"https:\/\/www.castorastral.com\/auteur\/karine-chadeyron\/\" target=\"_blank\" rel=\"noopener noreferrer\">Karine Chadeyron<\/a>, journaliste, publie une sorte de biographie sur le personnage, dans une belle collection tenue par <strong>Christophe Quillien<\/strong> intitul\u00e9e <strong>\u00ab\u00a0A Day In The Life\u00a0\u00bb<\/strong>, en r\u00e9f\u00e9rence aux<a href=\"https:\/\/culturesco.com\/index.php\/2020\/03\/15\/jerome-attal-jaurais-voulu-etre-un-beatles\/\" target=\"_blank\" rel=\"noopener noreferrer\"> Beatles<\/a>.<\/p>\n<h3 style=\"text-align: justify;\">L\u2019id\u00e9e, de cette collection :<\/h3>\n<p style=\"text-align: justify;\">D\u00e9crire un moment qui a chang\u00e9 la vie d\u2019une star de la musique, voire la musique carr\u00e9ment. Il y eu <a href=\"https:\/\/culturesco.com\/index.php\/2019\/03\/12\/la-mort-de-john-lennon\/\" target=\"_blank\" rel=\"noopener noreferrer\">Lennon<\/a>, <a href=\"https:\/\/culturesco.com\/index.php\/2019\/03\/16\/trust-la-premiere-interview-1977\/\" target=\"_blank\" rel=\"noopener noreferrer\">Trust<\/a>, <a href=\"https:\/\/culturesco.com\/index.php\/2020\/03\/17\/the-clash-1977-1er-album-a-white-riot\/\" target=\"_blank\" rel=\"noopener noreferrer\">The Clash<\/a>, <a href=\"https:\/\/culturesco.com\/index.php\/2019\/12\/12\/blur-a-charmless-band-parklife-girls-and-boy-country-house-song-2\/\" target=\"_blank\" rel=\"noopener noreferrer\">Blur<\/a> et <a href=\"https:\/\/culturesco.com\/index.php\/2019\/05\/30\/frederic-granier-blur-vs-oasis\/\" target=\"_blank\" rel=\"noopener noreferrer\">Oasis<\/a>, <strong>Grace Slick<\/strong>, <a href=\"https:\/\/culturesco.com\/index.php\/2019\/01\/07\/david-bowie-et-iggy-pop-amitie-eternelle\/\" target=\"_blank\" rel=\"noopener noreferrer\">Bowie<\/a> et donc maintenant <strong>Madonna<\/strong>. Il y en a pour tous les go\u00fbts.<\/p>\n<h3><em>Madonna &#8211; Like A Virgin (MTV, 1984)<\/em><\/h3>\n<div class=\"youtube-embed\" data-video_id=\"gkSxhG4cbPo\"><iframe loading=\"lazy\" title=\"Madonna - Like A Virgin (Live MTV VMAs 1984)\" width=\"696\" height=\"392\" src=\"https:\/\/www.youtube.com\/embed\/gkSxhG4cbPo\" frameborder=\"0\" allow=\"accelerometer; autoplay; clipboard-write; encrypted-media; gyroscope; picture-in-picture; web-share\" referrerpolicy=\"strict-origin-when-cross-origin\" allowfullscreen><\/iframe><\/div>\n<p style=\"text-align: justify;\">Nous sommes le <strong>14 septembre 1984<\/strong> et <strong>Madonna Louise Ciccone<\/strong> vient aux <strong>Video Music Awards<\/strong>, organis\u00e9 par <strong>MTV<\/strong>, la cha\u00eene qui montre ce qui s\u2019\u00e9coute. Elle est nomin\u00e9e mais ne gagne pas. Cependant on lui demande d\u2019interpr\u00e9ter sur sc\u00e8ne un titre. Elle d\u00e9cide contre l\u2019avis de tous d&rsquo;interpr\u00e9ter une nouveaut\u00e9 : <strong>\u00ab\u00a0Like A Virgin\u00a0\u00bb<\/strong>. Je laisse le soin \u00e0 l\u2019auteure de l\u2019ouvrage de d\u00e9crire comment elle s\u2019y prend (et \u00e0 vous de le lire) mais sa carri\u00e8re d\u00e9colle \u00e0 ce moment-l\u00e0.<\/p>\n<p style=\"text-align: justify;\">L\u2019auteure en profite pour raconter sa vie \u00e0 travers sa discographie, ses films, ses concerts. Elle y met \u00e9galement beaucoup d\u2019<strong>humour et rentre dedans<\/strong> quand c\u2019est n\u00e9cessaire, donnant toute l\u2019originalit\u00e9 \u00e0 ce livre qui se lit sans avoir besoin d\u2019aimer la diva.<\/p>\n<h3><em>Madonna &#8211; Frozen (Video Officielle)\u00a0<\/em><\/h3>\n<div class=\"youtube-embed\" data-video_id=\"XS088Opj9o0\"><iframe loading=\"lazy\" title=\"Madonna - Frozen (Official Video) [HD]\" width=\"696\" height=\"392\" src=\"https:\/\/www.youtube.com\/embed\/XS088Opj9o0\" frameborder=\"0\" allow=\"accelerometer; autoplay; clipboard-write; encrypted-media; gyroscope; picture-in-picture; web-share\" referrerpolicy=\"strict-origin-when-cross-origin\" allowfullscreen><\/iframe><\/div>\n<p style=\"text-align: justify;\">En revanche on ne peut qu\u2019admirer la volont\u00e9 d\u2019\u00eatre toujours \u00e0 la pointe des innovations, sachant s\u2019entourer des meilleurs dans leur cat\u00e9gorie. On pense notamment \u00e0 <strong>Mirwais<\/strong>, ancien membre du groupe culte fran\u00e7ais <a href=\"https:\/\/culturesco.com\/index.php\/2019\/01\/05\/daniel-darc-biographie-d-un-poete-ecorche-artiste-punk-rocker-pieces-of-my-life\/\" target=\"_blank\" rel=\"noopener noreferrer\">Taxi Girl<\/a> (allez, quoi <strong>\u00ab\u00a0Cherchez le Gar\u00e7on\u00a0\u00bb<\/strong>\u00a0!) qui produira plus de deux albums pour elle. On pense aussi \u00e0 <a href=\"https:\/\/culturesco.com\/index.php\/2019\/01\/14\/david-bowie-low-full-album-du-chateau-d-herouville-en-france-a-berlin-une-production-de-brian-eno\/\" target=\"_blank\" rel=\"noopener noreferrer\">Bowie<\/a>, toujours volontaire pour des d\u00e9couvertes et place \u00e0 l\u2019aventure (une petite pr\u00e9f\u00e9rence pour la p\u00e9riode dite Berlinoise, mais c\u2019est juste perso). Bref, laissez-vous aller si vous trouvez un libraire ou si vous \u00eates patient.<\/p>\n<p style=\"text-align: justify;\"><strong>Karine Chadeyron &#8211;\u00a0Madonna, l\u2019Apparition de la Vierge<\/strong><\/p>\n<p style=\"text-align: justify;\"><strong>14 septembre 1984, Elle Met l\u2019Am\u00e9rique \u00e0 Genoux<\/strong><\/p>\n<p style=\"text-align: justify;\"><a href=\"https:\/\/amzn.to\/3eo6691\" target=\"_blank\" rel=\"noopener noreferrer\">Castor Astral, collection \u00ab\u00a0A Day In The Life\u00a0\u00bb<\/a><\/p>\n<p style=\"text-align: justify;\">192 pages \u2013 15,90 \u20ac<\/p>\n<p style=\"text-align: center;\"><iframe style=\"width: 120px; height: 240px;\" src=\"\/\/ws-eu.amazon-adsystem.com\/widgets\/q?ServiceVersion=20070822&amp;OneJS=1&amp;Operation=GetAdHtml&amp;MarketPlace=FR&amp;source=ss&amp;ref=as_ss_li_til&amp;ad_type=product_link&amp;tracking_id=auguste00-21&amp;language=fr_FR&amp;marketplace=amazon&amp;region=FR&amp;placement=B08328T2ZK&amp;asins=B08328T2ZK&amp;linkId=07f383eb75fcb410adddacaeb575f913&amp;show_border=true&amp;link_opens_in_new_window=true\" frameborder=\"0\" marginwidth=\"0\" marginheight=\"0\" scrolling=\"no\"><\/iframe><\/p>\n<p><strong>Patrick B\u00e9nard<\/strong><\/p>\n","protected":false},"excerpt":{"rendered":"<p>14 septembre 1984, Madonna Met l\u2019Am\u00e9rique \u00e0 Genoux Une Histoire d\u2019une Diva Je ne pensais pas \u00e9crire un jour une chronique autour de Madonna. Mais il ne faut jurer de rien. Surtout lorsqu&rsquo;un livre de Karine Chadeyron, journaliste, publie une sorte de biographie sur le personnage, dans une belle collection tenue par Christophe Quillien intitul\u00e9e [&hellip;]<\/p>\n","protected":false},"author":4,"featured_media":11027,"comment_status":"open","ping_status":"open","sticky":false,"template":"","format":"image","meta":{"jetpack_post_was_ever_published":false,"tdm_status":"","tdm_grid_status":"","_jetpack_newsletter_access":"","_jetpack_dont_email_post_to_subs":false,"_jetpack_newsletter_tier_id":0,"_jetpack_memberships_contains_paywalled_content":false,"_jetpack_memberships_contains_paid_content":false,"footnotes":""},"categories":[34,17,27,66,11066],"tags":[67,70,58,42,20,48],"class_list":{"0":"post-11025","1":"post","2":"type-post","3":"status-publish","4":"format-image","5":"has-post-thumbnail","7":"category-anecdotes-rock","8":"category-carotte-rock-cultures","9":"category-litterature","10":"category-livre-rock","11":"category-short-stories","12":"tag-anecdotes-rock","13":"tag-collections","14":"tag-histoire-du-rock","15":"tag-litterature","16":"tag-livre-rock","17":"tag-personnalite-rock","18":"post_format-post-format-image"},"yoast_head":"<!-- This site is optimized with the Yoast SEO plugin v27.5 - https:\/\/yoast.com\/product\/yoast-seo-wordpress\/ -->\n<title>Madonna, l\u2019Apparition de la Vierge - Un livre de Karine Chadeyron -<\/title>\n<meta name=\"description\" content=\"CulturesCo | Madonna : l&#039;apparition de la vierge, un livre de Karine Chadeyron raconte l&#039;explosion de sa carri\u00e8re avec Like A Virgin sur MTV\" \/>\n<meta name=\"robots\" content=\"index, follow, max-snippet:-1, max-image-preview:large, max-video-preview:-1\" \/>\n<link rel=\"canonical\" href=\"https:\/\/culturesco.com\/index.php\/2020\/04\/12\/madonna-lapparition-de-la-vierge-karine-chadeyron\/\" \/>\n<meta property=\"og:locale\" content=\"fr_FR\" \/>\n<meta property=\"og:type\" content=\"article\" \/>\n<meta property=\"og:title\" content=\"Madonna, l\u2019Apparition de la Vierge - Un livre de Karine Chadeyron -\" \/>\n<meta property=\"og:description\" content=\"CulturesCo | Madonna : l&#039;apparition de la vierge, un livre de Karine Chadeyron raconte l&#039;explosion de sa carri\u00e8re avec Like A Virgin sur MTV\" \/>\n<meta property=\"og:url\" content=\"https:\/\/culturesco.com\/index.php\/2020\/04\/12\/madonna-lapparition-de-la-vierge-karine-chadeyron\/\" \/>\n<meta property=\"og:site_name\" content=\"Culturesco\" \/>\n<meta property=\"article:publisher\" content=\"https:\/\/www.facebook.com\/radioculturesco\" \/>\n<meta property=\"article:published_time\" content=\"2020-04-12T01:11:09+00:00\" \/>\n<meta property=\"article:modified_time\" content=\"2020-04-13T16:35:16+00:00\" \/>\n<meta property=\"og:image\" content=\"https:\/\/i2.wp.com\/culturesco.com\/wp-content\/uploads\/2020\/04\/madonna-like-a-virgin-livre.jpg?fit=600%2C314&ssl=1\" \/>\n\t<meta property=\"og:image:width\" content=\"600\" \/>\n\t<meta property=\"og:image:height\" content=\"314\" \/>\n\t<meta property=\"og:image:type\" content=\"image\/jpeg\" \/>\n<meta name=\"author\" content=\"Patrick Benard\" \/>\n<meta name=\"twitter:card\" content=\"summary_large_image\" \/>\n<meta name=\"twitter:creator\" content=\"@AugusteMarshal\" \/>\n<meta name=\"twitter:site\" content=\"@AugusteMarshal\" \/>\n<meta name=\"twitter:label1\" content=\"\u00c9crit par\" \/>\n\t<meta name=\"twitter:data1\" content=\"Patrick Benard\" \/>\n\t<meta name=\"twitter:label2\" content=\"Dur\u00e9e de lecture estim\u00e9e\" \/>\n\t<meta name=\"twitter:data2\" content=\"2 minutes\" \/>\n<script type=\"application\/ld+json\" class=\"yoast-schema-graph\">{\"@context\":\"https:\\\/\\\/schema.org\",\"@graph\":[{\"@type\":\"Article\",\"@id\":\"https:\\\/\\\/culturesco.com\\\/index.php\\\/2020\\\/04\\\/12\\\/madonna-lapparition-de-la-vierge-karine-chadeyron\\\/#article\",\"isPartOf\":{\"@id\":\"https:\\\/\\\/culturesco.com\\\/index.php\\\/2020\\\/04\\\/12\\\/madonna-lapparition-de-la-vierge-karine-chadeyron\\\/\"},\"author\":{\"name\":\"Patrick Benard\",\"@id\":\"https:\\\/\\\/culturesco.com\\\/#\\\/schema\\\/person\\\/c2ddd6724863f3bbd20a8278df0891f3\"},\"headline\":\"Madonna, l\u2019Apparition de la Vierge &#8211; Un livre de Karine Chadeyron\",\"datePublished\":\"2020-04-12T01:11:09+00:00\",\"dateModified\":\"2020-04-13T16:35:16+00:00\",\"mainEntityOfPage\":{\"@id\":\"https:\\\/\\\/culturesco.com\\\/index.php\\\/2020\\\/04\\\/12\\\/madonna-lapparition-de-la-vierge-karine-chadeyron\\\/\"},\"wordCount\":435,\"commentCount\":0,\"publisher\":{\"@id\":\"https:\\\/\\\/culturesco.com\\\/#organization\"},\"image\":{\"@id\":\"https:\\\/\\\/culturesco.com\\\/index.php\\\/2020\\\/04\\\/12\\\/madonna-lapparition-de-la-vierge-karine-chadeyron\\\/#primaryimage\"},\"thumbnailUrl\":\"https:\\\/\\\/i0.wp.com\\\/culturesco.com\\\/wp-content\\\/uploads\\\/2020\\\/04\\\/Karine-Chadeyron.jpeg?fit=396%2C600&ssl=1\",\"keywords\":[\"Anecdotes Rock\",\"collections\",\"histoire du rock\",\"litt\u00e9rature\",\"Livre Rock\",\"Personnalit\u00e9 Rock\"],\"articleSection\":[\"Anecdotes rock\",\"Carotte Rock Cultures\",\"Litt\u00e9rature\",\"Livre Rock\",\"Short Stories\"],\"inLanguage\":\"fr-FR\",\"potentialAction\":[{\"@type\":\"CommentAction\",\"name\":\"Comment\",\"target\":[\"https:\\\/\\\/culturesco.com\\\/index.php\\\/2020\\\/04\\\/12\\\/madonna-lapparition-de-la-vierge-karine-chadeyron\\\/#respond\"]}]},{\"@type\":\"WebPage\",\"@id\":\"https:\\\/\\\/culturesco.com\\\/index.php\\\/2020\\\/04\\\/12\\\/madonna-lapparition-de-la-vierge-karine-chadeyron\\\/\",\"url\":\"https:\\\/\\\/culturesco.com\\\/index.php\\\/2020\\\/04\\\/12\\\/madonna-lapparition-de-la-vierge-karine-chadeyron\\\/\",\"name\":\"Madonna, l\u2019Apparition de la Vierge - Un livre de Karine Chadeyron -\",\"isPartOf\":{\"@id\":\"https:\\\/\\\/culturesco.com\\\/#website\"},\"primaryImageOfPage\":{\"@id\":\"https:\\\/\\\/culturesco.com\\\/index.php\\\/2020\\\/04\\\/12\\\/madonna-lapparition-de-la-vierge-karine-chadeyron\\\/#primaryimage\"},\"image\":{\"@id\":\"https:\\\/\\\/culturesco.com\\\/index.php\\\/2020\\\/04\\\/12\\\/madonna-lapparition-de-la-vierge-karine-chadeyron\\\/#primaryimage\"},\"thumbnailUrl\":\"https:\\\/\\\/i0.wp.com\\\/culturesco.com\\\/wp-content\\\/uploads\\\/2020\\\/04\\\/Karine-Chadeyron.jpeg?fit=396%2C600&ssl=1\",\"datePublished\":\"2020-04-12T01:11:09+00:00\",\"dateModified\":\"2020-04-13T16:35:16+00:00\",\"description\":\"CulturesCo | Madonna : l'apparition de la vierge, un livre de Karine Chadeyron raconte l'explosion de sa carri\u00e8re avec Like A Virgin sur MTV\",\"breadcrumb\":{\"@id\":\"https:\\\/\\\/culturesco.com\\\/index.php\\\/2020\\\/04\\\/12\\\/madonna-lapparition-de-la-vierge-karine-chadeyron\\\/#breadcrumb\"},\"inLanguage\":\"fr-FR\",\"potentialAction\":[{\"@type\":\"ReadAction\",\"target\":[\"https:\\\/\\\/culturesco.com\\\/index.php\\\/2020\\\/04\\\/12\\\/madonna-lapparition-de-la-vierge-karine-chadeyron\\\/\"]}]},{\"@type\":\"ImageObject\",\"inLanguage\":\"fr-FR\",\"@id\":\"https:\\\/\\\/culturesco.com\\\/index.php\\\/2020\\\/04\\\/12\\\/madonna-lapparition-de-la-vierge-karine-chadeyron\\\/#primaryimage\",\"url\":\"https:\\\/\\\/i0.wp.com\\\/culturesco.com\\\/wp-content\\\/uploads\\\/2020\\\/04\\\/Karine-Chadeyron.jpeg?fit=396%2C600&ssl=1\",\"contentUrl\":\"https:\\\/\\\/i0.wp.com\\\/culturesco.com\\\/wp-content\\\/uploads\\\/2020\\\/04\\\/Karine-Chadeyron.jpeg?fit=396%2C600&ssl=1\",\"width\":396,\"height\":600,\"caption\":\"Madonna, l'apparition de la Vierge -Karine Chadeyron\"},{\"@type\":\"BreadcrumbList\",\"@id\":\"https:\\\/\\\/culturesco.com\\\/index.php\\\/2020\\\/04\\\/12\\\/madonna-lapparition-de-la-vierge-karine-chadeyron\\\/#breadcrumb\",\"itemListElement\":[{\"@type\":\"ListItem\",\"position\":1,\"name\":\"Accueil\",\"item\":\"https:\\\/\\\/culturesco.com\\\/\"},{\"@type\":\"ListItem\",\"position\":2,\"name\":\"Madonna, l\u2019Apparition de la Vierge &#8211; Un livre de Karine Chadeyron\"}]},{\"@type\":\"WebSite\",\"@id\":\"https:\\\/\\\/culturesco.com\\\/#website\",\"url\":\"https:\\\/\\\/culturesco.com\\\/\",\"name\":\"Culturesco\",\"description\":\"Culturesco | Un bon coup de pied dans ta Culture\",\"publisher\":{\"@id\":\"https:\\\/\\\/culturesco.com\\\/#organization\"},\"potentialAction\":[{\"@type\":\"SearchAction\",\"target\":{\"@type\":\"EntryPoint\",\"urlTemplate\":\"https:\\\/\\\/culturesco.com\\\/?s={search_term_string}\"},\"query-input\":{\"@type\":\"PropertyValueSpecification\",\"valueRequired\":true,\"valueName\":\"search_term_string\"}}],\"inLanguage\":\"fr-FR\"},{\"@type\":\"Organization\",\"@id\":\"https:\\\/\\\/culturesco.com\\\/#organization\",\"name\":\"CULTURESCO\",\"url\":\"https:\\\/\\\/culturesco.com\\\/\",\"logo\":{\"@type\":\"ImageObject\",\"inLanguage\":\"fr-FR\",\"@id\":\"https:\\\/\\\/culturesco.com\\\/#\\\/schema\\\/logo\\\/image\\\/\",\"url\":\"https:\\\/\\\/i0.wp.com\\\/culturesco.com\\\/wp-content\\\/uploads\\\/2022\\\/04\\\/culturesco-logo-blanc250p.png?fit=250%2C250&ssl=1\",\"contentUrl\":\"https:\\\/\\\/i0.wp.com\\\/culturesco.com\\\/wp-content\\\/uploads\\\/2022\\\/04\\\/culturesco-logo-blanc250p.png?fit=250%2C250&ssl=1\",\"width\":250,\"height\":250,\"caption\":\"CULTURESCO\"},\"image\":{\"@id\":\"https:\\\/\\\/culturesco.com\\\/#\\\/schema\\\/logo\\\/image\\\/\"},\"sameAs\":[\"https:\\\/\\\/www.facebook.com\\\/radioculturesco\",\"https:\\\/\\\/x.com\\\/AugusteMarshal\",\"https:\\\/\\\/www.instagram.com\\\/carotte_rock_culture\\\/\",\"https:\\\/\\\/www.pinterest.fr\\\/augustemarshal\\\/\",\"https:\\\/\\\/www.youtube.com\\\/channel\\\/UCiWLGffqWSXlNnfzp6YwwyQ\"]},{\"@type\":\"Person\",\"@id\":\"https:\\\/\\\/culturesco.com\\\/#\\\/schema\\\/person\\\/c2ddd6724863f3bbd20a8278df0891f3\",\"name\":\"Patrick Benard\",\"image\":{\"@type\":\"ImageObject\",\"inLanguage\":\"fr-FR\",\"@id\":\"https:\\\/\\\/i0.wp.com\\\/culturesco.com\\\/wp-content\\\/uploads\\\/2019\\\/02\\\/patrick-benard-2.jpg?fit=90%2C96&ssl=1\",\"url\":\"https:\\\/\\\/i0.wp.com\\\/culturesco.com\\\/wp-content\\\/uploads\\\/2019\\\/02\\\/patrick-benard-2.jpg?fit=90%2C96&ssl=1\",\"contentUrl\":\"https:\\\/\\\/i0.wp.com\\\/culturesco.com\\\/wp-content\\\/uploads\\\/2019\\\/02\\\/patrick-benard-2.jpg?fit=90%2C96&ssl=1\",\"caption\":\"Patrick Benard\"},\"description\":\"Ecrivain, chroniqueur, animateur radio, cr\u00e9ateur de la revue \u00ab Cin\u00e9manie \u00bb, autour du cin\u00e9ma dit d\u2019art et d\u2019essai, sp\u00e9cialiste du groupe The Cure, archiviste... 2020 : \\\"Le Post Rock\\\" essai sur le post rock de Mogwa\u00ef \u00e0 Godspeed You Black Emperor - Camion Blanc 2014 : \u00ab On the rocks \u2013le rock de 2007 \u00e0 2014 \u00bb chroniques livres et cd rocks, interviews \u2013Editions Vaillant 2010 : \u00ab Dans la T\u00eate de Robert Smith \u00bb, roman fiction autour de l\u2019histoire des Cure et de Robert Smith \u2013 Edilivres 2007 : \u00ab Chroniques Fr\u00e9n\u00e9tiques, une histoire intime du rock \u00bb, roman, prix Technikart. 2001 : \u00ab Les Iles du D\u00e9sert \u00bb, polar autour du rock \u2013 Editions Nykta\",\"url\":\"https:\\\/\\\/culturesco.com\\\/index.php\\\/author\\\/patrick-benard89\\\/\"}]}<\/script>\n<!-- \/ Yoast SEO plugin. -->","yoast_head_json":{"title":"Madonna, l\u2019Apparition de la Vierge - Un livre de Karine Chadeyron -","description":"CulturesCo | Madonna : l'apparition de la vierge, un livre de Karine Chadeyron raconte l'explosion de sa carri\u00e8re avec Like A Virgin sur MTV","robots":{"index":"index","follow":"follow","max-snippet":"max-snippet:-1","max-image-preview":"max-image-preview:large","max-video-preview":"max-video-preview:-1"},"canonical":"https:\/\/culturesco.com\/index.php\/2020\/04\/12\/madonna-lapparition-de-la-vierge-karine-chadeyron\/","og_locale":"fr_FR","og_type":"article","og_title":"Madonna, l\u2019Apparition de la Vierge - Un livre de Karine Chadeyron -","og_description":"CulturesCo | Madonna : l'apparition de la vierge, un livre de Karine Chadeyron raconte l'explosion de sa carri\u00e8re avec Like A Virgin sur MTV","og_url":"https:\/\/culturesco.com\/index.php\/2020\/04\/12\/madonna-lapparition-de-la-vierge-karine-chadeyron\/","og_site_name":"Culturesco","article_publisher":"https:\/\/www.facebook.com\/radioculturesco","article_published_time":"2020-04-12T01:11:09+00:00","article_modified_time":"2020-04-13T16:35:16+00:00","og_image":[{"width":600,"height":314,"url":"https:\/\/i2.wp.com\/culturesco.com\/wp-content\/uploads\/2020\/04\/madonna-like-a-virgin-livre.jpg?fit=600%2C314&ssl=1","type":"image\/jpeg"}],"author":"Patrick Benard","twitter_card":"summary_large_image","twitter_creator":"@AugusteMarshal","twitter_site":"@AugusteMarshal","twitter_misc":{"\u00c9crit par":"Patrick Benard","Dur\u00e9e de lecture estim\u00e9e":"2 minutes"},"schema":{"@context":"https:\/\/schema.org","@graph":[{"@type":"Article","@id":"https:\/\/culturesco.com\/index.php\/2020\/04\/12\/madonna-lapparition-de-la-vierge-karine-chadeyron\/#article","isPartOf":{"@id":"https:\/\/culturesco.com\/index.php\/2020\/04\/12\/madonna-lapparition-de-la-vierge-karine-chadeyron\/"},"author":{"name":"Patrick Benard","@id":"https:\/\/culturesco.com\/#\/schema\/person\/c2ddd6724863f3bbd20a8278df0891f3"},"headline":"Madonna, l\u2019Apparition de la Vierge &#8211; Un livre de Karine Chadeyron","datePublished":"2020-04-12T01:11:09+00:00","dateModified":"2020-04-13T16:35:16+00:00","mainEntityOfPage":{"@id":"https:\/\/culturesco.com\/index.php\/2020\/04\/12\/madonna-lapparition-de-la-vierge-karine-chadeyron\/"},"wordCount":435,"commentCount":0,"publisher":{"@id":"https:\/\/culturesco.com\/#organization"},"image":{"@id":"https:\/\/culturesco.com\/index.php\/2020\/04\/12\/madonna-lapparition-de-la-vierge-karine-chadeyron\/#primaryimage"},"thumbnailUrl":"https:\/\/i0.wp.com\/culturesco.com\/wp-content\/uploads\/2020\/04\/Karine-Chadeyron.jpeg?fit=396%2C600&ssl=1","keywords":["Anecdotes Rock","collections","histoire du rock","litt\u00e9rature","Livre Rock","Personnalit\u00e9 Rock"],"articleSection":["Anecdotes rock","Carotte Rock Cultures","Litt\u00e9rature","Livre Rock","Short Stories"],"inLanguage":"fr-FR","potentialAction":[{"@type":"CommentAction","name":"Comment","target":["https:\/\/culturesco.com\/index.php\/2020\/04\/12\/madonna-lapparition-de-la-vierge-karine-chadeyron\/#respond"]}]},{"@type":"WebPage","@id":"https:\/\/culturesco.com\/index.php\/2020\/04\/12\/madonna-lapparition-de-la-vierge-karine-chadeyron\/","url":"https:\/\/culturesco.com\/index.php\/2020\/04\/12\/madonna-lapparition-de-la-vierge-karine-chadeyron\/","name":"Madonna, l\u2019Apparition de la Vierge - Un livre de Karine Chadeyron -","isPartOf":{"@id":"https:\/\/culturesco.com\/#website"},"primaryImageOfPage":{"@id":"https:\/\/culturesco.com\/index.php\/2020\/04\/12\/madonna-lapparition-de-la-vierge-karine-chadeyron\/#primaryimage"},"image":{"@id":"https:\/\/culturesco.com\/index.php\/2020\/04\/12\/madonna-lapparition-de-la-vierge-karine-chadeyron\/#primaryimage"},"thumbnailUrl":"https:\/\/i0.wp.com\/culturesco.com\/wp-content\/uploads\/2020\/04\/Karine-Chadeyron.jpeg?fit=396%2C600&ssl=1","datePublished":"2020-04-12T01:11:09+00:00","dateModified":"2020-04-13T16:35:16+00:00","description":"CulturesCo | Madonna : l'apparition de la vierge, un livre de Karine Chadeyron raconte l'explosion de sa carri\u00e8re avec Like A Virgin sur MTV","breadcrumb":{"@id":"https:\/\/culturesco.com\/index.php\/2020\/04\/12\/madonna-lapparition-de-la-vierge-karine-chadeyron\/#breadcrumb"},"inLanguage":"fr-FR","potentialAction":[{"@type":"ReadAction","target":["https:\/\/culturesco.com\/index.php\/2020\/04\/12\/madonna-lapparition-de-la-vierge-karine-chadeyron\/"]}]},{"@type":"ImageObject","inLanguage":"fr-FR","@id":"https:\/\/culturesco.com\/index.php\/2020\/04\/12\/madonna-lapparition-de-la-vierge-karine-chadeyron\/#primaryimage","url":"https:\/\/i0.wp.com\/culturesco.com\/wp-content\/uploads\/2020\/04\/Karine-Chadeyron.jpeg?fit=396%2C600&ssl=1","contentUrl":"https:\/\/i0.wp.com\/culturesco.com\/wp-content\/uploads\/2020\/04\/Karine-Chadeyron.jpeg?fit=396%2C600&ssl=1","width":396,"height":600,"caption":"Madonna, l'apparition de la Vierge -Karine Chadeyron"},{"@type":"BreadcrumbList","@id":"https:\/\/culturesco.com\/index.php\/2020\/04\/12\/madonna-lapparition-de-la-vierge-karine-chadeyron\/#breadcrumb","itemListElement":[{"@type":"ListItem","position":1,"name":"Accueil","item":"https:\/\/culturesco.com\/"},{"@type":"ListItem","position":2,"name":"Madonna, l\u2019Apparition de la Vierge &#8211; Un livre de Karine Chadeyron"}]},{"@type":"WebSite","@id":"https:\/\/culturesco.com\/#website","url":"https:\/\/culturesco.com\/","name":"Culturesco","description":"Culturesco | Un bon coup de pied dans ta Culture","publisher":{"@id":"https:\/\/culturesco.com\/#organization"},"potentialAction":[{"@type":"SearchAction","target":{"@type":"EntryPoint","urlTemplate":"https:\/\/culturesco.com\/?s={search_term_string}"},"query-input":{"@type":"PropertyValueSpecification","valueRequired":true,"valueName":"search_term_string"}}],"inLanguage":"fr-FR"},{"@type":"Organization","@id":"https:\/\/culturesco.com\/#organization","name":"CULTURESCO","url":"https:\/\/culturesco.com\/","logo":{"@type":"ImageObject","inLanguage":"fr-FR","@id":"https:\/\/culturesco.com\/#\/schema\/logo\/image\/","url":"https:\/\/i0.wp.com\/culturesco.com\/wp-content\/uploads\/2022\/04\/culturesco-logo-blanc250p.png?fit=250%2C250&ssl=1","contentUrl":"https:\/\/i0.wp.com\/culturesco.com\/wp-content\/uploads\/2022\/04\/culturesco-logo-blanc250p.png?fit=250%2C250&ssl=1","width":250,"height":250,"caption":"CULTURESCO"},"image":{"@id":"https:\/\/culturesco.com\/#\/schema\/logo\/image\/"},"sameAs":["https:\/\/www.facebook.com\/radioculturesco","https:\/\/x.com\/AugusteMarshal","https:\/\/www.instagram.com\/carotte_rock_culture\/","https:\/\/www.pinterest.fr\/augustemarshal\/","https:\/\/www.youtube.com\/channel\/UCiWLGffqWSXlNnfzp6YwwyQ"]},{"@type":"Person","@id":"https:\/\/culturesco.com\/#\/schema\/person\/c2ddd6724863f3bbd20a8278df0891f3","name":"Patrick Benard","image":{"@type":"ImageObject","inLanguage":"fr-FR","@id":"https:\/\/i0.wp.com\/culturesco.com\/wp-content\/uploads\/2019\/02\/patrick-benard-2.jpg?fit=90%2C96&ssl=1","url":"https:\/\/i0.wp.com\/culturesco.com\/wp-content\/uploads\/2019\/02\/patrick-benard-2.jpg?fit=90%2C96&ssl=1","contentUrl":"https:\/\/i0.wp.com\/culturesco.com\/wp-content\/uploads\/2019\/02\/patrick-benard-2.jpg?fit=90%2C96&ssl=1","caption":"Patrick Benard"},"description":"Ecrivain, chroniqueur, animateur radio, cr\u00e9ateur de la revue \u00ab Cin\u00e9manie \u00bb, autour du cin\u00e9ma dit d\u2019art et d\u2019essai, sp\u00e9cialiste du groupe The Cure, archiviste... 2020 : \"Le Post Rock\" essai sur le post rock de Mogwa\u00ef \u00e0 Godspeed You Black Emperor - Camion Blanc 2014 : \u00ab On the rocks \u2013le rock de 2007 \u00e0 2014 \u00bb chroniques livres et cd rocks, interviews \u2013Editions Vaillant 2010 : \u00ab Dans la T\u00eate de Robert Smith \u00bb, roman fiction autour de l\u2019histoire des Cure et de Robert Smith \u2013 Edilivres 2007 : \u00ab Chroniques Fr\u00e9n\u00e9tiques, une histoire intime du rock \u00bb, roman, prix Technikart. 2001 : \u00ab Les Iles du D\u00e9sert \u00bb, polar autour du rock \u2013 Editions Nykta","url":"https:\/\/culturesco.com\/index.php\/author\/patrick-benard89\/"}]}},"jetpack_featured_media_url":"https:\/\/i0.wp.com\/culturesco.com\/wp-content\/uploads\/2020\/04\/Karine-Chadeyron.jpeg?fit=396%2C600&ssl=1","jetpack_likes_enabled":true,"jetpack_sharing_enabled":true,"jetpack_shortlink":"https:\/\/wp.me\/paz89I-2RP","_links":{"self":[{"href":"https:\/\/culturesco.com\/index.php\/wp-json\/wp\/v2\/posts\/11025","targetHints":{"allow":["GET"]}}],"collection":[{"href":"https:\/\/culturesco.com\/index.php\/wp-json\/wp\/v2\/posts"}],"about":[{"href":"https:\/\/culturesco.com\/index.php\/wp-json\/wp\/v2\/types\/post"}],"author":[{"embeddable":true,"href":"https:\/\/culturesco.com\/index.php\/wp-json\/wp\/v2\/users\/4"}],"replies":[{"embeddable":true,"href":"https:\/\/culturesco.com\/index.php\/wp-json\/wp\/v2\/comments?post=11025"}],"version-history":[{"count":0,"href":"https:\/\/culturesco.com\/index.php\/wp-json\/wp\/v2\/posts\/11025\/revisions"}],"wp:featuredmedia":[{"embeddable":true,"href":"https:\/\/culturesco.com\/index.php\/wp-json\/wp\/v2\/media\/11027"}],"wp:attachment":[{"href":"https:\/\/culturesco.com\/index.php\/wp-json\/wp\/v2\/media?parent=11025"}],"wp:term":[{"taxonomy":"category","embeddable":true,"href":"https:\/\/culturesco.com\/index.php\/wp-json\/wp\/v2\/categories?post=11025"},{"taxonomy":"post_tag","embeddable":true,"href":"https:\/\/culturesco.com\/index.php\/wp-json\/wp\/v2\/tags?post=11025"}],"curies":[{"name":"wp","href":"https:\/\/api.w.org\/{rel}","templated":true}]}}