{"id":10992,"date":"2020-04-06T22:48:36","date_gmt":"2020-04-06T20:48:36","guid":{"rendered":"https:\/\/culturesco.com\/?p=10992"},"modified":"2020-10-18T13:42:27","modified_gmt":"2020-10-18T11:42:27","slug":"jacques-higelin-le-courage-de-vivre-hommage","status":"publish","type":"post","link":"https:\/\/culturesco.com\/index.php\/2020\/04\/06\/jacques-higelin-le-courage-de-vivre-hommage\/","title":{"rendered":"Jacques Higelin, le courage de vivre &#8211; Hommage"},"content":{"rendered":"<p>Le 6 avril 2018, Jacques Higelin nous quittait.<\/p>\n<p>J&rsquo;avais ce soir-l\u00e0 \u00e9crit ce petit texte pour lui rendre hommage au travers de ses <a href=\"https:\/\/www.jacqueshigelin.fr\">chansons<\/a>.<\/p>\n<figure id=\"attachment_10993\" aria-describedby=\"caption-attachment-10993\" style=\"width: 300px\" class=\"wp-caption aligncenter\"><img data-recalc-dims=\"1\" loading=\"lazy\" decoding=\"async\" class=\"size-full wp-image-10993\" src=\"https:\/\/i0.wp.com\/culturesco.com\/wp-content\/uploads\/2020\/04\/Jacques_Higelin.jpg?resize=300%2C452&#038;ssl=1\" alt=\"Jacques Higelin en 2011\" width=\"300\" height=\"452\" srcset=\"https:\/\/i0.wp.com\/culturesco.com\/wp-content\/uploads\/2020\/04\/Jacques_Higelin.jpg?w=300&amp;ssl=1 300w, https:\/\/i0.wp.com\/culturesco.com\/wp-content\/uploads\/2020\/04\/Jacques_Higelin.jpg?resize=199%2C300&amp;ssl=1 199w, https:\/\/i0.wp.com\/culturesco.com\/wp-content\/uploads\/2020\/04\/Jacques_Higelin.jpg?resize=279%2C420&amp;ssl=1 279w\" sizes=\"auto, (max-width: 300px) 100vw, 300px\" \/><figcaption id=\"caption-attachment-10993\" class=\"wp-caption-text\">Cr\u00e9dit Wikip\u00e9dia &#8211; Ymerege32<\/figcaption><\/figure>\n<h2>Jacques, je ne peux plus te dire je t&rsquo;aime&#8230;<\/h2>\n<p style=\"text-align: justify;\">Je vais rester l\u00e0, t\u00eate en l&rsquo;air, \u00e0 esp\u00e9rer qu&rsquo;apr\u00e8s y \u00eatre mont\u00e9, tu vas tomber du ciel.<br \/>\nC&rsquo;est pas de ma faute, \u00e7a a \u00e9t\u00e9 le coup de foudre avec toi. Aujourd&rsquo;hui, c&rsquo;est le coup de blues. Je me sens comme un accord\u00e9on d\u00e9saccord\u00e9.<br \/>\nLa vie est folle, le monde est fou, les dieux sont dingues.<br \/>\nEncore une journ\u00e9e de foutue !<br \/>\nDemain, \u00e7a s&rsquo;ra vachement mieux, mais pour l&rsquo;instant, combattre mon poil dans la main et t&rsquo;\u00e9crire. Seul \u00e0 seule. M\u00eame si y&rsquo;a pas de mot.<br \/>\nM\u00eame si je ne suis pas Verlaine.<\/p>\n<p style=\"text-align: justify;\">Alors je me suis assise sur ma chaise, une chaise qui en vu passer des culs, et j&rsquo;ai pens\u00e9 \u00e0 toi.<br \/>\nA ta folie, ton \u00e9nergie, ta libert\u00e9, tes chansons qui sont une tranche de vie.<br \/>\nTu vas nous manquer !<br \/>\nCriez, priez&#8230; Faites ce que vous voulez, mais pensez \u00e0 lui. Ne cessez\u00a0 jamais, avec cette rage en d&rsquo;dans, de vous dire \u00ab\u00a0Ah la la quelle vie qu&rsquo;cette vie !\u00a0\u00bb<br \/>\nCe soir, mon c\u0153ur souffre, mon \u00e9lectrocardiogramme est plat. Ou presque.<br \/>\nBye, bye, l&rsquo;artiste, tu vas nous manquer. Te voil\u00e0 arriv\u00e9 \u00e0 ton h\u00f4tel Terminus.<br \/>\nMa tristesse est immense, il n&rsquo;y a pas de nom pour le repos de ton \u00e2me. Tu es mort qui, qui dit mieux ?&#8230; Tu dois d\u00e9j\u00e0 leur offrir du rock, au paradis pa\u00efen. Peut-\u00eatre m\u00eame un duo d&rsquo;anges heureux. Mais ici, sans toi, c&rsquo;est l&rsquo;enfer.<\/p>\n<p>Salut, Jacques, sache que pour toi n&rsquo;est digne qu&rsquo;une seule \u00e9pitaphe : Ci-g\u00eet une star !<\/p>\n<p>J&rsquo;y vais, Mona Lisa klaxonne.<\/p>\n<p>La fille au c\u0153ur d&rsquo;acier<\/p>\n<p><strong>Delphine Hossa<\/strong><\/p>\n<p style=\"text-align: justify;\"><em>NDLR : Et si vous connaissez un peu Jacques Higelin, vous trouverez des r\u00e9f\u00e9rences \u00e0 ses chansons et ses paroles \u00e0 chaque ligne<\/em><\/p>\n<p>A lire \u00e9galement :<a href=\"https:\/\/culturesco.com\/index.php\/2019\/03\/26\/nous-sommes-les-fatals-picards\/\" target=\"_blank\" rel=\"noopener noreferrer\"> Nous sommes les Fatals Picards !<\/a><\/p>\n","protected":false},"excerpt":{"rendered":"<p>Le 6 avril 2018, Jacques Higelin nous quittait. J&rsquo;avais ce soir-l\u00e0 \u00e9crit ce petit texte pour lui rendre hommage au travers de ses chansons. Jacques, je ne peux plus te dire je t&rsquo;aime&#8230; Je vais rester l\u00e0, t\u00eate en l&rsquo;air, \u00e0 esp\u00e9rer qu&rsquo;apr\u00e8s y \u00eatre mont\u00e9, tu vas tomber du ciel. C&rsquo;est pas de ma [&hellip;]<\/p>\n","protected":false},"author":7,"featured_media":10995,"comment_status":"open","ping_status":"open","sticky":false,"template":"","format":"image","meta":{"jetpack_post_was_ever_published":false,"tdm_status":"","tdm_grid_status":"","_jetpack_newsletter_access":"","_jetpack_dont_email_post_to_subs":false,"_jetpack_newsletter_tier_id":0,"_jetpack_memberships_contains_paywalled_content":false,"_jetpack_memberships_contains_paid_content":false,"footnotes":""},"categories":[17],"tags":[40,12507,12104,12508,48],"class_list":{"0":"post-10992","1":"post","2":"type-post","3":"status-publish","4":"format-image","5":"has-post-thumbnail","7":"category-carotte-rock-cultures","8":"tag-chanson-francaise","9":"tag-chanteur-francais","10":"tag-hommage","11":"tag-jacques-higelin","12":"tag-personnalite-rock","13":"post_format-post-format-image"},"yoast_head":"<!-- This site is optimized with the Yoast SEO plugin v27.4 - https:\/\/yoast.com\/product\/yoast-seo-wordpress\/ -->\n<title>Jacques Higelin, le courage de vivre - Hommage - Culturesco<\/title>\n<meta name=\"description\" content=\"CulturesCo | Un bon coup de pied dans ta Culture | Hommage \u00e0 Jacques Higelin mort le 6 avril 2018 : je ne peux plus te dire je t&#039;aime...\" \/>\n<meta name=\"robots\" content=\"index, follow, max-snippet:-1, max-image-preview:large, max-video-preview:-1\" \/>\n<link rel=\"canonical\" href=\"https:\/\/culturesco.com\/index.php\/2020\/04\/06\/jacques-higelin-le-courage-de-vivre-hommage\/\" \/>\n<meta property=\"og:locale\" content=\"fr_FR\" \/>\n<meta property=\"og:type\" content=\"article\" \/>\n<meta property=\"og:title\" content=\"Jacques Higelin, le courage de vivre - Hommage - Culturesco\" \/>\n<meta property=\"og:description\" content=\"CulturesCo | Un bon coup de pied dans ta Culture | Hommage \u00e0 Jacques Higelin mort le 6 avril 2018 : je ne peux plus te dire je t&#039;aime...\" \/>\n<meta property=\"og:url\" content=\"https:\/\/culturesco.com\/index.php\/2020\/04\/06\/jacques-higelin-le-courage-de-vivre-hommage\/\" \/>\n<meta property=\"og:site_name\" content=\"Culturesco\" \/>\n<meta property=\"article:publisher\" content=\"https:\/\/www.facebook.com\/radioculturesco\" \/>\n<meta property=\"article:published_time\" content=\"2020-04-06T20:48:36+00:00\" \/>\n<meta property=\"article:modified_time\" content=\"2020-10-18T11:42:27+00:00\" \/>\n<meta property=\"og:image\" content=\"https:\/\/i0.wp.com\/culturesco.com\/wp-content\/uploads\/2020\/04\/higelin-jacques.jpg?fit=600%2C338&ssl=1\" \/>\n\t<meta property=\"og:image:width\" content=\"600\" \/>\n\t<meta property=\"og:image:height\" content=\"338\" \/>\n\t<meta property=\"og:image:type\" content=\"image\/jpeg\" \/>\n<meta name=\"author\" content=\"Delphine Hossa\" \/>\n<meta name=\"twitter:card\" content=\"summary_large_image\" \/>\n<meta name=\"twitter:creator\" content=\"@AugusteMarshal\" \/>\n<meta name=\"twitter:site\" content=\"@AugusteMarshal\" \/>\n<meta name=\"twitter:label1\" content=\"\u00c9crit par\" \/>\n\t<meta name=\"twitter:data1\" content=\"Delphine Hossa\" \/>\n\t<meta name=\"twitter:label2\" content=\"Dur\u00e9e de lecture estim\u00e9e\" \/>\n\t<meta name=\"twitter:data2\" content=\"2 minutes\" \/>\n<script type=\"application\/ld+json\" class=\"yoast-schema-graph\">{\"@context\":\"https:\\\/\\\/schema.org\",\"@graph\":[{\"@type\":\"Article\",\"@id\":\"https:\\\/\\\/culturesco.com\\\/index.php\\\/2020\\\/04\\\/06\\\/jacques-higelin-le-courage-de-vivre-hommage\\\/#article\",\"isPartOf\":{\"@id\":\"https:\\\/\\\/culturesco.com\\\/index.php\\\/2020\\\/04\\\/06\\\/jacques-higelin-le-courage-de-vivre-hommage\\\/\"},\"author\":{\"name\":\"Delphine Hossa\",\"@id\":\"https:\\\/\\\/culturesco.com\\\/#\\\/schema\\\/person\\\/5f5b1458a363c6eae4dff7f29c40291b\"},\"headline\":\"Jacques Higelin, le courage de vivre &#8211; Hommage\",\"datePublished\":\"2020-04-06T20:48:36+00:00\",\"dateModified\":\"2020-10-18T11:42:27+00:00\",\"mainEntityOfPage\":{\"@id\":\"https:\\\/\\\/culturesco.com\\\/index.php\\\/2020\\\/04\\\/06\\\/jacques-higelin-le-courage-de-vivre-hommage\\\/\"},\"wordCount\":375,\"commentCount\":0,\"publisher\":{\"@id\":\"https:\\\/\\\/culturesco.com\\\/#organization\"},\"image\":{\"@id\":\"https:\\\/\\\/culturesco.com\\\/index.php\\\/2020\\\/04\\\/06\\\/jacques-higelin-le-courage-de-vivre-hommage\\\/#primaryimage\"},\"thumbnailUrl\":\"https:\\\/\\\/i0.wp.com\\\/culturesco.com\\\/wp-content\\\/uploads\\\/2020\\\/04\\\/higelin-jacques.jpg?fit=600%2C338&ssl=1\",\"keywords\":[\"chanson fran\u00e7aise\",\"chanteur fran\u00e7ais\",\"Hommage\",\"jacques higelin\",\"Personnalit\u00e9 Rock\"],\"articleSection\":[\"Carotte Rock Cultures\"],\"inLanguage\":\"fr-FR\",\"potentialAction\":[{\"@type\":\"CommentAction\",\"name\":\"Comment\",\"target\":[\"https:\\\/\\\/culturesco.com\\\/index.php\\\/2020\\\/04\\\/06\\\/jacques-higelin-le-courage-de-vivre-hommage\\\/#respond\"]}]},{\"@type\":\"WebPage\",\"@id\":\"https:\\\/\\\/culturesco.com\\\/index.php\\\/2020\\\/04\\\/06\\\/jacques-higelin-le-courage-de-vivre-hommage\\\/\",\"url\":\"https:\\\/\\\/culturesco.com\\\/index.php\\\/2020\\\/04\\\/06\\\/jacques-higelin-le-courage-de-vivre-hommage\\\/\",\"name\":\"Jacques Higelin, le courage de vivre - Hommage - Culturesco\",\"isPartOf\":{\"@id\":\"https:\\\/\\\/culturesco.com\\\/#website\"},\"primaryImageOfPage\":{\"@id\":\"https:\\\/\\\/culturesco.com\\\/index.php\\\/2020\\\/04\\\/06\\\/jacques-higelin-le-courage-de-vivre-hommage\\\/#primaryimage\"},\"image\":{\"@id\":\"https:\\\/\\\/culturesco.com\\\/index.php\\\/2020\\\/04\\\/06\\\/jacques-higelin-le-courage-de-vivre-hommage\\\/#primaryimage\"},\"thumbnailUrl\":\"https:\\\/\\\/i0.wp.com\\\/culturesco.com\\\/wp-content\\\/uploads\\\/2020\\\/04\\\/higelin-jacques.jpg?fit=600%2C338&ssl=1\",\"datePublished\":\"2020-04-06T20:48:36+00:00\",\"dateModified\":\"2020-10-18T11:42:27+00:00\",\"description\":\"CulturesCo | Un bon coup de pied dans ta Culture | Hommage \u00e0 Jacques Higelin mort le 6 avril 2018 : je ne peux plus te dire je t'aime...\",\"breadcrumb\":{\"@id\":\"https:\\\/\\\/culturesco.com\\\/index.php\\\/2020\\\/04\\\/06\\\/jacques-higelin-le-courage-de-vivre-hommage\\\/#breadcrumb\"},\"inLanguage\":\"fr-FR\",\"potentialAction\":[{\"@type\":\"ReadAction\",\"target\":[\"https:\\\/\\\/culturesco.com\\\/index.php\\\/2020\\\/04\\\/06\\\/jacques-higelin-le-courage-de-vivre-hommage\\\/\"]}]},{\"@type\":\"ImageObject\",\"inLanguage\":\"fr-FR\",\"@id\":\"https:\\\/\\\/culturesco.com\\\/index.php\\\/2020\\\/04\\\/06\\\/jacques-higelin-le-courage-de-vivre-hommage\\\/#primaryimage\",\"url\":\"https:\\\/\\\/i0.wp.com\\\/culturesco.com\\\/wp-content\\\/uploads\\\/2020\\\/04\\\/higelin-jacques.jpg?fit=600%2C338&ssl=1\",\"contentUrl\":\"https:\\\/\\\/i0.wp.com\\\/culturesco.com\\\/wp-content\\\/uploads\\\/2020\\\/04\\\/higelin-jacques.jpg?fit=600%2C338&ssl=1\",\"width\":600,\"height\":338,\"caption\":\"jacques higelin\"},{\"@type\":\"BreadcrumbList\",\"@id\":\"https:\\\/\\\/culturesco.com\\\/index.php\\\/2020\\\/04\\\/06\\\/jacques-higelin-le-courage-de-vivre-hommage\\\/#breadcrumb\",\"itemListElement\":[{\"@type\":\"ListItem\",\"position\":1,\"name\":\"Accueil\",\"item\":\"https:\\\/\\\/culturesco.com\\\/\"},{\"@type\":\"ListItem\",\"position\":2,\"name\":\"Jacques Higelin, le courage de vivre &#8211; Hommage\"}]},{\"@type\":\"WebSite\",\"@id\":\"https:\\\/\\\/culturesco.com\\\/#website\",\"url\":\"https:\\\/\\\/culturesco.com\\\/\",\"name\":\"Culturesco\",\"description\":\"Culturesco | Un bon coup de pied dans ta Culture\",\"publisher\":{\"@id\":\"https:\\\/\\\/culturesco.com\\\/#organization\"},\"potentialAction\":[{\"@type\":\"SearchAction\",\"target\":{\"@type\":\"EntryPoint\",\"urlTemplate\":\"https:\\\/\\\/culturesco.com\\\/?s={search_term_string}\"},\"query-input\":{\"@type\":\"PropertyValueSpecification\",\"valueRequired\":true,\"valueName\":\"search_term_string\"}}],\"inLanguage\":\"fr-FR\"},{\"@type\":\"Organization\",\"@id\":\"https:\\\/\\\/culturesco.com\\\/#organization\",\"name\":\"CULTURESCO\",\"url\":\"https:\\\/\\\/culturesco.com\\\/\",\"logo\":{\"@type\":\"ImageObject\",\"inLanguage\":\"fr-FR\",\"@id\":\"https:\\\/\\\/culturesco.com\\\/#\\\/schema\\\/logo\\\/image\\\/\",\"url\":\"https:\\\/\\\/i0.wp.com\\\/culturesco.com\\\/wp-content\\\/uploads\\\/2022\\\/04\\\/culturesco-logo-blanc250p.png?fit=250%2C250&ssl=1\",\"contentUrl\":\"https:\\\/\\\/i0.wp.com\\\/culturesco.com\\\/wp-content\\\/uploads\\\/2022\\\/04\\\/culturesco-logo-blanc250p.png?fit=250%2C250&ssl=1\",\"width\":250,\"height\":250,\"caption\":\"CULTURESCO\"},\"image\":{\"@id\":\"https:\\\/\\\/culturesco.com\\\/#\\\/schema\\\/logo\\\/image\\\/\"},\"sameAs\":[\"https:\\\/\\\/www.facebook.com\\\/radioculturesco\",\"https:\\\/\\\/x.com\\\/AugusteMarshal\",\"https:\\\/\\\/www.instagram.com\\\/carotte_rock_culture\\\/\",\"https:\\\/\\\/www.pinterest.fr\\\/augustemarshal\\\/\",\"https:\\\/\\\/www.youtube.com\\\/channel\\\/UCiWLGffqWSXlNnfzp6YwwyQ\"]},{\"@type\":\"Person\",\"@id\":\"https:\\\/\\\/culturesco.com\\\/#\\\/schema\\\/person\\\/5f5b1458a363c6eae4dff7f29c40291b\",\"name\":\"Delphine Hossa\",\"image\":{\"@type\":\"ImageObject\",\"inLanguage\":\"fr-FR\",\"@id\":\"https:\\\/\\\/i0.wp.com\\\/culturesco.com\\\/wp-content\\\/uploads\\\/2018\\\/12\\\/delphine-e1555102917595.jpg?fit=96%2C96&ssl=1\",\"url\":\"https:\\\/\\\/i0.wp.com\\\/culturesco.com\\\/wp-content\\\/uploads\\\/2018\\\/12\\\/delphine-e1555102917595.jpg?fit=96%2C96&ssl=1\",\"contentUrl\":\"https:\\\/\\\/i0.wp.com\\\/culturesco.com\\\/wp-content\\\/uploads\\\/2018\\\/12\\\/delphine-e1555102917595.jpg?fit=96%2C96&ssl=1\",\"caption\":\"Delphine Hossa\"},\"url\":\"https:\\\/\\\/culturesco.com\\\/index.php\\\/author\\\/delphine-hossa\\\/\"}]}<\/script>\n<!-- \/ Yoast SEO plugin. -->","yoast_head_json":{"title":"Jacques Higelin, le courage de vivre - Hommage - Culturesco","description":"CulturesCo | Un bon coup de pied dans ta Culture | Hommage \u00e0 Jacques Higelin mort le 6 avril 2018 : je ne peux plus te dire je t'aime...","robots":{"index":"index","follow":"follow","max-snippet":"max-snippet:-1","max-image-preview":"max-image-preview:large","max-video-preview":"max-video-preview:-1"},"canonical":"https:\/\/culturesco.com\/index.php\/2020\/04\/06\/jacques-higelin-le-courage-de-vivre-hommage\/","og_locale":"fr_FR","og_type":"article","og_title":"Jacques Higelin, le courage de vivre - Hommage - Culturesco","og_description":"CulturesCo | Un bon coup de pied dans ta Culture | Hommage \u00e0 Jacques Higelin mort le 6 avril 2018 : je ne peux plus te dire je t'aime...","og_url":"https:\/\/culturesco.com\/index.php\/2020\/04\/06\/jacques-higelin-le-courage-de-vivre-hommage\/","og_site_name":"Culturesco","article_publisher":"https:\/\/www.facebook.com\/radioculturesco","article_published_time":"2020-04-06T20:48:36+00:00","article_modified_time":"2020-10-18T11:42:27+00:00","og_image":[{"width":600,"height":338,"url":"https:\/\/i0.wp.com\/culturesco.com\/wp-content\/uploads\/2020\/04\/higelin-jacques.jpg?fit=600%2C338&ssl=1","type":"image\/jpeg"}],"author":"Delphine Hossa","twitter_card":"summary_large_image","twitter_creator":"@AugusteMarshal","twitter_site":"@AugusteMarshal","twitter_misc":{"\u00c9crit par":"Delphine Hossa","Dur\u00e9e de lecture estim\u00e9e":"2 minutes"},"schema":{"@context":"https:\/\/schema.org","@graph":[{"@type":"Article","@id":"https:\/\/culturesco.com\/index.php\/2020\/04\/06\/jacques-higelin-le-courage-de-vivre-hommage\/#article","isPartOf":{"@id":"https:\/\/culturesco.com\/index.php\/2020\/04\/06\/jacques-higelin-le-courage-de-vivre-hommage\/"},"author":{"name":"Delphine Hossa","@id":"https:\/\/culturesco.com\/#\/schema\/person\/5f5b1458a363c6eae4dff7f29c40291b"},"headline":"Jacques Higelin, le courage de vivre &#8211; Hommage","datePublished":"2020-04-06T20:48:36+00:00","dateModified":"2020-10-18T11:42:27+00:00","mainEntityOfPage":{"@id":"https:\/\/culturesco.com\/index.php\/2020\/04\/06\/jacques-higelin-le-courage-de-vivre-hommage\/"},"wordCount":375,"commentCount":0,"publisher":{"@id":"https:\/\/culturesco.com\/#organization"},"image":{"@id":"https:\/\/culturesco.com\/index.php\/2020\/04\/06\/jacques-higelin-le-courage-de-vivre-hommage\/#primaryimage"},"thumbnailUrl":"https:\/\/i0.wp.com\/culturesco.com\/wp-content\/uploads\/2020\/04\/higelin-jacques.jpg?fit=600%2C338&ssl=1","keywords":["chanson fran\u00e7aise","chanteur fran\u00e7ais","Hommage","jacques higelin","Personnalit\u00e9 Rock"],"articleSection":["Carotte Rock Cultures"],"inLanguage":"fr-FR","potentialAction":[{"@type":"CommentAction","name":"Comment","target":["https:\/\/culturesco.com\/index.php\/2020\/04\/06\/jacques-higelin-le-courage-de-vivre-hommage\/#respond"]}]},{"@type":"WebPage","@id":"https:\/\/culturesco.com\/index.php\/2020\/04\/06\/jacques-higelin-le-courage-de-vivre-hommage\/","url":"https:\/\/culturesco.com\/index.php\/2020\/04\/06\/jacques-higelin-le-courage-de-vivre-hommage\/","name":"Jacques Higelin, le courage de vivre - Hommage - Culturesco","isPartOf":{"@id":"https:\/\/culturesco.com\/#website"},"primaryImageOfPage":{"@id":"https:\/\/culturesco.com\/index.php\/2020\/04\/06\/jacques-higelin-le-courage-de-vivre-hommage\/#primaryimage"},"image":{"@id":"https:\/\/culturesco.com\/index.php\/2020\/04\/06\/jacques-higelin-le-courage-de-vivre-hommage\/#primaryimage"},"thumbnailUrl":"https:\/\/i0.wp.com\/culturesco.com\/wp-content\/uploads\/2020\/04\/higelin-jacques.jpg?fit=600%2C338&ssl=1","datePublished":"2020-04-06T20:48:36+00:00","dateModified":"2020-10-18T11:42:27+00:00","description":"CulturesCo | Un bon coup de pied dans ta Culture | Hommage \u00e0 Jacques Higelin mort le 6 avril 2018 : je ne peux plus te dire je t'aime...","breadcrumb":{"@id":"https:\/\/culturesco.com\/index.php\/2020\/04\/06\/jacques-higelin-le-courage-de-vivre-hommage\/#breadcrumb"},"inLanguage":"fr-FR","potentialAction":[{"@type":"ReadAction","target":["https:\/\/culturesco.com\/index.php\/2020\/04\/06\/jacques-higelin-le-courage-de-vivre-hommage\/"]}]},{"@type":"ImageObject","inLanguage":"fr-FR","@id":"https:\/\/culturesco.com\/index.php\/2020\/04\/06\/jacques-higelin-le-courage-de-vivre-hommage\/#primaryimage","url":"https:\/\/i0.wp.com\/culturesco.com\/wp-content\/uploads\/2020\/04\/higelin-jacques.jpg?fit=600%2C338&ssl=1","contentUrl":"https:\/\/i0.wp.com\/culturesco.com\/wp-content\/uploads\/2020\/04\/higelin-jacques.jpg?fit=600%2C338&ssl=1","width":600,"height":338,"caption":"jacques higelin"},{"@type":"BreadcrumbList","@id":"https:\/\/culturesco.com\/index.php\/2020\/04\/06\/jacques-higelin-le-courage-de-vivre-hommage\/#breadcrumb","itemListElement":[{"@type":"ListItem","position":1,"name":"Accueil","item":"https:\/\/culturesco.com\/"},{"@type":"ListItem","position":2,"name":"Jacques Higelin, le courage de vivre &#8211; Hommage"}]},{"@type":"WebSite","@id":"https:\/\/culturesco.com\/#website","url":"https:\/\/culturesco.com\/","name":"Culturesco","description":"Culturesco | Un bon coup de pied dans ta Culture","publisher":{"@id":"https:\/\/culturesco.com\/#organization"},"potentialAction":[{"@type":"SearchAction","target":{"@type":"EntryPoint","urlTemplate":"https:\/\/culturesco.com\/?s={search_term_string}"},"query-input":{"@type":"PropertyValueSpecification","valueRequired":true,"valueName":"search_term_string"}}],"inLanguage":"fr-FR"},{"@type":"Organization","@id":"https:\/\/culturesco.com\/#organization","name":"CULTURESCO","url":"https:\/\/culturesco.com\/","logo":{"@type":"ImageObject","inLanguage":"fr-FR","@id":"https:\/\/culturesco.com\/#\/schema\/logo\/image\/","url":"https:\/\/i0.wp.com\/culturesco.com\/wp-content\/uploads\/2022\/04\/culturesco-logo-blanc250p.png?fit=250%2C250&ssl=1","contentUrl":"https:\/\/i0.wp.com\/culturesco.com\/wp-content\/uploads\/2022\/04\/culturesco-logo-blanc250p.png?fit=250%2C250&ssl=1","width":250,"height":250,"caption":"CULTURESCO"},"image":{"@id":"https:\/\/culturesco.com\/#\/schema\/logo\/image\/"},"sameAs":["https:\/\/www.facebook.com\/radioculturesco","https:\/\/x.com\/AugusteMarshal","https:\/\/www.instagram.com\/carotte_rock_culture\/","https:\/\/www.pinterest.fr\/augustemarshal\/","https:\/\/www.youtube.com\/channel\/UCiWLGffqWSXlNnfzp6YwwyQ"]},{"@type":"Person","@id":"https:\/\/culturesco.com\/#\/schema\/person\/5f5b1458a363c6eae4dff7f29c40291b","name":"Delphine Hossa","image":{"@type":"ImageObject","inLanguage":"fr-FR","@id":"https:\/\/i0.wp.com\/culturesco.com\/wp-content\/uploads\/2018\/12\/delphine-e1555102917595.jpg?fit=96%2C96&ssl=1","url":"https:\/\/i0.wp.com\/culturesco.com\/wp-content\/uploads\/2018\/12\/delphine-e1555102917595.jpg?fit=96%2C96&ssl=1","contentUrl":"https:\/\/i0.wp.com\/culturesco.com\/wp-content\/uploads\/2018\/12\/delphine-e1555102917595.jpg?fit=96%2C96&ssl=1","caption":"Delphine Hossa"},"url":"https:\/\/culturesco.com\/index.php\/author\/delphine-hossa\/"}]}},"jetpack_featured_media_url":"https:\/\/i0.wp.com\/culturesco.com\/wp-content\/uploads\/2020\/04\/higelin-jacques.jpg?fit=600%2C338&ssl=1","jetpack_likes_enabled":true,"jetpack_sharing_enabled":true,"jetpack_shortlink":"https:\/\/wp.me\/paz89I-2Ri","_links":{"self":[{"href":"https:\/\/culturesco.com\/index.php\/wp-json\/wp\/v2\/posts\/10992","targetHints":{"allow":["GET"]}}],"collection":[{"href":"https:\/\/culturesco.com\/index.php\/wp-json\/wp\/v2\/posts"}],"about":[{"href":"https:\/\/culturesco.com\/index.php\/wp-json\/wp\/v2\/types\/post"}],"author":[{"embeddable":true,"href":"https:\/\/culturesco.com\/index.php\/wp-json\/wp\/v2\/users\/7"}],"replies":[{"embeddable":true,"href":"https:\/\/culturesco.com\/index.php\/wp-json\/wp\/v2\/comments?post=10992"}],"version-history":[{"count":0,"href":"https:\/\/culturesco.com\/index.php\/wp-json\/wp\/v2\/posts\/10992\/revisions"}],"wp:featuredmedia":[{"embeddable":true,"href":"https:\/\/culturesco.com\/index.php\/wp-json\/wp\/v2\/media\/10995"}],"wp:attachment":[{"href":"https:\/\/culturesco.com\/index.php\/wp-json\/wp\/v2\/media?parent=10992"}],"wp:term":[{"taxonomy":"category","embeddable":true,"href":"https:\/\/culturesco.com\/index.php\/wp-json\/wp\/v2\/categories?post=10992"},{"taxonomy":"post_tag","embeddable":true,"href":"https:\/\/culturesco.com\/index.php\/wp-json\/wp\/v2\/tags?post=10992"}],"curies":[{"name":"wp","href":"https:\/\/api.w.org\/{rel}","templated":true}]}}