{"id":10904,"date":"2020-04-02T01:32:23","date_gmt":"2020-04-01T23:32:23","guid":{"rendered":"https:\/\/culturesco.com\/?p=10904"},"modified":"2021-02-17T15:50:04","modified_gmt":"2021-02-17T14:50:04","slug":"versari-sous-la-peau","status":"publish","type":"post","link":"https:\/\/culturesco.com\/index.php\/2020\/04\/02\/versari-sous-la-peau\/","title":{"rendered":"Versari &#8211; Sous La Peau"},"content":{"rendered":"<h2 style=\"text-align: justify\">L\u2019Enfer En Version Orang\u00e9<\/h2>\n<figure id=\"attachment_10905\" aria-describedby=\"caption-attachment-10905\" style=\"width: 300px\" class=\"wp-caption aligncenter\"><a href=\"https:\/\/i0.wp.com\/culturesco.com\/wp-content\/uploads\/2020\/04\/Versari.jpeg?ssl=1\"><img data-recalc-dims=\"1\" loading=\"lazy\" decoding=\"async\" class=\"size-medium wp-image-10905\" src=\"https:\/\/i0.wp.com\/culturesco.com\/wp-content\/uploads\/2020\/04\/Versari.jpeg?resize=300%2C287&#038;ssl=1\" alt=\"\" width=\"300\" height=\"287\" srcset=\"https:\/\/i0.wp.com\/culturesco.com\/wp-content\/uploads\/2020\/04\/Versari.jpeg?resize=300%2C287&amp;ssl=1 300w, https:\/\/i0.wp.com\/culturesco.com\/wp-content\/uploads\/2020\/04\/Versari.jpeg?resize=656%2C627&amp;ssl=1 656w, https:\/\/i0.wp.com\/culturesco.com\/wp-content\/uploads\/2020\/04\/Versari.jpeg?resize=768%2C734&amp;ssl=1 768w, https:\/\/i0.wp.com\/culturesco.com\/wp-content\/uploads\/2020\/04\/Versari.jpeg?resize=696%2C665&amp;ssl=1 696w, https:\/\/i0.wp.com\/culturesco.com\/wp-content\/uploads\/2020\/04\/Versari.jpeg?resize=1068%2C1021&amp;ssl=1 1068w, https:\/\/i0.wp.com\/culturesco.com\/wp-content\/uploads\/2020\/04\/Versari.jpeg?resize=439%2C420&amp;ssl=1 439w, https:\/\/i0.wp.com\/culturesco.com\/wp-content\/uploads\/2020\/04\/Versari.jpeg?w=600&amp;ssl=1 600w\" sizes=\"auto, (max-width: 300px) 100vw, 300px\" \/><\/a><figcaption id=\"caption-attachment-10905\" class=\"wp-caption-text\">Versari &#8211; Sous La Peau<\/figcaption><\/figure>\n<h3 style=\"text-align: justify\">De la Col\u00e8re A La R\u00e9silience\u2026 ou pas<\/h3>\n<p style=\"text-align: justify\">Avec ce confinement, il fallait redouter que la date de sortie de ce troisi\u00e8me album de <strong>Versari<\/strong> soit repouss\u00e9e au 24 avril (la date d\u2019origine fix\u00e9e au 10 avril sera consacr\u00e9e \u00e0 la sortie du premier single, <strong>\u00ab\u00a0Des Images\u00a0\u00bb<\/strong>).<\/p>\n<p style=\"text-align: justify\">Donc patience sera n\u00e9cessaire, avant qu\u2019une grande claque dans la tronche \u00e9clate apr\u00e8s l\u2019uppercut du coronavirus. Mais cette claque regorge de rem\u00e8des bien plus salvateurs, au point d\u2019\u00eatre conseill\u00e9 comme vitamine C d\u00e9pressive pour mieux rebondir.<\/p>\n<h3 style=\"text-align: justify\"><em>Versari &#8211; Des Images (Clip Officiel du single, sortie 10 avril)<\/em><\/h3>\n<div class=\"youtube-embed\" data-video_id=\"FvuKL6sIIfU\"><iframe loading=\"lazy\" title=\"Versari &quot;Des Images&quot; (Vid\u00e9o officielle)\" width=\"696\" height=\"392\" src=\"https:\/\/www.youtube.com\/embed\/FvuKL6sIIfU\" frameborder=\"0\" allow=\"accelerometer; autoplay; clipboard-write; encrypted-media; gyroscope; picture-in-picture; web-share\" referrerpolicy=\"strict-origin-when-cross-origin\" allowfullscreen><\/iframe><\/div>\n<p style=\"text-align: justify\">Imaginez l\u2019\u00e9poque de <strong>The Cure<\/strong> en <strong>81<\/strong> et <strong>82<\/strong>. <strong><em>Faith<\/em><\/strong> sort d\u00e9primant avec un zeste d\u2019espoir. <strong><em>Ostinato<\/em><\/strong>, date de 2013 et sentait d\u00e9j\u00e0 aussi sombre qu\u2019un cimeti\u00e8re au mois de novembre. Puis <strong><em>Pornography<\/em><\/strong> para\u00eet et <strong>Robert Smith<\/strong>, rempli de col\u00e8re, d\u2019amertume, d\u00e9verse sa bile sans retour. Le rouge sang est de mise.<\/p>\n<h3 style=\"text-align: justify\"><em>Versari &#8211; Hymne (extrait d'\u00a0\u00bbOstinato\u00a0\u00bb)<\/em><\/h3>\n<div class=\"youtube-embed\" data-video_id=\"yu0WTCizik8\"><iframe loading=\"lazy\" title=\"Versari &quot;Hymne&quot; (Vid\u00e9o officielle)\" width=\"696\" height=\"392\" src=\"https:\/\/www.youtube.com\/embed\/yu0WTCizik8\" frameborder=\"0\" allow=\"accelerometer; autoplay; clipboard-write; encrypted-media; gyroscope; picture-in-picture; web-share\" referrerpolicy=\"strict-origin-when-cross-origin\" allowfullscreen><\/iframe><\/div>\n<p style=\"text-align: justify\"><strong><em>Sous la Peau<\/em><\/strong>, le nouvel opus de <strong>Versari<\/strong>, sonne dans le m\u00eame registre\u00a0: l\u2019explosion orang\u00e9e d\u2019un ciel d\u2019orage qui appelle une fin du monde. Il n\u2019y ait question que <strong>de feu, de b\u00fbchers, de flammes, de brasiers pour mieux se purifier.<\/strong> S\u2019engager en \u00e9coutant le premier titre <strong>\u00ab\u00a0Des Images\u00a0\u00bb<\/strong>, c\u2019est mettre un pied en enfer (comme <strong>\u00ab\u00a0One Hundred Years\u00a0\u00bb<\/strong>). La suite des titres vous fera vibrer de plaisir dans la d\u00e9mence de la tentation agr\u00e9able et intouchable (<strong>\u00ab\u00a0Br\u00fble\u00a0\u00bb, \u00ab\u00a0Rose\u00a0\u00bb, \u00ab\u00a0Nemesis\u00a0\u00bb<\/strong>). Jusqu\u2019au final <strong>\u00ab\u00a0Plus De Tristesse\u00a0\u00bb<\/strong>, tout comme <strong>\u00ab\u00a0Pornography\u00a0\u00bb<\/strong> insistait que le groupe devait trouver une issue, <strong>Versari<\/strong> cherche une porte de sortie\u00a0:<strong> \u00ab\u00a0Un souvenir certain s\u2019efface et se jette \/ Se retrouve si loin se lasse et se f\u00eate \/ S\u2019efface et se laisse \/ Plus de Tristesse\u00a0\u00bb<\/strong>.<\/p>\n<h3 style=\"text-align: justify\"><em>Versari &#8211; Nemesis (mix extrait)<\/em><\/h3>\n<div class=\"youtube-embed\" data-video_id=\"TjL-ovKyqu0\"><iframe loading=\"lazy\" title=\"Versari - N\u00e9m\u00e9sis mix\" width=\"696\" height=\"392\" src=\"https:\/\/www.youtube.com\/embed\/TjL-ovKyqu0\" frameborder=\"0\" allow=\"accelerometer; autoplay; clipboard-write; encrypted-media; gyroscope; picture-in-picture; web-share\" referrerpolicy=\"strict-origin-when-cross-origin\" allowfullscreen><\/iframe><\/div>\n<p style=\"text-align: justify\"><strong>Jean-Charles Versari<\/strong> (ex-chanteur des beaux <strong>Hurleurs<\/strong>) donne tout de sa voix grave et r\u00e9siliente, toujours accompagn\u00e9 par <strong>Laureline Prod\u2019Homme<\/strong> avec sa basse monumentale et <strong>Cyril Bilbeaud<\/strong> suivi de ses f\u00fbts redoutables d\u2019efficacit\u00e9. Ces deux derniers ont v\u00e9cu chez <strong>Zone Libre<\/strong> et <strong>Sloy<\/strong>. Ca vous forge un CV sans reproche.<\/p>\n<p style=\"text-align: justify\">Au total, si cet album ne figure dans le top ten de l\u2019ann\u00e9e, rendons les armes \u00e0 qui elles appartiennent.<\/p>\n<h3 style=\"text-align: justify\"><em>Versari &#8211; La Nuit Je Mens (Bashung cover)<\/em><\/h3>\n<div class=\"youtube-embed\" data-video_id=\"8kjzD8Woy7A\"><iframe loading=\"lazy\" title=\"Versari - Bashung Cover - Session Acoustique O\u00dcI FM\" width=\"696\" height=\"392\" src=\"https:\/\/www.youtube.com\/embed\/8kjzD8Woy7A\" frameborder=\"0\" allow=\"accelerometer; autoplay; clipboard-write; encrypted-media; gyroscope; picture-in-picture; web-share\" referrerpolicy=\"strict-origin-when-cross-origin\" allowfullscreen><\/iframe><\/div>\n<p style=\"text-align: justify\">Oups, comme ils sont irr\u00e9prochables, il ne faudrait pas oublier qu\u2019en mati\u00e8re de reprises, <strong>Versari<\/strong> sait de quoi il parle\u00a0: <strong>\u00ab\u00a0La Nuit Je Mens\u00a0\u00bb (Bashung), \u00ab\u00a0Atmosphere\u00a0\u00bb (Joy Division, qui figure sur leur premier album), \u00ab\u00a0I.C. Water\u00a0\u00bb (Psychic TV), \u00ab\u00a0Final Solution\u00a0\u00bb (Pere Ubu), \u00ab\u00a0Time To Lose\u00a0\u00bb (Tuxedomoon)<\/strong>. On affirme que les concerts sont intenses Vous n\u2019\u00eates pas convaincus ? Rendez-vous chez Booba mais je n\u2019y serai pas.<\/p>\n<p style=\"text-align: justify\"><strong>Versari &#8211; Sous La Peau<\/strong><\/p>\n<p style=\"text-align: justify\">(T-Rec \/ Inou\u00efe Distribution)<\/p>\n<p style=\"text-align: justify\">Sortie le 24 avril<\/p>\n<p style=\"text-align: justify\"><strong>Patrick B\u00e9nard<\/strong><\/p>\n","protected":false},"excerpt":{"rendered":"<p>L\u2019Enfer En Version Orang\u00e9 De la Col\u00e8re A La R\u00e9silience\u2026 ou pas Avec ce confinement, il fallait redouter que la date de sortie de ce troisi\u00e8me album de Versari soit repouss\u00e9e au 24 avril (la date d\u2019origine fix\u00e9e au 10 avril sera consacr\u00e9e \u00e0 la sortie du premier single, \u00ab\u00a0Des Images\u00a0\u00bb). Donc patience sera n\u00e9cessaire, [&hellip;]<\/p>\n","protected":false},"author":4,"featured_media":10905,"comment_status":"open","ping_status":"open","sticky":false,"template":"","format":"image","meta":{"jetpack_post_was_ever_published":false,"tdm_status":"","tdm_grid_status":"","_jetpack_newsletter_access":"","_jetpack_dont_email_post_to_subs":false,"_jetpack_newsletter_tier_id":0,"_jetpack_memberships_contains_paywalled_content":false,"_jetpack_memberships_contains_paid_content":false,"footnotes":""},"categories":[30,17,36],"tags":[37,52,48,51],"class_list":{"0":"post-10904","1":"post","2":"type-post","3":"status-publish","4":"format-image","5":"has-post-thumbnail","7":"category-albums-rock","8":"category-carotte-rock-cultures","9":"category-groupes-rock-daujourdhui","10":"tag-album-rock","11":"tag-groupe-rock-actuel","12":"tag-personnalite-rock","13":"tag-rock-francais","14":"post_format-post-format-image"},"yoast_head":"<!-- This site is optimized with the Yoast SEO plugin v27.5 - https:\/\/yoast.com\/product\/yoast-seo-wordpress\/ -->\n<title>Versari - Sous La Peau - Culturesco<\/title>\n<meta name=\"description\" content=\"CulturesCo | Un bon coup de pied dans ta Culture | Chroniques et histoire du Rock, chanson fran\u00e7aise, litt\u00e9rature, cin\u00e9ma et bande dessin\u00e9e.\" \/>\n<meta name=\"robots\" content=\"index, follow, max-snippet:-1, max-image-preview:large, max-video-preview:-1\" \/>\n<link rel=\"canonical\" href=\"https:\/\/culturesco.com\/index.php\/2020\/04\/02\/versari-sous-la-peau\/\" \/>\n<meta property=\"og:locale\" content=\"fr_FR\" \/>\n<meta property=\"og:type\" content=\"article\" \/>\n<meta property=\"og:title\" content=\"Versari - Sous La Peau - Culturesco\" \/>\n<meta property=\"og:description\" content=\"CulturesCo | Un bon coup de pied dans ta Culture | Chroniques et histoire du Rock, chanson fran\u00e7aise, litt\u00e9rature, cin\u00e9ma et bande dessin\u00e9e.\" \/>\n<meta property=\"og:url\" content=\"https:\/\/culturesco.com\/index.php\/2020\/04\/02\/versari-sous-la-peau\/\" \/>\n<meta property=\"og:site_name\" content=\"Culturesco\" \/>\n<meta property=\"article:publisher\" content=\"https:\/\/www.facebook.com\/radioculturesco\" \/>\n<meta property=\"article:published_time\" content=\"2020-04-01T23:32:23+00:00\" \/>\n<meta property=\"article:modified_time\" content=\"2021-02-17T14:50:04+00:00\" \/>\n<meta property=\"og:image\" content=\"https:\/\/i0.wp.com\/culturesco.com\/wp-content\/uploads\/2020\/04\/Versari.jpeg?fit=600%2C574&ssl=1\" \/>\n\t<meta property=\"og:image:width\" content=\"600\" \/>\n\t<meta property=\"og:image:height\" content=\"574\" \/>\n\t<meta property=\"og:image:type\" content=\"image\/jpeg\" \/>\n<meta name=\"author\" content=\"Patrick Benard\" \/>\n<meta name=\"twitter:card\" content=\"summary_large_image\" \/>\n<meta name=\"twitter:creator\" content=\"@AugusteMarshal\" \/>\n<meta name=\"twitter:site\" content=\"@AugusteMarshal\" \/>\n<meta name=\"twitter:label1\" content=\"\u00c9crit par\" \/>\n\t<meta name=\"twitter:data1\" content=\"Patrick Benard\" \/>\n\t<meta name=\"twitter:label2\" content=\"Dur\u00e9e de lecture estim\u00e9e\" \/>\n\t<meta name=\"twitter:data2\" content=\"3 minutes\" \/>\n<script type=\"application\/ld+json\" class=\"yoast-schema-graph\">{\"@context\":\"https:\\\/\\\/schema.org\",\"@graph\":[{\"@type\":\"Article\",\"@id\":\"https:\\\/\\\/culturesco.com\\\/index.php\\\/2020\\\/04\\\/02\\\/versari-sous-la-peau\\\/#article\",\"isPartOf\":{\"@id\":\"https:\\\/\\\/culturesco.com\\\/index.php\\\/2020\\\/04\\\/02\\\/versari-sous-la-peau\\\/\"},\"author\":{\"name\":\"Patrick Benard\",\"@id\":\"https:\\\/\\\/culturesco.com\\\/#\\\/schema\\\/person\\\/c2ddd6724863f3bbd20a8278df0891f3\"},\"headline\":\"Versari &#8211; Sous La Peau\",\"datePublished\":\"2020-04-01T23:32:23+00:00\",\"dateModified\":\"2021-02-17T14:50:04+00:00\",\"mainEntityOfPage\":{\"@id\":\"https:\\\/\\\/culturesco.com\\\/index.php\\\/2020\\\/04\\\/02\\\/versari-sous-la-peau\\\/\"},\"wordCount\":538,\"commentCount\":0,\"publisher\":{\"@id\":\"https:\\\/\\\/culturesco.com\\\/#organization\"},\"image\":{\"@id\":\"https:\\\/\\\/culturesco.com\\\/index.php\\\/2020\\\/04\\\/02\\\/versari-sous-la-peau\\\/#primaryimage\"},\"thumbnailUrl\":\"https:\\\/\\\/i0.wp.com\\\/culturesco.com\\\/wp-content\\\/uploads\\\/2020\\\/04\\\/Versari.jpeg?fit=600%2C574&ssl=1\",\"keywords\":[\"album rock\",\"groupe rock actuel\",\"Personnalit\u00e9 Rock\",\"Rock fran\u00e7ais\"],\"articleSection\":[\"Albums rock\",\"Carotte Rock Cultures\",\"Groupes rock d'aujourd'hui\"],\"inLanguage\":\"fr-FR\",\"potentialAction\":[{\"@type\":\"CommentAction\",\"name\":\"Comment\",\"target\":[\"https:\\\/\\\/culturesco.com\\\/index.php\\\/2020\\\/04\\\/02\\\/versari-sous-la-peau\\\/#respond\"]}]},{\"@type\":\"WebPage\",\"@id\":\"https:\\\/\\\/culturesco.com\\\/index.php\\\/2020\\\/04\\\/02\\\/versari-sous-la-peau\\\/\",\"url\":\"https:\\\/\\\/culturesco.com\\\/index.php\\\/2020\\\/04\\\/02\\\/versari-sous-la-peau\\\/\",\"name\":\"Versari - Sous La Peau - Culturesco\",\"isPartOf\":{\"@id\":\"https:\\\/\\\/culturesco.com\\\/#website\"},\"primaryImageOfPage\":{\"@id\":\"https:\\\/\\\/culturesco.com\\\/index.php\\\/2020\\\/04\\\/02\\\/versari-sous-la-peau\\\/#primaryimage\"},\"image\":{\"@id\":\"https:\\\/\\\/culturesco.com\\\/index.php\\\/2020\\\/04\\\/02\\\/versari-sous-la-peau\\\/#primaryimage\"},\"thumbnailUrl\":\"https:\\\/\\\/i0.wp.com\\\/culturesco.com\\\/wp-content\\\/uploads\\\/2020\\\/04\\\/Versari.jpeg?fit=600%2C574&ssl=1\",\"datePublished\":\"2020-04-01T23:32:23+00:00\",\"dateModified\":\"2021-02-17T14:50:04+00:00\",\"description\":\"CulturesCo | Un bon coup de pied dans ta Culture | Chroniques et histoire du Rock, chanson fran\u00e7aise, litt\u00e9rature, cin\u00e9ma et bande dessin\u00e9e.\",\"breadcrumb\":{\"@id\":\"https:\\\/\\\/culturesco.com\\\/index.php\\\/2020\\\/04\\\/02\\\/versari-sous-la-peau\\\/#breadcrumb\"},\"inLanguage\":\"fr-FR\",\"potentialAction\":[{\"@type\":\"ReadAction\",\"target\":[\"https:\\\/\\\/culturesco.com\\\/index.php\\\/2020\\\/04\\\/02\\\/versari-sous-la-peau\\\/\"]}]},{\"@type\":\"ImageObject\",\"inLanguage\":\"fr-FR\",\"@id\":\"https:\\\/\\\/culturesco.com\\\/index.php\\\/2020\\\/04\\\/02\\\/versari-sous-la-peau\\\/#primaryimage\",\"url\":\"https:\\\/\\\/i0.wp.com\\\/culturesco.com\\\/wp-content\\\/uploads\\\/2020\\\/04\\\/Versari.jpeg?fit=600%2C574&ssl=1\",\"contentUrl\":\"https:\\\/\\\/i0.wp.com\\\/culturesco.com\\\/wp-content\\\/uploads\\\/2020\\\/04\\\/Versari.jpeg?fit=600%2C574&ssl=1\",\"width\":600,\"height\":574,\"caption\":\"Versari - Sous La Peau\"},{\"@type\":\"BreadcrumbList\",\"@id\":\"https:\\\/\\\/culturesco.com\\\/index.php\\\/2020\\\/04\\\/02\\\/versari-sous-la-peau\\\/#breadcrumb\",\"itemListElement\":[{\"@type\":\"ListItem\",\"position\":1,\"name\":\"Accueil\",\"item\":\"https:\\\/\\\/culturesco.com\\\/\"},{\"@type\":\"ListItem\",\"position\":2,\"name\":\"Versari &#8211; Sous La Peau\"}]},{\"@type\":\"WebSite\",\"@id\":\"https:\\\/\\\/culturesco.com\\\/#website\",\"url\":\"https:\\\/\\\/culturesco.com\\\/\",\"name\":\"Culturesco\",\"description\":\"Culturesco | Un bon coup de pied dans ta Culture\",\"publisher\":{\"@id\":\"https:\\\/\\\/culturesco.com\\\/#organization\"},\"potentialAction\":[{\"@type\":\"SearchAction\",\"target\":{\"@type\":\"EntryPoint\",\"urlTemplate\":\"https:\\\/\\\/culturesco.com\\\/?s={search_term_string}\"},\"query-input\":{\"@type\":\"PropertyValueSpecification\",\"valueRequired\":true,\"valueName\":\"search_term_string\"}}],\"inLanguage\":\"fr-FR\"},{\"@type\":\"Organization\",\"@id\":\"https:\\\/\\\/culturesco.com\\\/#organization\",\"name\":\"CULTURESCO\",\"url\":\"https:\\\/\\\/culturesco.com\\\/\",\"logo\":{\"@type\":\"ImageObject\",\"inLanguage\":\"fr-FR\",\"@id\":\"https:\\\/\\\/culturesco.com\\\/#\\\/schema\\\/logo\\\/image\\\/\",\"url\":\"https:\\\/\\\/i0.wp.com\\\/culturesco.com\\\/wp-content\\\/uploads\\\/2022\\\/04\\\/culturesco-logo-blanc250p.png?fit=250%2C250&ssl=1\",\"contentUrl\":\"https:\\\/\\\/i0.wp.com\\\/culturesco.com\\\/wp-content\\\/uploads\\\/2022\\\/04\\\/culturesco-logo-blanc250p.png?fit=250%2C250&ssl=1\",\"width\":250,\"height\":250,\"caption\":\"CULTURESCO\"},\"image\":{\"@id\":\"https:\\\/\\\/culturesco.com\\\/#\\\/schema\\\/logo\\\/image\\\/\"},\"sameAs\":[\"https:\\\/\\\/www.facebook.com\\\/radioculturesco\",\"https:\\\/\\\/x.com\\\/AugusteMarshal\",\"https:\\\/\\\/www.instagram.com\\\/carotte_rock_culture\\\/\",\"https:\\\/\\\/www.pinterest.fr\\\/augustemarshal\\\/\",\"https:\\\/\\\/www.youtube.com\\\/channel\\\/UCiWLGffqWSXlNnfzp6YwwyQ\"]},{\"@type\":\"Person\",\"@id\":\"https:\\\/\\\/culturesco.com\\\/#\\\/schema\\\/person\\\/c2ddd6724863f3bbd20a8278df0891f3\",\"name\":\"Patrick Benard\",\"image\":{\"@type\":\"ImageObject\",\"inLanguage\":\"fr-FR\",\"@id\":\"https:\\\/\\\/i0.wp.com\\\/culturesco.com\\\/wp-content\\\/uploads\\\/2019\\\/02\\\/patrick-benard-2.jpg?fit=90%2C96&ssl=1\",\"url\":\"https:\\\/\\\/i0.wp.com\\\/culturesco.com\\\/wp-content\\\/uploads\\\/2019\\\/02\\\/patrick-benard-2.jpg?fit=90%2C96&ssl=1\",\"contentUrl\":\"https:\\\/\\\/i0.wp.com\\\/culturesco.com\\\/wp-content\\\/uploads\\\/2019\\\/02\\\/patrick-benard-2.jpg?fit=90%2C96&ssl=1\",\"caption\":\"Patrick Benard\"},\"description\":\"Ecrivain, chroniqueur, animateur radio, cr\u00e9ateur de la revue \u00ab Cin\u00e9manie \u00bb, autour du cin\u00e9ma dit d\u2019art et d\u2019essai, sp\u00e9cialiste du groupe The Cure, archiviste... 2020 : \\\"Le Post Rock\\\" essai sur le post rock de Mogwa\u00ef \u00e0 Godspeed You Black Emperor - Camion Blanc 2014 : \u00ab On the rocks \u2013le rock de 2007 \u00e0 2014 \u00bb chroniques livres et cd rocks, interviews \u2013Editions Vaillant 2010 : \u00ab Dans la T\u00eate de Robert Smith \u00bb, roman fiction autour de l\u2019histoire des Cure et de Robert Smith \u2013 Edilivres 2007 : \u00ab Chroniques Fr\u00e9n\u00e9tiques, une histoire intime du rock \u00bb, roman, prix Technikart. 2001 : \u00ab Les Iles du D\u00e9sert \u00bb, polar autour du rock \u2013 Editions Nykta\",\"url\":\"https:\\\/\\\/culturesco.com\\\/index.php\\\/author\\\/patrick-benard89\\\/\"}]}<\/script>\n<!-- \/ Yoast SEO plugin. -->","yoast_head_json":{"title":"Versari - Sous La Peau - Culturesco","description":"CulturesCo | Un bon coup de pied dans ta Culture | Chroniques et histoire du Rock, chanson fran\u00e7aise, litt\u00e9rature, cin\u00e9ma et bande dessin\u00e9e.","robots":{"index":"index","follow":"follow","max-snippet":"max-snippet:-1","max-image-preview":"max-image-preview:large","max-video-preview":"max-video-preview:-1"},"canonical":"https:\/\/culturesco.com\/index.php\/2020\/04\/02\/versari-sous-la-peau\/","og_locale":"fr_FR","og_type":"article","og_title":"Versari - Sous La Peau - Culturesco","og_description":"CulturesCo | Un bon coup de pied dans ta Culture | Chroniques et histoire du Rock, chanson fran\u00e7aise, litt\u00e9rature, cin\u00e9ma et bande dessin\u00e9e.","og_url":"https:\/\/culturesco.com\/index.php\/2020\/04\/02\/versari-sous-la-peau\/","og_site_name":"Culturesco","article_publisher":"https:\/\/www.facebook.com\/radioculturesco","article_published_time":"2020-04-01T23:32:23+00:00","article_modified_time":"2021-02-17T14:50:04+00:00","og_image":[{"width":600,"height":574,"url":"https:\/\/i0.wp.com\/culturesco.com\/wp-content\/uploads\/2020\/04\/Versari.jpeg?fit=600%2C574&ssl=1","type":"image\/jpeg"}],"author":"Patrick Benard","twitter_card":"summary_large_image","twitter_creator":"@AugusteMarshal","twitter_site":"@AugusteMarshal","twitter_misc":{"\u00c9crit par":"Patrick Benard","Dur\u00e9e de lecture estim\u00e9e":"3 minutes"},"schema":{"@context":"https:\/\/schema.org","@graph":[{"@type":"Article","@id":"https:\/\/culturesco.com\/index.php\/2020\/04\/02\/versari-sous-la-peau\/#article","isPartOf":{"@id":"https:\/\/culturesco.com\/index.php\/2020\/04\/02\/versari-sous-la-peau\/"},"author":{"name":"Patrick Benard","@id":"https:\/\/culturesco.com\/#\/schema\/person\/c2ddd6724863f3bbd20a8278df0891f3"},"headline":"Versari &#8211; Sous La Peau","datePublished":"2020-04-01T23:32:23+00:00","dateModified":"2021-02-17T14:50:04+00:00","mainEntityOfPage":{"@id":"https:\/\/culturesco.com\/index.php\/2020\/04\/02\/versari-sous-la-peau\/"},"wordCount":538,"commentCount":0,"publisher":{"@id":"https:\/\/culturesco.com\/#organization"},"image":{"@id":"https:\/\/culturesco.com\/index.php\/2020\/04\/02\/versari-sous-la-peau\/#primaryimage"},"thumbnailUrl":"https:\/\/i0.wp.com\/culturesco.com\/wp-content\/uploads\/2020\/04\/Versari.jpeg?fit=600%2C574&ssl=1","keywords":["album rock","groupe rock actuel","Personnalit\u00e9 Rock","Rock fran\u00e7ais"],"articleSection":["Albums rock","Carotte Rock Cultures","Groupes rock d'aujourd'hui"],"inLanguage":"fr-FR","potentialAction":[{"@type":"CommentAction","name":"Comment","target":["https:\/\/culturesco.com\/index.php\/2020\/04\/02\/versari-sous-la-peau\/#respond"]}]},{"@type":"WebPage","@id":"https:\/\/culturesco.com\/index.php\/2020\/04\/02\/versari-sous-la-peau\/","url":"https:\/\/culturesco.com\/index.php\/2020\/04\/02\/versari-sous-la-peau\/","name":"Versari - Sous La Peau - Culturesco","isPartOf":{"@id":"https:\/\/culturesco.com\/#website"},"primaryImageOfPage":{"@id":"https:\/\/culturesco.com\/index.php\/2020\/04\/02\/versari-sous-la-peau\/#primaryimage"},"image":{"@id":"https:\/\/culturesco.com\/index.php\/2020\/04\/02\/versari-sous-la-peau\/#primaryimage"},"thumbnailUrl":"https:\/\/i0.wp.com\/culturesco.com\/wp-content\/uploads\/2020\/04\/Versari.jpeg?fit=600%2C574&ssl=1","datePublished":"2020-04-01T23:32:23+00:00","dateModified":"2021-02-17T14:50:04+00:00","description":"CulturesCo | Un bon coup de pied dans ta Culture | Chroniques et histoire du Rock, chanson fran\u00e7aise, litt\u00e9rature, cin\u00e9ma et bande dessin\u00e9e.","breadcrumb":{"@id":"https:\/\/culturesco.com\/index.php\/2020\/04\/02\/versari-sous-la-peau\/#breadcrumb"},"inLanguage":"fr-FR","potentialAction":[{"@type":"ReadAction","target":["https:\/\/culturesco.com\/index.php\/2020\/04\/02\/versari-sous-la-peau\/"]}]},{"@type":"ImageObject","inLanguage":"fr-FR","@id":"https:\/\/culturesco.com\/index.php\/2020\/04\/02\/versari-sous-la-peau\/#primaryimage","url":"https:\/\/i0.wp.com\/culturesco.com\/wp-content\/uploads\/2020\/04\/Versari.jpeg?fit=600%2C574&ssl=1","contentUrl":"https:\/\/i0.wp.com\/culturesco.com\/wp-content\/uploads\/2020\/04\/Versari.jpeg?fit=600%2C574&ssl=1","width":600,"height":574,"caption":"Versari - Sous La Peau"},{"@type":"BreadcrumbList","@id":"https:\/\/culturesco.com\/index.php\/2020\/04\/02\/versari-sous-la-peau\/#breadcrumb","itemListElement":[{"@type":"ListItem","position":1,"name":"Accueil","item":"https:\/\/culturesco.com\/"},{"@type":"ListItem","position":2,"name":"Versari &#8211; Sous La Peau"}]},{"@type":"WebSite","@id":"https:\/\/culturesco.com\/#website","url":"https:\/\/culturesco.com\/","name":"Culturesco","description":"Culturesco | Un bon coup de pied dans ta Culture","publisher":{"@id":"https:\/\/culturesco.com\/#organization"},"potentialAction":[{"@type":"SearchAction","target":{"@type":"EntryPoint","urlTemplate":"https:\/\/culturesco.com\/?s={search_term_string}"},"query-input":{"@type":"PropertyValueSpecification","valueRequired":true,"valueName":"search_term_string"}}],"inLanguage":"fr-FR"},{"@type":"Organization","@id":"https:\/\/culturesco.com\/#organization","name":"CULTURESCO","url":"https:\/\/culturesco.com\/","logo":{"@type":"ImageObject","inLanguage":"fr-FR","@id":"https:\/\/culturesco.com\/#\/schema\/logo\/image\/","url":"https:\/\/i0.wp.com\/culturesco.com\/wp-content\/uploads\/2022\/04\/culturesco-logo-blanc250p.png?fit=250%2C250&ssl=1","contentUrl":"https:\/\/i0.wp.com\/culturesco.com\/wp-content\/uploads\/2022\/04\/culturesco-logo-blanc250p.png?fit=250%2C250&ssl=1","width":250,"height":250,"caption":"CULTURESCO"},"image":{"@id":"https:\/\/culturesco.com\/#\/schema\/logo\/image\/"},"sameAs":["https:\/\/www.facebook.com\/radioculturesco","https:\/\/x.com\/AugusteMarshal","https:\/\/www.instagram.com\/carotte_rock_culture\/","https:\/\/www.pinterest.fr\/augustemarshal\/","https:\/\/www.youtube.com\/channel\/UCiWLGffqWSXlNnfzp6YwwyQ"]},{"@type":"Person","@id":"https:\/\/culturesco.com\/#\/schema\/person\/c2ddd6724863f3bbd20a8278df0891f3","name":"Patrick Benard","image":{"@type":"ImageObject","inLanguage":"fr-FR","@id":"https:\/\/i0.wp.com\/culturesco.com\/wp-content\/uploads\/2019\/02\/patrick-benard-2.jpg?fit=90%2C96&ssl=1","url":"https:\/\/i0.wp.com\/culturesco.com\/wp-content\/uploads\/2019\/02\/patrick-benard-2.jpg?fit=90%2C96&ssl=1","contentUrl":"https:\/\/i0.wp.com\/culturesco.com\/wp-content\/uploads\/2019\/02\/patrick-benard-2.jpg?fit=90%2C96&ssl=1","caption":"Patrick Benard"},"description":"Ecrivain, chroniqueur, animateur radio, cr\u00e9ateur de la revue \u00ab Cin\u00e9manie \u00bb, autour du cin\u00e9ma dit d\u2019art et d\u2019essai, sp\u00e9cialiste du groupe The Cure, archiviste... 2020 : \"Le Post Rock\" essai sur le post rock de Mogwa\u00ef \u00e0 Godspeed You Black Emperor - Camion Blanc 2014 : \u00ab On the rocks \u2013le rock de 2007 \u00e0 2014 \u00bb chroniques livres et cd rocks, interviews \u2013Editions Vaillant 2010 : \u00ab Dans la T\u00eate de Robert Smith \u00bb, roman fiction autour de l\u2019histoire des Cure et de Robert Smith \u2013 Edilivres 2007 : \u00ab Chroniques Fr\u00e9n\u00e9tiques, une histoire intime du rock \u00bb, roman, prix Technikart. 2001 : \u00ab Les Iles du D\u00e9sert \u00bb, polar autour du rock \u2013 Editions Nykta","url":"https:\/\/culturesco.com\/index.php\/author\/patrick-benard89\/"}]}},"jetpack_featured_media_url":"https:\/\/i0.wp.com\/culturesco.com\/wp-content\/uploads\/2020\/04\/Versari.jpeg?fit=600%2C574&ssl=1","jetpack_likes_enabled":true,"jetpack_sharing_enabled":true,"jetpack_shortlink":"https:\/\/wp.me\/paz89I-2PS","_links":{"self":[{"href":"https:\/\/culturesco.com\/index.php\/wp-json\/wp\/v2\/posts\/10904","targetHints":{"allow":["GET"]}}],"collection":[{"href":"https:\/\/culturesco.com\/index.php\/wp-json\/wp\/v2\/posts"}],"about":[{"href":"https:\/\/culturesco.com\/index.php\/wp-json\/wp\/v2\/types\/post"}],"author":[{"embeddable":true,"href":"https:\/\/culturesco.com\/index.php\/wp-json\/wp\/v2\/users\/4"}],"replies":[{"embeddable":true,"href":"https:\/\/culturesco.com\/index.php\/wp-json\/wp\/v2\/comments?post=10904"}],"version-history":[{"count":0,"href":"https:\/\/culturesco.com\/index.php\/wp-json\/wp\/v2\/posts\/10904\/revisions"}],"wp:featuredmedia":[{"embeddable":true,"href":"https:\/\/culturesco.com\/index.php\/wp-json\/wp\/v2\/media\/10905"}],"wp:attachment":[{"href":"https:\/\/culturesco.com\/index.php\/wp-json\/wp\/v2\/media?parent=10904"}],"wp:term":[{"taxonomy":"category","embeddable":true,"href":"https:\/\/culturesco.com\/index.php\/wp-json\/wp\/v2\/categories?post=10904"},{"taxonomy":"post_tag","embeddable":true,"href":"https:\/\/culturesco.com\/index.php\/wp-json\/wp\/v2\/tags?post=10904"}],"curies":[{"name":"wp","href":"https:\/\/api.w.org\/{rel}","templated":true}]}}