{"id":1076,"date":"2018-11-24T07:40:36","date_gmt":"2018-11-24T06:40:36","guid":{"rendered":"https:\/\/culturesco.com\/?p=1076"},"modified":"2018-12-10T22:46:17","modified_gmt":"2018-12-10T21:46:17","slug":"du-courage-des-oiseaux-au-temps-qui-passe-dominique-a-se-raconte-en-morceaux","status":"publish","type":"post","link":"https:\/\/culturesco.com\/index.php\/2018\/11\/24\/du-courage-des-oiseaux-au-temps-qui-passe-dominique-a-se-raconte-en-morceaux\/","title":{"rendered":"Dominique A se d\u00e9couvre &#8211; R\u00e9cit &#8211; Chez Flammarion"},"content":{"rendered":"<h2>Du \u00ab\u00a0Courage des Oiseaux\u00a0\u00bb au \u00ab\u00a0Temps qui passe sans Moi\u00a0\u00bb, Dominique A se raconte en morceaux<\/h2>\n<p><img data-recalc-dims=\"1\" loading=\"lazy\" decoding=\"async\" class=\"aligncenter size-full wp-image-1081\" src=\"https:\/\/i0.wp.com\/culturesco.com\/wp-content\/uploads\/2018\/11\/dominique-a.jpg?resize=696%2C364&#038;ssl=1\" alt=\"Dominique A Livre r\u00e9cit\" width=\"696\" height=\"364\" srcset=\"https:\/\/i0.wp.com\/culturesco.com\/wp-content\/uploads\/2018\/11\/dominique-a.jpg?w=600&amp;ssl=1 600w, https:\/\/i0.wp.com\/culturesco.com\/wp-content\/uploads\/2018\/11\/dominique-a.jpg?resize=300%2C157&amp;ssl=1 300w, https:\/\/i0.wp.com\/culturesco.com\/wp-content\/uploads\/2018\/11\/dominique-a.jpg?resize=768%2C401&amp;ssl=1 768w, https:\/\/i0.wp.com\/culturesco.com\/wp-content\/uploads\/2018\/11\/dominique-a.jpg?resize=696%2C364&amp;ssl=1 696w, https:\/\/i0.wp.com\/culturesco.com\/wp-content\/uploads\/2018\/11\/dominique-a.jpg?resize=1068%2C558&amp;ssl=1 1068w, https:\/\/i0.wp.com\/culturesco.com\/wp-content\/uploads\/2018\/11\/dominique-a.jpg?resize=804%2C420&amp;ssl=1 804w\" sizes=\"auto, (max-width: 696px) 100vw, 696px\" \/><\/p>\n<h3>Le chanteur nantais retrace sa vie \u00e0 travers ses titres les plus marquants<\/h3>\n<p style=\"text-align: justify;\"><strong>Dominique An\u00e9<\/strong> signe ainsi de son vrai nom lorsqu\u2019il \u00e9crit des livres. Quand il se transforme le plus souvent en auteur, chanteur, compositeur on le retrouve avec son nom d\u2019artiste bien plus connu\u00a0: <strong>Dominique A<\/strong>.<\/p>\n<figure id=\"attachment_1077\" aria-describedby=\"caption-attachment-1077\" style=\"width: 195px\" class=\"wp-caption aligncenter\"><img data-recalc-dims=\"1\" loading=\"lazy\" decoding=\"async\" class=\"size-medium wp-image-1077\" src=\"https:\/\/i0.wp.com\/culturesco.com\/wp-content\/uploads\/2018\/11\/Dominique-Ane%CC%81.jpeg?resize=195%2C300&#038;ssl=1\" alt=\"\" width=\"195\" height=\"300\" srcset=\"https:\/\/i0.wp.com\/culturesco.com\/wp-content\/uploads\/2018\/11\/Dominique-Ane%CC%81.jpeg?resize=195%2C300&amp;ssl=1 195w, https:\/\/i0.wp.com\/culturesco.com\/wp-content\/uploads\/2018\/11\/Dominique-Ane%CC%81.jpeg?resize=273%2C420&amp;ssl=1 273w, https:\/\/i0.wp.com\/culturesco.com\/wp-content\/uploads\/2018\/11\/Dominique-Ane%CC%81.jpeg?w=381&amp;ssl=1 381w\" sizes=\"auto, (max-width: 195px) 100vw, 195px\" \/><figcaption id=\"caption-attachment-1077\" class=\"wp-caption-text\">le chanteur \u00e0 c\u0153ur ouvert<\/figcaption><\/figure>\n<p style=\"text-align: justify;\">Avec ce judicieux titre, <strong>Ma Vie en Morceaux<\/strong>, il se propose, non pas de d\u00e9crire sa vie en lambeaux, mais bien de d\u00e9montrer comment il a pu \u00e9voluer en un peu plus d\u2019un quart de si\u00e8cle et offrir des albums tr\u00e8s diff\u00e9rents tout en gardant sa marque de fabrique. Une voix, d\u00e9j\u00e0, reconnaissable, faite de fragilit\u00e9 et de douceur avec une pointe de nostalgie typique de ces gens qui ont de belles r\u00e9f\u00e9rences comme la new wave des ann\u00e9es 80 dont <strong>The Cure<\/strong> figure en bonne place.<\/p>\n<p style=\"text-align: justify;\">Ensuite, cette alternance subtile de titres l\u00e9gers et sombres qui d\u00e9montrent sa capacit\u00e9 \u00e0 s\u2019adapter suivant son humeur. Qu\u2019on parle du \u00ab\u00a0<strong>Courage des Oiseaux<\/strong>\u00a0\u00bb, de \u00ab\u00a0<strong>L\u2019Horizon<\/strong>\u00a0\u00bb, de \u00ab\u00a0<strong>Immortels<\/strong>\u00a0\u00bb (qu\u2019il avait offert \u00e0 <strong>Bashung<\/strong>, non repris sur son dernier album mais qui figure en t\u00eate de liste sur celui post-mortem d\u00e9barqu\u00e9 le 23 novembre 2018), et plus r\u00e9cemment \u00ab\u00a0<strong>Le Temps qui Passe sans Moi<\/strong>\u00a0\u00bb.<\/p>\n<p style=\"text-align: justify;\">Il parvient \u00e0 nous apaiser ou \u00e0 nous effrayer par les mots.<\/p>\n<h3>Dominique A &#8211; Le courage des oiseaux<\/h3>\n<p><iframe loading=\"lazy\" src=\"https:\/\/www.youtube.com\/embed\/SgeI6G4CLMk\" width=\"560\" height=\"315\" frameborder=\"0\" allowfullscreen=\"allowfullscreen\"><\/iframe><\/p>\n<p style=\"text-align: justify;\">C\u2019est \u00e0 travers ses morceaux les plus marquants, pour lui et\/ou pour nous, qu\u2019il raconte sa vie et la fa\u00e7on dont ont abouti ces chefs d\u2019\u0153uvres. Un livre fascinant un peu court.<\/p>\n<p>Dominique An\u00e9<br \/>\nMa Vie en Morceaux<br \/>\nFlammarion \u2013 218 pages \u2013 18 \u20ac<\/p>\n<p><em>Patrick B\u00e9nard<\/em> &#8211; <strong>CulturesCo<\/strong><\/p>\n","protected":false},"excerpt":{"rendered":"<p>Du \u00ab\u00a0Courage des Oiseaux\u00a0\u00bb au \u00ab\u00a0Temps qui passe sans Moi\u00a0\u00bb, Dominique A se raconte en morceaux Le chanteur nantais retrace sa vie \u00e0 travers ses titres les plus marquants Dominique An\u00e9 signe ainsi de son vrai nom lorsqu\u2019il \u00e9crit des livres. Quand il se transforme le plus souvent en auteur, chanteur, compositeur on le retrouve [&hellip;]<\/p>\n","protected":false},"author":4,"featured_media":1081,"comment_status":"open","ping_status":"open","sticky":false,"template":"","format":"image","meta":{"jetpack_post_was_ever_published":false,"tdm_status":"","tdm_grid_status":"","_jetpack_newsletter_access":"","_jetpack_dont_email_post_to_subs":false,"_jetpack_newsletter_tier_id":0,"_jetpack_memberships_contains_paywalled_content":false,"_jetpack_memberships_contains_paid_content":false,"footnotes":""},"categories":[27],"tags":[42],"class_list":{"0":"post-1076","1":"post","2":"type-post","3":"status-publish","4":"format-image","5":"has-post-thumbnail","7":"category-litterature","8":"tag-litterature","9":"post_format-post-format-image"},"yoast_head":"<!-- This site is optimized with the Yoast SEO plugin v27.5 - https:\/\/yoast.com\/product\/yoast-seo-wordpress\/ -->\n<title>Dominique A se d\u00e9couvre - R\u00e9cit - Chez Flammarion - Culturesco<\/title>\n<meta name=\"description\" content=\"CulturesCo | Un bon coup de pied dans ta Culture | Chroniques et histoire du Rock, chanson fran\u00e7aise, litt\u00e9rature, cin\u00e9ma et bande dessin\u00e9e.\" \/>\n<meta name=\"robots\" content=\"index, follow, max-snippet:-1, max-image-preview:large, max-video-preview:-1\" \/>\n<link rel=\"canonical\" href=\"https:\/\/culturesco.com\/index.php\/2018\/11\/24\/du-courage-des-oiseaux-au-temps-qui-passe-dominique-a-se-raconte-en-morceaux\/\" \/>\n<meta property=\"og:locale\" content=\"fr_FR\" \/>\n<meta property=\"og:type\" content=\"article\" \/>\n<meta property=\"og:title\" content=\"Dominique A se d\u00e9couvre - R\u00e9cit - Chez Flammarion - Culturesco\" \/>\n<meta property=\"og:description\" content=\"CulturesCo | Un bon coup de pied dans ta Culture | Chroniques et histoire du Rock, chanson fran\u00e7aise, litt\u00e9rature, cin\u00e9ma et bande dessin\u00e9e.\" \/>\n<meta property=\"og:url\" content=\"https:\/\/culturesco.com\/index.php\/2018\/11\/24\/du-courage-des-oiseaux-au-temps-qui-passe-dominique-a-se-raconte-en-morceaux\/\" \/>\n<meta property=\"og:site_name\" content=\"Culturesco\" \/>\n<meta property=\"article:publisher\" content=\"https:\/\/www.facebook.com\/radioculturesco\" \/>\n<meta property=\"article:published_time\" content=\"2018-11-24T06:40:36+00:00\" \/>\n<meta property=\"article:modified_time\" content=\"2018-12-10T21:46:17+00:00\" \/>\n<meta property=\"og:image\" content=\"https:\/\/i0.wp.com\/culturesco.com\/wp-content\/uploads\/2018\/11\/dominique-a.jpg?fit=600%2C314&ssl=1\" \/>\n\t<meta property=\"og:image:width\" content=\"600\" \/>\n\t<meta property=\"og:image:height\" content=\"314\" \/>\n\t<meta property=\"og:image:type\" content=\"image\/jpeg\" \/>\n<meta name=\"author\" content=\"Patrick Benard\" \/>\n<meta name=\"twitter:card\" content=\"summary_large_image\" \/>\n<meta name=\"twitter:creator\" content=\"@AugusteMarshal\" \/>\n<meta name=\"twitter:site\" content=\"@AugusteMarshal\" \/>\n<meta name=\"twitter:label1\" content=\"\u00c9crit par\" \/>\n\t<meta name=\"twitter:data1\" content=\"Patrick Benard\" \/>\n\t<meta name=\"twitter:label2\" content=\"Dur\u00e9e de lecture estim\u00e9e\" \/>\n\t<meta name=\"twitter:data2\" content=\"2 minutes\" \/>\n<script type=\"application\/ld+json\" class=\"yoast-schema-graph\">{\"@context\":\"https:\\\/\\\/schema.org\",\"@graph\":[{\"@type\":\"Article\",\"@id\":\"https:\\\/\\\/culturesco.com\\\/index.php\\\/2018\\\/11\\\/24\\\/du-courage-des-oiseaux-au-temps-qui-passe-dominique-a-se-raconte-en-morceaux\\\/#article\",\"isPartOf\":{\"@id\":\"https:\\\/\\\/culturesco.com\\\/index.php\\\/2018\\\/11\\\/24\\\/du-courage-des-oiseaux-au-temps-qui-passe-dominique-a-se-raconte-en-morceaux\\\/\"},\"author\":{\"name\":\"Patrick Benard\",\"@id\":\"https:\\\/\\\/culturesco.com\\\/#\\\/schema\\\/person\\\/c2ddd6724863f3bbd20a8278df0891f3\"},\"headline\":\"Dominique A se d\u00e9couvre &#8211; R\u00e9cit &#8211; Chez Flammarion\",\"datePublished\":\"2018-11-24T06:40:36+00:00\",\"dateModified\":\"2018-12-10T21:46:17+00:00\",\"mainEntityOfPage\":{\"@id\":\"https:\\\/\\\/culturesco.com\\\/index.php\\\/2018\\\/11\\\/24\\\/du-courage-des-oiseaux-au-temps-qui-passe-dominique-a-se-raconte-en-morceaux\\\/\"},\"wordCount\":318,\"commentCount\":0,\"publisher\":{\"@id\":\"https:\\\/\\\/culturesco.com\\\/#organization\"},\"image\":{\"@id\":\"https:\\\/\\\/culturesco.com\\\/index.php\\\/2018\\\/11\\\/24\\\/du-courage-des-oiseaux-au-temps-qui-passe-dominique-a-se-raconte-en-morceaux\\\/#primaryimage\"},\"thumbnailUrl\":\"https:\\\/\\\/i0.wp.com\\\/culturesco.com\\\/wp-content\\\/uploads\\\/2018\\\/11\\\/dominique-a.jpg?fit=600%2C314&ssl=1\",\"keywords\":[\"litt\u00e9rature\"],\"articleSection\":[\"Litt\u00e9rature\"],\"inLanguage\":\"fr-FR\",\"potentialAction\":[{\"@type\":\"CommentAction\",\"name\":\"Comment\",\"target\":[\"https:\\\/\\\/culturesco.com\\\/index.php\\\/2018\\\/11\\\/24\\\/du-courage-des-oiseaux-au-temps-qui-passe-dominique-a-se-raconte-en-morceaux\\\/#respond\"]}]},{\"@type\":\"WebPage\",\"@id\":\"https:\\\/\\\/culturesco.com\\\/index.php\\\/2018\\\/11\\\/24\\\/du-courage-des-oiseaux-au-temps-qui-passe-dominique-a-se-raconte-en-morceaux\\\/\",\"url\":\"https:\\\/\\\/culturesco.com\\\/index.php\\\/2018\\\/11\\\/24\\\/du-courage-des-oiseaux-au-temps-qui-passe-dominique-a-se-raconte-en-morceaux\\\/\",\"name\":\"Dominique A se d\u00e9couvre - R\u00e9cit - Chez Flammarion - Culturesco\",\"isPartOf\":{\"@id\":\"https:\\\/\\\/culturesco.com\\\/#website\"},\"primaryImageOfPage\":{\"@id\":\"https:\\\/\\\/culturesco.com\\\/index.php\\\/2018\\\/11\\\/24\\\/du-courage-des-oiseaux-au-temps-qui-passe-dominique-a-se-raconte-en-morceaux\\\/#primaryimage\"},\"image\":{\"@id\":\"https:\\\/\\\/culturesco.com\\\/index.php\\\/2018\\\/11\\\/24\\\/du-courage-des-oiseaux-au-temps-qui-passe-dominique-a-se-raconte-en-morceaux\\\/#primaryimage\"},\"thumbnailUrl\":\"https:\\\/\\\/i0.wp.com\\\/culturesco.com\\\/wp-content\\\/uploads\\\/2018\\\/11\\\/dominique-a.jpg?fit=600%2C314&ssl=1\",\"datePublished\":\"2018-11-24T06:40:36+00:00\",\"dateModified\":\"2018-12-10T21:46:17+00:00\",\"description\":\"CulturesCo | Un bon coup de pied dans ta Culture | Chroniques et histoire du Rock, chanson fran\u00e7aise, litt\u00e9rature, cin\u00e9ma et bande dessin\u00e9e.\",\"breadcrumb\":{\"@id\":\"https:\\\/\\\/culturesco.com\\\/index.php\\\/2018\\\/11\\\/24\\\/du-courage-des-oiseaux-au-temps-qui-passe-dominique-a-se-raconte-en-morceaux\\\/#breadcrumb\"},\"inLanguage\":\"fr-FR\",\"potentialAction\":[{\"@type\":\"ReadAction\",\"target\":[\"https:\\\/\\\/culturesco.com\\\/index.php\\\/2018\\\/11\\\/24\\\/du-courage-des-oiseaux-au-temps-qui-passe-dominique-a-se-raconte-en-morceaux\\\/\"]}]},{\"@type\":\"ImageObject\",\"inLanguage\":\"fr-FR\",\"@id\":\"https:\\\/\\\/culturesco.com\\\/index.php\\\/2018\\\/11\\\/24\\\/du-courage-des-oiseaux-au-temps-qui-passe-dominique-a-se-raconte-en-morceaux\\\/#primaryimage\",\"url\":\"https:\\\/\\\/i0.wp.com\\\/culturesco.com\\\/wp-content\\\/uploads\\\/2018\\\/11\\\/dominique-a.jpg?fit=600%2C314&ssl=1\",\"contentUrl\":\"https:\\\/\\\/i0.wp.com\\\/culturesco.com\\\/wp-content\\\/uploads\\\/2018\\\/11\\\/dominique-a.jpg?fit=600%2C314&ssl=1\",\"width\":600,\"height\":314,\"caption\":\"Dominique A Livre r\u00e9cit\"},{\"@type\":\"BreadcrumbList\",\"@id\":\"https:\\\/\\\/culturesco.com\\\/index.php\\\/2018\\\/11\\\/24\\\/du-courage-des-oiseaux-au-temps-qui-passe-dominique-a-se-raconte-en-morceaux\\\/#breadcrumb\",\"itemListElement\":[{\"@type\":\"ListItem\",\"position\":1,\"name\":\"Accueil\",\"item\":\"https:\\\/\\\/culturesco.com\\\/\"},{\"@type\":\"ListItem\",\"position\":2,\"name\":\"Dominique A se d\u00e9couvre &#8211; R\u00e9cit &#8211; Chez Flammarion\"}]},{\"@type\":\"WebSite\",\"@id\":\"https:\\\/\\\/culturesco.com\\\/#website\",\"url\":\"https:\\\/\\\/culturesco.com\\\/\",\"name\":\"Culturesco\",\"description\":\"Culturesco | Un bon coup de pied dans ta Culture\",\"publisher\":{\"@id\":\"https:\\\/\\\/culturesco.com\\\/#organization\"},\"potentialAction\":[{\"@type\":\"SearchAction\",\"target\":{\"@type\":\"EntryPoint\",\"urlTemplate\":\"https:\\\/\\\/culturesco.com\\\/?s={search_term_string}\"},\"query-input\":{\"@type\":\"PropertyValueSpecification\",\"valueRequired\":true,\"valueName\":\"search_term_string\"}}],\"inLanguage\":\"fr-FR\"},{\"@type\":\"Organization\",\"@id\":\"https:\\\/\\\/culturesco.com\\\/#organization\",\"name\":\"CULTURESCO\",\"url\":\"https:\\\/\\\/culturesco.com\\\/\",\"logo\":{\"@type\":\"ImageObject\",\"inLanguage\":\"fr-FR\",\"@id\":\"https:\\\/\\\/culturesco.com\\\/#\\\/schema\\\/logo\\\/image\\\/\",\"url\":\"https:\\\/\\\/i0.wp.com\\\/culturesco.com\\\/wp-content\\\/uploads\\\/2022\\\/04\\\/culturesco-logo-blanc250p.png?fit=250%2C250&ssl=1\",\"contentUrl\":\"https:\\\/\\\/i0.wp.com\\\/culturesco.com\\\/wp-content\\\/uploads\\\/2022\\\/04\\\/culturesco-logo-blanc250p.png?fit=250%2C250&ssl=1\",\"width\":250,\"height\":250,\"caption\":\"CULTURESCO\"},\"image\":{\"@id\":\"https:\\\/\\\/culturesco.com\\\/#\\\/schema\\\/logo\\\/image\\\/\"},\"sameAs\":[\"https:\\\/\\\/www.facebook.com\\\/radioculturesco\",\"https:\\\/\\\/x.com\\\/AugusteMarshal\",\"https:\\\/\\\/www.instagram.com\\\/carotte_rock_culture\\\/\",\"https:\\\/\\\/www.pinterest.fr\\\/augustemarshal\\\/\",\"https:\\\/\\\/www.youtube.com\\\/channel\\\/UCiWLGffqWSXlNnfzp6YwwyQ\"]},{\"@type\":\"Person\",\"@id\":\"https:\\\/\\\/culturesco.com\\\/#\\\/schema\\\/person\\\/c2ddd6724863f3bbd20a8278df0891f3\",\"name\":\"Patrick Benard\",\"image\":{\"@type\":\"ImageObject\",\"inLanguage\":\"fr-FR\",\"@id\":\"https:\\\/\\\/i0.wp.com\\\/culturesco.com\\\/wp-content\\\/uploads\\\/2019\\\/02\\\/patrick-benard-2.jpg?fit=90%2C96&ssl=1\",\"url\":\"https:\\\/\\\/i0.wp.com\\\/culturesco.com\\\/wp-content\\\/uploads\\\/2019\\\/02\\\/patrick-benard-2.jpg?fit=90%2C96&ssl=1\",\"contentUrl\":\"https:\\\/\\\/i0.wp.com\\\/culturesco.com\\\/wp-content\\\/uploads\\\/2019\\\/02\\\/patrick-benard-2.jpg?fit=90%2C96&ssl=1\",\"caption\":\"Patrick Benard\"},\"description\":\"Ecrivain, chroniqueur, animateur radio, cr\u00e9ateur de la revue \u00ab Cin\u00e9manie \u00bb, autour du cin\u00e9ma dit d\u2019art et d\u2019essai, sp\u00e9cialiste du groupe The Cure, archiviste... 2020 : \\\"Le Post Rock\\\" essai sur le post rock de Mogwa\u00ef \u00e0 Godspeed You Black Emperor - Camion Blanc 2014 : \u00ab On the rocks \u2013le rock de 2007 \u00e0 2014 \u00bb chroniques livres et cd rocks, interviews \u2013Editions Vaillant 2010 : \u00ab Dans la T\u00eate de Robert Smith \u00bb, roman fiction autour de l\u2019histoire des Cure et de Robert Smith \u2013 Edilivres 2007 : \u00ab Chroniques Fr\u00e9n\u00e9tiques, une histoire intime du rock \u00bb, roman, prix Technikart. 2001 : \u00ab Les Iles du D\u00e9sert \u00bb, polar autour du rock \u2013 Editions Nykta\",\"url\":\"https:\\\/\\\/culturesco.com\\\/index.php\\\/author\\\/patrick-benard89\\\/\"}]}<\/script>\n<!-- \/ Yoast SEO plugin. -->","yoast_head_json":{"title":"Dominique A se d\u00e9couvre - R\u00e9cit - Chez Flammarion - Culturesco","description":"CulturesCo | Un bon coup de pied dans ta Culture | Chroniques et histoire du Rock, chanson fran\u00e7aise, litt\u00e9rature, cin\u00e9ma et bande dessin\u00e9e.","robots":{"index":"index","follow":"follow","max-snippet":"max-snippet:-1","max-image-preview":"max-image-preview:large","max-video-preview":"max-video-preview:-1"},"canonical":"https:\/\/culturesco.com\/index.php\/2018\/11\/24\/du-courage-des-oiseaux-au-temps-qui-passe-dominique-a-se-raconte-en-morceaux\/","og_locale":"fr_FR","og_type":"article","og_title":"Dominique A se d\u00e9couvre - R\u00e9cit - Chez Flammarion - Culturesco","og_description":"CulturesCo | Un bon coup de pied dans ta Culture | Chroniques et histoire du Rock, chanson fran\u00e7aise, litt\u00e9rature, cin\u00e9ma et bande dessin\u00e9e.","og_url":"https:\/\/culturesco.com\/index.php\/2018\/11\/24\/du-courage-des-oiseaux-au-temps-qui-passe-dominique-a-se-raconte-en-morceaux\/","og_site_name":"Culturesco","article_publisher":"https:\/\/www.facebook.com\/radioculturesco","article_published_time":"2018-11-24T06:40:36+00:00","article_modified_time":"2018-12-10T21:46:17+00:00","og_image":[{"width":600,"height":314,"url":"https:\/\/i0.wp.com\/culturesco.com\/wp-content\/uploads\/2018\/11\/dominique-a.jpg?fit=600%2C314&ssl=1","type":"image\/jpeg"}],"author":"Patrick Benard","twitter_card":"summary_large_image","twitter_creator":"@AugusteMarshal","twitter_site":"@AugusteMarshal","twitter_misc":{"\u00c9crit par":"Patrick Benard","Dur\u00e9e de lecture estim\u00e9e":"2 minutes"},"schema":{"@context":"https:\/\/schema.org","@graph":[{"@type":"Article","@id":"https:\/\/culturesco.com\/index.php\/2018\/11\/24\/du-courage-des-oiseaux-au-temps-qui-passe-dominique-a-se-raconte-en-morceaux\/#article","isPartOf":{"@id":"https:\/\/culturesco.com\/index.php\/2018\/11\/24\/du-courage-des-oiseaux-au-temps-qui-passe-dominique-a-se-raconte-en-morceaux\/"},"author":{"name":"Patrick Benard","@id":"https:\/\/culturesco.com\/#\/schema\/person\/c2ddd6724863f3bbd20a8278df0891f3"},"headline":"Dominique A se d\u00e9couvre &#8211; R\u00e9cit &#8211; Chez Flammarion","datePublished":"2018-11-24T06:40:36+00:00","dateModified":"2018-12-10T21:46:17+00:00","mainEntityOfPage":{"@id":"https:\/\/culturesco.com\/index.php\/2018\/11\/24\/du-courage-des-oiseaux-au-temps-qui-passe-dominique-a-se-raconte-en-morceaux\/"},"wordCount":318,"commentCount":0,"publisher":{"@id":"https:\/\/culturesco.com\/#organization"},"image":{"@id":"https:\/\/culturesco.com\/index.php\/2018\/11\/24\/du-courage-des-oiseaux-au-temps-qui-passe-dominique-a-se-raconte-en-morceaux\/#primaryimage"},"thumbnailUrl":"https:\/\/i0.wp.com\/culturesco.com\/wp-content\/uploads\/2018\/11\/dominique-a.jpg?fit=600%2C314&ssl=1","keywords":["litt\u00e9rature"],"articleSection":["Litt\u00e9rature"],"inLanguage":"fr-FR","potentialAction":[{"@type":"CommentAction","name":"Comment","target":["https:\/\/culturesco.com\/index.php\/2018\/11\/24\/du-courage-des-oiseaux-au-temps-qui-passe-dominique-a-se-raconte-en-morceaux\/#respond"]}]},{"@type":"WebPage","@id":"https:\/\/culturesco.com\/index.php\/2018\/11\/24\/du-courage-des-oiseaux-au-temps-qui-passe-dominique-a-se-raconte-en-morceaux\/","url":"https:\/\/culturesco.com\/index.php\/2018\/11\/24\/du-courage-des-oiseaux-au-temps-qui-passe-dominique-a-se-raconte-en-morceaux\/","name":"Dominique A se d\u00e9couvre - R\u00e9cit - Chez Flammarion - Culturesco","isPartOf":{"@id":"https:\/\/culturesco.com\/#website"},"primaryImageOfPage":{"@id":"https:\/\/culturesco.com\/index.php\/2018\/11\/24\/du-courage-des-oiseaux-au-temps-qui-passe-dominique-a-se-raconte-en-morceaux\/#primaryimage"},"image":{"@id":"https:\/\/culturesco.com\/index.php\/2018\/11\/24\/du-courage-des-oiseaux-au-temps-qui-passe-dominique-a-se-raconte-en-morceaux\/#primaryimage"},"thumbnailUrl":"https:\/\/i0.wp.com\/culturesco.com\/wp-content\/uploads\/2018\/11\/dominique-a.jpg?fit=600%2C314&ssl=1","datePublished":"2018-11-24T06:40:36+00:00","dateModified":"2018-12-10T21:46:17+00:00","description":"CulturesCo | Un bon coup de pied dans ta Culture | Chroniques et histoire du Rock, chanson fran\u00e7aise, litt\u00e9rature, cin\u00e9ma et bande dessin\u00e9e.","breadcrumb":{"@id":"https:\/\/culturesco.com\/index.php\/2018\/11\/24\/du-courage-des-oiseaux-au-temps-qui-passe-dominique-a-se-raconte-en-morceaux\/#breadcrumb"},"inLanguage":"fr-FR","potentialAction":[{"@type":"ReadAction","target":["https:\/\/culturesco.com\/index.php\/2018\/11\/24\/du-courage-des-oiseaux-au-temps-qui-passe-dominique-a-se-raconte-en-morceaux\/"]}]},{"@type":"ImageObject","inLanguage":"fr-FR","@id":"https:\/\/culturesco.com\/index.php\/2018\/11\/24\/du-courage-des-oiseaux-au-temps-qui-passe-dominique-a-se-raconte-en-morceaux\/#primaryimage","url":"https:\/\/i0.wp.com\/culturesco.com\/wp-content\/uploads\/2018\/11\/dominique-a.jpg?fit=600%2C314&ssl=1","contentUrl":"https:\/\/i0.wp.com\/culturesco.com\/wp-content\/uploads\/2018\/11\/dominique-a.jpg?fit=600%2C314&ssl=1","width":600,"height":314,"caption":"Dominique A Livre r\u00e9cit"},{"@type":"BreadcrumbList","@id":"https:\/\/culturesco.com\/index.php\/2018\/11\/24\/du-courage-des-oiseaux-au-temps-qui-passe-dominique-a-se-raconte-en-morceaux\/#breadcrumb","itemListElement":[{"@type":"ListItem","position":1,"name":"Accueil","item":"https:\/\/culturesco.com\/"},{"@type":"ListItem","position":2,"name":"Dominique A se d\u00e9couvre &#8211; R\u00e9cit &#8211; Chez Flammarion"}]},{"@type":"WebSite","@id":"https:\/\/culturesco.com\/#website","url":"https:\/\/culturesco.com\/","name":"Culturesco","description":"Culturesco | Un bon coup de pied dans ta Culture","publisher":{"@id":"https:\/\/culturesco.com\/#organization"},"potentialAction":[{"@type":"SearchAction","target":{"@type":"EntryPoint","urlTemplate":"https:\/\/culturesco.com\/?s={search_term_string}"},"query-input":{"@type":"PropertyValueSpecification","valueRequired":true,"valueName":"search_term_string"}}],"inLanguage":"fr-FR"},{"@type":"Organization","@id":"https:\/\/culturesco.com\/#organization","name":"CULTURESCO","url":"https:\/\/culturesco.com\/","logo":{"@type":"ImageObject","inLanguage":"fr-FR","@id":"https:\/\/culturesco.com\/#\/schema\/logo\/image\/","url":"https:\/\/i0.wp.com\/culturesco.com\/wp-content\/uploads\/2022\/04\/culturesco-logo-blanc250p.png?fit=250%2C250&ssl=1","contentUrl":"https:\/\/i0.wp.com\/culturesco.com\/wp-content\/uploads\/2022\/04\/culturesco-logo-blanc250p.png?fit=250%2C250&ssl=1","width":250,"height":250,"caption":"CULTURESCO"},"image":{"@id":"https:\/\/culturesco.com\/#\/schema\/logo\/image\/"},"sameAs":["https:\/\/www.facebook.com\/radioculturesco","https:\/\/x.com\/AugusteMarshal","https:\/\/www.instagram.com\/carotte_rock_culture\/","https:\/\/www.pinterest.fr\/augustemarshal\/","https:\/\/www.youtube.com\/channel\/UCiWLGffqWSXlNnfzp6YwwyQ"]},{"@type":"Person","@id":"https:\/\/culturesco.com\/#\/schema\/person\/c2ddd6724863f3bbd20a8278df0891f3","name":"Patrick Benard","image":{"@type":"ImageObject","inLanguage":"fr-FR","@id":"https:\/\/i0.wp.com\/culturesco.com\/wp-content\/uploads\/2019\/02\/patrick-benard-2.jpg?fit=90%2C96&ssl=1","url":"https:\/\/i0.wp.com\/culturesco.com\/wp-content\/uploads\/2019\/02\/patrick-benard-2.jpg?fit=90%2C96&ssl=1","contentUrl":"https:\/\/i0.wp.com\/culturesco.com\/wp-content\/uploads\/2019\/02\/patrick-benard-2.jpg?fit=90%2C96&ssl=1","caption":"Patrick Benard"},"description":"Ecrivain, chroniqueur, animateur radio, cr\u00e9ateur de la revue \u00ab Cin\u00e9manie \u00bb, autour du cin\u00e9ma dit d\u2019art et d\u2019essai, sp\u00e9cialiste du groupe The Cure, archiviste... 2020 : \"Le Post Rock\" essai sur le post rock de Mogwa\u00ef \u00e0 Godspeed You Black Emperor - Camion Blanc 2014 : \u00ab On the rocks \u2013le rock de 2007 \u00e0 2014 \u00bb chroniques livres et cd rocks, interviews \u2013Editions Vaillant 2010 : \u00ab Dans la T\u00eate de Robert Smith \u00bb, roman fiction autour de l\u2019histoire des Cure et de Robert Smith \u2013 Edilivres 2007 : \u00ab Chroniques Fr\u00e9n\u00e9tiques, une histoire intime du rock \u00bb, roman, prix Technikart. 2001 : \u00ab Les Iles du D\u00e9sert \u00bb, polar autour du rock \u2013 Editions Nykta","url":"https:\/\/culturesco.com\/index.php\/author\/patrick-benard89\/"}]}},"jetpack_featured_media_url":"https:\/\/i0.wp.com\/culturesco.com\/wp-content\/uploads\/2018\/11\/dominique-a.jpg?fit=600%2C314&ssl=1","jetpack_likes_enabled":true,"jetpack_sharing_enabled":true,"jetpack_shortlink":"https:\/\/wp.me\/paz89I-hm","_links":{"self":[{"href":"https:\/\/culturesco.com\/index.php\/wp-json\/wp\/v2\/posts\/1076","targetHints":{"allow":["GET"]}}],"collection":[{"href":"https:\/\/culturesco.com\/index.php\/wp-json\/wp\/v2\/posts"}],"about":[{"href":"https:\/\/culturesco.com\/index.php\/wp-json\/wp\/v2\/types\/post"}],"author":[{"embeddable":true,"href":"https:\/\/culturesco.com\/index.php\/wp-json\/wp\/v2\/users\/4"}],"replies":[{"embeddable":true,"href":"https:\/\/culturesco.com\/index.php\/wp-json\/wp\/v2\/comments?post=1076"}],"version-history":[{"count":0,"href":"https:\/\/culturesco.com\/index.php\/wp-json\/wp\/v2\/posts\/1076\/revisions"}],"wp:featuredmedia":[{"embeddable":true,"href":"https:\/\/culturesco.com\/index.php\/wp-json\/wp\/v2\/media\/1081"}],"wp:attachment":[{"href":"https:\/\/culturesco.com\/index.php\/wp-json\/wp\/v2\/media?parent=1076"}],"wp:term":[{"taxonomy":"category","embeddable":true,"href":"https:\/\/culturesco.com\/index.php\/wp-json\/wp\/v2\/categories?post=1076"},{"taxonomy":"post_tag","embeddable":true,"href":"https:\/\/culturesco.com\/index.php\/wp-json\/wp\/v2\/tags?post=1076"}],"curies":[{"name":"wp","href":"https:\/\/api.w.org\/{rel}","templated":true}]}}