{"id":10412,"date":"2020-02-20T17:31:57","date_gmt":"2020-02-20T16:31:57","guid":{"rendered":"https:\/\/culturesco.com\/?p=10412"},"modified":"2020-02-22T18:24:23","modified_gmt":"2020-02-22T17:24:23","slug":"warren-haynes-avec-the-allman-brothers-band-avec-gov-t-mule-ou-en-solo-chronique-d-un-artiste-virtuose","status":"publish","type":"post","link":"https:\/\/culturesco.com\/index.php\/2020\/02\/20\/warren-haynes-avec-the-allman-brothers-band-avec-gov-t-mule-ou-en-solo-chronique-d-un-artiste-virtuose\/","title":{"rendered":"Warren Haynes &#8211; Le futur dans la tradition"},"content":{"rendered":"<h2>Warren Haynes : une certaine classe disparue<\/h2>\n<p style=\"text-align: justify;\">Warren Haynes semble porteur d\u2019une certaine classe disparue. Qu\u2019il ait r\u00e9g\u00e9n\u00e9r\u00e9 le <strong>Allman Brothers Band<\/strong> ne lui suffisait pas, il fallait qu\u2019il trace sa voie en solo. <strong>Hittin&rsquo; the Note<\/strong>, <strong>Shades of Two Worlds<\/strong>, et <strong>Live at the Beacon Theater <\/strong>doivent beaucoup au touch\u00e9 langoureux de celui qui fut le seul capable de reprendre le flambeau de <a href=\"https:\/\/fr.wikipedia.org\/wiki\/Duane_Allman\" target=\"_blank\" rel=\"noopener noreferrer\">Duane Allman<\/a>.<\/p>\n<p style=\"text-align: justify;\">L\u2019arri\u00e8re garde s\u2019empressa de lui tresser des lauriers, criant \u00e0 la r\u00e9surrection du<strong> blues<\/strong> comme d\u2019autres croient \u00eatre proche de la r\u00e9surrection de <strong>J\u00e9sus<\/strong>. Le blues dont cette arri\u00e8re garde parlait, n\u2019a exist\u00e9 qu\u2019entre les mains des pionniers, et ressuscite parfois le temps de reprises plus ou moins r\u00e9ussies.<\/p>\n<h3>Warren Haynes : Ashes and Dust<\/h3>\n<figure style=\"width: 355px\" class=\"wp-caption aligncenter\"><img data-recalc-dims=\"1\" loading=\"lazy\" decoding=\"async\" src=\"https:\/\/i0.wp.com\/images-na.ssl-images-amazon.com\/images\/I\/511iW24hQ3L._SY355_.jpg?resize=355%2C355&#038;ssl=1\" alt=\"Warren Haynes -ashes and dust\" width=\"355\" height=\"355\" \/><figcaption class=\"wp-caption-text\">Warren Haynes<\/figcaption><\/figure>\n<p style=\"text-align: justify;\">Les premiers disques de <strong>Warren Haynes<\/strong> n\u2019ont jamais creus\u00e9 le sillon de la nostalgie, et c\u2019est justement cette fra\u00eecheur qui sauva sa carri\u00e8re. Tonitruant pav\u00e9 dans la marre, l<a href=\"https:\/\/fr.wikipedia.org\/wiki\/Gov%27t_Mule\" target=\"_blank\" rel=\"noopener noreferrer\">es deux premiers albums de<\/a> <strong>Gov\u2019t Mule<\/strong> furent son cri lib\u00e9rateur. \u00c9coutez <strong>Mulennium<\/strong> et <a href=\"https:\/\/en.wikipedia.org\/wiki\/Live..._With_a_Little_Help_from_Our_Friends\" target=\"_blank\" rel=\"noopener noreferrer\">Live with a little help from our friends<\/a>, et vous comprendrez qu\u2019\u00e0 travers ses d\u00e9cibels, le guitariste se lib\u00e9rait du statut de gardien du temple qu\u2019on lui avait coll\u00e9.<\/p>\n<div class=\"youtube-embed\" data-video_id=\"F42OAdGNIsg\"><iframe loading=\"lazy\" title=\"Gov&#039;t Mule Live with a little help from our friends ~ Spanish Moon\" width=\"696\" height=\"522\" src=\"https:\/\/www.youtube.com\/embed\/F42OAdGNIsg\" frameborder=\"0\" allow=\"accelerometer; autoplay; clipboard-write; encrypted-media; gyroscope; picture-in-picture; web-share\" referrerpolicy=\"strict-origin-when-cross-origin\" allowfullscreen><\/iframe><\/div>\n<p style=\"text-align: justify;\"><strong>Haynes<\/strong> ne copie pas, il r\u00e9invente, labourant les sentiers trop visit\u00e9s du classique rock, pour lui redonner une certaine fra\u00eecheur. Voil\u00e0 pourquoi je ne ferai pas de s\u00e9paration entre <strong>Gov\u2019t Mule<\/strong> et sa carri\u00e8re solo. Ce ne sont que les deux actes d\u2019un processus lib\u00e9rateur. La mort du bassiste <a href=\"https:\/\/en.wikipedia.org\/wiki\/Allen_Woody\" target=\"_blank\" rel=\"noopener noreferrer\">Allen Woody<\/a> n\u2019a d\u2019ailleurs fait que souligner ce constat. <strong>Gov\u2019t Mule<\/strong> est le fabuleux jouet de son imposant guitariste. Jazz, reggae, soul, et bien s\u00fbr blues, Warren Haynes a explor\u00e9 toutes ses passions.<\/p>\n<p style=\"text-align: justify;\">La r\u00e9ussite n\u2019\u00e9tait pas toujours au rendez-vous, <strong>Shout<\/strong> est un peu mou, <a href=\"https:\/\/amzn.to\/3bN6pbZ\" target=\"_blank\" rel=\"noopener noreferrer\">The Tell Star Session<\/a> manque de verve, mais tous ses disques montrent une certaine classe, qui les place syst\u00e9matiquement au-dessus de la m\u00eal\u00e9e.<\/p>\n<h3>Un charisme un peu rustique<\/h3>\n<p style=\"text-align: justify;\">Voil\u00e0\u00a0\u00a0pourquoi <strong>Ashes and Dust<\/strong> repr\u00e9sente le ch\u0153ur de son charisme un peu rustique, mais toujours inventif. Notre homme \u00e9tait fait pour le <strong>bluesgrass<\/strong>, cette musique popularis\u00e9e par The Band, et donnant une certaine synth\u00e8se de la musique am\u00e9ricaine.<\/p>\n<p style=\"text-align: justify;\"><em>\u00abNous nous rebellions contre la r\u00e9bellion.\u00bb<\/em> Voil\u00e0 comment <a href=\"https:\/\/www.jambase.com\/article\/govt-mule-welcomes-ben-jernigan-chris-robertson-mobile\" target=\"_blank\" rel=\"noopener noreferrer\">Chris Robertson<\/a> r\u00e9sumait cette musique, qui rendit au jeune peuple une tradition musicale d\u00e9truite par le progressisme hippie. <strong>The Band<\/strong> fut toujours \u00e0 c\u00f4t\u00e9 de la plaque, et c\u2019est bien \u00e7a qui rendait ses premiers disques mythiques.<\/p>\n<h3>La libert\u00e9 est dans l&rsquo;underground<\/h3>\n<p style=\"text-align: justify;\">Aujourd\u2019hui, les musiciens reconnus sont plus libres que jamais, les modes musicales ayant disparu en m\u00eame temps que l\u2019amour que les jeunes leur portaient. Le Bluegrass serait donc, d\u2019une certaine fa\u00e7on, dans le coup.<\/p>\n<p style=\"text-align: justify;\">C\u2019est la musique d\u2019un homme qui sait qu\u2019il n\u2019atteindra jamais la m\u00eame popularit\u00e9 que ses mod\u00e8les. Un homme qui a renonc\u00e9 \u00e0 courir apr\u00e8s le succ\u00e8s afin de construire son \u0153uvre. La pochette r\u00e9sume d\u2019ailleurs tout. <strong>Haynes<\/strong> paraissant expos\u00e9 sur le mur un peu aust\u00e8re de la grande tradition musicale am\u00e9ricaine. Aust\u00e8re, le Bluegrass ne l\u2019est que pour les non-initi\u00e9s.<\/p>\n<p style=\"text-align: justify;\">Il est \u00e0 l\u2019image de l\u2019homme sur cette pochette. Sa gr\u00e2ce est juste assez \u00e9clair\u00e9e pour attirer l\u2019\u0153il avide de ceux qui comprennent encore que la beaut\u00e9 est aussi dans la modestie. Les rythmes campagnards de <strong>Haynes<\/strong> prennent le temps de laisser les m\u00e9lodies s\u2019\u00e9panouir. L\u2019exub\u00e9rance \u00e9lectrique de <strong>Gov\u2019t Mule<\/strong> fait place \u00e0 une sobri\u00e9t\u00e9 d\u2019artisan appliqu\u00e9.<\/p>\n<h3>Un messager au service de la m\u00e9lodie<\/h3>\n<p style=\"text-align: justify;\"><strong>Is It Me or You<\/strong> ouvre le bal sur un violon qui semble sorti d\u2019une grange texane, dot\u00e9 d\u2019une douceur terreuse et nostalgique, blues de paysans chass\u00e9s de leurs terres. Devant une telle solennit\u00e9, la guitare s\u2019incline. Elle se contente de souligner le d\u00e9cor impos\u00e9 par l\u2019instrumentation acoustique.<\/p>\n<div class=\"youtube-embed\" data-video_id=\"w1jR86CfeQ8\"><iframe loading=\"lazy\" title=\"Warren Haynes - Is It Me Or You (Ashes &amp; Dust)\" width=\"696\" height=\"392\" src=\"https:\/\/www.youtube.com\/embed\/w1jR86CfeQ8\" frameborder=\"0\" allow=\"accelerometer; autoplay; clipboard-write; encrypted-media; gyroscope; picture-in-picture; web-share\" referrerpolicy=\"strict-origin-when-cross-origin\" allowfullscreen><\/iframe><\/div>\n<p style=\"text-align: justify;\">Warren Haynes est un des derniers hommes \u00e0 consid\u00e9rer le guitariste comme un messager au service de la m\u00e9lodie, vision assassin\u00e9e par les solos bavards des enfants d\u2019<a href=\"https:\/\/culturesco.com\/index.php\/2018\/09\/18\/jimi-hendrix-citation-un-musicien-est-comme-un-enfant\/\" target=\"_blank\" rel=\"noopener noreferrer\">Hendrix<\/a>.<\/p>\n<p style=\"text-align: justify;\">C\u2019est ainsi que <strong>Coal Tatoo<\/strong> sonne comme <strong>John Mellencamp<\/strong> p\u00e9riode <a href=\"https:\/\/amzn.to\/2SYRFy0\" target=\"_blank\" rel=\"noopener noreferrer\">Sad clown and hillbillies<\/a>, ce sont les \u0153uvres de brillants artisans du son. Ce genre de disque n\u2019a pas d\u2019\u00e2ge. Il s\u2019impose au-dessus des vaines pr\u00e9occupations des temps modernes. C\u2019est une fresque intemporelle. Sa gr\u00e2ce ne fait que monter au fil des titres, ses notes tricotant un tableau glorieux.<\/p>\n<h3>Warren Haynes &#8211; Coal Tattoo<\/h3>\n<div class=\"youtube-embed\" data-video_id=\"KtUH4ybNZ6o\"><iframe loading=\"lazy\" title=\"Warren Haynes - Coal Tattoo (Ashes &amp; Dust)\" width=\"696\" height=\"392\" src=\"https:\/\/www.youtube.com\/embed\/KtUH4ybNZ6o\" frameborder=\"0\" allow=\"accelerometer; autoplay; clipboard-write; encrypted-media; gyroscope; picture-in-picture; web-share\" referrerpolicy=\"strict-origin-when-cross-origin\" allowfullscreen><\/iframe><\/div>\n<p style=\"text-align: justify;\">S&rsquo;il est dur d\u2019extraire un titre de ce monument discographique, la reprise de <strong>Gold Dust Woman<\/strong> est \u00e0 <strong>Ashes and Dust<\/strong> ce que sur la route est \u00e0 <strong>Kerouac<\/strong>, un passage prodigieux pla\u00e7ant la l\u00e9gende au-dessus de la masse b\u00ealante.<\/p>\n<p style=\"text-align: justify;\">C\u2019est une nouvelle mystique que Warren Haynes donne au titre de <strong>Fleetwood Mac<\/strong>, la beaut\u00e9 chaleureuse d\u2019une soir\u00e9e autour d\u2019un feu de camp. Heureusement que Gr\u00e2ce Potter n\u2019a pas tent\u00e9 d\u2019imiter la voix hypnotique de <strong>Grace Slick<\/strong>, lui pr\u00e9f\u00e9rant un lyrisme proche de <strong>Joan Baez<\/strong> au milieu de la <strong>Rollin Thunder Revue<\/strong>.<\/p>\n<h3>Warren Haynes &#8211; Gold Dust Woman<\/h3>\n<div class=\"youtube-embed\" data-video_id=\"XAhVcc89e_0\"><iframe loading=\"lazy\" title=\"Warren Haynes - Gold Dust Woman featuring Grace Potter (Ashes &amp; Dust)\" width=\"696\" height=\"392\" src=\"https:\/\/www.youtube.com\/embed\/XAhVcc89e_0\" frameborder=\"0\" allow=\"accelerometer; autoplay; clipboard-write; encrypted-media; gyroscope; picture-in-picture; web-share\" referrerpolicy=\"strict-origin-when-cross-origin\" allowfullscreen><\/iframe><\/div>\n<p style=\"text-align: justify;\">Elle sublime ainsi une \u0153uvre qui fait partie des rep\u00e8res d\u00e9finissant un genre, sans s\u2019y conformer totalement. On appelle \u00e7a un chef d\u2019\u0153uvre.<\/p>\n<p>Benjamin Bailleux (\u00e9galement auteur du blog <a href=\"https:\/\/rock-in-progress.blogspot.com\/\" target=\"_blank\" rel=\"noopener noreferrer\">Rock in Progress<\/a>)<\/p>\n","protected":false},"excerpt":{"rendered":"<p>Warren Haynes : une certaine classe disparue Warren Haynes semble porteur d\u2019une certaine classe disparue. Qu\u2019il ait r\u00e9g\u00e9n\u00e9r\u00e9 le Allman Brothers Band ne lui suffisait pas, il fallait qu\u2019il trace sa voie en solo. Hittin&rsquo; the Note, Shades of Two Worlds, et Live at the Beacon Theater doivent beaucoup au touch\u00e9 langoureux de celui qui [&hellip;]<\/p>\n","protected":false},"author":1,"featured_media":10479,"comment_status":"open","ping_status":"open","sticky":false,"template":"","format":"image","meta":{"jetpack_post_was_ever_published":false,"tdm_status":"","tdm_grid_status":"","_jetpack_newsletter_access":"","_jetpack_dont_email_post_to_subs":false,"_jetpack_newsletter_tier_id":0,"_jetpack_memberships_contains_paywalled_content":false,"_jetpack_memberships_contains_paid_content":false,"footnotes":""},"categories":[30,17],"tags":[],"class_list":{"0":"post-10412","1":"post","2":"type-post","3":"status-publish","4":"format-image","5":"has-post-thumbnail","7":"category-albums-rock","8":"category-carotte-rock-cultures","9":"post_format-post-format-image"},"yoast_head":"<!-- This site is optimized with the Yoast SEO plugin v27.5 - https:\/\/yoast.com\/product\/yoast-seo-wordpress\/ -->\n<title>Warren Haynes - Le futur dans la tradition - Culturesco<\/title>\n<meta name=\"description\" content=\"CulturesCo | Warren Haynes : en solo, avec Gov&#039;t Mule ou au sein du Allman Brothers Band, chronique d&#039;un artiste virtuose et brillant !\" \/>\n<meta name=\"robots\" content=\"index, follow, max-snippet:-1, max-image-preview:large, max-video-preview:-1\" \/>\n<link rel=\"canonical\" href=\"https:\/\/culturesco.com\/index.php\/2020\/02\/20\/warren-haynes-avec-the-allman-brothers-band-avec-gov-t-mule-ou-en-solo-chronique-d-un-artiste-virtuose\/\" \/>\n<meta property=\"og:locale\" content=\"fr_FR\" \/>\n<meta property=\"og:type\" content=\"article\" \/>\n<meta property=\"og:title\" content=\"Warren Haynes - Le futur dans la tradition - Culturesco\" \/>\n<meta property=\"og:description\" content=\"CulturesCo | Warren Haynes : en solo, avec Gov&#039;t Mule ou au sein du Allman Brothers Band, chronique d&#039;un artiste virtuose et brillant !\" \/>\n<meta property=\"og:url\" content=\"https:\/\/culturesco.com\/index.php\/2020\/02\/20\/warren-haynes-avec-the-allman-brothers-band-avec-gov-t-mule-ou-en-solo-chronique-d-un-artiste-virtuose\/\" \/>\n<meta property=\"og:site_name\" content=\"Culturesco\" \/>\n<meta property=\"article:publisher\" content=\"https:\/\/www.facebook.com\/radioculturesco\" \/>\n<meta property=\"article:author\" content=\"https:\/\/www.facebook.com\/radioculturesco\" \/>\n<meta property=\"article:published_time\" content=\"2020-02-20T16:31:57+00:00\" \/>\n<meta property=\"article:modified_time\" content=\"2020-02-22T17:24:23+00:00\" \/>\n<meta property=\"og:image\" content=\"https:\/\/i1.wp.com\/culturesco.com\/wp-content\/uploads\/2020\/02\/warren-haynes-gove-t-mule.jpg?fit=600%2C314&ssl=1\" \/>\n\t<meta property=\"og:image:width\" content=\"600\" \/>\n\t<meta property=\"og:image:height\" content=\"314\" \/>\n\t<meta property=\"og:image:type\" content=\"image\/jpeg\" \/>\n<meta name=\"author\" content=\"Auguste Marshal\" \/>\n<meta name=\"twitter:card\" content=\"summary_large_image\" \/>\n<meta name=\"twitter:creator\" content=\"@https:\/\/twitter.com\/AugusteMarshal\" \/>\n<meta name=\"twitter:site\" content=\"@AugusteMarshal\" \/>\n<meta name=\"twitter:label1\" content=\"\u00c9crit par\" \/>\n\t<meta name=\"twitter:data1\" content=\"Auguste Marshal\" \/>\n\t<meta name=\"twitter:label2\" content=\"Dur\u00e9e de lecture estim\u00e9e\" \/>\n\t<meta name=\"twitter:data2\" content=\"5 minutes\" \/>\n<script type=\"application\/ld+json\" class=\"yoast-schema-graph\">{\"@context\":\"https:\\\/\\\/schema.org\",\"@graph\":[{\"@type\":\"Article\",\"@id\":\"https:\\\/\\\/culturesco.com\\\/index.php\\\/2020\\\/02\\\/20\\\/warren-haynes-avec-the-allman-brothers-band-avec-gov-t-mule-ou-en-solo-chronique-d-un-artiste-virtuose\\\/#article\",\"isPartOf\":{\"@id\":\"https:\\\/\\\/culturesco.com\\\/index.php\\\/2020\\\/02\\\/20\\\/warren-haynes-avec-the-allman-brothers-band-avec-gov-t-mule-ou-en-solo-chronique-d-un-artiste-virtuose\\\/\"},\"author\":{\"name\":\"Auguste Marshal\",\"@id\":\"https:\\\/\\\/culturesco.com\\\/#\\\/schema\\\/person\\\/9a265b03a60b0fa349532a231f7d1d0e\"},\"headline\":\"Warren Haynes &#8211; Le futur dans la tradition\",\"datePublished\":\"2020-02-20T16:31:57+00:00\",\"dateModified\":\"2020-02-22T17:24:23+00:00\",\"mainEntityOfPage\":{\"@id\":\"https:\\\/\\\/culturesco.com\\\/index.php\\\/2020\\\/02\\\/20\\\/warren-haynes-avec-the-allman-brothers-band-avec-gov-t-mule-ou-en-solo-chronique-d-un-artiste-virtuose\\\/\"},\"wordCount\":994,\"commentCount\":0,\"publisher\":{\"@id\":\"https:\\\/\\\/culturesco.com\\\/#organization\"},\"image\":{\"@id\":\"https:\\\/\\\/culturesco.com\\\/index.php\\\/2020\\\/02\\\/20\\\/warren-haynes-avec-the-allman-brothers-band-avec-gov-t-mule-ou-en-solo-chronique-d-un-artiste-virtuose\\\/#primaryimage\"},\"thumbnailUrl\":\"https:\\\/\\\/i0.wp.com\\\/culturesco.com\\\/wp-content\\\/uploads\\\/2020\\\/02\\\/warren-haynes-gove-t-mule.jpg?fit=600%2C314&ssl=1\",\"articleSection\":[\"Albums rock\",\"Carotte Rock Cultures\"],\"inLanguage\":\"fr-FR\",\"potentialAction\":[{\"@type\":\"CommentAction\",\"name\":\"Comment\",\"target\":[\"https:\\\/\\\/culturesco.com\\\/index.php\\\/2020\\\/02\\\/20\\\/warren-haynes-avec-the-allman-brothers-band-avec-gov-t-mule-ou-en-solo-chronique-d-un-artiste-virtuose\\\/#respond\"]}]},{\"@type\":\"WebPage\",\"@id\":\"https:\\\/\\\/culturesco.com\\\/index.php\\\/2020\\\/02\\\/20\\\/warren-haynes-avec-the-allman-brothers-band-avec-gov-t-mule-ou-en-solo-chronique-d-un-artiste-virtuose\\\/\",\"url\":\"https:\\\/\\\/culturesco.com\\\/index.php\\\/2020\\\/02\\\/20\\\/warren-haynes-avec-the-allman-brothers-band-avec-gov-t-mule-ou-en-solo-chronique-d-un-artiste-virtuose\\\/\",\"name\":\"Warren Haynes - Le futur dans la tradition - Culturesco\",\"isPartOf\":{\"@id\":\"https:\\\/\\\/culturesco.com\\\/#website\"},\"primaryImageOfPage\":{\"@id\":\"https:\\\/\\\/culturesco.com\\\/index.php\\\/2020\\\/02\\\/20\\\/warren-haynes-avec-the-allman-brothers-band-avec-gov-t-mule-ou-en-solo-chronique-d-un-artiste-virtuose\\\/#primaryimage\"},\"image\":{\"@id\":\"https:\\\/\\\/culturesco.com\\\/index.php\\\/2020\\\/02\\\/20\\\/warren-haynes-avec-the-allman-brothers-band-avec-gov-t-mule-ou-en-solo-chronique-d-un-artiste-virtuose\\\/#primaryimage\"},\"thumbnailUrl\":\"https:\\\/\\\/i0.wp.com\\\/culturesco.com\\\/wp-content\\\/uploads\\\/2020\\\/02\\\/warren-haynes-gove-t-mule.jpg?fit=600%2C314&ssl=1\",\"datePublished\":\"2020-02-20T16:31:57+00:00\",\"dateModified\":\"2020-02-22T17:24:23+00:00\",\"description\":\"CulturesCo | Warren Haynes : en solo, avec Gov't Mule ou au sein du Allman Brothers Band, chronique d'un artiste virtuose et brillant !\",\"breadcrumb\":{\"@id\":\"https:\\\/\\\/culturesco.com\\\/index.php\\\/2020\\\/02\\\/20\\\/warren-haynes-avec-the-allman-brothers-band-avec-gov-t-mule-ou-en-solo-chronique-d-un-artiste-virtuose\\\/#breadcrumb\"},\"inLanguage\":\"fr-FR\",\"potentialAction\":[{\"@type\":\"ReadAction\",\"target\":[\"https:\\\/\\\/culturesco.com\\\/index.php\\\/2020\\\/02\\\/20\\\/warren-haynes-avec-the-allman-brothers-band-avec-gov-t-mule-ou-en-solo-chronique-d-un-artiste-virtuose\\\/\"]}]},{\"@type\":\"ImageObject\",\"inLanguage\":\"fr-FR\",\"@id\":\"https:\\\/\\\/culturesco.com\\\/index.php\\\/2020\\\/02\\\/20\\\/warren-haynes-avec-the-allman-brothers-band-avec-gov-t-mule-ou-en-solo-chronique-d-un-artiste-virtuose\\\/#primaryimage\",\"url\":\"https:\\\/\\\/i0.wp.com\\\/culturesco.com\\\/wp-content\\\/uploads\\\/2020\\\/02\\\/warren-haynes-gove-t-mule.jpg?fit=600%2C314&ssl=1\",\"contentUrl\":\"https:\\\/\\\/i0.wp.com\\\/culturesco.com\\\/wp-content\\\/uploads\\\/2020\\\/02\\\/warren-haynes-gove-t-mule.jpg?fit=600%2C314&ssl=1\",\"width\":600,\"height\":314,\"caption\":\"warren haynes - Gov't Mule\"},{\"@type\":\"BreadcrumbList\",\"@id\":\"https:\\\/\\\/culturesco.com\\\/index.php\\\/2020\\\/02\\\/20\\\/warren-haynes-avec-the-allman-brothers-band-avec-gov-t-mule-ou-en-solo-chronique-d-un-artiste-virtuose\\\/#breadcrumb\",\"itemListElement\":[{\"@type\":\"ListItem\",\"position\":1,\"name\":\"Accueil\",\"item\":\"https:\\\/\\\/culturesco.com\\\/\"},{\"@type\":\"ListItem\",\"position\":2,\"name\":\"Warren Haynes &#8211; Le futur dans la tradition\"}]},{\"@type\":\"WebSite\",\"@id\":\"https:\\\/\\\/culturesco.com\\\/#website\",\"url\":\"https:\\\/\\\/culturesco.com\\\/\",\"name\":\"Culturesco\",\"description\":\"Culturesco | Un bon coup de pied dans ta Culture\",\"publisher\":{\"@id\":\"https:\\\/\\\/culturesco.com\\\/#organization\"},\"potentialAction\":[{\"@type\":\"SearchAction\",\"target\":{\"@type\":\"EntryPoint\",\"urlTemplate\":\"https:\\\/\\\/culturesco.com\\\/?s={search_term_string}\"},\"query-input\":{\"@type\":\"PropertyValueSpecification\",\"valueRequired\":true,\"valueName\":\"search_term_string\"}}],\"inLanguage\":\"fr-FR\"},{\"@type\":\"Organization\",\"@id\":\"https:\\\/\\\/culturesco.com\\\/#organization\",\"name\":\"CULTURESCO\",\"url\":\"https:\\\/\\\/culturesco.com\\\/\",\"logo\":{\"@type\":\"ImageObject\",\"inLanguage\":\"fr-FR\",\"@id\":\"https:\\\/\\\/culturesco.com\\\/#\\\/schema\\\/logo\\\/image\\\/\",\"url\":\"https:\\\/\\\/i0.wp.com\\\/culturesco.com\\\/wp-content\\\/uploads\\\/2022\\\/04\\\/culturesco-logo-blanc250p.png?fit=250%2C250&ssl=1\",\"contentUrl\":\"https:\\\/\\\/i0.wp.com\\\/culturesco.com\\\/wp-content\\\/uploads\\\/2022\\\/04\\\/culturesco-logo-blanc250p.png?fit=250%2C250&ssl=1\",\"width\":250,\"height\":250,\"caption\":\"CULTURESCO\"},\"image\":{\"@id\":\"https:\\\/\\\/culturesco.com\\\/#\\\/schema\\\/logo\\\/image\\\/\"},\"sameAs\":[\"https:\\\/\\\/www.facebook.com\\\/radioculturesco\",\"https:\\\/\\\/x.com\\\/AugusteMarshal\",\"https:\\\/\\\/www.instagram.com\\\/carotte_rock_culture\\\/\",\"https:\\\/\\\/www.pinterest.fr\\\/augustemarshal\\\/\",\"https:\\\/\\\/www.youtube.com\\\/channel\\\/UCiWLGffqWSXlNnfzp6YwwyQ\"]},{\"@type\":\"Person\",\"@id\":\"https:\\\/\\\/culturesco.com\\\/#\\\/schema\\\/person\\\/9a265b03a60b0fa349532a231f7d1d0e\",\"name\":\"Auguste Marshal\",\"image\":{\"@type\":\"ImageObject\",\"inLanguage\":\"fr-FR\",\"@id\":\"https:\\\/\\\/i0.wp.com\\\/culturesco.com\\\/wp-content\\\/uploads\\\/2019\\\/03\\\/auguste.jpg?fit=96%2C74&ssl=1\",\"url\":\"https:\\\/\\\/i0.wp.com\\\/culturesco.com\\\/wp-content\\\/uploads\\\/2019\\\/03\\\/auguste.jpg?fit=96%2C74&ssl=1\",\"contentUrl\":\"https:\\\/\\\/i0.wp.com\\\/culturesco.com\\\/wp-content\\\/uploads\\\/2019\\\/03\\\/auguste.jpg?fit=96%2C74&ssl=1\",\"caption\":\"Auguste Marshal\"},\"description\":\"Animateur Radio - Producteur animateur de l'\u00e9mission Culturesco sur Pop Culture Radio - Community Manager - Cr\u00e9ateur du blog Culturesco.com et pr\u00e9c\u00e9demment du Blog Rock Auguste Marshal - Administrateur des pages Facebook et Instagram Carotte Rock Cultures et Radio CulturesCo - Administrateur de groupes Facebook\",\"sameAs\":[\"https:\\\/\\\/culturesco.com\",\"https:\\\/\\\/www.facebook.com\\\/radioculturesco\",\"https:\\\/\\\/www.instagram.com\\\/carotte_rock_culture\\\/\",\"https:\\\/\\\/www.linkedin.com\\\/in\\\/auguste-marshal-7125b1151\\\/\",\"https:\\\/\\\/x.com\\\/https:\\\/\\\/twitter.com\\\/AugusteMarshal\",\"https:\\\/\\\/www.youtube.com\\\/channel\\\/UCiWLGffqWSXlNnfzp6YwwyQ\"],\"url\":\"https:\\\/\\\/culturesco.com\\\/index.php\\\/author\\\/admin8255\\\/\"}]}<\/script>\n<!-- \/ Yoast SEO plugin. -->","yoast_head_json":{"title":"Warren Haynes - Le futur dans la tradition - Culturesco","description":"CulturesCo | Warren Haynes : en solo, avec Gov't Mule ou au sein du Allman Brothers Band, chronique d'un artiste virtuose et brillant !","robots":{"index":"index","follow":"follow","max-snippet":"max-snippet:-1","max-image-preview":"max-image-preview:large","max-video-preview":"max-video-preview:-1"},"canonical":"https:\/\/culturesco.com\/index.php\/2020\/02\/20\/warren-haynes-avec-the-allman-brothers-band-avec-gov-t-mule-ou-en-solo-chronique-d-un-artiste-virtuose\/","og_locale":"fr_FR","og_type":"article","og_title":"Warren Haynes - Le futur dans la tradition - Culturesco","og_description":"CulturesCo | Warren Haynes : en solo, avec Gov't Mule ou au sein du Allman Brothers Band, chronique d'un artiste virtuose et brillant !","og_url":"https:\/\/culturesco.com\/index.php\/2020\/02\/20\/warren-haynes-avec-the-allman-brothers-band-avec-gov-t-mule-ou-en-solo-chronique-d-un-artiste-virtuose\/","og_site_name":"Culturesco","article_publisher":"https:\/\/www.facebook.com\/radioculturesco","article_author":"https:\/\/www.facebook.com\/radioculturesco","article_published_time":"2020-02-20T16:31:57+00:00","article_modified_time":"2020-02-22T17:24:23+00:00","og_image":[{"width":600,"height":314,"url":"https:\/\/i1.wp.com\/culturesco.com\/wp-content\/uploads\/2020\/02\/warren-haynes-gove-t-mule.jpg?fit=600%2C314&ssl=1","type":"image\/jpeg"}],"author":"Auguste Marshal","twitter_card":"summary_large_image","twitter_creator":"@https:\/\/twitter.com\/AugusteMarshal","twitter_site":"@AugusteMarshal","twitter_misc":{"\u00c9crit par":"Auguste Marshal","Dur\u00e9e de lecture estim\u00e9e":"5 minutes"},"schema":{"@context":"https:\/\/schema.org","@graph":[{"@type":"Article","@id":"https:\/\/culturesco.com\/index.php\/2020\/02\/20\/warren-haynes-avec-the-allman-brothers-band-avec-gov-t-mule-ou-en-solo-chronique-d-un-artiste-virtuose\/#article","isPartOf":{"@id":"https:\/\/culturesco.com\/index.php\/2020\/02\/20\/warren-haynes-avec-the-allman-brothers-band-avec-gov-t-mule-ou-en-solo-chronique-d-un-artiste-virtuose\/"},"author":{"name":"Auguste Marshal","@id":"https:\/\/culturesco.com\/#\/schema\/person\/9a265b03a60b0fa349532a231f7d1d0e"},"headline":"Warren Haynes &#8211; Le futur dans la tradition","datePublished":"2020-02-20T16:31:57+00:00","dateModified":"2020-02-22T17:24:23+00:00","mainEntityOfPage":{"@id":"https:\/\/culturesco.com\/index.php\/2020\/02\/20\/warren-haynes-avec-the-allman-brothers-band-avec-gov-t-mule-ou-en-solo-chronique-d-un-artiste-virtuose\/"},"wordCount":994,"commentCount":0,"publisher":{"@id":"https:\/\/culturesco.com\/#organization"},"image":{"@id":"https:\/\/culturesco.com\/index.php\/2020\/02\/20\/warren-haynes-avec-the-allman-brothers-band-avec-gov-t-mule-ou-en-solo-chronique-d-un-artiste-virtuose\/#primaryimage"},"thumbnailUrl":"https:\/\/i0.wp.com\/culturesco.com\/wp-content\/uploads\/2020\/02\/warren-haynes-gove-t-mule.jpg?fit=600%2C314&ssl=1","articleSection":["Albums rock","Carotte Rock Cultures"],"inLanguage":"fr-FR","potentialAction":[{"@type":"CommentAction","name":"Comment","target":["https:\/\/culturesco.com\/index.php\/2020\/02\/20\/warren-haynes-avec-the-allman-brothers-band-avec-gov-t-mule-ou-en-solo-chronique-d-un-artiste-virtuose\/#respond"]}]},{"@type":"WebPage","@id":"https:\/\/culturesco.com\/index.php\/2020\/02\/20\/warren-haynes-avec-the-allman-brothers-band-avec-gov-t-mule-ou-en-solo-chronique-d-un-artiste-virtuose\/","url":"https:\/\/culturesco.com\/index.php\/2020\/02\/20\/warren-haynes-avec-the-allman-brothers-band-avec-gov-t-mule-ou-en-solo-chronique-d-un-artiste-virtuose\/","name":"Warren Haynes - Le futur dans la tradition - Culturesco","isPartOf":{"@id":"https:\/\/culturesco.com\/#website"},"primaryImageOfPage":{"@id":"https:\/\/culturesco.com\/index.php\/2020\/02\/20\/warren-haynes-avec-the-allman-brothers-band-avec-gov-t-mule-ou-en-solo-chronique-d-un-artiste-virtuose\/#primaryimage"},"image":{"@id":"https:\/\/culturesco.com\/index.php\/2020\/02\/20\/warren-haynes-avec-the-allman-brothers-band-avec-gov-t-mule-ou-en-solo-chronique-d-un-artiste-virtuose\/#primaryimage"},"thumbnailUrl":"https:\/\/i0.wp.com\/culturesco.com\/wp-content\/uploads\/2020\/02\/warren-haynes-gove-t-mule.jpg?fit=600%2C314&ssl=1","datePublished":"2020-02-20T16:31:57+00:00","dateModified":"2020-02-22T17:24:23+00:00","description":"CulturesCo | Warren Haynes : en solo, avec Gov't Mule ou au sein du Allman Brothers Band, chronique d'un artiste virtuose et brillant !","breadcrumb":{"@id":"https:\/\/culturesco.com\/index.php\/2020\/02\/20\/warren-haynes-avec-the-allman-brothers-band-avec-gov-t-mule-ou-en-solo-chronique-d-un-artiste-virtuose\/#breadcrumb"},"inLanguage":"fr-FR","potentialAction":[{"@type":"ReadAction","target":["https:\/\/culturesco.com\/index.php\/2020\/02\/20\/warren-haynes-avec-the-allman-brothers-band-avec-gov-t-mule-ou-en-solo-chronique-d-un-artiste-virtuose\/"]}]},{"@type":"ImageObject","inLanguage":"fr-FR","@id":"https:\/\/culturesco.com\/index.php\/2020\/02\/20\/warren-haynes-avec-the-allman-brothers-band-avec-gov-t-mule-ou-en-solo-chronique-d-un-artiste-virtuose\/#primaryimage","url":"https:\/\/i0.wp.com\/culturesco.com\/wp-content\/uploads\/2020\/02\/warren-haynes-gove-t-mule.jpg?fit=600%2C314&ssl=1","contentUrl":"https:\/\/i0.wp.com\/culturesco.com\/wp-content\/uploads\/2020\/02\/warren-haynes-gove-t-mule.jpg?fit=600%2C314&ssl=1","width":600,"height":314,"caption":"warren haynes - Gov't Mule"},{"@type":"BreadcrumbList","@id":"https:\/\/culturesco.com\/index.php\/2020\/02\/20\/warren-haynes-avec-the-allman-brothers-band-avec-gov-t-mule-ou-en-solo-chronique-d-un-artiste-virtuose\/#breadcrumb","itemListElement":[{"@type":"ListItem","position":1,"name":"Accueil","item":"https:\/\/culturesco.com\/"},{"@type":"ListItem","position":2,"name":"Warren Haynes &#8211; Le futur dans la tradition"}]},{"@type":"WebSite","@id":"https:\/\/culturesco.com\/#website","url":"https:\/\/culturesco.com\/","name":"Culturesco","description":"Culturesco | Un bon coup de pied dans ta Culture","publisher":{"@id":"https:\/\/culturesco.com\/#organization"},"potentialAction":[{"@type":"SearchAction","target":{"@type":"EntryPoint","urlTemplate":"https:\/\/culturesco.com\/?s={search_term_string}"},"query-input":{"@type":"PropertyValueSpecification","valueRequired":true,"valueName":"search_term_string"}}],"inLanguage":"fr-FR"},{"@type":"Organization","@id":"https:\/\/culturesco.com\/#organization","name":"CULTURESCO","url":"https:\/\/culturesco.com\/","logo":{"@type":"ImageObject","inLanguage":"fr-FR","@id":"https:\/\/culturesco.com\/#\/schema\/logo\/image\/","url":"https:\/\/i0.wp.com\/culturesco.com\/wp-content\/uploads\/2022\/04\/culturesco-logo-blanc250p.png?fit=250%2C250&ssl=1","contentUrl":"https:\/\/i0.wp.com\/culturesco.com\/wp-content\/uploads\/2022\/04\/culturesco-logo-blanc250p.png?fit=250%2C250&ssl=1","width":250,"height":250,"caption":"CULTURESCO"},"image":{"@id":"https:\/\/culturesco.com\/#\/schema\/logo\/image\/"},"sameAs":["https:\/\/www.facebook.com\/radioculturesco","https:\/\/x.com\/AugusteMarshal","https:\/\/www.instagram.com\/carotte_rock_culture\/","https:\/\/www.pinterest.fr\/augustemarshal\/","https:\/\/www.youtube.com\/channel\/UCiWLGffqWSXlNnfzp6YwwyQ"]},{"@type":"Person","@id":"https:\/\/culturesco.com\/#\/schema\/person\/9a265b03a60b0fa349532a231f7d1d0e","name":"Auguste Marshal","image":{"@type":"ImageObject","inLanguage":"fr-FR","@id":"https:\/\/i0.wp.com\/culturesco.com\/wp-content\/uploads\/2019\/03\/auguste.jpg?fit=96%2C74&ssl=1","url":"https:\/\/i0.wp.com\/culturesco.com\/wp-content\/uploads\/2019\/03\/auguste.jpg?fit=96%2C74&ssl=1","contentUrl":"https:\/\/i0.wp.com\/culturesco.com\/wp-content\/uploads\/2019\/03\/auguste.jpg?fit=96%2C74&ssl=1","caption":"Auguste Marshal"},"description":"Animateur Radio - Producteur animateur de l'\u00e9mission Culturesco sur Pop Culture Radio - Community Manager - Cr\u00e9ateur du blog Culturesco.com et pr\u00e9c\u00e9demment du Blog Rock Auguste Marshal - Administrateur des pages Facebook et Instagram Carotte Rock Cultures et Radio CulturesCo - Administrateur de groupes Facebook","sameAs":["https:\/\/culturesco.com","https:\/\/www.facebook.com\/radioculturesco","https:\/\/www.instagram.com\/carotte_rock_culture\/","https:\/\/www.linkedin.com\/in\/auguste-marshal-7125b1151\/","https:\/\/x.com\/https:\/\/twitter.com\/AugusteMarshal","https:\/\/www.youtube.com\/channel\/UCiWLGffqWSXlNnfzp6YwwyQ"],"url":"https:\/\/culturesco.com\/index.php\/author\/admin8255\/"}]}},"jetpack_featured_media_url":"https:\/\/i0.wp.com\/culturesco.com\/wp-content\/uploads\/2020\/02\/warren-haynes-gove-t-mule.jpg?fit=600%2C314&ssl=1","jetpack_likes_enabled":true,"jetpack_sharing_enabled":true,"jetpack_shortlink":"https:\/\/wp.me\/paz89I-2HW","_links":{"self":[{"href":"https:\/\/culturesco.com\/index.php\/wp-json\/wp\/v2\/posts\/10412","targetHints":{"allow":["GET"]}}],"collection":[{"href":"https:\/\/culturesco.com\/index.php\/wp-json\/wp\/v2\/posts"}],"about":[{"href":"https:\/\/culturesco.com\/index.php\/wp-json\/wp\/v2\/types\/post"}],"author":[{"embeddable":true,"href":"https:\/\/culturesco.com\/index.php\/wp-json\/wp\/v2\/users\/1"}],"replies":[{"embeddable":true,"href":"https:\/\/culturesco.com\/index.php\/wp-json\/wp\/v2\/comments?post=10412"}],"version-history":[{"count":0,"href":"https:\/\/culturesco.com\/index.php\/wp-json\/wp\/v2\/posts\/10412\/revisions"}],"wp:featuredmedia":[{"embeddable":true,"href":"https:\/\/culturesco.com\/index.php\/wp-json\/wp\/v2\/media\/10479"}],"wp:attachment":[{"href":"https:\/\/culturesco.com\/index.php\/wp-json\/wp\/v2\/media?parent=10412"}],"wp:term":[{"taxonomy":"category","embeddable":true,"href":"https:\/\/culturesco.com\/index.php\/wp-json\/wp\/v2\/categories?post=10412"},{"taxonomy":"post_tag","embeddable":true,"href":"https:\/\/culturesco.com\/index.php\/wp-json\/wp\/v2\/tags?post=10412"}],"curies":[{"name":"wp","href":"https:\/\/api.w.org\/{rel}","templated":true}]}}